{"id":1569,"date":"2024-05-09T09:26:24","date_gmt":"2024-05-09T07:26:24","guid":{"rendered":"http:\/\/cdu-kaarst.de\/?p=1569"},"modified":"2024-05-16T13:07:51","modified_gmt":"2024-05-16T11:07:51","slug":"christi-himmelsvatertag-die-cdu-in-kaarst-feiert","status":"publish","type":"post","link":"https:\/\/cdu-kaarst.de\/en\/cdu-kaarst\/christi-himmelsvatertag-die-cdu-in-kaarst-feiert\/","title":{"rendered":"Ascension Day - Father's Day - the CDU in Kaarst celebrates."},"content":{"rendered":"<div data-elementor-type=\"wp-post\" data-elementor-id=\"1569\" class=\"elementor elementor-1569\" data-elementor-post-type=\"post\">\n\t\t\t\t\t\t<section class=\"elementor-section elementor-top-section elementor-element elementor-element-e044b16 elementor-section-boxed elementor-section-height-default elementor-section-height-default\" data-id=\"e044b16\" data-element_type=\"section\" data-e-type=\"section\" data-settings=\"{&quot;jet_parallax_layout_list&quot;:[]}\">\n\t\t\t\t\t\t<div class=\"elementor-container elementor-column-gap-default\">\n\t\t\t\t\t<div class=\"elementor-column elementor-col-100 elementor-top-column elementor-element elementor-element-c65cba7\" data-id=\"c65cba7\" data-element_type=\"column\" data-e-type=\"column\">\n\t\t\t<div class=\"elementor-widget-wrap elementor-element-populated\">\n\t\t\t\t\t\t<div class=\"elementor-element elementor-element-8cfaed5 elementor-widget elementor-widget-text-editor\" data-id=\"8cfaed5\" data-element_type=\"widget\" data-e-type=\"widget\" data-widget_type=\"text-editor.default\">\n\t\t\t\t<div class=\"elementor-widget-container\">\n\t\t\t\t\t\t\t\t\t<p>Great weather, colourful hustle and bustle, crisp sounds. Hundreds of guests from the Kaarst CDU gathered at the Kaarst Maubishof to continue the annual tradition of the family Father's Day festival on Ascension Day.<\/p><p>The specialised cover band brought along exactly the kind of music that people enjoyed over cool drinks and barbecue food and encouraged them to sing along to hits from the best years of pop and rock music.<\/p><p>The Junge Union Kaarst, along with the Frauen Union and MIT Kaarst, was there with many members, helpers and a great atmosphere in beautiful spring weather.<\/p><p>Photos: <br \/><a href=\"https:\/\/www.linkinstinct.com\/\" target=\"_blank\" rel=\"noopener\">Harry Flint, Link instinct - Media for Brand Activation<\/a><\/p><p>Ingo Kotzian, Sven Ladeck, Dennis Oscheja, Elke Bong, Volker Begas, Hans-Georg Schell, Hermann Gr\u00f6he, Ansgar Heveling, Hans-J\u00fcrgen Petrauschke, Hans-Gerd Schievink, Waltraud Steins, Markus Steins, Klaus Gerdes<\/p>\t\t\t\t\t\t\t\t<\/div>\n\t\t\t\t<\/div>\n\t\t\t\t<div class=\"elementor-element elementor-element-23173e1 elementor-widget elementor-widget-video\" data-id=\"23173e1\" data-element_type=\"widget\" data-e-type=\"widget\" data-settings=\"{&quot;video_type&quot;:&quot;vimeo&quot;,&quot;yt_privacy&quot;:&quot;yes&quot;}\" data-widget_type=\"video.default\">\n\t\t\t\t<div class=\"elementor-widget-container\">\n\t\t\t\t\t\t\t<div class=\"elementor-wrapper elementor-open-inline\">\n\t\t\t <div class=\"brlbs-cmpnt-container brlbs-cmpnt-content-blocker brlbs-cmpnt-with-individual-styles\" data-borlabs-cookie-content-blocker-id=\"vimeo-content-blocker\" data-borlabs-cookie-content=\"PGlmcmFtZSBjbGFzcz0iZWxlbWVudG9yLXZpZGVvLWlmcmFtZSIgYWxsb3dmdWxsc2NyZWVuIGFsbG93PSJjbGlwYm9hcmQtd3JpdGUiIHRpdGxlPSJ2aW1lbyBWaWRlbyBQbGF5ZXIiIHNyYz0iaHR0cHM6Ly9wbGF5ZXIudmltZW8uY29tL3ZpZGVvLzk0NDUzMzgwNj9jb2xvciZhbXA7YXV0b3BhdXNlPTAmYW1wO2RudD10cnVlJmFtcDtsb29wPTAmYW1wO211dGVkPTAmYW1wO3RpdGxlPTEmYW1wO3BvcnRyYWl0PTEmYW1wO2J5bGluZT0xI3Q9Ij48L2lmcmFtZT4=\"><div class=\"brlbs-cmpnt-cb-preset-c brlbs-cmpnt-cb-vimeo\"> <div class=\"brlbs-cmpnt-cb-thumbnail\" style=\"background-image: url('https:\/\/cdu-kaarst.de\/wp-content\/uploads\/borlabs-cookie\/1\/vimeo_944533806.jpg')\"><\/div> <div class=\"brlbs-cmpnt-cb-main\"> <div class=\"brlbs-cmpnt-cb-play-button\"><\/div> <div class=\"brlbs-cmpnt-cb-content\"> <p class=\"brlbs-cmpnt-cb-description\">You are currently viewing a placeholder content from <strong>Vimeo<\/strong>. To access the actual content, click the button below. Please note that doing so will share data with third-party providers.<\/p> <a class=\"brlbs-cmpnt-cb-provider-toggle\" href=\"#\" data-borlabs-cookie-show-provider-information role=\"button\">More Information<\/a> <\/div> <div class=\"brlbs-cmpnt-cb-buttons\"> <a class=\"brlbs-cmpnt-cb-btn\" href=\"#\" data-borlabs-cookie-unblock role=\"button\">Unblock content<\/a> <a class=\"brlbs-cmpnt-cb-btn\" href=\"#\" data-borlabs-cookie-accept-service role=\"button\" style=\"display: inherit\">Accept required service and unblock content<\/a> <\/div> <\/div> <\/div><\/div>\t\t<\/div>\n\t\t\t\t\t\t<\/div>\n\t\t\t\t<\/div>\n\t\t\t\t\t<\/div>\n\t\t<\/div>\n\t\t\t\t\t<\/div>\n\t\t<\/section>\n\t\t\t\t<section class=\"elementor-section elementor-top-section elementor-element elementor-element-01fea86 elementor-section-boxed elementor-section-height-default elementor-section-height-default\" data-id=\"01fea86\" data-element_type=\"section\" data-e-type=\"section\" data-settings=\"{&quot;jet_parallax_layout_list&quot;:[]}\">\n\t\t\t\t\t\t<div class=\"elementor-container elementor-column-gap-default\">\n\t\t\t\t\t<div class=\"elementor-column elementor-col-100 elementor-top-column elementor-element elementor-element-b88e6e0\" data-id=\"b88e6e0\" data-element_type=\"column\" data-e-type=\"column\">\n\t\t\t<div class=\"elementor-widget-wrap elementor-element-populated\">\n\t\t\t\t\t\t<div class=\"elementor-element elementor-element-0ad72d6 elementor-widget elementor-widget-gallery\" data-id=\"0ad72d6\" data-element_type=\"widget\" data-e-type=\"widget\" data-settings=\"{&quot;columns&quot;:3,&quot;aspect_ratio&quot;:&quot;1:1&quot;,&quot;lazyload&quot;:&quot;yes&quot;,&quot;gallery_layout&quot;:&quot;grid&quot;,&quot;columns_tablet&quot;:2,&quot;columns_mobile&quot;:1,&quot;gap&quot;:{&quot;unit&quot;:&quot;px&quot;,&quot;size&quot;:10,&quot;sizes&quot;:[]},&quot;gap_tablet&quot;:{&quot;unit&quot;:&quot;px&quot;,&quot;size&quot;:10,&quot;sizes&quot;:[]},&quot;gap_mobile&quot;:{&quot;unit&quot;:&quot;px&quot;,&quot;size&quot;:10,&quot;sizes&quot;:[]},&quot;link_to&quot;:&quot;file&quot;,&quot;overlay_background&quot;:&quot;yes&quot;,&quot;content_hover_animation&quot;:&quot;fade-in&quot;}\" data-widget_type=\"gallery.default\">\n\t\t\t\t<div class=\"elementor-widget-container\">\n\t\t\t\t\t\t\t<div class=\"elementor-gallery__container\">\n\t\t\t\t\t\t\t<a class=\"e-gallery-item elementor-gallery-item elementor-animated-content\" href=\"https:\/\/cdu-kaarst.de\/wp-content\/uploads\/cdu-kaarst-buettgen_beitrag-vatertag-2024-23-1.jpg\" data-elementor-open-lightbox=\"yes\" data-elementor-lightbox-slideshow=\"0ad72d6\" data-e-action-hash=\"#elementor-action%3Aaction%3Dlightbox%26settings%3DeyJpZCI6MjI3NSwidXJsIjoiaHR0cHM6XC9cL2NkdS1rYWFyc3QuZGVcL3dwLWNvbnRlbnRcL3VwbG9hZHNcL2NkdS1rYWFyc3QtYnVldHRnZW5fYmVpdHJhZy12YXRlcnRhZy0yMDI0LTIzLTEuanBnIiwic2xpZGVzaG93IjoiMGFkNzJkNiJ9\">\n\t\t\t\t\t<div class=\"e-gallery-image elementor-gallery-item__image\" data-thumbnail=\"https:\/\/cdu-kaarst.de\/wp-content\/uploads\/cdu-kaarst-buettgen_beitrag-vatertag-2024-23-1-768x442.jpg\" data-width=\"768\" data-height=\"442\" aria-label=\"\" role=\"img\" ><\/div>\n\t\t\t\t\t\t\t\t\t\t\t<div class=\"elementor-gallery-item__overlay\"><\/div>\n\t\t\t\t\t\t\t\t\t\t\t\t\t\t<\/a>\n\t\t\t\t\t\t\t<a class=\"e-gallery-item elementor-gallery-item elementor-animated-content\" href=\"https:\/\/cdu-kaarst.de\/wp-content\/uploads\/cdu-kaarst-buettgen_beitrag-vatertag-2024-20.jpg\" data-elementor-open-lightbox=\"yes\" data-elementor-lightbox-slideshow=\"0ad72d6\" data-e-action-hash=\"#elementor-action%3Aaction%3Dlightbox%26settings%3DeyJpZCI6MjI3MywidXJsIjoiaHR0cHM6XC9cL2NkdS1rYWFyc3QuZGVcL3dwLWNvbnRlbnRcL3VwbG9hZHNcL2NkdS1rYWFyc3QtYnVldHRnZW5fYmVpdHJhZy12YXRlcnRhZy0yMDI0LTIwLmpwZyIsInNsaWRlc2hvdyI6IjBhZDcyZDYifQ%3D%3D\">\n\t\t\t\t\t<div class=\"e-gallery-image elementor-gallery-item__image\" data-thumbnail=\"https:\/\/cdu-kaarst.de\/wp-content\/uploads\/cdu-kaarst-buettgen_beitrag-vatertag-2024-20-768x432.jpg\" data-width=\"768\" data-height=\"432\" aria-label=\"\" role=\"img\" ><\/div>\n\t\t\t\t\t\t\t\t\t\t\t<div class=\"elementor-gallery-item__overlay\"><\/div>\n\t\t\t\t\t\t\t\t\t\t\t\t\t\t<\/a>\n\t\t\t\t\t\t\t<a class=\"e-gallery-item elementor-gallery-item elementor-animated-content\" href=\"https:\/\/cdu-kaarst.de\/wp-content\/uploads\/cdu-kaarst-buettgen_beitrag-vatertag-2024-18.jpg\" data-elementor-open-lightbox=\"yes\" data-elementor-lightbox-slideshow=\"0ad72d6\" data-e-action-hash=\"#elementor-action%3Aaction%3Dlightbox%26settings%3DeyJpZCI6MjI3MiwidXJsIjoiaHR0cHM6XC9cL2NkdS1rYWFyc3QuZGVcL3dwLWNvbnRlbnRcL3VwbG9hZHNcL2NkdS1rYWFyc3QtYnVldHRnZW5fYmVpdHJhZy12YXRlcnRhZy0yMDI0LTE4LmpwZyIsInNsaWRlc2hvdyI6IjBhZDcyZDYifQ%3D%3D\">\n\t\t\t\t\t<div class=\"e-gallery-image elementor-gallery-item__image\" data-thumbnail=\"https:\/\/cdu-kaarst.de\/wp-content\/uploads\/cdu-kaarst-buettgen_beitrag-vatertag-2024-18-768x432.jpg\" data-width=\"768\" data-height=\"432\" aria-label=\"\" role=\"img\" ><\/div>\n\t\t\t\t\t\t\t\t\t\t\t<div class=\"elementor-gallery-item__overlay\"><\/div>\n\t\t\t\t\t\t\t\t\t\t\t\t\t\t<\/a>\n\t\t\t\t\t\t\t<a class=\"e-gallery-item elementor-gallery-item elementor-animated-content\" href=\"https:\/\/cdu-kaarst.de\/wp-content\/uploads\/cdu-kaarst-buettgen_beitrag-vatertag-2024-06.jpg\" data-elementor-open-lightbox=\"yes\" data-elementor-lightbox-slideshow=\"0ad72d6\" data-e-action-hash=\"#elementor-action%3Aaction%3Dlightbox%26settings%3DeyJpZCI6MjI3MCwidXJsIjoiaHR0cHM6XC9cL2NkdS1rYWFyc3QuZGVcL3dwLWNvbnRlbnRcL3VwbG9hZHNcL2NkdS1rYWFyc3QtYnVldHRnZW5fYmVpdHJhZy12YXRlcnRhZy0yMDI0LTA2LmpwZyIsInNsaWRlc2hvdyI6IjBhZDcyZDYifQ%3D%3D\">\n\t\t\t\t\t<div class=\"e-gallery-image elementor-gallery-item__image\" data-thumbnail=\"https:\/\/cdu-kaarst.de\/wp-content\/uploads\/cdu-kaarst-buettgen_beitrag-vatertag-2024-06-768x432.jpg\" data-width=\"768\" data-height=\"432\" aria-label=\"\" role=\"img\" ><\/div>\n\t\t\t\t\t\t\t\t\t\t\t<div class=\"elementor-gallery-item__overlay\"><\/div>\n\t\t\t\t\t\t\t\t\t\t\t\t\t\t<\/a>\n\t\t\t\t\t\t\t<a class=\"e-gallery-item elementor-gallery-item elementor-animated-content\" href=\"https:\/\/cdu-kaarst.de\/wp-content\/uploads\/cdu-kaarst-buettgen_beitrag-vatertag-2024-21-1.jpg\" data-elementor-open-lightbox=\"yes\" data-elementor-lightbox-slideshow=\"0ad72d6\" data-e-action-hash=\"#elementor-action%3Aaction%3Dlightbox%26settings%3DeyJpZCI6MjI3NCwidXJsIjoiaHR0cHM6XC9cL2NkdS1rYWFyc3QuZGVcL3dwLWNvbnRlbnRcL3VwbG9hZHNcL2NkdS1rYWFyc3QtYnVldHRnZW5fYmVpdHJhZy12YXRlcnRhZy0yMDI0LTIxLTEuanBnIiwic2xpZGVzaG93IjoiMGFkNzJkNiJ9\">\n\t\t\t\t\t<div class=\"e-gallery-image elementor-gallery-item__image\" data-thumbnail=\"https:\/\/cdu-kaarst.de\/wp-content\/uploads\/cdu-kaarst-buettgen_beitrag-vatertag-2024-21-1-768x432.jpg\" data-width=\"768\" data-height=\"432\" aria-label=\"\" role=\"img\" ><\/div>\n\t\t\t\t\t\t\t\t\t\t\t<div class=\"elementor-gallery-item__overlay\"><\/div>\n\t\t\t\t\t\t\t\t\t\t\t\t\t\t<\/a>\n\t\t\t\t\t\t\t<a class=\"e-gallery-item elementor-gallery-item elementor-animated-content\" href=\"https:\/\/cdu-kaarst.de\/wp-content\/uploads\/cdu-kaarst-buettgen_beitrag-vatertag-2024-13-1.jpg\" data-elementor-open-lightbox=\"yes\" data-elementor-lightbox-slideshow=\"0ad72d6\" data-e-action-hash=\"#elementor-action%3Aaction%3Dlightbox%26settings%3DeyJpZCI6MjI3MSwidXJsIjoiaHR0cHM6XC9cL2NkdS1rYWFyc3QuZGVcL3dwLWNvbnRlbnRcL3VwbG9hZHNcL2NkdS1rYWFyc3QtYnVldHRnZW5fYmVpdHJhZy12YXRlcnRhZy0yMDI0LTEzLTEuanBnIiwic2xpZGVzaG93IjoiMGFkNzJkNiJ9\">\n\t\t\t\t\t<div class=\"e-gallery-image elementor-gallery-item__image\" data-thumbnail=\"https:\/\/cdu-kaarst.de\/wp-content\/uploads\/cdu-kaarst-buettgen_beitrag-vatertag-2024-13-1-768x432.jpg\" data-width=\"768\" data-height=\"432\" aria-label=\"\" role=\"img\" ><\/div>\n\t\t\t\t\t\t\t\t\t\t\t<div class=\"elementor-gallery-item__overlay\"><\/div>\n\t\t\t\t\t\t\t\t\t\t\t\t\t\t<\/a>\n\t\t\t\t\t<\/div>\n\t\t\t\t\t<\/div>\n\t\t\t\t<\/div>\n\t\t\t\t\t<\/div>\n\t\t<\/div>\n\t\t\t\t\t<\/div>\n\t\t<\/section>\n\t\t\t\t<\/div>","protected":false},"excerpt":{"rendered":"<p>Tolles Wetter, buntes Treiben, knackige Sounds. Auf dem Kaarster Maubishof fanden sich hunderte G\u00e4ste der CDU Kaarst ein, um die j\u00e4hrliche Tradition des famili\u00e4ren Vatertag-Festes an Christi Himmelfahrt fortzusetzen. Die Fachabteilung Coverband brachte genau die Musik mit, die den Menschen bei k\u00fchlen Getr\u00e4nken und Grillgut sp\u00fcrbar gefiel und zum Mitsingen mit Hits aus den besten [&hellip;]<\/p>\n","protected":false},"author":1,"featured_media":2274,"comment_status":"closed","ping_status":"closed","sticky":false,"template":"","format":"standard","meta":{"footnotes":""},"categories":[23],"tags":[26,52,51],"class_list":["post-1569","post","type-post","status-publish","format-standard","has-post-thumbnail","hentry","category-cdu-kaarst","tag-cdu-kaarst","tag-christi-himmelfahrt","tag-vatertag"],"yoast_head":"<!-- This site is optimized with the Yoast SEO plugin v27.4 - https:\/\/yoast.com\/product\/yoast-seo-wordpress\/ -->\n<title>Christi Himmelsfahrt - Vatertag - die CDU in Kaarst feiert. - CDU Kaarst-B\u00fcttgen<\/title>\n<meta name=\"robots\" content=\"index, follow, max-snippet:-1, max-image-preview:large, max-video-preview:-1\" \/>\n<link rel=\"canonical\" href=\"https:\/\/cdu-kaarst.de\/en\/cdu-kaarst\/christi-himmelsvatertag-die-cdu-in-kaarst-feiert\/\" \/>\n<meta property=\"og:locale\" content=\"en_GB\" \/>\n<meta property=\"og:type\" content=\"article\" \/>\n<meta property=\"og:title\" content=\"Christi Himmelsfahrt - Vatertag - die CDU in Kaarst feiert. - CDU Kaarst-B\u00fcttgen\" \/>\n<meta property=\"og:description\" content=\"Tolles Wetter, buntes Treiben, knackige Sounds. Auf dem Kaarster Maubishof fanden sich hunderte G\u00e4ste der CDU Kaarst ein, um die j\u00e4hrliche Tradition des famili\u00e4ren Vatertag-Festes an Christi Himmelfahrt fortzusetzen. Die Fachabteilung Coverband brachte genau die Musik mit, die den Menschen bei k\u00fchlen Getr\u00e4nken und Grillgut sp\u00fcrbar gefiel und zum Mitsingen mit Hits aus den besten [&hellip;]\" \/>\n<meta property=\"og:url\" content=\"https:\/\/cdu-kaarst.de\/en\/cdu-kaarst\/christi-himmelsvatertag-die-cdu-in-kaarst-feiert\/\" \/>\n<meta property=\"og:site_name\" content=\"CDU Kaarst-B\u00fcttgen\" \/>\n<meta property=\"article:published_time\" content=\"2024-05-09T07:26:24+00:00\" \/>\n<meta property=\"article:modified_time\" content=\"2024-05-16T11:07:51+00:00\" \/>\n<meta property=\"og:image\" content=\"https:\/\/cdu-kaarst.de\/wp-content\/uploads\/cdu-kaarst-buettgen_beitrag-vatertag-2024-21-1.jpg\" \/>\n\t<meta property=\"og:image:width\" content=\"1000\" \/>\n\t<meta property=\"og:image:height\" content=\"563\" \/>\n\t<meta property=\"og:image:type\" content=\"image\/jpeg\" \/>\n<meta name=\"author\" content=\"@dm1n\" \/>\n<meta name=\"twitter:card\" content=\"summary_large_image\" \/>\n<meta name=\"twitter:label1\" content=\"Written by\" \/>\n\t<meta name=\"twitter:data1\" content=\"@dm1n\" \/>\n\t<meta name=\"twitter:label2\" content=\"Estimated reading time\" \/>\n\t<meta name=\"twitter:data2\" content=\"1 minute\" \/>\n<script type=\"application\/ld+json\" class=\"yoast-schema-graph\">{\"@context\":\"https:\\\/\\\/schema.org\",\"@graph\":[{\"@type\":\"Article\",\"@id\":\"https:\\\/\\\/cdu-kaarst.de\\\/cdu-kaarst\\\/christi-himmelsvatertag-die-cdu-in-kaarst-feiert\\\/#article\",\"isPartOf\":{\"@id\":\"https:\\\/\\\/cdu-kaarst.de\\\/cdu-kaarst\\\/christi-himmelsvatertag-die-cdu-in-kaarst-feiert\\\/\"},\"author\":{\"name\":\"@dm1n\",\"@id\":\"https:\\\/\\\/cdu-kaarst.de\\\/#\\\/schema\\\/person\\\/05876a2bd7865609f2946e82cbc73476\"},\"headline\":\"Christi Himmelsfahrt &#8211; Vatertag &#8211; die CDU in Kaarst feiert.\",\"datePublished\":\"2024-05-09T07:26:24+00:00\",\"dateModified\":\"2024-05-16T11:07:51+00:00\",\"mainEntityOfPage\":{\"@id\":\"https:\\\/\\\/cdu-kaarst.de\\\/cdu-kaarst\\\/christi-himmelsvatertag-die-cdu-in-kaarst-feiert\\\/\"},\"wordCount\":143,\"publisher\":{\"@id\":\"https:\\\/\\\/cdu-kaarst.de\\\/#organization\"},\"image\":{\"@id\":\"https:\\\/\\\/cdu-kaarst.de\\\/cdu-kaarst\\\/christi-himmelsvatertag-die-cdu-in-kaarst-feiert\\\/#primaryimage\"},\"thumbnailUrl\":\"https:\\\/\\\/cdu-kaarst.de\\\/wp-content\\\/uploads\\\/cdu-kaarst-buettgen_beitrag-vatertag-2024-21-1.jpg\",\"keywords\":[\"CDU Kaarst\",\"Christi Himmelfahrt\",\"Vatertag\"],\"articleSection\":[\"CDU Kaarst\"],\"inLanguage\":\"en-GB\"},{\"@type\":\"WebPage\",\"@id\":\"https:\\\/\\\/cdu-kaarst.de\\\/cdu-kaarst\\\/christi-himmelsvatertag-die-cdu-in-kaarst-feiert\\\/\",\"url\":\"https:\\\/\\\/cdu-kaarst.de\\\/cdu-kaarst\\\/christi-himmelsvatertag-die-cdu-in-kaarst-feiert\\\/\",\"name\":\"Christi Himmelsfahrt - Vatertag - die CDU in Kaarst feiert. - CDU Kaarst-B\u00fcttgen\",\"isPartOf\":{\"@id\":\"https:\\\/\\\/cdu-kaarst.de\\\/#website\"},\"primaryImageOfPage\":{\"@id\":\"https:\\\/\\\/cdu-kaarst.de\\\/cdu-kaarst\\\/christi-himmelsvatertag-die-cdu-in-kaarst-feiert\\\/#primaryimage\"},\"image\":{\"@id\":\"https:\\\/\\\/cdu-kaarst.de\\\/cdu-kaarst\\\/christi-himmelsvatertag-die-cdu-in-kaarst-feiert\\\/#primaryimage\"},\"thumbnailUrl\":\"https:\\\/\\\/cdu-kaarst.de\\\/wp-content\\\/uploads\\\/cdu-kaarst-buettgen_beitrag-vatertag-2024-21-1.jpg\",\"datePublished\":\"2024-05-09T07:26:24+00:00\",\"dateModified\":\"2024-05-16T11:07:51+00:00\",\"breadcrumb\":{\"@id\":\"https:\\\/\\\/cdu-kaarst.de\\\/cdu-kaarst\\\/christi-himmelsvatertag-die-cdu-in-kaarst-feiert\\\/#breadcrumb\"},\"inLanguage\":\"en-GB\",\"potentialAction\":[{\"@type\":\"ReadAction\",\"target\":[\"https:\\\/\\\/cdu-kaarst.de\\\/cdu-kaarst\\\/christi-himmelsvatertag-die-cdu-in-kaarst-feiert\\\/\"]}]},{\"@type\":\"ImageObject\",\"inLanguage\":\"en-GB\",\"@id\":\"https:\\\/\\\/cdu-kaarst.de\\\/cdu-kaarst\\\/christi-himmelsvatertag-die-cdu-in-kaarst-feiert\\\/#primaryimage\",\"url\":\"https:\\\/\\\/cdu-kaarst.de\\\/wp-content\\\/uploads\\\/cdu-kaarst-buettgen_beitrag-vatertag-2024-21-1.jpg\",\"contentUrl\":\"https:\\\/\\\/cdu-kaarst.de\\\/wp-content\\\/uploads\\\/cdu-kaarst-buettgen_beitrag-vatertag-2024-21-1.jpg\",\"width\":1000,\"height\":563},{\"@type\":\"BreadcrumbList\",\"@id\":\"https:\\\/\\\/cdu-kaarst.de\\\/cdu-kaarst\\\/christi-himmelsvatertag-die-cdu-in-kaarst-feiert\\\/#breadcrumb\",\"itemListElement\":[{\"@type\":\"ListItem\",\"position\":1,\"name\":\"Startseite\",\"item\":\"https:\\\/\\\/cdu-kaarst.de\\\/\"},{\"@type\":\"ListItem\",\"position\":2,\"name\":\"Christi Himmelsfahrt &#8211; Vatertag &#8211; die CDU in Kaarst feiert.\"}]},{\"@type\":\"WebSite\",\"@id\":\"https:\\\/\\\/cdu-kaarst.de\\\/#website\",\"url\":\"https:\\\/\\\/cdu-kaarst.de\\\/\",\"name\":\"CDU Kaarst-B\u00fcttgen\",\"description\":\"gut Leben in Kaarst\",\"publisher\":{\"@id\":\"https:\\\/\\\/cdu-kaarst.de\\\/#organization\"},\"potentialAction\":[{\"@type\":\"SearchAction\",\"target\":{\"@type\":\"EntryPoint\",\"urlTemplate\":\"https:\\\/\\\/cdu-kaarst.de\\\/?s={search_term_string}\"},\"query-input\":{\"@type\":\"PropertyValueSpecification\",\"valueRequired\":true,\"valueName\":\"search_term_string\"}}],\"inLanguage\":\"en-GB\"},{\"@type\":\"Organization\",\"@id\":\"https:\\\/\\\/cdu-kaarst.de\\\/#organization\",\"name\":\"CDU Kaarst-B\u00fcttgen\",\"url\":\"https:\\\/\\\/cdu-kaarst.de\\\/\",\"logo\":{\"@type\":\"ImageObject\",\"inLanguage\":\"en-GB\",\"@id\":\"https:\\\/\\\/cdu-kaarst.de\\\/#\\\/schema\\\/logo\\\/image\\\/\",\"url\":\"https:\\\/\\\/cdu-kaarst.de\\\/wp-content\\\/uploads\\\/cdu-gesamtlogo.png\",\"contentUrl\":\"https:\\\/\\\/cdu-kaarst.de\\\/wp-content\\\/uploads\\\/cdu-gesamtlogo.png\",\"width\":418,\"height\":120,\"caption\":\"CDU Kaarst-B\u00fcttgen\"},\"image\":{\"@id\":\"https:\\\/\\\/cdu-kaarst.de\\\/#\\\/schema\\\/logo\\\/image\\\/\"}},{\"@type\":\"Person\",\"@id\":\"https:\\\/\\\/cdu-kaarst.de\\\/#\\\/schema\\\/person\\\/05876a2bd7865609f2946e82cbc73476\",\"name\":\"@dm1n\",\"sameAs\":[\"http:\\\/\\\/cdu-kaarst.de\"]}]}<\/script>\n<!-- \/ Yoast SEO plugin. -->","yoast_head_json":{"title":"Ascension Day - Father's Day - the CDU in Kaarst celebrates. - CDU Kaarst-B\u00fcttgen","robots":{"index":"index","follow":"follow","max-snippet":"max-snippet:-1","max-image-preview":"max-image-preview:large","max-video-preview":"max-video-preview:-1"},"canonical":"https:\/\/cdu-kaarst.de\/en\/cdu-kaarst\/christi-himmelsvatertag-die-cdu-in-kaarst-feiert\/","og_locale":"en_GB","og_type":"article","og_title":"Christi Himmelsfahrt - Vatertag - die CDU in Kaarst feiert. - CDU Kaarst-B\u00fcttgen","og_description":"Tolles Wetter, buntes Treiben, knackige Sounds. Auf dem Kaarster Maubishof fanden sich hunderte G\u00e4ste der CDU Kaarst ein, um die j\u00e4hrliche Tradition des famili\u00e4ren Vatertag-Festes an Christi Himmelfahrt fortzusetzen. Die Fachabteilung Coverband brachte genau die Musik mit, die den Menschen bei k\u00fchlen Getr\u00e4nken und Grillgut sp\u00fcrbar gefiel und zum Mitsingen mit Hits aus den besten [&hellip;]","og_url":"https:\/\/cdu-kaarst.de\/en\/cdu-kaarst\/christi-himmelsvatertag-die-cdu-in-kaarst-feiert\/","og_site_name":"CDU Kaarst-B\u00fcttgen","article_published_time":"2024-05-09T07:26:24+00:00","article_modified_time":"2024-05-16T11:07:51+00:00","og_image":[{"width":1000,"height":563,"url":"https:\/\/cdu-kaarst.de\/wp-content\/uploads\/cdu-kaarst-buettgen_beitrag-vatertag-2024-21-1.jpg","type":"image\/jpeg"}],"author":"@dm1n","twitter_card":"summary_large_image","twitter_misc":{"Written by":"@dm1n","Estimated reading time":"1 minute"},"schema":{"@context":"https:\/\/schema.org","@graph":[{"@type":"Article","@id":"https:\/\/cdu-kaarst.de\/cdu-kaarst\/christi-himmelsvatertag-die-cdu-in-kaarst-feiert\/#article","isPartOf":{"@id":"https:\/\/cdu-kaarst.de\/cdu-kaarst\/christi-himmelsvatertag-die-cdu-in-kaarst-feiert\/"},"author":{"name":"@dm1n","@id":"https:\/\/cdu-kaarst.de\/#\/schema\/person\/05876a2bd7865609f2946e82cbc73476"},"headline":"Christi Himmelsfahrt &#8211; Vatertag &#8211; die CDU in Kaarst feiert.","datePublished":"2024-05-09T07:26:24+00:00","dateModified":"2024-05-16T11:07:51+00:00","mainEntityOfPage":{"@id":"https:\/\/cdu-kaarst.de\/cdu-kaarst\/christi-himmelsvatertag-die-cdu-in-kaarst-feiert\/"},"wordCount":143,"publisher":{"@id":"https:\/\/cdu-kaarst.de\/#organization"},"image":{"@id":"https:\/\/cdu-kaarst.de\/cdu-kaarst\/christi-himmelsvatertag-die-cdu-in-kaarst-feiert\/#primaryimage"},"thumbnailUrl":"https:\/\/cdu-kaarst.de\/wp-content\/uploads\/cdu-kaarst-buettgen_beitrag-vatertag-2024-21-1.jpg","keywords":["CDU Kaarst","Christi Himmelfahrt","Vatertag"],"articleSection":["CDU Kaarst"],"inLanguage":"en-GB"},{"@type":"WebPage","@id":"https:\/\/cdu-kaarst.de\/cdu-kaarst\/christi-himmelsvatertag-die-cdu-in-kaarst-feiert\/","url":"https:\/\/cdu-kaarst.de\/cdu-kaarst\/christi-himmelsvatertag-die-cdu-in-kaarst-feiert\/","name":"Ascension Day - Father's Day - the CDU in Kaarst celebrates. - CDU Kaarst-B\u00fcttgen","isPartOf":{"@id":"https:\/\/cdu-kaarst.de\/#website"},"primaryImageOfPage":{"@id":"https:\/\/cdu-kaarst.de\/cdu-kaarst\/christi-himmelsvatertag-die-cdu-in-kaarst-feiert\/#primaryimage"},"image":{"@id":"https:\/\/cdu-kaarst.de\/cdu-kaarst\/christi-himmelsvatertag-die-cdu-in-kaarst-feiert\/#primaryimage"},"thumbnailUrl":"https:\/\/cdu-kaarst.de\/wp-content\/uploads\/cdu-kaarst-buettgen_beitrag-vatertag-2024-21-1.jpg","datePublished":"2024-05-09T07:26:24+00:00","dateModified":"2024-05-16T11:07:51+00:00","breadcrumb":{"@id":"https:\/\/cdu-kaarst.de\/cdu-kaarst\/christi-himmelsvatertag-die-cdu-in-kaarst-feiert\/#breadcrumb"},"inLanguage":"en-GB","potentialAction":[{"@type":"ReadAction","target":["https:\/\/cdu-kaarst.de\/cdu-kaarst\/christi-himmelsvatertag-die-cdu-in-kaarst-feiert\/"]}]},{"@type":"ImageObject","inLanguage":"en-GB","@id":"https:\/\/cdu-kaarst.de\/cdu-kaarst\/christi-himmelsvatertag-die-cdu-in-kaarst-feiert\/#primaryimage","url":"https:\/\/cdu-kaarst.de\/wp-content\/uploads\/cdu-kaarst-buettgen_beitrag-vatertag-2024-21-1.jpg","contentUrl":"https:\/\/cdu-kaarst.de\/wp-content\/uploads\/cdu-kaarst-buettgen_beitrag-vatertag-2024-21-1.jpg","width":1000,"height":563},{"@type":"BreadcrumbList","@id":"https:\/\/cdu-kaarst.de\/cdu-kaarst\/christi-himmelsvatertag-die-cdu-in-kaarst-feiert\/#breadcrumb","itemListElement":[{"@type":"ListItem","position":1,"name":"Startseite","item":"https:\/\/cdu-kaarst.de\/"},{"@type":"ListItem","position":2,"name":"Christi Himmelsfahrt &#8211; Vatertag &#8211; die CDU in Kaarst feiert."}]},{"@type":"WebSite","@id":"https:\/\/cdu-kaarst.de\/#website","url":"https:\/\/cdu-kaarst.de\/","name":"CDU Kaarst-B\u00fcttgen","description":"living well in Kaarst","publisher":{"@id":"https:\/\/cdu-kaarst.de\/#organization"},"potentialAction":[{"@type":"SearchAction","target":{"@type":"EntryPoint","urlTemplate":"https:\/\/cdu-kaarst.de\/?s={search_term_string}"},"query-input":{"@type":"PropertyValueSpecification","valueRequired":true,"valueName":"search_term_string"}}],"inLanguage":"en-GB"},{"@type":"Organization","@id":"https:\/\/cdu-kaarst.de\/#organization","name":"CDU Kaarst-B\u00fcttgen","url":"https:\/\/cdu-kaarst.de\/","logo":{"@type":"ImageObject","inLanguage":"en-GB","@id":"https:\/\/cdu-kaarst.de\/#\/schema\/logo\/image\/","url":"https:\/\/cdu-kaarst.de\/wp-content\/uploads\/cdu-gesamtlogo.png","contentUrl":"https:\/\/cdu-kaarst.de\/wp-content\/uploads\/cdu-gesamtlogo.png","width":418,"height":120,"caption":"CDU Kaarst-B\u00fcttgen"},"image":{"@id":"https:\/\/cdu-kaarst.de\/#\/schema\/logo\/image\/"}},{"@type":"Person","@id":"https:\/\/cdu-kaarst.de\/#\/schema\/person\/05876a2bd7865609f2946e82cbc73476","name":"@dm1n","sameAs":["http:\/\/cdu-kaarst.de"]}]}},"_links":{"self":[{"href":"https:\/\/cdu-kaarst.de\/en\/wp-json\/wp\/v2\/posts\/1569","targetHints":{"allow":["GET"]}}],"collection":[{"href":"https:\/\/cdu-kaarst.de\/en\/wp-json\/wp\/v2\/posts"}],"about":[{"href":"https:\/\/cdu-kaarst.de\/en\/wp-json\/wp\/v2\/types\/post"}],"author":[{"embeddable":true,"href":"https:\/\/cdu-kaarst.de\/en\/wp-json\/wp\/v2\/users\/1"}],"replies":[{"embeddable":true,"href":"https:\/\/cdu-kaarst.de\/en\/wp-json\/wp\/v2\/comments?post=1569"}],"version-history":[{"count":37,"href":"https:\/\/cdu-kaarst.de\/en\/wp-json\/wp\/v2\/posts\/1569\/revisions"}],"predecessor-version":[{"id":2367,"href":"https:\/\/cdu-kaarst.de\/en\/wp-json\/wp\/v2\/posts\/1569\/revisions\/2367"}],"wp:featuredmedia":[{"embeddable":true,"href":"https:\/\/cdu-kaarst.de\/en\/wp-json\/wp\/v2\/media\/2274"}],"wp:attachment":[{"href":"https:\/\/cdu-kaarst.de\/en\/wp-json\/wp\/v2\/media?parent=1569"}],"wp:term":[{"taxonomy":"category","embeddable":true,"href":"https:\/\/cdu-kaarst.de\/en\/wp-json\/wp\/v2\/categories?post=1569"},{"taxonomy":"post_tag","embeddable":true,"href":"https:\/\/cdu-kaarst.de\/en\/wp-json\/wp\/v2\/tags?post=1569"}],"curies":[{"name":"wp","href":"https:\/\/api.w.org\/{rel}","templated":true}]}}