{"id":1657,"date":"2024-05-09T10:27:44","date_gmt":"2024-05-09T08:27:44","guid":{"rendered":"http:\/\/cdu-kaarst.de\/?p=1657"},"modified":"2024-05-16T12:28:12","modified_gmt":"2024-05-16T10:28:12","slug":"gute-stimmung-beim-36-parteitag-der-cdu","status":"publish","type":"post","link":"https:\/\/cdu-kaarst.de\/en\/cdu-kaarst\/gute-stimmung-beim-36-parteitag-der-cdu\/","title":{"rendered":"Great atmosphere at the 36th CDU party conference!"},"content":{"rendered":"<div data-elementor-type=\"wp-post\" data-elementor-id=\"1657\" class=\"elementor elementor-1657\" data-elementor-post-type=\"post\">\n\t\t\t\t\t\t<section class=\"elementor-section elementor-top-section elementor-element elementor-element-669a5cc elementor-section-boxed elementor-section-height-default elementor-section-height-default\" data-id=\"669a5cc\" data-element_type=\"section\" data-e-type=\"section\" data-settings=\"{&quot;jet_parallax_layout_list&quot;:[]}\">\n\t\t\t\t\t\t<div class=\"elementor-container elementor-column-gap-default\">\n\t\t\t\t\t<div class=\"elementor-column elementor-col-100 elementor-top-column elementor-element elementor-element-4ef12fe\" data-id=\"4ef12fe\" data-element_type=\"column\" data-e-type=\"column\">\n\t\t\t<div class=\"elementor-widget-wrap elementor-element-populated\">\n\t\t\t\t\t\t<div class=\"elementor-element elementor-element-b2aeb53 elementor-widget elementor-widget-text-editor\" data-id=\"b2aeb53\" data-element_type=\"widget\" data-e-type=\"widget\" data-widget_type=\"text-editor.default\">\n\t\t\t\t<div class=\"elementor-widget-container\">\n\t\t\t\t\t\t\t\t\t<p>The programme included elections to the Executive Board and the adoption of the new basic programme: Living in freedom.<\/p><p>We are well positioned for the future - ready to take on responsibility!<\/p><p>A clear endorsement for our Chairman Friedrich Merz and our Secretary General Carsten Linnemann! <br \/>We also congratulate Hermann Gr\u00f6he on his re-election to the Federal Executive Board!<\/p><p>The CDU in the Rhine district of Neuss is well represented with ten delegates (out of 1001), and our deputy party chairman Dennis Oscheja is there to represent our CDU in Kaarst.<\/p><p>CDU barbecue in Maubishof: a complete success in glorious weather<\/p><p>After a long break, the CDU's traditional barbecue at Maubishof took place again on Ascension Day. In glorious sunshine, the numerous visitors enjoyed an all-round successful event, which was characterised by a huge turnout and great popularity.<\/p><p>The live cover band Fachabteilung created an excellent atmosphere with their music. The extensive entertainment programme for children - with a bouncy castle, balloon building and face painting - delighted the younger guests and provided families with a carefree day. Of course, the traditional barbecue with sausages and steaks was not to be missed, providing a culinary highlight.<\/p><p>Christian Horn, party leader of the CDU, was extremely pleased with the successful day: \"We are overwhelmed by the positive feedback and the huge turnout for our barbecue. It's wonderful to see people coming together after the long coronavirus break and taking this opportunity to celebrate and socialise. My special thanks go to Ingo Kotzian, Volker Begas and Sven Ladeck, who played a key role as organisers in making our party such a success.\"<\/p><p>The barbecue in Maubishof was a clear sign of how much such events contribute to the community and the CDU is looking forward to continuing this tradition in the coming years.<\/p><p>\u00a0<\/p>\t\t\t\t\t\t\t\t<\/div>\n\t\t\t\t<\/div>\n\t\t\t\t\t<\/div>\n\t\t<\/div>\n\t\t\t\t\t<\/div>\n\t\t<\/section>\n\t\t\t\t<section class=\"elementor-section elementor-top-section elementor-element elementor-element-b6d0bdd elementor-section-boxed elementor-section-height-default elementor-section-height-default\" data-id=\"b6d0bdd\" data-element_type=\"section\" data-e-type=\"section\" data-settings=\"{&quot;jet_parallax_layout_list&quot;:[]}\">\n\t\t\t\t\t\t<div class=\"elementor-container elementor-column-gap-default\">\n\t\t\t\t\t<div class=\"elementor-column elementor-col-100 elementor-top-column elementor-element elementor-element-8b8569d\" data-id=\"8b8569d\" data-element_type=\"column\" data-e-type=\"column\">\n\t\t\t<div class=\"elementor-widget-wrap elementor-element-populated\">\n\t\t\t\t\t\t<div class=\"elementor-element elementor-element-36f4661 elementor-widget elementor-widget-gallery\" data-id=\"36f4661\" data-element_type=\"widget\" data-e-type=\"widget\" data-settings=\"{&quot;columns&quot;:2,&quot;aspect_ratio&quot;:&quot;1:1&quot;,&quot;lazyload&quot;:&quot;yes&quot;,&quot;gallery_layout&quot;:&quot;grid&quot;,&quot;columns_tablet&quot;:2,&quot;columns_mobile&quot;:1,&quot;gap&quot;:{&quot;unit&quot;:&quot;px&quot;,&quot;size&quot;:10,&quot;sizes&quot;:[]},&quot;gap_tablet&quot;:{&quot;unit&quot;:&quot;px&quot;,&quot;size&quot;:10,&quot;sizes&quot;:[]},&quot;gap_mobile&quot;:{&quot;unit&quot;:&quot;px&quot;,&quot;size&quot;:10,&quot;sizes&quot;:[]},&quot;link_to&quot;:&quot;file&quot;,&quot;overlay_background&quot;:&quot;yes&quot;,&quot;content_hover_animation&quot;:&quot;fade-in&quot;}\" data-widget_type=\"gallery.default\">\n\t\t\t\t<div class=\"elementor-widget-container\">\n\t\t\t\t\t\t\t<div class=\"elementor-gallery__container\">\n\t\t\t\t\t\t\t<a class=\"e-gallery-item elementor-gallery-item elementor-animated-content\" href=\"https:\/\/cdu-kaarst.de\/wp-content\/uploads\/cdu-kaarst-buettgen_beitrag-parteitag-2024-01-1.jpg\" data-elementor-open-lightbox=\"yes\" data-elementor-lightbox-slideshow=\"36f4661\" data-e-action-hash=\"#elementor-action%3Aaction%3Dlightbox%26settings%3DeyJpZCI6MjI4NSwidXJsIjoiaHR0cHM6XC9cL2NkdS1rYWFyc3QuZGVcL3dwLWNvbnRlbnRcL3VwbG9hZHNcL2NkdS1rYWFyc3QtYnVldHRnZW5fYmVpdHJhZy1wYXJ0ZWl0YWctMjAyNC0wMS0xLmpwZyIsInNsaWRlc2hvdyI6IjM2ZjQ2NjEifQ%3D%3D\">\n\t\t\t\t\t<div class=\"e-gallery-image elementor-gallery-item__image\" data-thumbnail=\"https:\/\/cdu-kaarst.de\/wp-content\/uploads\/cdu-kaarst-buettgen_beitrag-parteitag-2024-01-1-768x432.jpg\" data-width=\"768\" data-height=\"432\" aria-label=\"\" role=\"img\" ><\/div>\n\t\t\t\t\t\t\t\t\t\t\t<div class=\"elementor-gallery-item__overlay\"><\/div>\n\t\t\t\t\t\t\t\t\t\t\t\t\t\t<\/a>\n\t\t\t\t\t\t\t<a class=\"e-gallery-item elementor-gallery-item elementor-animated-content\" href=\"https:\/\/cdu-kaarst.de\/wp-content\/uploads\/cdu-kaarst-buettgen_beitrag-parteitag-2024-04.jpg\" data-elementor-open-lightbox=\"yes\" data-elementor-lightbox-slideshow=\"36f4661\" data-e-action-hash=\"#elementor-action%3Aaction%3Dlightbox%26settings%3DeyJpZCI6MjI5MywidXJsIjoiaHR0cHM6XC9cL2NkdS1rYWFyc3QuZGVcL3dwLWNvbnRlbnRcL3VwbG9hZHNcL2NkdS1rYWFyc3QtYnVldHRnZW5fYmVpdHJhZy1wYXJ0ZWl0YWctMjAyNC0wNC5qcGciLCJzbGlkZXNob3ciOiIzNmY0NjYxIn0%3D\">\n\t\t\t\t\t<div class=\"e-gallery-image elementor-gallery-item__image\" data-thumbnail=\"https:\/\/cdu-kaarst.de\/wp-content\/uploads\/cdu-kaarst-buettgen_beitrag-parteitag-2024-04.jpg\" data-width=\"690\" data-height=\"1000\" aria-label=\"\" role=\"img\" ><\/div>\n\t\t\t\t\t\t\t\t\t\t\t<div class=\"elementor-gallery-item__overlay\"><\/div>\n\t\t\t\t\t\t\t\t\t\t\t\t\t\t<\/a>\n\t\t\t\t\t\t\t<a class=\"e-gallery-item elementor-gallery-item elementor-animated-content\" href=\"https:\/\/cdu-kaarst.de\/wp-content\/uploads\/cdu-kaarst-buettgen_beitrag-parteitag-2024-03-1.jpg\" data-elementor-open-lightbox=\"yes\" data-elementor-lightbox-slideshow=\"36f4661\" data-e-action-hash=\"#elementor-action%3Aaction%3Dlightbox%26settings%3DeyJpZCI6MjI4NywidXJsIjoiaHR0cHM6XC9cL2NkdS1rYWFyc3QuZGVcL3dwLWNvbnRlbnRcL3VwbG9hZHNcL2NkdS1rYWFyc3QtYnVldHRnZW5fYmVpdHJhZy1wYXJ0ZWl0YWctMjAyNC0wMy0xLmpwZyIsInNsaWRlc2hvdyI6IjM2ZjQ2NjEifQ%3D%3D\">\n\t\t\t\t\t<div class=\"e-gallery-image elementor-gallery-item__image\" data-thumbnail=\"https:\/\/cdu-kaarst.de\/wp-content\/uploads\/cdu-kaarst-buettgen_beitrag-parteitag-2024-03-1-768x531.jpg\" data-width=\"768\" data-height=\"531\" aria-label=\"\" role=\"img\" ><\/div>\n\t\t\t\t\t\t\t\t\t\t\t<div class=\"elementor-gallery-item__overlay\"><\/div>\n\t\t\t\t\t\t\t\t\t\t\t\t\t\t<\/a>\n\t\t\t\t\t\t\t<a class=\"e-gallery-item elementor-gallery-item elementor-animated-content\" href=\"https:\/\/cdu-kaarst.de\/wp-content\/uploads\/cdu-kaarst-buettgen_beitrag-parteitag-2024-02-1.jpg\" data-elementor-open-lightbox=\"yes\" data-elementor-lightbox-slideshow=\"36f4661\" data-e-action-hash=\"#elementor-action%3Aaction%3Dlightbox%26settings%3DeyJpZCI6MjI4NiwidXJsIjoiaHR0cHM6XC9cL2NkdS1rYWFyc3QuZGVcL3dwLWNvbnRlbnRcL3VwbG9hZHNcL2NkdS1rYWFyc3QtYnVldHRnZW5fYmVpdHJhZy1wYXJ0ZWl0YWctMjAyNC0wMi0xLmpwZyIsInNsaWRlc2hvdyI6IjM2ZjQ2NjEifQ%3D%3D\">\n\t\t\t\t\t<div class=\"e-gallery-image elementor-gallery-item__image\" data-thumbnail=\"https:\/\/cdu-kaarst.de\/wp-content\/uploads\/cdu-kaarst-buettgen_beitrag-parteitag-2024-02-1-768x768.jpg\" data-width=\"768\" data-height=\"768\" aria-label=\"\" role=\"img\" ><\/div>\n\t\t\t\t\t\t\t\t\t\t\t<div class=\"elementor-gallery-item__overlay\"><\/div>\n\t\t\t\t\t\t\t\t\t\t\t\t\t\t<\/a>\n\t\t\t\t\t<\/div>\n\t\t\t\t\t<\/div>\n\t\t\t\t<\/div>\n\t\t\t\t\t<\/div>\n\t\t<\/div>\n\t\t\t\t\t<\/div>\n\t\t<\/section>\n\t\t\t\t<\/div>","protected":false},"excerpt":{"rendered":"<p>Auf dem Programm standen Vorstandswahlen und die Beschlussfassung des neuen Grundsatzprogramms: In Freiheit leben. Wir sind gut aufgestellt f\u00fcr die Zukunft &#8211; bereit, Verantwortung zu \u00fcbernehmen! Klare Best\u00e4tigung f\u00fcr unseren Vorsitzenden Friedrich Merz und f\u00fcr unseren Generalsekret\u00e4r Carsten Linnemann! Ebenso gratulieren wir Hermann Gr\u00f6he zur Wiederwahl in den Bundesvorstand! Die CDU im Rhein-Kreis Neuss ist [&hellip;]<\/p>\n","protected":false},"author":1,"featured_media":2285,"comment_status":"closed","ping_status":"closed","sticky":false,"template":"","format":"standard","meta":{"footnotes":""},"categories":[23],"tags":[26,53,54],"class_list":["post-1657","post","type-post","status-publish","format-standard","has-post-thumbnail","hentry","category-cdu-kaarst","tag-cdu-kaarst","tag-cdupt24","tag-grundsatzprgramm"],"yoast_head":"<!-- This site is optimized with the Yoast SEO plugin v27.4 - https:\/\/yoast.com\/product\/yoast-seo-wordpress\/ -->\n<title>Gute Stimmung beim 36. Parteitag der CDU! - CDU Kaarst-B\u00fcttgen<\/title>\n<meta name=\"robots\" content=\"index, follow, max-snippet:-1, max-image-preview:large, max-video-preview:-1\" \/>\n<link rel=\"canonical\" href=\"https:\/\/cdu-kaarst.de\/en\/cdu-kaarst\/gute-stimmung-beim-36-parteitag-der-cdu\/\" \/>\n<meta property=\"og:locale\" content=\"en_GB\" \/>\n<meta property=\"og:type\" content=\"article\" \/>\n<meta property=\"og:title\" content=\"Gute Stimmung beim 36. Parteitag der CDU! - CDU Kaarst-B\u00fcttgen\" \/>\n<meta property=\"og:description\" content=\"Auf dem Programm standen Vorstandswahlen und die Beschlussfassung des neuen Grundsatzprogramms: In Freiheit leben. Wir sind gut aufgestellt f\u00fcr die Zukunft &#8211; bereit, Verantwortung zu \u00fcbernehmen! Klare Best\u00e4tigung f\u00fcr unseren Vorsitzenden Friedrich Merz und f\u00fcr unseren Generalsekret\u00e4r Carsten Linnemann! Ebenso gratulieren wir Hermann Gr\u00f6he zur Wiederwahl in den Bundesvorstand! Die CDU im Rhein-Kreis Neuss ist [&hellip;]\" \/>\n<meta property=\"og:url\" content=\"https:\/\/cdu-kaarst.de\/en\/cdu-kaarst\/gute-stimmung-beim-36-parteitag-der-cdu\/\" \/>\n<meta property=\"og:site_name\" content=\"CDU Kaarst-B\u00fcttgen\" \/>\n<meta property=\"article:published_time\" content=\"2024-05-09T08:27:44+00:00\" \/>\n<meta property=\"article:modified_time\" content=\"2024-05-16T10:28:12+00:00\" \/>\n<meta property=\"og:image\" content=\"https:\/\/cdu-kaarst.de\/wp-content\/uploads\/cdu-kaarst-buettgen_beitrag-parteitag-2024-01-1.jpg\" \/>\n\t<meta property=\"og:image:width\" content=\"1000\" \/>\n\t<meta property=\"og:image:height\" content=\"563\" \/>\n\t<meta property=\"og:image:type\" content=\"image\/jpeg\" \/>\n<meta name=\"author\" content=\"@dm1n\" \/>\n<meta name=\"twitter:card\" content=\"summary_large_image\" \/>\n<meta name=\"twitter:label1\" content=\"Written by\" \/>\n\t<meta name=\"twitter:data1\" content=\"@dm1n\" \/>\n\t<meta name=\"twitter:label2\" content=\"Estimated reading time\" \/>\n\t<meta name=\"twitter:data2\" content=\"1 minute\" \/>\n<script type=\"application\/ld+json\" class=\"yoast-schema-graph\">{\"@context\":\"https:\\\/\\\/schema.org\",\"@graph\":[{\"@type\":\"Article\",\"@id\":\"https:\\\/\\\/cdu-kaarst.de\\\/cdu-kaarst\\\/gute-stimmung-beim-36-parteitag-der-cdu\\\/#article\",\"isPartOf\":{\"@id\":\"https:\\\/\\\/cdu-kaarst.de\\\/cdu-kaarst\\\/gute-stimmung-beim-36-parteitag-der-cdu\\\/\"},\"author\":{\"name\":\"@dm1n\",\"@id\":\"https:\\\/\\\/cdu-kaarst.de\\\/#\\\/schema\\\/person\\\/05876a2bd7865609f2946e82cbc73476\"},\"headline\":\"Gute Stimmung beim 36. Parteitag der CDU!\",\"datePublished\":\"2024-05-09T08:27:44+00:00\",\"dateModified\":\"2024-05-16T10:28:12+00:00\",\"mainEntityOfPage\":{\"@id\":\"https:\\\/\\\/cdu-kaarst.de\\\/cdu-kaarst\\\/gute-stimmung-beim-36-parteitag-der-cdu\\\/\"},\"wordCount\":300,\"publisher\":{\"@id\":\"https:\\\/\\\/cdu-kaarst.de\\\/#organization\"},\"image\":{\"@id\":\"https:\\\/\\\/cdu-kaarst.de\\\/cdu-kaarst\\\/gute-stimmung-beim-36-parteitag-der-cdu\\\/#primaryimage\"},\"thumbnailUrl\":\"https:\\\/\\\/cdu-kaarst.de\\\/wp-content\\\/uploads\\\/cdu-kaarst-buettgen_beitrag-parteitag-2024-01-1.jpg\",\"keywords\":[\"CDU Kaarst\",\"cdupt24\",\"Grundsatzprgramm\"],\"articleSection\":[\"CDU Kaarst\"],\"inLanguage\":\"en-GB\"},{\"@type\":\"WebPage\",\"@id\":\"https:\\\/\\\/cdu-kaarst.de\\\/cdu-kaarst\\\/gute-stimmung-beim-36-parteitag-der-cdu\\\/\",\"url\":\"https:\\\/\\\/cdu-kaarst.de\\\/cdu-kaarst\\\/gute-stimmung-beim-36-parteitag-der-cdu\\\/\",\"name\":\"Gute Stimmung beim 36. Parteitag der CDU! - CDU Kaarst-B\u00fcttgen\",\"isPartOf\":{\"@id\":\"https:\\\/\\\/cdu-kaarst.de\\\/#website\"},\"primaryImageOfPage\":{\"@id\":\"https:\\\/\\\/cdu-kaarst.de\\\/cdu-kaarst\\\/gute-stimmung-beim-36-parteitag-der-cdu\\\/#primaryimage\"},\"image\":{\"@id\":\"https:\\\/\\\/cdu-kaarst.de\\\/cdu-kaarst\\\/gute-stimmung-beim-36-parteitag-der-cdu\\\/#primaryimage\"},\"thumbnailUrl\":\"https:\\\/\\\/cdu-kaarst.de\\\/wp-content\\\/uploads\\\/cdu-kaarst-buettgen_beitrag-parteitag-2024-01-1.jpg\",\"datePublished\":\"2024-05-09T08:27:44+00:00\",\"dateModified\":\"2024-05-16T10:28:12+00:00\",\"breadcrumb\":{\"@id\":\"https:\\\/\\\/cdu-kaarst.de\\\/cdu-kaarst\\\/gute-stimmung-beim-36-parteitag-der-cdu\\\/#breadcrumb\"},\"inLanguage\":\"en-GB\",\"potentialAction\":[{\"@type\":\"ReadAction\",\"target\":[\"https:\\\/\\\/cdu-kaarst.de\\\/cdu-kaarst\\\/gute-stimmung-beim-36-parteitag-der-cdu\\\/\"]}]},{\"@type\":\"ImageObject\",\"inLanguage\":\"en-GB\",\"@id\":\"https:\\\/\\\/cdu-kaarst.de\\\/cdu-kaarst\\\/gute-stimmung-beim-36-parteitag-der-cdu\\\/#primaryimage\",\"url\":\"https:\\\/\\\/cdu-kaarst.de\\\/wp-content\\\/uploads\\\/cdu-kaarst-buettgen_beitrag-parteitag-2024-01-1.jpg\",\"contentUrl\":\"https:\\\/\\\/cdu-kaarst.de\\\/wp-content\\\/uploads\\\/cdu-kaarst-buettgen_beitrag-parteitag-2024-01-1.jpg\",\"width\":1000,\"height\":563},{\"@type\":\"BreadcrumbList\",\"@id\":\"https:\\\/\\\/cdu-kaarst.de\\\/cdu-kaarst\\\/gute-stimmung-beim-36-parteitag-der-cdu\\\/#breadcrumb\",\"itemListElement\":[{\"@type\":\"ListItem\",\"position\":1,\"name\":\"Startseite\",\"item\":\"https:\\\/\\\/cdu-kaarst.de\\\/\"},{\"@type\":\"ListItem\",\"position\":2,\"name\":\"Gute Stimmung beim 36. Parteitag der CDU!\"}]},{\"@type\":\"WebSite\",\"@id\":\"https:\\\/\\\/cdu-kaarst.de\\\/#website\",\"url\":\"https:\\\/\\\/cdu-kaarst.de\\\/\",\"name\":\"CDU Kaarst-B\u00fcttgen\",\"description\":\"gut Leben in Kaarst\",\"publisher\":{\"@id\":\"https:\\\/\\\/cdu-kaarst.de\\\/#organization\"},\"potentialAction\":[{\"@type\":\"SearchAction\",\"target\":{\"@type\":\"EntryPoint\",\"urlTemplate\":\"https:\\\/\\\/cdu-kaarst.de\\\/?s={search_term_string}\"},\"query-input\":{\"@type\":\"PropertyValueSpecification\",\"valueRequired\":true,\"valueName\":\"search_term_string\"}}],\"inLanguage\":\"en-GB\"},{\"@type\":\"Organization\",\"@id\":\"https:\\\/\\\/cdu-kaarst.de\\\/#organization\",\"name\":\"CDU Kaarst-B\u00fcttgen\",\"url\":\"https:\\\/\\\/cdu-kaarst.de\\\/\",\"logo\":{\"@type\":\"ImageObject\",\"inLanguage\":\"en-GB\",\"@id\":\"https:\\\/\\\/cdu-kaarst.de\\\/#\\\/schema\\\/logo\\\/image\\\/\",\"url\":\"https:\\\/\\\/cdu-kaarst.de\\\/wp-content\\\/uploads\\\/cdu-gesamtlogo.png\",\"contentUrl\":\"https:\\\/\\\/cdu-kaarst.de\\\/wp-content\\\/uploads\\\/cdu-gesamtlogo.png\",\"width\":418,\"height\":120,\"caption\":\"CDU Kaarst-B\u00fcttgen\"},\"image\":{\"@id\":\"https:\\\/\\\/cdu-kaarst.de\\\/#\\\/schema\\\/logo\\\/image\\\/\"}},{\"@type\":\"Person\",\"@id\":\"https:\\\/\\\/cdu-kaarst.de\\\/#\\\/schema\\\/person\\\/05876a2bd7865609f2946e82cbc73476\",\"name\":\"@dm1n\",\"sameAs\":[\"http:\\\/\\\/cdu-kaarst.de\"]}]}<\/script>\n<!-- \/ Yoast SEO plugin. -->","yoast_head_json":{"title":"Great atmosphere at the 36th CDU party conference! - CDU Kaarst-B\u00fcttgen","robots":{"index":"index","follow":"follow","max-snippet":"max-snippet:-1","max-image-preview":"max-image-preview:large","max-video-preview":"max-video-preview:-1"},"canonical":"https:\/\/cdu-kaarst.de\/en\/cdu-kaarst\/gute-stimmung-beim-36-parteitag-der-cdu\/","og_locale":"en_GB","og_type":"article","og_title":"Gute Stimmung beim 36. Parteitag der CDU! - CDU Kaarst-B\u00fcttgen","og_description":"Auf dem Programm standen Vorstandswahlen und die Beschlussfassung des neuen Grundsatzprogramms: In Freiheit leben. Wir sind gut aufgestellt f\u00fcr die Zukunft &#8211; bereit, Verantwortung zu \u00fcbernehmen! Klare Best\u00e4tigung f\u00fcr unseren Vorsitzenden Friedrich Merz und f\u00fcr unseren Generalsekret\u00e4r Carsten Linnemann! Ebenso gratulieren wir Hermann Gr\u00f6he zur Wiederwahl in den Bundesvorstand! Die CDU im Rhein-Kreis Neuss ist [&hellip;]","og_url":"https:\/\/cdu-kaarst.de\/en\/cdu-kaarst\/gute-stimmung-beim-36-parteitag-der-cdu\/","og_site_name":"CDU Kaarst-B\u00fcttgen","article_published_time":"2024-05-09T08:27:44+00:00","article_modified_time":"2024-05-16T10:28:12+00:00","og_image":[{"width":1000,"height":563,"url":"https:\/\/cdu-kaarst.de\/wp-content\/uploads\/cdu-kaarst-buettgen_beitrag-parteitag-2024-01-1.jpg","type":"image\/jpeg"}],"author":"@dm1n","twitter_card":"summary_large_image","twitter_misc":{"Written by":"@dm1n","Estimated reading time":"1 minute"},"schema":{"@context":"https:\/\/schema.org","@graph":[{"@type":"Article","@id":"https:\/\/cdu-kaarst.de\/cdu-kaarst\/gute-stimmung-beim-36-parteitag-der-cdu\/#article","isPartOf":{"@id":"https:\/\/cdu-kaarst.de\/cdu-kaarst\/gute-stimmung-beim-36-parteitag-der-cdu\/"},"author":{"name":"@dm1n","@id":"https:\/\/cdu-kaarst.de\/#\/schema\/person\/05876a2bd7865609f2946e82cbc73476"},"headline":"Gute Stimmung beim 36. Parteitag der CDU!","datePublished":"2024-05-09T08:27:44+00:00","dateModified":"2024-05-16T10:28:12+00:00","mainEntityOfPage":{"@id":"https:\/\/cdu-kaarst.de\/cdu-kaarst\/gute-stimmung-beim-36-parteitag-der-cdu\/"},"wordCount":300,"publisher":{"@id":"https:\/\/cdu-kaarst.de\/#organization"},"image":{"@id":"https:\/\/cdu-kaarst.de\/cdu-kaarst\/gute-stimmung-beim-36-parteitag-der-cdu\/#primaryimage"},"thumbnailUrl":"https:\/\/cdu-kaarst.de\/wp-content\/uploads\/cdu-kaarst-buettgen_beitrag-parteitag-2024-01-1.jpg","keywords":["CDU Kaarst","cdupt24","Grundsatzprgramm"],"articleSection":["CDU Kaarst"],"inLanguage":"en-GB"},{"@type":"WebPage","@id":"https:\/\/cdu-kaarst.de\/cdu-kaarst\/gute-stimmung-beim-36-parteitag-der-cdu\/","url":"https:\/\/cdu-kaarst.de\/cdu-kaarst\/gute-stimmung-beim-36-parteitag-der-cdu\/","name":"Great atmosphere at the 36th CDU party conference! - CDU Kaarst-B\u00fcttgen","isPartOf":{"@id":"https:\/\/cdu-kaarst.de\/#website"},"primaryImageOfPage":{"@id":"https:\/\/cdu-kaarst.de\/cdu-kaarst\/gute-stimmung-beim-36-parteitag-der-cdu\/#primaryimage"},"image":{"@id":"https:\/\/cdu-kaarst.de\/cdu-kaarst\/gute-stimmung-beim-36-parteitag-der-cdu\/#primaryimage"},"thumbnailUrl":"https:\/\/cdu-kaarst.de\/wp-content\/uploads\/cdu-kaarst-buettgen_beitrag-parteitag-2024-01-1.jpg","datePublished":"2024-05-09T08:27:44+00:00","dateModified":"2024-05-16T10:28:12+00:00","breadcrumb":{"@id":"https:\/\/cdu-kaarst.de\/cdu-kaarst\/gute-stimmung-beim-36-parteitag-der-cdu\/#breadcrumb"},"inLanguage":"en-GB","potentialAction":[{"@type":"ReadAction","target":["https:\/\/cdu-kaarst.de\/cdu-kaarst\/gute-stimmung-beim-36-parteitag-der-cdu\/"]}]},{"@type":"ImageObject","inLanguage":"en-GB","@id":"https:\/\/cdu-kaarst.de\/cdu-kaarst\/gute-stimmung-beim-36-parteitag-der-cdu\/#primaryimage","url":"https:\/\/cdu-kaarst.de\/wp-content\/uploads\/cdu-kaarst-buettgen_beitrag-parteitag-2024-01-1.jpg","contentUrl":"https:\/\/cdu-kaarst.de\/wp-content\/uploads\/cdu-kaarst-buettgen_beitrag-parteitag-2024-01-1.jpg","width":1000,"height":563},{"@type":"BreadcrumbList","@id":"https:\/\/cdu-kaarst.de\/cdu-kaarst\/gute-stimmung-beim-36-parteitag-der-cdu\/#breadcrumb","itemListElement":[{"@type":"ListItem","position":1,"name":"Startseite","item":"https:\/\/cdu-kaarst.de\/"},{"@type":"ListItem","position":2,"name":"Gute Stimmung beim 36. Parteitag der CDU!"}]},{"@type":"WebSite","@id":"https:\/\/cdu-kaarst.de\/#website","url":"https:\/\/cdu-kaarst.de\/","name":"CDU Kaarst-B\u00fcttgen","description":"living well in Kaarst","publisher":{"@id":"https:\/\/cdu-kaarst.de\/#organization"},"potentialAction":[{"@type":"SearchAction","target":{"@type":"EntryPoint","urlTemplate":"https:\/\/cdu-kaarst.de\/?s={search_term_string}"},"query-input":{"@type":"PropertyValueSpecification","valueRequired":true,"valueName":"search_term_string"}}],"inLanguage":"en-GB"},{"@type":"Organization","@id":"https:\/\/cdu-kaarst.de\/#organization","name":"CDU Kaarst-B\u00fcttgen","url":"https:\/\/cdu-kaarst.de\/","logo":{"@type":"ImageObject","inLanguage":"en-GB","@id":"https:\/\/cdu-kaarst.de\/#\/schema\/logo\/image\/","url":"https:\/\/cdu-kaarst.de\/wp-content\/uploads\/cdu-gesamtlogo.png","contentUrl":"https:\/\/cdu-kaarst.de\/wp-content\/uploads\/cdu-gesamtlogo.png","width":418,"height":120,"caption":"CDU Kaarst-B\u00fcttgen"},"image":{"@id":"https:\/\/cdu-kaarst.de\/#\/schema\/logo\/image\/"}},{"@type":"Person","@id":"https:\/\/cdu-kaarst.de\/#\/schema\/person\/05876a2bd7865609f2946e82cbc73476","name":"@dm1n","sameAs":["http:\/\/cdu-kaarst.de"]}]}},"_links":{"self":[{"href":"https:\/\/cdu-kaarst.de\/en\/wp-json\/wp\/v2\/posts\/1657","targetHints":{"allow":["GET"]}}],"collection":[{"href":"https:\/\/cdu-kaarst.de\/en\/wp-json\/wp\/v2\/posts"}],"about":[{"href":"https:\/\/cdu-kaarst.de\/en\/wp-json\/wp\/v2\/types\/post"}],"author":[{"embeddable":true,"href":"https:\/\/cdu-kaarst.de\/en\/wp-json\/wp\/v2\/users\/1"}],"replies":[{"embeddable":true,"href":"https:\/\/cdu-kaarst.de\/en\/wp-json\/wp\/v2\/comments?post=1657"}],"version-history":[{"count":30,"href":"https:\/\/cdu-kaarst.de\/en\/wp-json\/wp\/v2\/posts\/1657\/revisions"}],"predecessor-version":[{"id":2345,"href":"https:\/\/cdu-kaarst.de\/en\/wp-json\/wp\/v2\/posts\/1657\/revisions\/2345"}],"wp:featuredmedia":[{"embeddable":true,"href":"https:\/\/cdu-kaarst.de\/en\/wp-json\/wp\/v2\/media\/2285"}],"wp:attachment":[{"href":"https:\/\/cdu-kaarst.de\/en\/wp-json\/wp\/v2\/media?parent=1657"}],"wp:term":[{"taxonomy":"category","embeddable":true,"href":"https:\/\/cdu-kaarst.de\/en\/wp-json\/wp\/v2\/categories?post=1657"},{"taxonomy":"post_tag","embeddable":true,"href":"https:\/\/cdu-kaarst.de\/en\/wp-json\/wp\/v2\/tags?post=1657"}],"curies":[{"name":"wp","href":"https:\/\/api.w.org\/{rel}","templated":true}]}}