{"id":2869,"date":"2024-05-27T12:43:09","date_gmt":"2024-05-27T10:43:09","guid":{"rendered":"http:\/\/cdu-kaarst.de\/?p=2869"},"modified":"2024-05-27T12:44:24","modified_gmt":"2024-05-27T10:44:24","slug":"bei-wind-und-wetter-startete-der-europawahlkampf","status":"publish","type":"post","link":"https:\/\/cdu-kaarst.de\/en\/allgemein\/bei-wind-und-wetter-startete-der-europawahlkampf\/","title":{"rendered":"In wind and weather - the European election campaign started"},"content":{"rendered":"<div data-elementor-type=\"wp-post\" data-elementor-id=\"2869\" class=\"elementor elementor-2869\" data-elementor-post-type=\"post\">\n\t\t\t\t\t\t<section class=\"elementor-section elementor-top-section elementor-element elementor-element-446e7b1e elementor-section-boxed elementor-section-height-default elementor-section-height-default\" data-id=\"446e7b1e\" data-element_type=\"section\" data-e-type=\"section\" data-settings=\"{&quot;jet_parallax_layout_list&quot;:[]}\">\n\t\t\t\t\t\t<div class=\"elementor-container elementor-column-gap-default\">\n\t\t\t\t\t<div class=\"elementor-column elementor-col-100 elementor-top-column elementor-element elementor-element-6dc17f4f\" data-id=\"6dc17f4f\" data-element_type=\"column\" data-e-type=\"column\">\n\t\t\t<div class=\"elementor-widget-wrap elementor-element-populated\">\n\t\t\t\t\t\t<div class=\"elementor-element elementor-element-40268cc3 elementor-widget elementor-widget-text-editor\" data-id=\"40268cc3\" data-element_type=\"widget\" data-e-type=\"widget\" data-widget_type=\"text-editor.default\">\n\t\t\t\t<div class=\"elementor-widget-container\">\n\t\t\t\t\t\t\t\t\tIn wind and weather - the CDU's European election campaign started on Saturday, 25 May 2024 in the districts of B\u00fcttgen, Holzb\u00fcttgen, Kaarst and Vorst. Of course, we as the CDU want as many Kaarst citizens as possible to vote for the CDU, but overall it is important to us that many citizens go to the European elections - Europe is our great opportunity, especially in the current global political situation. Support our MEP Stefan Berger! If you want to find out more - just click here: <a href=\"https:\/\/www.europarl.europa.eu\/meps\/de\/197410\/STEFAN_BERGER\/home\">https:\/\/www.europarl.europa.eu\/meps\/de\/197410\/STEFAN_BERGER\/home<\/a>\t\t\t\t\t\t\t\t<\/div>\n\t\t\t\t<\/div>\n\t\t\t\t<div class=\"elementor-element elementor-element-37519a0 elementor-widget elementor-widget-gallery\" data-id=\"37519a0\" data-element_type=\"widget\" data-e-type=\"widget\" data-settings=\"{&quot;columns&quot;:3,&quot;lazyload&quot;:&quot;yes&quot;,&quot;gallery_layout&quot;:&quot;grid&quot;,&quot;columns_tablet&quot;:2,&quot;columns_mobile&quot;:1,&quot;gap&quot;:{&quot;unit&quot;:&quot;px&quot;,&quot;size&quot;:10,&quot;sizes&quot;:[]},&quot;gap_tablet&quot;:{&quot;unit&quot;:&quot;px&quot;,&quot;size&quot;:10,&quot;sizes&quot;:[]},&quot;gap_mobile&quot;:{&quot;unit&quot;:&quot;px&quot;,&quot;size&quot;:10,&quot;sizes&quot;:[]},&quot;link_to&quot;:&quot;file&quot;,&quot;aspect_ratio&quot;:&quot;3:2&quot;,&quot;overlay_background&quot;:&quot;yes&quot;,&quot;content_hover_animation&quot;:&quot;fade-in&quot;}\" data-widget_type=\"gallery.default\">\n\t\t\t\t<div class=\"elementor-widget-container\">\n\t\t\t\t\t\t\t<div class=\"elementor-gallery__container\">\n\t\t\t\t\t\t\t<a class=\"e-gallery-item elementor-gallery-item elementor-animated-content\" href=\"https:\/\/cdu-kaarst.de\/wp-content\/uploads\/cdu-kaarst-europawahlkampf-270524.jpg\" data-elementor-open-lightbox=\"yes\" data-elementor-lightbox-slideshow=\"37519a0\" data-e-action-hash=\"#elementor-action%3Aaction%3Dlightbox%26settings%3DeyJpZCI6Mjg3OSwidXJsIjoiaHR0cHM6XC9cL2NkdS1rYWFyc3QuZGVcL3dwLWNvbnRlbnRcL3VwbG9hZHNcL2NkdS1rYWFyc3QtZXVyb3Bhd2FobGthbXBmLTI3MDUyNC5qcGciLCJzbGlkZXNob3ciOiIzNzUxOWEwIn0%3D\">\n\t\t\t\t\t<div class=\"e-gallery-image elementor-gallery-item__image\" data-thumbnail=\"https:\/\/cdu-kaarst.de\/wp-content\/uploads\/cdu-kaarst-europawahlkampf-270524-225x300.jpg\" data-width=\"225\" data-height=\"300\" aria-label=\"\" role=\"img\" ><\/div>\n\t\t\t\t\t\t\t\t\t\t\t<div class=\"elementor-gallery-item__overlay\"><\/div>\n\t\t\t\t\t\t\t\t\t\t\t\t\t\t<\/a>\n\t\t\t\t\t\t\t<a class=\"e-gallery-item elementor-gallery-item elementor-animated-content\" href=\"https:\/\/cdu-kaarst.de\/wp-content\/uploads\/cdu-kaarst-europawahlkampf-270524-01.jpg\" data-elementor-open-lightbox=\"yes\" data-elementor-lightbox-slideshow=\"37519a0\" data-e-action-hash=\"#elementor-action%3Aaction%3Dlightbox%26settings%3DeyJpZCI6Mjg3MSwidXJsIjoiaHR0cHM6XC9cL2NkdS1rYWFyc3QuZGVcL3dwLWNvbnRlbnRcL3VwbG9hZHNcL2NkdS1rYWFyc3QtZXVyb3Bhd2FobGthbXBmLTI3MDUyNC0wMS5qcGciLCJzbGlkZXNob3ciOiIzNzUxOWEwIn0%3D\">\n\t\t\t\t\t<div class=\"e-gallery-image elementor-gallery-item__image\" data-thumbnail=\"https:\/\/cdu-kaarst.de\/wp-content\/uploads\/cdu-kaarst-europawahlkampf-270524-01-300x195.jpg\" data-width=\"300\" data-height=\"195\" aria-label=\"\" role=\"img\" ><\/div>\n\t\t\t\t\t\t\t\t\t\t\t<div class=\"elementor-gallery-item__overlay\"><\/div>\n\t\t\t\t\t\t\t\t\t\t\t\t\t\t<\/a>\n\t\t\t\t\t\t\t<a class=\"e-gallery-item elementor-gallery-item elementor-animated-content\" href=\"https:\/\/cdu-kaarst.de\/wp-content\/uploads\/cdu-kaarst-europawahlkampf-270524-02.jpg\" data-elementor-open-lightbox=\"yes\" data-elementor-lightbox-slideshow=\"37519a0\" data-e-action-hash=\"#elementor-action%3Aaction%3Dlightbox%26settings%3DeyJpZCI6Mjg3MiwidXJsIjoiaHR0cHM6XC9cL2NkdS1rYWFyc3QuZGVcL3dwLWNvbnRlbnRcL3VwbG9hZHNcL2NkdS1rYWFyc3QtZXVyb3Bhd2FobGthbXBmLTI3MDUyNC0wMi5qcGciLCJzbGlkZXNob3ciOiIzNzUxOWEwIn0%3D\">\n\t\t\t\t\t<div class=\"e-gallery-image elementor-gallery-item__image\" data-thumbnail=\"https:\/\/cdu-kaarst.de\/wp-content\/uploads\/cdu-kaarst-europawahlkampf-270524-02-225x300.jpg\" data-width=\"225\" data-height=\"300\" aria-label=\"\" role=\"img\" ><\/div>\n\t\t\t\t\t\t\t\t\t\t\t<div class=\"elementor-gallery-item__overlay\"><\/div>\n\t\t\t\t\t\t\t\t\t\t\t\t\t\t<\/a>\n\t\t\t\t\t\t\t<a class=\"e-gallery-item elementor-gallery-item elementor-animated-content\" href=\"https:\/\/cdu-kaarst.de\/wp-content\/uploads\/cdu-kaarst-europawahlkampf-270524-03.jpg\" data-elementor-open-lightbox=\"yes\" data-elementor-lightbox-slideshow=\"37519a0\" data-e-action-hash=\"#elementor-action%3Aaction%3Dlightbox%26settings%3DeyJpZCI6Mjg3MywidXJsIjoiaHR0cHM6XC9cL2NkdS1rYWFyc3QuZGVcL3dwLWNvbnRlbnRcL3VwbG9hZHNcL2NkdS1rYWFyc3QtZXVyb3Bhd2FobGthbXBmLTI3MDUyNC0wMy5qcGciLCJzbGlkZXNob3ciOiIzNzUxOWEwIn0%3D\">\n\t\t\t\t\t<div class=\"e-gallery-image elementor-gallery-item__image\" data-thumbnail=\"https:\/\/cdu-kaarst.de\/wp-content\/uploads\/cdu-kaarst-europawahlkampf-270524-03-300x225.jpg\" data-width=\"300\" data-height=\"225\" aria-label=\"\" role=\"img\" ><\/div>\n\t\t\t\t\t\t\t\t\t\t\t<div class=\"elementor-gallery-item__overlay\"><\/div>\n\t\t\t\t\t\t\t\t\t\t\t\t\t\t<\/a>\n\t\t\t\t\t\t\t<a class=\"e-gallery-item elementor-gallery-item elementor-animated-content\" href=\"https:\/\/cdu-kaarst.de\/wp-content\/uploads\/cdu-kaarst-europawahlkampf-270524-04.jpg\" data-elementor-open-lightbox=\"yes\" data-elementor-lightbox-slideshow=\"37519a0\" data-e-action-hash=\"#elementor-action%3Aaction%3Dlightbox%26settings%3DeyJpZCI6Mjg3NCwidXJsIjoiaHR0cHM6XC9cL2NkdS1rYWFyc3QuZGVcL3dwLWNvbnRlbnRcL3VwbG9hZHNcL2NkdS1rYWFyc3QtZXVyb3Bhd2FobGthbXBmLTI3MDUyNC0wNC5qcGciLCJzbGlkZXNob3ciOiIzNzUxOWEwIn0%3D\">\n\t\t\t\t\t<div class=\"e-gallery-image elementor-gallery-item__image\" data-thumbnail=\"https:\/\/cdu-kaarst.de\/wp-content\/uploads\/cdu-kaarst-europawahlkampf-270524-04-300x225.jpg\" data-width=\"300\" data-height=\"225\" aria-label=\"\" role=\"img\" ><\/div>\n\t\t\t\t\t\t\t\t\t\t\t<div class=\"elementor-gallery-item__overlay\"><\/div>\n\t\t\t\t\t\t\t\t\t\t\t\t\t\t<\/a>\n\t\t\t\t\t\t\t<a class=\"e-gallery-item elementor-gallery-item elementor-animated-content\" href=\"https:\/\/cdu-kaarst.de\/wp-content\/uploads\/cdu-kaarst-europawahlkampf-270524-05.jpg\" data-elementor-open-lightbox=\"yes\" data-elementor-lightbox-slideshow=\"37519a0\" data-e-action-hash=\"#elementor-action%3Aaction%3Dlightbox%26settings%3DeyJpZCI6Mjg3NSwidXJsIjoiaHR0cHM6XC9cL2NkdS1rYWFyc3QuZGVcL3dwLWNvbnRlbnRcL3VwbG9hZHNcL2NkdS1rYWFyc3QtZXVyb3Bhd2FobGthbXBmLTI3MDUyNC0wNS5qcGciLCJzbGlkZXNob3ciOiIzNzUxOWEwIn0%3D\">\n\t\t\t\t\t<div class=\"e-gallery-image elementor-gallery-item__image\" data-thumbnail=\"https:\/\/cdu-kaarst.de\/wp-content\/uploads\/cdu-kaarst-europawahlkampf-270524-05-300x225.jpg\" data-width=\"300\" data-height=\"225\" aria-label=\"\" role=\"img\" ><\/div>\n\t\t\t\t\t\t\t\t\t\t\t<div class=\"elementor-gallery-item__overlay\"><\/div>\n\t\t\t\t\t\t\t\t\t\t\t\t\t\t<\/a>\n\t\t\t\t\t\t\t<a class=\"e-gallery-item elementor-gallery-item elementor-animated-content\" href=\"https:\/\/cdu-kaarst.de\/wp-content\/uploads\/cdu-kaarst-europawahlkampf-270524-06.jpg\" data-elementor-open-lightbox=\"yes\" data-elementor-lightbox-slideshow=\"37519a0\" data-e-action-hash=\"#elementor-action%3Aaction%3Dlightbox%26settings%3DeyJpZCI6Mjg3NiwidXJsIjoiaHR0cHM6XC9cL2NkdS1rYWFyc3QuZGVcL3dwLWNvbnRlbnRcL3VwbG9hZHNcL2NkdS1rYWFyc3QtZXVyb3Bhd2FobGthbXBmLTI3MDUyNC0wNi5qcGciLCJzbGlkZXNob3ciOiIzNzUxOWEwIn0%3D\">\n\t\t\t\t\t<div class=\"e-gallery-image elementor-gallery-item__image\" data-thumbnail=\"https:\/\/cdu-kaarst.de\/wp-content\/uploads\/cdu-kaarst-europawahlkampf-270524-06-300x200.jpg\" data-width=\"300\" data-height=\"200\" aria-label=\"\" role=\"img\" ><\/div>\n\t\t\t\t\t\t\t\t\t\t\t<div class=\"elementor-gallery-item__overlay\"><\/div>\n\t\t\t\t\t\t\t\t\t\t\t\t\t\t<\/a>\n\t\t\t\t\t\t\t<a class=\"e-gallery-item elementor-gallery-item elementor-animated-content\" href=\"https:\/\/cdu-kaarst.de\/wp-content\/uploads\/cdu-kaarst-europawahlkampf-270524-07.jpg\" data-elementor-open-lightbox=\"yes\" data-elementor-lightbox-slideshow=\"37519a0\" data-e-action-hash=\"#elementor-action%3Aaction%3Dlightbox%26settings%3DeyJpZCI6Mjg3NywidXJsIjoiaHR0cHM6XC9cL2NkdS1rYWFyc3QuZGVcL3dwLWNvbnRlbnRcL3VwbG9hZHNcL2NkdS1rYWFyc3QtZXVyb3Bhd2FobGthbXBmLTI3MDUyNC0wNy5qcGciLCJzbGlkZXNob3ciOiIzNzUxOWEwIn0%3D\">\n\t\t\t\t\t<div class=\"e-gallery-image elementor-gallery-item__image\" data-thumbnail=\"https:\/\/cdu-kaarst.de\/wp-content\/uploads\/cdu-kaarst-europawahlkampf-270524-07-300x200.jpg\" data-width=\"300\" data-height=\"200\" aria-label=\"\" role=\"img\" ><\/div>\n\t\t\t\t\t\t\t\t\t\t\t<div class=\"elementor-gallery-item__overlay\"><\/div>\n\t\t\t\t\t\t\t\t\t\t\t\t\t\t<\/a>\n\t\t\t\t\t\t\t<a class=\"e-gallery-item elementor-gallery-item elementor-animated-content\" href=\"https:\/\/cdu-kaarst.de\/wp-content\/uploads\/cdu-kaarst-europawahlkampf-270524-08.jpg\" data-elementor-open-lightbox=\"yes\" data-elementor-lightbox-slideshow=\"37519a0\" data-e-action-hash=\"#elementor-action%3Aaction%3Dlightbox%26settings%3DeyJpZCI6Mjg3OCwidXJsIjoiaHR0cHM6XC9cL2NkdS1rYWFyc3QuZGVcL3dwLWNvbnRlbnRcL3VwbG9hZHNcL2NkdS1rYWFyc3QtZXVyb3Bhd2FobGthbXBmLTI3MDUyNC0wOC5qcGciLCJzbGlkZXNob3ciOiIzNzUxOWEwIn0%3D\">\n\t\t\t\t\t<div class=\"e-gallery-image elementor-gallery-item__image\" data-thumbnail=\"https:\/\/cdu-kaarst.de\/wp-content\/uploads\/cdu-kaarst-europawahlkampf-270524-08-266x300.jpg\" data-width=\"266\" data-height=\"300\" aria-label=\"\" role=\"img\" ><\/div>\n\t\t\t\t\t\t\t\t\t\t\t<div class=\"elementor-gallery-item__overlay\"><\/div>\n\t\t\t\t\t\t\t\t\t\t\t\t\t\t<\/a>\n\t\t\t\t\t<\/div>\n\t\t\t\t\t<\/div>\n\t\t\t\t<\/div>\n\t\t\t\t\t<\/div>\n\t\t<\/div>\n\t\t\t\t\t<\/div>\n\t\t<\/section>\n\t\t\t\t<\/div>","protected":false},"excerpt":{"rendered":"<p>Bei Wind und Wetter \u2013 startete der Europawahlkampf der CDU am Samstag, dem 25.5.2024 in den Ortsteilen, B\u00fcttgen, Holzb\u00fcttgen, Kaarst und Vorst. Nat\u00fcrlich wollen wir als CDU, dass m\u00f6glichst viele Kaarster B\u00fcrger die CDU w\u00e4hlen, uns ist aber insgesamt wichtig, dass viele B\u00fcrger zur Europawahl gehen \u2013 Europa ist gerade in der aktuellen weltpolitischen Lage [&hellip;]<\/p>\n","protected":false},"author":1,"featured_media":2879,"comment_status":"closed","ping_status":"closed","sticky":false,"template":"","format":"standard","meta":{"footnotes":""},"categories":[1],"tags":[58],"class_list":["post-2869","post","type-post","status-publish","format-standard","has-post-thumbnail","hentry","category-allgemein","tag-europawahlkampf"],"yoast_head":"<!-- This site is optimized with the Yoast SEO plugin v27.4 - https:\/\/yoast.com\/product\/yoast-seo-wordpress\/ -->\n<title>Bei Wind und Wetter \u2013 startete der Europawahlkampf - CDU Kaarst-B\u00fcttgen<\/title>\n<meta name=\"robots\" content=\"index, follow, max-snippet:-1, max-image-preview:large, max-video-preview:-1\" \/>\n<link rel=\"canonical\" href=\"https:\/\/cdu-kaarst.de\/en\/allgemein\/bei-wind-und-wetter-startete-der-europawahlkampf\/\" \/>\n<meta property=\"og:locale\" content=\"en_GB\" \/>\n<meta property=\"og:type\" content=\"article\" \/>\n<meta property=\"og:title\" content=\"Bei Wind und Wetter \u2013 startete der Europawahlkampf - CDU Kaarst-B\u00fcttgen\" \/>\n<meta property=\"og:description\" content=\"Bei Wind und Wetter \u2013 startete der Europawahlkampf der CDU am Samstag, dem 25.5.2024 in den Ortsteilen, B\u00fcttgen, Holzb\u00fcttgen, Kaarst und Vorst. Nat\u00fcrlich wollen wir als CDU, dass m\u00f6glichst viele Kaarster B\u00fcrger die CDU w\u00e4hlen, uns ist aber insgesamt wichtig, dass viele B\u00fcrger zur Europawahl gehen \u2013 Europa ist gerade in der aktuellen weltpolitischen Lage [&hellip;]\" \/>\n<meta property=\"og:url\" content=\"https:\/\/cdu-kaarst.de\/en\/allgemein\/bei-wind-und-wetter-startete-der-europawahlkampf\/\" \/>\n<meta property=\"og:site_name\" content=\"CDU Kaarst-B\u00fcttgen\" \/>\n<meta property=\"article:published_time\" content=\"2024-05-27T10:43:09+00:00\" \/>\n<meta property=\"article:modified_time\" content=\"2024-05-27T10:44:24+00:00\" \/>\n<meta property=\"og:image\" content=\"https:\/\/cdu-kaarst.de\/wp-content\/uploads\/cdu-kaarst-europawahlkampf-270524.jpg\" \/>\n\t<meta property=\"og:image:width\" content=\"1440\" \/>\n\t<meta property=\"og:image:height\" content=\"1920\" \/>\n\t<meta property=\"og:image:type\" content=\"image\/jpeg\" \/>\n<meta name=\"author\" content=\"@dm1n\" \/>\n<meta name=\"twitter:card\" content=\"summary_large_image\" \/>\n<meta name=\"twitter:label1\" content=\"Written by\" \/>\n\t<meta name=\"twitter:data1\" content=\"@dm1n\" \/>\n<script type=\"application\/ld+json\" class=\"yoast-schema-graph\">{\"@context\":\"https:\\\/\\\/schema.org\",\"@graph\":[{\"@type\":\"Article\",\"@id\":\"https:\\\/\\\/cdu-kaarst.de\\\/allgemein\\\/bei-wind-und-wetter-startete-der-europawahlkampf\\\/#article\",\"isPartOf\":{\"@id\":\"https:\\\/\\\/cdu-kaarst.de\\\/allgemein\\\/bei-wind-und-wetter-startete-der-europawahlkampf\\\/\"},\"author\":{\"name\":\"@dm1n\",\"@id\":\"https:\\\/\\\/cdu-kaarst.de\\\/#\\\/schema\\\/person\\\/05876a2bd7865609f2946e82cbc73476\"},\"headline\":\"Bei Wind und Wetter \u2013 startete der Europawahlkampf\",\"datePublished\":\"2024-05-27T10:43:09+00:00\",\"dateModified\":\"2024-05-27T10:44:24+00:00\",\"mainEntityOfPage\":{\"@id\":\"https:\\\/\\\/cdu-kaarst.de\\\/allgemein\\\/bei-wind-und-wetter-startete-der-europawahlkampf\\\/\"},\"wordCount\":95,\"publisher\":{\"@id\":\"https:\\\/\\\/cdu-kaarst.de\\\/#organization\"},\"image\":{\"@id\":\"https:\\\/\\\/cdu-kaarst.de\\\/allgemein\\\/bei-wind-und-wetter-startete-der-europawahlkampf\\\/#primaryimage\"},\"thumbnailUrl\":\"https:\\\/\\\/cdu-kaarst.de\\\/wp-content\\\/uploads\\\/cdu-kaarst-europawahlkampf-270524.jpg\",\"keywords\":[\"Europawahlkampf\"],\"articleSection\":[\"Allgemein\"],\"inLanguage\":\"en-GB\"},{\"@type\":\"WebPage\",\"@id\":\"https:\\\/\\\/cdu-kaarst.de\\\/allgemein\\\/bei-wind-und-wetter-startete-der-europawahlkampf\\\/\",\"url\":\"https:\\\/\\\/cdu-kaarst.de\\\/allgemein\\\/bei-wind-und-wetter-startete-der-europawahlkampf\\\/\",\"name\":\"Bei Wind und Wetter \u2013 startete der Europawahlkampf - CDU Kaarst-B\u00fcttgen\",\"isPartOf\":{\"@id\":\"https:\\\/\\\/cdu-kaarst.de\\\/#website\"},\"primaryImageOfPage\":{\"@id\":\"https:\\\/\\\/cdu-kaarst.de\\\/allgemein\\\/bei-wind-und-wetter-startete-der-europawahlkampf\\\/#primaryimage\"},\"image\":{\"@id\":\"https:\\\/\\\/cdu-kaarst.de\\\/allgemein\\\/bei-wind-und-wetter-startete-der-europawahlkampf\\\/#primaryimage\"},\"thumbnailUrl\":\"https:\\\/\\\/cdu-kaarst.de\\\/wp-content\\\/uploads\\\/cdu-kaarst-europawahlkampf-270524.jpg\",\"datePublished\":\"2024-05-27T10:43:09+00:00\",\"dateModified\":\"2024-05-27T10:44:24+00:00\",\"breadcrumb\":{\"@id\":\"https:\\\/\\\/cdu-kaarst.de\\\/allgemein\\\/bei-wind-und-wetter-startete-der-europawahlkampf\\\/#breadcrumb\"},\"inLanguage\":\"en-GB\",\"potentialAction\":[{\"@type\":\"ReadAction\",\"target\":[\"https:\\\/\\\/cdu-kaarst.de\\\/allgemein\\\/bei-wind-und-wetter-startete-der-europawahlkampf\\\/\"]}]},{\"@type\":\"ImageObject\",\"inLanguage\":\"en-GB\",\"@id\":\"https:\\\/\\\/cdu-kaarst.de\\\/allgemein\\\/bei-wind-und-wetter-startete-der-europawahlkampf\\\/#primaryimage\",\"url\":\"https:\\\/\\\/cdu-kaarst.de\\\/wp-content\\\/uploads\\\/cdu-kaarst-europawahlkampf-270524.jpg\",\"contentUrl\":\"https:\\\/\\\/cdu-kaarst.de\\\/wp-content\\\/uploads\\\/cdu-kaarst-europawahlkampf-270524.jpg\",\"width\":1440,\"height\":1920},{\"@type\":\"BreadcrumbList\",\"@id\":\"https:\\\/\\\/cdu-kaarst.de\\\/allgemein\\\/bei-wind-und-wetter-startete-der-europawahlkampf\\\/#breadcrumb\",\"itemListElement\":[{\"@type\":\"ListItem\",\"position\":1,\"name\":\"Startseite\",\"item\":\"https:\\\/\\\/cdu-kaarst.de\\\/\"},{\"@type\":\"ListItem\",\"position\":2,\"name\":\"Bei Wind und Wetter \u2013 startete der Europawahlkampf\"}]},{\"@type\":\"WebSite\",\"@id\":\"https:\\\/\\\/cdu-kaarst.de\\\/#website\",\"url\":\"https:\\\/\\\/cdu-kaarst.de\\\/\",\"name\":\"CDU Kaarst-B\u00fcttgen\",\"description\":\"gut Leben in Kaarst\",\"publisher\":{\"@id\":\"https:\\\/\\\/cdu-kaarst.de\\\/#organization\"},\"potentialAction\":[{\"@type\":\"SearchAction\",\"target\":{\"@type\":\"EntryPoint\",\"urlTemplate\":\"https:\\\/\\\/cdu-kaarst.de\\\/?s={search_term_string}\"},\"query-input\":{\"@type\":\"PropertyValueSpecification\",\"valueRequired\":true,\"valueName\":\"search_term_string\"}}],\"inLanguage\":\"en-GB\"},{\"@type\":\"Organization\",\"@id\":\"https:\\\/\\\/cdu-kaarst.de\\\/#organization\",\"name\":\"CDU Kaarst-B\u00fcttgen\",\"url\":\"https:\\\/\\\/cdu-kaarst.de\\\/\",\"logo\":{\"@type\":\"ImageObject\",\"inLanguage\":\"en-GB\",\"@id\":\"https:\\\/\\\/cdu-kaarst.de\\\/#\\\/schema\\\/logo\\\/image\\\/\",\"url\":\"https:\\\/\\\/cdu-kaarst.de\\\/wp-content\\\/uploads\\\/cdu-gesamtlogo.png\",\"contentUrl\":\"https:\\\/\\\/cdu-kaarst.de\\\/wp-content\\\/uploads\\\/cdu-gesamtlogo.png\",\"width\":418,\"height\":120,\"caption\":\"CDU Kaarst-B\u00fcttgen\"},\"image\":{\"@id\":\"https:\\\/\\\/cdu-kaarst.de\\\/#\\\/schema\\\/logo\\\/image\\\/\"}},{\"@type\":\"Person\",\"@id\":\"https:\\\/\\\/cdu-kaarst.de\\\/#\\\/schema\\\/person\\\/05876a2bd7865609f2946e82cbc73476\",\"name\":\"@dm1n\",\"sameAs\":[\"http:\\\/\\\/cdu-kaarst.de\"]}]}<\/script>\n<!-- \/ Yoast SEO plugin. -->","yoast_head_json":{"title":"Bei Wind und Wetter \u2013 startete der Europawahlkampf - CDU Kaarst-B\u00fcttgen","robots":{"index":"index","follow":"follow","max-snippet":"max-snippet:-1","max-image-preview":"max-image-preview:large","max-video-preview":"max-video-preview:-1"},"canonical":"https:\/\/cdu-kaarst.de\/en\/allgemein\/bei-wind-und-wetter-startete-der-europawahlkampf\/","og_locale":"en_GB","og_type":"article","og_title":"Bei Wind und Wetter \u2013 startete der Europawahlkampf - CDU Kaarst-B\u00fcttgen","og_description":"Bei Wind und Wetter \u2013 startete der Europawahlkampf der CDU am Samstag, dem 25.5.2024 in den Ortsteilen, B\u00fcttgen, Holzb\u00fcttgen, Kaarst und Vorst. Nat\u00fcrlich wollen wir als CDU, dass m\u00f6glichst viele Kaarster B\u00fcrger die CDU w\u00e4hlen, uns ist aber insgesamt wichtig, dass viele B\u00fcrger zur Europawahl gehen \u2013 Europa ist gerade in der aktuellen weltpolitischen Lage [&hellip;]","og_url":"https:\/\/cdu-kaarst.de\/en\/allgemein\/bei-wind-und-wetter-startete-der-europawahlkampf\/","og_site_name":"CDU Kaarst-B\u00fcttgen","article_published_time":"2024-05-27T10:43:09+00:00","article_modified_time":"2024-05-27T10:44:24+00:00","og_image":[{"width":1440,"height":1920,"url":"https:\/\/cdu-kaarst.de\/wp-content\/uploads\/cdu-kaarst-europawahlkampf-270524.jpg","type":"image\/jpeg"}],"author":"@dm1n","twitter_card":"summary_large_image","twitter_misc":{"Written by":"@dm1n"},"schema":{"@context":"https:\/\/schema.org","@graph":[{"@type":"Article","@id":"https:\/\/cdu-kaarst.de\/allgemein\/bei-wind-und-wetter-startete-der-europawahlkampf\/#article","isPartOf":{"@id":"https:\/\/cdu-kaarst.de\/allgemein\/bei-wind-und-wetter-startete-der-europawahlkampf\/"},"author":{"name":"@dm1n","@id":"https:\/\/cdu-kaarst.de\/#\/schema\/person\/05876a2bd7865609f2946e82cbc73476"},"headline":"Bei Wind und Wetter \u2013 startete der Europawahlkampf","datePublished":"2024-05-27T10:43:09+00:00","dateModified":"2024-05-27T10:44:24+00:00","mainEntityOfPage":{"@id":"https:\/\/cdu-kaarst.de\/allgemein\/bei-wind-und-wetter-startete-der-europawahlkampf\/"},"wordCount":95,"publisher":{"@id":"https:\/\/cdu-kaarst.de\/#organization"},"image":{"@id":"https:\/\/cdu-kaarst.de\/allgemein\/bei-wind-und-wetter-startete-der-europawahlkampf\/#primaryimage"},"thumbnailUrl":"https:\/\/cdu-kaarst.de\/wp-content\/uploads\/cdu-kaarst-europawahlkampf-270524.jpg","keywords":["Europawahlkampf"],"articleSection":["Allgemein"],"inLanguage":"en-GB"},{"@type":"WebPage","@id":"https:\/\/cdu-kaarst.de\/allgemein\/bei-wind-und-wetter-startete-der-europawahlkampf\/","url":"https:\/\/cdu-kaarst.de\/allgemein\/bei-wind-und-wetter-startete-der-europawahlkampf\/","name":"Bei Wind und Wetter \u2013 startete der Europawahlkampf - CDU Kaarst-B\u00fcttgen","isPartOf":{"@id":"https:\/\/cdu-kaarst.de\/#website"},"primaryImageOfPage":{"@id":"https:\/\/cdu-kaarst.de\/allgemein\/bei-wind-und-wetter-startete-der-europawahlkampf\/#primaryimage"},"image":{"@id":"https:\/\/cdu-kaarst.de\/allgemein\/bei-wind-und-wetter-startete-der-europawahlkampf\/#primaryimage"},"thumbnailUrl":"https:\/\/cdu-kaarst.de\/wp-content\/uploads\/cdu-kaarst-europawahlkampf-270524.jpg","datePublished":"2024-05-27T10:43:09+00:00","dateModified":"2024-05-27T10:44:24+00:00","breadcrumb":{"@id":"https:\/\/cdu-kaarst.de\/allgemein\/bei-wind-und-wetter-startete-der-europawahlkampf\/#breadcrumb"},"inLanguage":"en-GB","potentialAction":[{"@type":"ReadAction","target":["https:\/\/cdu-kaarst.de\/allgemein\/bei-wind-und-wetter-startete-der-europawahlkampf\/"]}]},{"@type":"ImageObject","inLanguage":"en-GB","@id":"https:\/\/cdu-kaarst.de\/allgemein\/bei-wind-und-wetter-startete-der-europawahlkampf\/#primaryimage","url":"https:\/\/cdu-kaarst.de\/wp-content\/uploads\/cdu-kaarst-europawahlkampf-270524.jpg","contentUrl":"https:\/\/cdu-kaarst.de\/wp-content\/uploads\/cdu-kaarst-europawahlkampf-270524.jpg","width":1440,"height":1920},{"@type":"BreadcrumbList","@id":"https:\/\/cdu-kaarst.de\/allgemein\/bei-wind-und-wetter-startete-der-europawahlkampf\/#breadcrumb","itemListElement":[{"@type":"ListItem","position":1,"name":"Startseite","item":"https:\/\/cdu-kaarst.de\/"},{"@type":"ListItem","position":2,"name":"Bei Wind und Wetter \u2013 startete der Europawahlkampf"}]},{"@type":"WebSite","@id":"https:\/\/cdu-kaarst.de\/#website","url":"https:\/\/cdu-kaarst.de\/","name":"CDU Kaarst-B\u00fcttgen","description":"living well in Kaarst","publisher":{"@id":"https:\/\/cdu-kaarst.de\/#organization"},"potentialAction":[{"@type":"SearchAction","target":{"@type":"EntryPoint","urlTemplate":"https:\/\/cdu-kaarst.de\/?s={search_term_string}"},"query-input":{"@type":"PropertyValueSpecification","valueRequired":true,"valueName":"search_term_string"}}],"inLanguage":"en-GB"},{"@type":"Organization","@id":"https:\/\/cdu-kaarst.de\/#organization","name":"CDU Kaarst-B\u00fcttgen","url":"https:\/\/cdu-kaarst.de\/","logo":{"@type":"ImageObject","inLanguage":"en-GB","@id":"https:\/\/cdu-kaarst.de\/#\/schema\/logo\/image\/","url":"https:\/\/cdu-kaarst.de\/wp-content\/uploads\/cdu-gesamtlogo.png","contentUrl":"https:\/\/cdu-kaarst.de\/wp-content\/uploads\/cdu-gesamtlogo.png","width":418,"height":120,"caption":"CDU Kaarst-B\u00fcttgen"},"image":{"@id":"https:\/\/cdu-kaarst.de\/#\/schema\/logo\/image\/"}},{"@type":"Person","@id":"https:\/\/cdu-kaarst.de\/#\/schema\/person\/05876a2bd7865609f2946e82cbc73476","name":"@dm1n","sameAs":["http:\/\/cdu-kaarst.de"]}]}},"_links":{"self":[{"href":"https:\/\/cdu-kaarst.de\/en\/wp-json\/wp\/v2\/posts\/2869","targetHints":{"allow":["GET"]}}],"collection":[{"href":"https:\/\/cdu-kaarst.de\/en\/wp-json\/wp\/v2\/posts"}],"about":[{"href":"https:\/\/cdu-kaarst.de\/en\/wp-json\/wp\/v2\/types\/post"}],"author":[{"embeddable":true,"href":"https:\/\/cdu-kaarst.de\/en\/wp-json\/wp\/v2\/users\/1"}],"replies":[{"embeddable":true,"href":"https:\/\/cdu-kaarst.de\/en\/wp-json\/wp\/v2\/comments?post=2869"}],"version-history":[{"count":4,"href":"https:\/\/cdu-kaarst.de\/en\/wp-json\/wp\/v2\/posts\/2869\/revisions"}],"predecessor-version":[{"id":2882,"href":"https:\/\/cdu-kaarst.de\/en\/wp-json\/wp\/v2\/posts\/2869\/revisions\/2882"}],"wp:featuredmedia":[{"embeddable":true,"href":"https:\/\/cdu-kaarst.de\/en\/wp-json\/wp\/v2\/media\/2879"}],"wp:attachment":[{"href":"https:\/\/cdu-kaarst.de\/en\/wp-json\/wp\/v2\/media?parent=2869"}],"wp:term":[{"taxonomy":"category","embeddable":true,"href":"https:\/\/cdu-kaarst.de\/en\/wp-json\/wp\/v2\/categories?post=2869"},{"taxonomy":"post_tag","embeddable":true,"href":"https:\/\/cdu-kaarst.de\/en\/wp-json\/wp\/v2\/tags?post=2869"}],"curies":[{"name":"wp","href":"https:\/\/api.w.org\/{rel}","templated":true}]}}