{"id":3250,"date":"2024-06-06T12:36:39","date_gmt":"2024-06-06T10:36:39","guid":{"rendered":"https:\/\/cdu-kaarst.de\/?p=3250"},"modified":"2024-06-07T13:47:03","modified_gmt":"2024-06-07T11:47:03","slug":"cdu-stadtteil-meeting","status":"publish","type":"post","link":"https:\/\/cdu-kaarst.de\/en\/allgemein\/cdu-stadtteil-meeting\/","title":{"rendered":"CDU neighbourhood meeting"},"content":{"rendered":"<p>The local committee for the districts of B\u00fcttgen, Holzb\u00fcttgen, Driesch and Vorst met at the Radl Stadl in B\u00fcttgen. In the run-up to the EU elections, there was a lot of discussion about how the EU elections will probably turn out and, of course, current topics such as traffic, groundwater and the further development of the respective districts were on the agenda.  As soon as we are able to publish further details, you will find them on our website<\/p>","protected":false},"excerpt":{"rendered":"<p>Der Ortsvorstand f\u00fcr die Stadtteile B\u00fcttgen, Holzb\u00fcttgen, Driesch und Vorst bei ihrer Vorstandssitzung tagte im Radl Stadl in B\u00fcttgen. Im Vorfeld der EU-Wahl, gab es viel Diskussion dar\u00fcber, wie die EU-Wahl wohl ausgehen wird und nat\u00fcrlich standen aktuelle Themen, wie Verkehr, Grundwasser, aber auch die Weiterentwicklung der jeweiligen Stadtteile an. \u00a0Sobald wir weitere Details dazu [&hellip;]<\/p>\n","protected":false},"author":1,"featured_media":3264,"comment_status":"closed","ping_status":"closed","sticky":false,"template":"","format":"standard","meta":{"footnotes":""},"categories":[1],"tags":[],"class_list":["post-3250","post","type-post","status-publish","format-standard","has-post-thumbnail","hentry","category-allgemein"],"yoast_head":"<!-- This site is optimized with the Yoast SEO plugin v27.4 - https:\/\/yoast.com\/product\/yoast-seo-wordpress\/ -->\n<title>CDU Stadtteil-Meeting - CDU Kaarst-B\u00fcttgen<\/title>\n<meta name=\"robots\" content=\"index, follow, max-snippet:-1, max-image-preview:large, max-video-preview:-1\" \/>\n<link rel=\"canonical\" href=\"https:\/\/cdu-kaarst.de\/en\/allgemein\/cdu-stadtteil-meeting\/\" \/>\n<meta property=\"og:locale\" content=\"en_GB\" \/>\n<meta property=\"og:type\" content=\"article\" \/>\n<meta property=\"og:title\" content=\"CDU Stadtteil-Meeting - CDU Kaarst-B\u00fcttgen\" \/>\n<meta property=\"og:description\" content=\"Der Ortsvorstand f\u00fcr die Stadtteile B\u00fcttgen, Holzb\u00fcttgen, Driesch und Vorst bei ihrer Vorstandssitzung tagte im Radl Stadl in B\u00fcttgen. Im Vorfeld der EU-Wahl, gab es viel Diskussion dar\u00fcber, wie die EU-Wahl wohl ausgehen wird und nat\u00fcrlich standen aktuelle Themen, wie Verkehr, Grundwasser, aber auch die Weiterentwicklung der jeweiligen Stadtteile an. \u00a0Sobald wir weitere Details dazu [&hellip;]\" \/>\n<meta property=\"og:url\" content=\"https:\/\/cdu-kaarst.de\/en\/allgemein\/cdu-stadtteil-meeting\/\" \/>\n<meta property=\"og:site_name\" content=\"CDU Kaarst-B\u00fcttgen\" \/>\n<meta property=\"article:published_time\" content=\"2024-06-06T10:36:39+00:00\" \/>\n<meta property=\"article:modified_time\" content=\"2024-06-07T11:47:03+00:00\" \/>\n<meta property=\"og:image\" content=\"https:\/\/cdu-kaarst.de\/wp-content\/uploads\/stadtteil-meeting-1.jpg\" \/>\n\t<meta property=\"og:image:width\" content=\"1000\" \/>\n\t<meta property=\"og:image:height\" content=\"1333\" \/>\n\t<meta property=\"og:image:type\" content=\"image\/jpeg\" \/>\n<meta name=\"author\" content=\"@dm1n\" \/>\n<meta name=\"twitter:card\" content=\"summary_large_image\" \/>\n<meta name=\"twitter:label1\" content=\"Written by\" \/>\n\t<meta name=\"twitter:data1\" content=\"@dm1n\" \/>\n\t<meta name=\"twitter:label2\" content=\"Estimated reading time\" \/>\n\t<meta name=\"twitter:data2\" content=\"1 minute\" \/>\n<script type=\"application\/ld+json\" class=\"yoast-schema-graph\">{\"@context\":\"https:\\\/\\\/schema.org\",\"@graph\":[{\"@type\":\"Article\",\"@id\":\"https:\\\/\\\/cdu-kaarst.de\\\/allgemein\\\/cdu-stadtteil-meeting\\\/#article\",\"isPartOf\":{\"@id\":\"https:\\\/\\\/cdu-kaarst.de\\\/allgemein\\\/cdu-stadtteil-meeting\\\/\"},\"author\":{\"name\":\"@dm1n\",\"@id\":\"https:\\\/\\\/cdu-kaarst.de\\\/#\\\/schema\\\/person\\\/05876a2bd7865609f2946e82cbc73476\"},\"headline\":\"CDU Stadtteil-Meeting\",\"datePublished\":\"2024-06-06T10:36:39+00:00\",\"dateModified\":\"2024-06-07T11:47:03+00:00\",\"mainEntityOfPage\":{\"@id\":\"https:\\\/\\\/cdu-kaarst.de\\\/allgemein\\\/cdu-stadtteil-meeting\\\/\"},\"wordCount\":73,\"publisher\":{\"@id\":\"https:\\\/\\\/cdu-kaarst.de\\\/#organization\"},\"image\":{\"@id\":\"https:\\\/\\\/cdu-kaarst.de\\\/allgemein\\\/cdu-stadtteil-meeting\\\/#primaryimage\"},\"thumbnailUrl\":\"https:\\\/\\\/cdu-kaarst.de\\\/wp-content\\\/uploads\\\/stadtteil-meeting-1.jpg\",\"articleSection\":[\"Allgemein\"],\"inLanguage\":\"en-GB\"},{\"@type\":\"WebPage\",\"@id\":\"https:\\\/\\\/cdu-kaarst.de\\\/allgemein\\\/cdu-stadtteil-meeting\\\/\",\"url\":\"https:\\\/\\\/cdu-kaarst.de\\\/allgemein\\\/cdu-stadtteil-meeting\\\/\",\"name\":\"CDU Stadtteil-Meeting - CDU Kaarst-B\u00fcttgen\",\"isPartOf\":{\"@id\":\"https:\\\/\\\/cdu-kaarst.de\\\/#website\"},\"primaryImageOfPage\":{\"@id\":\"https:\\\/\\\/cdu-kaarst.de\\\/allgemein\\\/cdu-stadtteil-meeting\\\/#primaryimage\"},\"image\":{\"@id\":\"https:\\\/\\\/cdu-kaarst.de\\\/allgemein\\\/cdu-stadtteil-meeting\\\/#primaryimage\"},\"thumbnailUrl\":\"https:\\\/\\\/cdu-kaarst.de\\\/wp-content\\\/uploads\\\/stadtteil-meeting-1.jpg\",\"datePublished\":\"2024-06-06T10:36:39+00:00\",\"dateModified\":\"2024-06-07T11:47:03+00:00\",\"breadcrumb\":{\"@id\":\"https:\\\/\\\/cdu-kaarst.de\\\/allgemein\\\/cdu-stadtteil-meeting\\\/#breadcrumb\"},\"inLanguage\":\"en-GB\",\"potentialAction\":[{\"@type\":\"ReadAction\",\"target\":[\"https:\\\/\\\/cdu-kaarst.de\\\/allgemein\\\/cdu-stadtteil-meeting\\\/\"]}]},{\"@type\":\"ImageObject\",\"inLanguage\":\"en-GB\",\"@id\":\"https:\\\/\\\/cdu-kaarst.de\\\/allgemein\\\/cdu-stadtteil-meeting\\\/#primaryimage\",\"url\":\"https:\\\/\\\/cdu-kaarst.de\\\/wp-content\\\/uploads\\\/stadtteil-meeting-1.jpg\",\"contentUrl\":\"https:\\\/\\\/cdu-kaarst.de\\\/wp-content\\\/uploads\\\/stadtteil-meeting-1.jpg\",\"width\":1000,\"height\":1333},{\"@type\":\"BreadcrumbList\",\"@id\":\"https:\\\/\\\/cdu-kaarst.de\\\/allgemein\\\/cdu-stadtteil-meeting\\\/#breadcrumb\",\"itemListElement\":[{\"@type\":\"ListItem\",\"position\":1,\"name\":\"Startseite\",\"item\":\"https:\\\/\\\/cdu-kaarst.de\\\/\"},{\"@type\":\"ListItem\",\"position\":2,\"name\":\"CDU Stadtteil-Meeting\"}]},{\"@type\":\"WebSite\",\"@id\":\"https:\\\/\\\/cdu-kaarst.de\\\/#website\",\"url\":\"https:\\\/\\\/cdu-kaarst.de\\\/\",\"name\":\"CDU Kaarst-B\u00fcttgen\",\"description\":\"gut Leben in Kaarst\",\"publisher\":{\"@id\":\"https:\\\/\\\/cdu-kaarst.de\\\/#organization\"},\"potentialAction\":[{\"@type\":\"SearchAction\",\"target\":{\"@type\":\"EntryPoint\",\"urlTemplate\":\"https:\\\/\\\/cdu-kaarst.de\\\/?s={search_term_string}\"},\"query-input\":{\"@type\":\"PropertyValueSpecification\",\"valueRequired\":true,\"valueName\":\"search_term_string\"}}],\"inLanguage\":\"en-GB\"},{\"@type\":\"Organization\",\"@id\":\"https:\\\/\\\/cdu-kaarst.de\\\/#organization\",\"name\":\"CDU Kaarst-B\u00fcttgen\",\"url\":\"https:\\\/\\\/cdu-kaarst.de\\\/\",\"logo\":{\"@type\":\"ImageObject\",\"inLanguage\":\"en-GB\",\"@id\":\"https:\\\/\\\/cdu-kaarst.de\\\/#\\\/schema\\\/logo\\\/image\\\/\",\"url\":\"https:\\\/\\\/cdu-kaarst.de\\\/wp-content\\\/uploads\\\/cdu-gesamtlogo.png\",\"contentUrl\":\"https:\\\/\\\/cdu-kaarst.de\\\/wp-content\\\/uploads\\\/cdu-gesamtlogo.png\",\"width\":418,\"height\":120,\"caption\":\"CDU Kaarst-B\u00fcttgen\"},\"image\":{\"@id\":\"https:\\\/\\\/cdu-kaarst.de\\\/#\\\/schema\\\/logo\\\/image\\\/\"}},{\"@type\":\"Person\",\"@id\":\"https:\\\/\\\/cdu-kaarst.de\\\/#\\\/schema\\\/person\\\/05876a2bd7865609f2946e82cbc73476\",\"name\":\"@dm1n\",\"sameAs\":[\"http:\\\/\\\/cdu-kaarst.de\"]}]}<\/script>\n<!-- \/ Yoast SEO plugin. -->","yoast_head_json":{"title":"CDU Stadtteil-Meeting - CDU Kaarst-B\u00fcttgen","robots":{"index":"index","follow":"follow","max-snippet":"max-snippet:-1","max-image-preview":"max-image-preview:large","max-video-preview":"max-video-preview:-1"},"canonical":"https:\/\/cdu-kaarst.de\/en\/allgemein\/cdu-stadtteil-meeting\/","og_locale":"en_GB","og_type":"article","og_title":"CDU Stadtteil-Meeting - CDU Kaarst-B\u00fcttgen","og_description":"Der Ortsvorstand f\u00fcr die Stadtteile B\u00fcttgen, Holzb\u00fcttgen, Driesch und Vorst bei ihrer Vorstandssitzung tagte im Radl Stadl in B\u00fcttgen. Im Vorfeld der EU-Wahl, gab es viel Diskussion dar\u00fcber, wie die EU-Wahl wohl ausgehen wird und nat\u00fcrlich standen aktuelle Themen, wie Verkehr, Grundwasser, aber auch die Weiterentwicklung der jeweiligen Stadtteile an. \u00a0Sobald wir weitere Details dazu [&hellip;]","og_url":"https:\/\/cdu-kaarst.de\/en\/allgemein\/cdu-stadtteil-meeting\/","og_site_name":"CDU Kaarst-B\u00fcttgen","article_published_time":"2024-06-06T10:36:39+00:00","article_modified_time":"2024-06-07T11:47:03+00:00","og_image":[{"width":1000,"height":1333,"url":"https:\/\/cdu-kaarst.de\/wp-content\/uploads\/stadtteil-meeting-1.jpg","type":"image\/jpeg"}],"author":"@dm1n","twitter_card":"summary_large_image","twitter_misc":{"Written by":"@dm1n","Estimated reading time":"1 minute"},"schema":{"@context":"https:\/\/schema.org","@graph":[{"@type":"Article","@id":"https:\/\/cdu-kaarst.de\/allgemein\/cdu-stadtteil-meeting\/#article","isPartOf":{"@id":"https:\/\/cdu-kaarst.de\/allgemein\/cdu-stadtteil-meeting\/"},"author":{"name":"@dm1n","@id":"https:\/\/cdu-kaarst.de\/#\/schema\/person\/05876a2bd7865609f2946e82cbc73476"},"headline":"CDU Stadtteil-Meeting","datePublished":"2024-06-06T10:36:39+00:00","dateModified":"2024-06-07T11:47:03+00:00","mainEntityOfPage":{"@id":"https:\/\/cdu-kaarst.de\/allgemein\/cdu-stadtteil-meeting\/"},"wordCount":73,"publisher":{"@id":"https:\/\/cdu-kaarst.de\/#organization"},"image":{"@id":"https:\/\/cdu-kaarst.de\/allgemein\/cdu-stadtteil-meeting\/#primaryimage"},"thumbnailUrl":"https:\/\/cdu-kaarst.de\/wp-content\/uploads\/stadtteil-meeting-1.jpg","articleSection":["Allgemein"],"inLanguage":"en-GB"},{"@type":"WebPage","@id":"https:\/\/cdu-kaarst.de\/allgemein\/cdu-stadtteil-meeting\/","url":"https:\/\/cdu-kaarst.de\/allgemein\/cdu-stadtteil-meeting\/","name":"CDU Stadtteil-Meeting - CDU Kaarst-B\u00fcttgen","isPartOf":{"@id":"https:\/\/cdu-kaarst.de\/#website"},"primaryImageOfPage":{"@id":"https:\/\/cdu-kaarst.de\/allgemein\/cdu-stadtteil-meeting\/#primaryimage"},"image":{"@id":"https:\/\/cdu-kaarst.de\/allgemein\/cdu-stadtteil-meeting\/#primaryimage"},"thumbnailUrl":"https:\/\/cdu-kaarst.de\/wp-content\/uploads\/stadtteil-meeting-1.jpg","datePublished":"2024-06-06T10:36:39+00:00","dateModified":"2024-06-07T11:47:03+00:00","breadcrumb":{"@id":"https:\/\/cdu-kaarst.de\/allgemein\/cdu-stadtteil-meeting\/#breadcrumb"},"inLanguage":"en-GB","potentialAction":[{"@type":"ReadAction","target":["https:\/\/cdu-kaarst.de\/allgemein\/cdu-stadtteil-meeting\/"]}]},{"@type":"ImageObject","inLanguage":"en-GB","@id":"https:\/\/cdu-kaarst.de\/allgemein\/cdu-stadtteil-meeting\/#primaryimage","url":"https:\/\/cdu-kaarst.de\/wp-content\/uploads\/stadtteil-meeting-1.jpg","contentUrl":"https:\/\/cdu-kaarst.de\/wp-content\/uploads\/stadtteil-meeting-1.jpg","width":1000,"height":1333},{"@type":"BreadcrumbList","@id":"https:\/\/cdu-kaarst.de\/allgemein\/cdu-stadtteil-meeting\/#breadcrumb","itemListElement":[{"@type":"ListItem","position":1,"name":"Startseite","item":"https:\/\/cdu-kaarst.de\/"},{"@type":"ListItem","position":2,"name":"CDU Stadtteil-Meeting"}]},{"@type":"WebSite","@id":"https:\/\/cdu-kaarst.de\/#website","url":"https:\/\/cdu-kaarst.de\/","name":"CDU Kaarst-B\u00fcttgen","description":"living well in Kaarst","publisher":{"@id":"https:\/\/cdu-kaarst.de\/#organization"},"potentialAction":[{"@type":"SearchAction","target":{"@type":"EntryPoint","urlTemplate":"https:\/\/cdu-kaarst.de\/?s={search_term_string}"},"query-input":{"@type":"PropertyValueSpecification","valueRequired":true,"valueName":"search_term_string"}}],"inLanguage":"en-GB"},{"@type":"Organization","@id":"https:\/\/cdu-kaarst.de\/#organization","name":"CDU Kaarst-B\u00fcttgen","url":"https:\/\/cdu-kaarst.de\/","logo":{"@type":"ImageObject","inLanguage":"en-GB","@id":"https:\/\/cdu-kaarst.de\/#\/schema\/logo\/image\/","url":"https:\/\/cdu-kaarst.de\/wp-content\/uploads\/cdu-gesamtlogo.png","contentUrl":"https:\/\/cdu-kaarst.de\/wp-content\/uploads\/cdu-gesamtlogo.png","width":418,"height":120,"caption":"CDU Kaarst-B\u00fcttgen"},"image":{"@id":"https:\/\/cdu-kaarst.de\/#\/schema\/logo\/image\/"}},{"@type":"Person","@id":"https:\/\/cdu-kaarst.de\/#\/schema\/person\/05876a2bd7865609f2946e82cbc73476","name":"@dm1n","sameAs":["http:\/\/cdu-kaarst.de"]}]}},"_links":{"self":[{"href":"https:\/\/cdu-kaarst.de\/en\/wp-json\/wp\/v2\/posts\/3250","targetHints":{"allow":["GET"]}}],"collection":[{"href":"https:\/\/cdu-kaarst.de\/en\/wp-json\/wp\/v2\/posts"}],"about":[{"href":"https:\/\/cdu-kaarst.de\/en\/wp-json\/wp\/v2\/types\/post"}],"author":[{"embeddable":true,"href":"https:\/\/cdu-kaarst.de\/en\/wp-json\/wp\/v2\/users\/1"}],"replies":[{"embeddable":true,"href":"https:\/\/cdu-kaarst.de\/en\/wp-json\/wp\/v2\/comments?post=3250"}],"version-history":[{"count":2,"href":"https:\/\/cdu-kaarst.de\/en\/wp-json\/wp\/v2\/posts\/3250\/revisions"}],"predecessor-version":[{"id":3252,"href":"https:\/\/cdu-kaarst.de\/en\/wp-json\/wp\/v2\/posts\/3250\/revisions\/3252"}],"wp:featuredmedia":[{"embeddable":true,"href":"https:\/\/cdu-kaarst.de\/en\/wp-json\/wp\/v2\/media\/3264"}],"wp:attachment":[{"href":"https:\/\/cdu-kaarst.de\/en\/wp-json\/wp\/v2\/media?parent=3250"}],"wp:term":[{"taxonomy":"category","embeddable":true,"href":"https:\/\/cdu-kaarst.de\/en\/wp-json\/wp\/v2\/categories?post=3250"},{"taxonomy":"post_tag","embeddable":true,"href":"https:\/\/cdu-kaarst.de\/en\/wp-json\/wp\/v2\/tags?post=3250"}],"curies":[{"name":"wp","href":"https:\/\/api.w.org\/{rel}","templated":true}]}}