{"id":3253,"date":"2024-06-07T13:47:54","date_gmt":"2024-06-07T11:47:54","guid":{"rendered":"https:\/\/cdu-kaarst.de\/?p=3253"},"modified":"2024-08-20T15:05:30","modified_gmt":"2024-08-20T13:05:30","slug":"das-glueck-jetzt-und-hier-zu-leben","status":"publish","type":"post","link":"https:\/\/cdu-kaarst.de\/en\/allgemein\/das-glueck-jetzt-und-hier-zu-leben\/","title":{"rendered":"The happiness of living here and now"},"content":{"rendered":"<p>The country needs good news. We would like to present articles that we think are worth reading here at irregular intervals. In two days' time, we can go to the polls - which, if you look around the world, is not a matter of course. This makes it all the more important that we make use of our right to vote, because only when many people go to the polls do we support democracy with our vote. Have a read: http:\/\/rp-epaper.s4p-iapps.com\/artikel\/1239956\/31405037<\/p>","protected":false},"excerpt":{"rendered":"<p>Gute Nachrichten braucht das Land. Gerne wollen wir Ihnen hier immer wieder und in unregelm\u00e4\u00dfigen Abst\u00e4nden Beitr\u00e4ge vorstellen, die wir lesenswert finden. In zwei Tagen d\u00fcrfen wir w\u00e4hlen gehen \u2013 das ist, wenn Sie sich in der Welt umschauen keine Selbstverst\u00e4ndlichkeit. Umso wichtiger ist es, dass wir von unserem Wahlrecht Gebrauch machen, denn nur wenn [&hellip;]<\/p>\n","protected":false},"author":1,"featured_media":3267,"comment_status":"closed","ping_status":"closed","sticky":false,"template":"","format":"standard","meta":{"footnotes":""},"categories":[1],"tags":[],"class_list":["post-3253","post","type-post","status-publish","format-standard","has-post-thumbnail","hentry","category-allgemein"],"yoast_head":"<!-- This site is optimized with the Yoast SEO plugin v27.4 - https:\/\/yoast.com\/product\/yoast-seo-wordpress\/ -->\n<title>Das Gl\u00fcck, jetzt und hier zu leben - CDU Kaarst-B\u00fcttgen<\/title>\n<meta name=\"robots\" content=\"index, follow, max-snippet:-1, max-image-preview:large, max-video-preview:-1\" \/>\n<link rel=\"canonical\" href=\"https:\/\/cdu-kaarst.de\/en\/allgemein\/das-glueck-jetzt-und-hier-zu-leben\/\" \/>\n<meta property=\"og:locale\" content=\"en_GB\" \/>\n<meta property=\"og:type\" content=\"article\" \/>\n<meta property=\"og:title\" content=\"Das Gl\u00fcck, jetzt und hier zu leben - CDU Kaarst-B\u00fcttgen\" \/>\n<meta property=\"og:description\" content=\"Gute Nachrichten braucht das Land. Gerne wollen wir Ihnen hier immer wieder und in unregelm\u00e4\u00dfigen Abst\u00e4nden Beitr\u00e4ge vorstellen, die wir lesenswert finden. In zwei Tagen d\u00fcrfen wir w\u00e4hlen gehen \u2013 das ist, wenn Sie sich in der Welt umschauen keine Selbstverst\u00e4ndlichkeit. Umso wichtiger ist es, dass wir von unserem Wahlrecht Gebrauch machen, denn nur wenn [&hellip;]\" \/>\n<meta property=\"og:url\" content=\"https:\/\/cdu-kaarst.de\/en\/allgemein\/das-glueck-jetzt-und-hier-zu-leben\/\" \/>\n<meta property=\"og:site_name\" content=\"CDU Kaarst-B\u00fcttgen\" \/>\n<meta property=\"article:published_time\" content=\"2024-06-07T11:47:54+00:00\" \/>\n<meta property=\"article:modified_time\" content=\"2024-08-20T13:05:30+00:00\" \/>\n<meta property=\"og:image\" content=\"https:\/\/cdu-kaarst.de\/wp-content\/uploads\/cdu-kaarst-das-glueck-hier-zu-leben.jpg\" \/>\n\t<meta property=\"og:image:width\" content=\"1000\" \/>\n\t<meta property=\"og:image:height\" content=\"667\" \/>\n\t<meta property=\"og:image:type\" content=\"image\/jpeg\" \/>\n<meta name=\"author\" content=\"@dm1n\" \/>\n<meta name=\"twitter:card\" content=\"summary_large_image\" \/>\n<meta name=\"twitter:label1\" content=\"Written by\" \/>\n\t<meta name=\"twitter:data1\" content=\"@dm1n\" \/>\n\t<meta name=\"twitter:label2\" content=\"Estimated reading time\" \/>\n\t<meta name=\"twitter:data2\" content=\"1 minute\" \/>\n<script type=\"application\/ld+json\" class=\"yoast-schema-graph\">{\"@context\":\"https:\\\/\\\/schema.org\",\"@graph\":[{\"@type\":\"Article\",\"@id\":\"https:\\\/\\\/cdu-kaarst.de\\\/allgemein\\\/das-glueck-jetzt-und-hier-zu-leben\\\/#article\",\"isPartOf\":{\"@id\":\"https:\\\/\\\/cdu-kaarst.de\\\/allgemein\\\/das-glueck-jetzt-und-hier-zu-leben\\\/\"},\"author\":{\"name\":\"@dm1n\",\"@id\":\"https:\\\/\\\/cdu-kaarst.de\\\/#\\\/schema\\\/person\\\/05876a2bd7865609f2946e82cbc73476\"},\"headline\":\"Das Gl\u00fcck, jetzt und hier zu leben\",\"datePublished\":\"2024-06-07T11:47:54+00:00\",\"dateModified\":\"2024-08-20T13:05:30+00:00\",\"mainEntityOfPage\":{\"@id\":\"https:\\\/\\\/cdu-kaarst.de\\\/allgemein\\\/das-glueck-jetzt-und-hier-zu-leben\\\/\"},\"wordCount\":91,\"publisher\":{\"@id\":\"https:\\\/\\\/cdu-kaarst.de\\\/#organization\"},\"image\":{\"@id\":\"https:\\\/\\\/cdu-kaarst.de\\\/allgemein\\\/das-glueck-jetzt-und-hier-zu-leben\\\/#primaryimage\"},\"thumbnailUrl\":\"https:\\\/\\\/cdu-kaarst.de\\\/wp-content\\\/uploads\\\/cdu-kaarst-das-glueck-hier-zu-leben.jpg\",\"articleSection\":[\"Allgemein\"],\"inLanguage\":\"en-GB\"},{\"@type\":\"WebPage\",\"@id\":\"https:\\\/\\\/cdu-kaarst.de\\\/allgemein\\\/das-glueck-jetzt-und-hier-zu-leben\\\/\",\"url\":\"https:\\\/\\\/cdu-kaarst.de\\\/allgemein\\\/das-glueck-jetzt-und-hier-zu-leben\\\/\",\"name\":\"Das Gl\u00fcck, jetzt und hier zu leben - CDU Kaarst-B\u00fcttgen\",\"isPartOf\":{\"@id\":\"https:\\\/\\\/cdu-kaarst.de\\\/#website\"},\"primaryImageOfPage\":{\"@id\":\"https:\\\/\\\/cdu-kaarst.de\\\/allgemein\\\/das-glueck-jetzt-und-hier-zu-leben\\\/#primaryimage\"},\"image\":{\"@id\":\"https:\\\/\\\/cdu-kaarst.de\\\/allgemein\\\/das-glueck-jetzt-und-hier-zu-leben\\\/#primaryimage\"},\"thumbnailUrl\":\"https:\\\/\\\/cdu-kaarst.de\\\/wp-content\\\/uploads\\\/cdu-kaarst-das-glueck-hier-zu-leben.jpg\",\"datePublished\":\"2024-06-07T11:47:54+00:00\",\"dateModified\":\"2024-08-20T13:05:30+00:00\",\"breadcrumb\":{\"@id\":\"https:\\\/\\\/cdu-kaarst.de\\\/allgemein\\\/das-glueck-jetzt-und-hier-zu-leben\\\/#breadcrumb\"},\"inLanguage\":\"en-GB\",\"potentialAction\":[{\"@type\":\"ReadAction\",\"target\":[\"https:\\\/\\\/cdu-kaarst.de\\\/allgemein\\\/das-glueck-jetzt-und-hier-zu-leben\\\/\"]}]},{\"@type\":\"ImageObject\",\"inLanguage\":\"en-GB\",\"@id\":\"https:\\\/\\\/cdu-kaarst.de\\\/allgemein\\\/das-glueck-jetzt-und-hier-zu-leben\\\/#primaryimage\",\"url\":\"https:\\\/\\\/cdu-kaarst.de\\\/wp-content\\\/uploads\\\/cdu-kaarst-das-glueck-hier-zu-leben.jpg\",\"contentUrl\":\"https:\\\/\\\/cdu-kaarst.de\\\/wp-content\\\/uploads\\\/cdu-kaarst-das-glueck-hier-zu-leben.jpg\",\"width\":1000,\"height\":667},{\"@type\":\"BreadcrumbList\",\"@id\":\"https:\\\/\\\/cdu-kaarst.de\\\/allgemein\\\/das-glueck-jetzt-und-hier-zu-leben\\\/#breadcrumb\",\"itemListElement\":[{\"@type\":\"ListItem\",\"position\":1,\"name\":\"Startseite\",\"item\":\"https:\\\/\\\/cdu-kaarst.de\\\/\"},{\"@type\":\"ListItem\",\"position\":2,\"name\":\"Das Gl\u00fcck, jetzt und hier zu leben\"}]},{\"@type\":\"WebSite\",\"@id\":\"https:\\\/\\\/cdu-kaarst.de\\\/#website\",\"url\":\"https:\\\/\\\/cdu-kaarst.de\\\/\",\"name\":\"CDU Kaarst-B\u00fcttgen\",\"description\":\"gut Leben in Kaarst\",\"publisher\":{\"@id\":\"https:\\\/\\\/cdu-kaarst.de\\\/#organization\"},\"potentialAction\":[{\"@type\":\"SearchAction\",\"target\":{\"@type\":\"EntryPoint\",\"urlTemplate\":\"https:\\\/\\\/cdu-kaarst.de\\\/?s={search_term_string}\"},\"query-input\":{\"@type\":\"PropertyValueSpecification\",\"valueRequired\":true,\"valueName\":\"search_term_string\"}}],\"inLanguage\":\"en-GB\"},{\"@type\":\"Organization\",\"@id\":\"https:\\\/\\\/cdu-kaarst.de\\\/#organization\",\"name\":\"CDU Kaarst-B\u00fcttgen\",\"url\":\"https:\\\/\\\/cdu-kaarst.de\\\/\",\"logo\":{\"@type\":\"ImageObject\",\"inLanguage\":\"en-GB\",\"@id\":\"https:\\\/\\\/cdu-kaarst.de\\\/#\\\/schema\\\/logo\\\/image\\\/\",\"url\":\"https:\\\/\\\/cdu-kaarst.de\\\/wp-content\\\/uploads\\\/cdu-gesamtlogo.png\",\"contentUrl\":\"https:\\\/\\\/cdu-kaarst.de\\\/wp-content\\\/uploads\\\/cdu-gesamtlogo.png\",\"width\":418,\"height\":120,\"caption\":\"CDU Kaarst-B\u00fcttgen\"},\"image\":{\"@id\":\"https:\\\/\\\/cdu-kaarst.de\\\/#\\\/schema\\\/logo\\\/image\\\/\"}},{\"@type\":\"Person\",\"@id\":\"https:\\\/\\\/cdu-kaarst.de\\\/#\\\/schema\\\/person\\\/05876a2bd7865609f2946e82cbc73476\",\"name\":\"@dm1n\",\"sameAs\":[\"http:\\\/\\\/cdu-kaarst.de\"]}]}<\/script>\n<!-- \/ Yoast SEO plugin. -->","yoast_head_json":{"title":"Das Gl\u00fcck, jetzt und hier zu leben - CDU Kaarst-B\u00fcttgen","robots":{"index":"index","follow":"follow","max-snippet":"max-snippet:-1","max-image-preview":"max-image-preview:large","max-video-preview":"max-video-preview:-1"},"canonical":"https:\/\/cdu-kaarst.de\/en\/allgemein\/das-glueck-jetzt-und-hier-zu-leben\/","og_locale":"en_GB","og_type":"article","og_title":"Das Gl\u00fcck, jetzt und hier zu leben - CDU Kaarst-B\u00fcttgen","og_description":"Gute Nachrichten braucht das Land. Gerne wollen wir Ihnen hier immer wieder und in unregelm\u00e4\u00dfigen Abst\u00e4nden Beitr\u00e4ge vorstellen, die wir lesenswert finden. In zwei Tagen d\u00fcrfen wir w\u00e4hlen gehen \u2013 das ist, wenn Sie sich in der Welt umschauen keine Selbstverst\u00e4ndlichkeit. Umso wichtiger ist es, dass wir von unserem Wahlrecht Gebrauch machen, denn nur wenn [&hellip;]","og_url":"https:\/\/cdu-kaarst.de\/en\/allgemein\/das-glueck-jetzt-und-hier-zu-leben\/","og_site_name":"CDU Kaarst-B\u00fcttgen","article_published_time":"2024-06-07T11:47:54+00:00","article_modified_time":"2024-08-20T13:05:30+00:00","og_image":[{"width":1000,"height":667,"url":"https:\/\/cdu-kaarst.de\/wp-content\/uploads\/cdu-kaarst-das-glueck-hier-zu-leben.jpg","type":"image\/jpeg"}],"author":"@dm1n","twitter_card":"summary_large_image","twitter_misc":{"Written by":"@dm1n","Estimated reading time":"1 minute"},"schema":{"@context":"https:\/\/schema.org","@graph":[{"@type":"Article","@id":"https:\/\/cdu-kaarst.de\/allgemein\/das-glueck-jetzt-und-hier-zu-leben\/#article","isPartOf":{"@id":"https:\/\/cdu-kaarst.de\/allgemein\/das-glueck-jetzt-und-hier-zu-leben\/"},"author":{"name":"@dm1n","@id":"https:\/\/cdu-kaarst.de\/#\/schema\/person\/05876a2bd7865609f2946e82cbc73476"},"headline":"Das Gl\u00fcck, jetzt und hier zu leben","datePublished":"2024-06-07T11:47:54+00:00","dateModified":"2024-08-20T13:05:30+00:00","mainEntityOfPage":{"@id":"https:\/\/cdu-kaarst.de\/allgemein\/das-glueck-jetzt-und-hier-zu-leben\/"},"wordCount":91,"publisher":{"@id":"https:\/\/cdu-kaarst.de\/#organization"},"image":{"@id":"https:\/\/cdu-kaarst.de\/allgemein\/das-glueck-jetzt-und-hier-zu-leben\/#primaryimage"},"thumbnailUrl":"https:\/\/cdu-kaarst.de\/wp-content\/uploads\/cdu-kaarst-das-glueck-hier-zu-leben.jpg","articleSection":["Allgemein"],"inLanguage":"en-GB"},{"@type":"WebPage","@id":"https:\/\/cdu-kaarst.de\/allgemein\/das-glueck-jetzt-und-hier-zu-leben\/","url":"https:\/\/cdu-kaarst.de\/allgemein\/das-glueck-jetzt-und-hier-zu-leben\/","name":"Das Gl\u00fcck, jetzt und hier zu leben - CDU Kaarst-B\u00fcttgen","isPartOf":{"@id":"https:\/\/cdu-kaarst.de\/#website"},"primaryImageOfPage":{"@id":"https:\/\/cdu-kaarst.de\/allgemein\/das-glueck-jetzt-und-hier-zu-leben\/#primaryimage"},"image":{"@id":"https:\/\/cdu-kaarst.de\/allgemein\/das-glueck-jetzt-und-hier-zu-leben\/#primaryimage"},"thumbnailUrl":"https:\/\/cdu-kaarst.de\/wp-content\/uploads\/cdu-kaarst-das-glueck-hier-zu-leben.jpg","datePublished":"2024-06-07T11:47:54+00:00","dateModified":"2024-08-20T13:05:30+00:00","breadcrumb":{"@id":"https:\/\/cdu-kaarst.de\/allgemein\/das-glueck-jetzt-und-hier-zu-leben\/#breadcrumb"},"inLanguage":"en-GB","potentialAction":[{"@type":"ReadAction","target":["https:\/\/cdu-kaarst.de\/allgemein\/das-glueck-jetzt-und-hier-zu-leben\/"]}]},{"@type":"ImageObject","inLanguage":"en-GB","@id":"https:\/\/cdu-kaarst.de\/allgemein\/das-glueck-jetzt-und-hier-zu-leben\/#primaryimage","url":"https:\/\/cdu-kaarst.de\/wp-content\/uploads\/cdu-kaarst-das-glueck-hier-zu-leben.jpg","contentUrl":"https:\/\/cdu-kaarst.de\/wp-content\/uploads\/cdu-kaarst-das-glueck-hier-zu-leben.jpg","width":1000,"height":667},{"@type":"BreadcrumbList","@id":"https:\/\/cdu-kaarst.de\/allgemein\/das-glueck-jetzt-und-hier-zu-leben\/#breadcrumb","itemListElement":[{"@type":"ListItem","position":1,"name":"Startseite","item":"https:\/\/cdu-kaarst.de\/"},{"@type":"ListItem","position":2,"name":"Das Gl\u00fcck, jetzt und hier zu leben"}]},{"@type":"WebSite","@id":"https:\/\/cdu-kaarst.de\/#website","url":"https:\/\/cdu-kaarst.de\/","name":"CDU Kaarst-B\u00fcttgen","description":"living well in Kaarst","publisher":{"@id":"https:\/\/cdu-kaarst.de\/#organization"},"potentialAction":[{"@type":"SearchAction","target":{"@type":"EntryPoint","urlTemplate":"https:\/\/cdu-kaarst.de\/?s={search_term_string}"},"query-input":{"@type":"PropertyValueSpecification","valueRequired":true,"valueName":"search_term_string"}}],"inLanguage":"en-GB"},{"@type":"Organization","@id":"https:\/\/cdu-kaarst.de\/#organization","name":"CDU Kaarst-B\u00fcttgen","url":"https:\/\/cdu-kaarst.de\/","logo":{"@type":"ImageObject","inLanguage":"en-GB","@id":"https:\/\/cdu-kaarst.de\/#\/schema\/logo\/image\/","url":"https:\/\/cdu-kaarst.de\/wp-content\/uploads\/cdu-gesamtlogo.png","contentUrl":"https:\/\/cdu-kaarst.de\/wp-content\/uploads\/cdu-gesamtlogo.png","width":418,"height":120,"caption":"CDU Kaarst-B\u00fcttgen"},"image":{"@id":"https:\/\/cdu-kaarst.de\/#\/schema\/logo\/image\/"}},{"@type":"Person","@id":"https:\/\/cdu-kaarst.de\/#\/schema\/person\/05876a2bd7865609f2946e82cbc73476","name":"@dm1n","sameAs":["http:\/\/cdu-kaarst.de"]}]}},"_links":{"self":[{"href":"https:\/\/cdu-kaarst.de\/en\/wp-json\/wp\/v2\/posts\/3253","targetHints":{"allow":["GET"]}}],"collection":[{"href":"https:\/\/cdu-kaarst.de\/en\/wp-json\/wp\/v2\/posts"}],"about":[{"href":"https:\/\/cdu-kaarst.de\/en\/wp-json\/wp\/v2\/types\/post"}],"author":[{"embeddable":true,"href":"https:\/\/cdu-kaarst.de\/en\/wp-json\/wp\/v2\/users\/1"}],"replies":[{"embeddable":true,"href":"https:\/\/cdu-kaarst.de\/en\/wp-json\/wp\/v2\/comments?post=3253"}],"version-history":[{"count":2,"href":"https:\/\/cdu-kaarst.de\/en\/wp-json\/wp\/v2\/posts\/3253\/revisions"}],"predecessor-version":[{"id":4058,"href":"https:\/\/cdu-kaarst.de\/en\/wp-json\/wp\/v2\/posts\/3253\/revisions\/4058"}],"wp:featuredmedia":[{"embeddable":true,"href":"https:\/\/cdu-kaarst.de\/en\/wp-json\/wp\/v2\/media\/3267"}],"wp:attachment":[{"href":"https:\/\/cdu-kaarst.de\/en\/wp-json\/wp\/v2\/media?parent=3253"}],"wp:term":[{"taxonomy":"category","embeddable":true,"href":"https:\/\/cdu-kaarst.de\/en\/wp-json\/wp\/v2\/categories?post=3253"},{"taxonomy":"post_tag","embeddable":true,"href":"https:\/\/cdu-kaarst.de\/en\/wp-json\/wp\/v2\/tags?post=3253"}],"curies":[{"name":"wp","href":"https:\/\/api.w.org\/{rel}","templated":true}]}}