{"id":3388,"date":"2024-06-18T15:23:10","date_gmt":"2024-06-18T13:23:10","guid":{"rendered":"https:\/\/cdu-kaarst.de\/?p=3388"},"modified":"2024-06-18T15:31:11","modified_gmt":"2024-06-18T13:31:11","slug":"rechenzentrum-des-nrw-finanzministerium-feiert-in-kaarst-holzbuettgen-richtfest","status":"publish","type":"post","link":"https:\/\/cdu-kaarst.de\/en\/allgemein\/rechenzentrum-des-nrw-finanzministerium-feiert-in-kaarst-holzbuettgen-richtfest\/","title":{"rendered":"Data centre of the NRW Ministry of Finance celebrates topping-out ceremony in Kaarst Holzb\u00fcttgen"},"content":{"rendered":"<div data-elementor-type=\"wp-post\" data-elementor-id=\"3388\" class=\"elementor elementor-3388\" data-elementor-post-type=\"post\">\n\t\t\t\t\t\t<section class=\"elementor-section elementor-top-section elementor-element elementor-element-235983d8 elementor-section-boxed elementor-section-height-default elementor-section-height-default\" data-id=\"235983d8\" data-element_type=\"section\" data-e-type=\"section\" data-settings=\"{&quot;jet_parallax_layout_list&quot;:[]}\">\n\t\t\t\t\t\t<div class=\"elementor-container elementor-column-gap-default\">\n\t\t\t\t\t<div class=\"elementor-column elementor-col-100 elementor-top-column elementor-element elementor-element-fe10ddb\" data-id=\"fe10ddb\" data-element_type=\"column\" data-e-type=\"column\">\n\t\t\t<div class=\"elementor-widget-wrap elementor-element-populated\">\n\t\t\t\t\t\t<div class=\"elementor-element elementor-element-15089597 elementor-widget elementor-widget-text-editor\" data-id=\"15089597\" data-element_type=\"widget\" data-e-type=\"widget\" data-widget_type=\"text-editor.default\">\n\t\t\t\t<div class=\"elementor-widget-container\">\n\t\t\t\t\t\t\t\t\tA state-of-the-art building that will house around 1000 employees in the future celebrated its topping-out ceremony today. The new data centre, which is to become the heart of the NRW financial administration, includes office and meeting rooms, warehouses and workshops, a print shop as well as a canteen, a multi-storey car park with e-charging spaces and 250 bicycle parking spaces - a great future project for Kaarst.\r\n\r\nUnder the leadership of the CDU, the data centre of the state of NRW has been brought to Kaarst - and finally, after several years of planning, the topping-out ceremony can be celebrated today.  We are proud and delighted to have such a modern authority in Kaarst. The data centre is scheduled for completion in 2026.\t\t\t\t\t\t\t\t<\/div>\n\t\t\t\t<\/div>\n\t\t\t\t<div class=\"elementor-element elementor-element-abf6699 elementor-widget elementor-widget-gallery\" data-id=\"abf6699\" data-element_type=\"widget\" data-e-type=\"widget\" data-settings=\"{&quot;lazyload&quot;:&quot;yes&quot;,&quot;gallery_layout&quot;:&quot;grid&quot;,&quot;columns&quot;:4,&quot;columns_tablet&quot;:2,&quot;columns_mobile&quot;:1,&quot;gap&quot;:{&quot;unit&quot;:&quot;px&quot;,&quot;size&quot;:10,&quot;sizes&quot;:[]},&quot;gap_tablet&quot;:{&quot;unit&quot;:&quot;px&quot;,&quot;size&quot;:10,&quot;sizes&quot;:[]},&quot;gap_mobile&quot;:{&quot;unit&quot;:&quot;px&quot;,&quot;size&quot;:10,&quot;sizes&quot;:[]},&quot;link_to&quot;:&quot;file&quot;,&quot;aspect_ratio&quot;:&quot;3:2&quot;,&quot;overlay_background&quot;:&quot;yes&quot;,&quot;content_hover_animation&quot;:&quot;fade-in&quot;}\" data-widget_type=\"gallery.default\">\n\t\t\t\t<div class=\"elementor-widget-container\">\n\t\t\t\t\t\t\t<div class=\"elementor-gallery__container\">\n\t\t\t\t\t\t\t<a class=\"e-gallery-item elementor-gallery-item elementor-animated-content\" href=\"https:\/\/cdu-kaarst.de\/wp-content\/uploads\/cdu-kaarst_richtfest-rechenzentrum-04.jpg\" data-elementor-open-lightbox=\"yes\" data-elementor-lightbox-slideshow=\"abf6699\" data-e-action-hash=\"#elementor-action%3Aaction%3Dlightbox%26settings%3DeyJpZCI6MzQwOSwidXJsIjoiaHR0cHM6XC9cL2NkdS1rYWFyc3QuZGVcL3dwLWNvbnRlbnRcL3VwbG9hZHNcL2NkdS1rYWFyc3RfcmljaHRmZXN0LXJlY2hlbnplbnRydW0tMDQuanBnIiwic2xpZGVzaG93IjoiYWJmNjY5OSJ9\">\n\t\t\t\t\t<div class=\"e-gallery-image elementor-gallery-item__image\" data-thumbnail=\"https:\/\/cdu-kaarst.de\/wp-content\/uploads\/cdu-kaarst_richtfest-rechenzentrum-04-225x300.jpg\" data-width=\"225\" data-height=\"300\" aria-label=\"\" role=\"img\" ><\/div>\n\t\t\t\t\t\t\t\t\t\t\t<div class=\"elementor-gallery-item__overlay\"><\/div>\n\t\t\t\t\t\t\t\t\t\t\t\t\t\t<\/a>\n\t\t\t\t\t\t\t<a class=\"e-gallery-item elementor-gallery-item elementor-animated-content\" href=\"https:\/\/cdu-kaarst.de\/wp-content\/uploads\/cdu-kaarst_richtfest-rechenzentrum-06.jpg\" data-elementor-open-lightbox=\"yes\" data-elementor-lightbox-slideshow=\"abf6699\" data-e-action-hash=\"#elementor-action%3Aaction%3Dlightbox%26settings%3DeyJpZCI6MzQwNCwidXJsIjoiaHR0cHM6XC9cL2NkdS1rYWFyc3QuZGVcL3dwLWNvbnRlbnRcL3VwbG9hZHNcL2NkdS1rYWFyc3RfcmljaHRmZXN0LXJlY2hlbnplbnRydW0tMDYuanBnIiwic2xpZGVzaG93IjoiYWJmNjY5OSJ9\">\n\t\t\t\t\t<div class=\"e-gallery-image elementor-gallery-item__image\" data-thumbnail=\"https:\/\/cdu-kaarst.de\/wp-content\/uploads\/cdu-kaarst_richtfest-rechenzentrum-06-169x300.jpg\" data-width=\"169\" data-height=\"300\" aria-label=\"\" role=\"img\" ><\/div>\n\t\t\t\t\t\t\t\t\t\t\t<div class=\"elementor-gallery-item__overlay\"><\/div>\n\t\t\t\t\t\t\t\t\t\t\t\t\t\t<\/a>\n\t\t\t\t\t\t\t<a class=\"e-gallery-item elementor-gallery-item elementor-animated-content\" href=\"https:\/\/cdu-kaarst.de\/wp-content\/uploads\/cdu-kaarst_richtfest-rechenzentrum-07.jpg\" data-elementor-open-lightbox=\"yes\" data-elementor-lightbox-slideshow=\"abf6699\" data-e-action-hash=\"#elementor-action%3Aaction%3Dlightbox%26settings%3DeyJpZCI6MzQwNSwidXJsIjoiaHR0cHM6XC9cL2NkdS1rYWFyc3QuZGVcL3dwLWNvbnRlbnRcL3VwbG9hZHNcL2NkdS1rYWFyc3RfcmljaHRmZXN0LXJlY2hlbnplbnRydW0tMDcuanBnIiwic2xpZGVzaG93IjoiYWJmNjY5OSJ9\">\n\t\t\t\t\t<div class=\"e-gallery-image elementor-gallery-item__image\" data-thumbnail=\"https:\/\/cdu-kaarst.de\/wp-content\/uploads\/cdu-kaarst_richtfest-rechenzentrum-07-169x300.jpg\" data-width=\"169\" data-height=\"300\" aria-label=\"\" role=\"img\" ><\/div>\n\t\t\t\t\t\t\t\t\t\t\t<div class=\"elementor-gallery-item__overlay\"><\/div>\n\t\t\t\t\t\t\t\t\t\t\t\t\t\t<\/a>\n\t\t\t\t\t\t\t<a class=\"e-gallery-item elementor-gallery-item elementor-animated-content\" href=\"https:\/\/cdu-kaarst.de\/wp-content\/uploads\/cdu-kaarst_richtfest-rechenzentrum-01.jpg\" data-elementor-open-lightbox=\"yes\" data-elementor-lightbox-slideshow=\"abf6699\" data-e-action-hash=\"#elementor-action%3Aaction%3Dlightbox%26settings%3DeyJpZCI6MzQwNiwidXJsIjoiaHR0cHM6XC9cL2NkdS1rYWFyc3QuZGVcL3dwLWNvbnRlbnRcL3VwbG9hZHNcL2NkdS1rYWFyc3RfcmljaHRmZXN0LXJlY2hlbnplbnRydW0tMDEuanBnIiwic2xpZGVzaG93IjoiYWJmNjY5OSJ9\">\n\t\t\t\t\t<div class=\"e-gallery-image elementor-gallery-item__image\" data-thumbnail=\"https:\/\/cdu-kaarst.de\/wp-content\/uploads\/cdu-kaarst_richtfest-rechenzentrum-01-225x300.jpg\" data-width=\"225\" data-height=\"300\" aria-label=\"\" role=\"img\" ><\/div>\n\t\t\t\t\t\t\t\t\t\t\t<div class=\"elementor-gallery-item__overlay\"><\/div>\n\t\t\t\t\t\t\t\t\t\t\t\t\t\t<\/a>\n\t\t\t\t\t\t\t<a class=\"e-gallery-item elementor-gallery-item elementor-animated-content\" href=\"https:\/\/cdu-kaarst.de\/wp-content\/uploads\/cdu-kaarst_richtfest-rechenzentrum-02.jpg\" data-elementor-open-lightbox=\"yes\" data-elementor-lightbox-slideshow=\"abf6699\" data-e-action-hash=\"#elementor-action%3Aaction%3Dlightbox%26settings%3DeyJpZCI6MzQwNywidXJsIjoiaHR0cHM6XC9cL2NkdS1rYWFyc3QuZGVcL3dwLWNvbnRlbnRcL3VwbG9hZHNcL2NkdS1rYWFyc3RfcmljaHRmZXN0LXJlY2hlbnplbnRydW0tMDIuanBnIiwic2xpZGVzaG93IjoiYWJmNjY5OSJ9\">\n\t\t\t\t\t<div class=\"e-gallery-image elementor-gallery-item__image\" data-thumbnail=\"https:\/\/cdu-kaarst.de\/wp-content\/uploads\/cdu-kaarst_richtfest-rechenzentrum-02-225x300.jpg\" data-width=\"225\" data-height=\"300\" aria-label=\"\" role=\"img\" ><\/div>\n\t\t\t\t\t\t\t\t\t\t\t<div class=\"elementor-gallery-item__overlay\"><\/div>\n\t\t\t\t\t\t\t\t\t\t\t\t\t\t<\/a>\n\t\t\t\t\t\t\t<a class=\"e-gallery-item elementor-gallery-item elementor-animated-content\" href=\"https:\/\/cdu-kaarst.de\/wp-content\/uploads\/cdu-kaarst_richtfest-rechenzentrum-03.jpg\" data-elementor-open-lightbox=\"yes\" data-elementor-lightbox-slideshow=\"abf6699\" data-e-action-hash=\"#elementor-action%3Aaction%3Dlightbox%26settings%3DeyJpZCI6MzQwOCwidXJsIjoiaHR0cHM6XC9cL2NkdS1rYWFyc3QuZGVcL3dwLWNvbnRlbnRcL3VwbG9hZHNcL2NkdS1rYWFyc3RfcmljaHRmZXN0LXJlY2hlbnplbnRydW0tMDMuanBnIiwic2xpZGVzaG93IjoiYWJmNjY5OSJ9\">\n\t\t\t\t\t<div class=\"e-gallery-image elementor-gallery-item__image\" data-thumbnail=\"https:\/\/cdu-kaarst.de\/wp-content\/uploads\/cdu-kaarst_richtfest-rechenzentrum-03-169x300.jpg\" data-width=\"169\" data-height=\"300\" aria-label=\"\" role=\"img\" ><\/div>\n\t\t\t\t\t\t\t\t\t\t\t<div class=\"elementor-gallery-item__overlay\"><\/div>\n\t\t\t\t\t\t\t\t\t\t\t\t\t\t<\/a>\n\t\t\t\t\t<\/div>\n\t\t\t\t\t<\/div>\n\t\t\t\t<\/div>\n\t\t\t\t\t<\/div>\n\t\t<\/div>\n\t\t\t\t\t<\/div>\n\t\t<\/section>\n\t\t\t\t<\/div>","protected":false},"excerpt":{"rendered":"<p>Ein hochmodernes Geb\u00e4ude, das in Zukunft rund 1000 Mitarbeiter beherbergen wird konnte heute Richtfest feiern. Das neue Rechenzentrum, dass zum Herzst\u00fcck der NRW-Finanzverwaltung werden soll geh\u00f6ren B\u00fcro- und Besprechungsr\u00e4ume, Lager, und Werkst\u00e4tten, eine Druckerei geh\u00f6rt ebenso dazu wie eine Kantine, ein Parkhaus mit E-Ladepl\u00e4tzen und 250 Fahrradabstellpl\u00e4tze \u2013 ein tolles Zukunftsprojekt f\u00fcr Kaarst. Unter F\u00fchrung [&hellip;]<\/p>\n","protected":false},"author":1,"featured_media":3413,"comment_status":"closed","ping_status":"closed","sticky":false,"template":"","format":"standard","meta":{"footnotes":""},"categories":[1],"tags":[],"class_list":["post-3388","post","type-post","status-publish","format-standard","has-post-thumbnail","hentry","category-allgemein"],"yoast_head":"<!-- This site is optimized with the Yoast SEO plugin v27.4 - https:\/\/yoast.com\/product\/yoast-seo-wordpress\/ -->\n<title>Rechenzentrum des NRW-Finanzministerium feiert in Kaarst Holzb\u00fcttgen Richtfest - CDU Kaarst-B\u00fcttgen<\/title>\n<meta name=\"robots\" content=\"index, follow, max-snippet:-1, max-image-preview:large, max-video-preview:-1\" \/>\n<link rel=\"canonical\" href=\"https:\/\/cdu-kaarst.de\/en\/allgemein\/rechenzentrum-des-nrw-finanzministerium-feiert-in-kaarst-holzbuettgen-richtfest\/\" \/>\n<meta property=\"og:locale\" content=\"en_GB\" \/>\n<meta property=\"og:type\" content=\"article\" \/>\n<meta property=\"og:title\" content=\"Rechenzentrum des NRW-Finanzministerium feiert in Kaarst Holzb\u00fcttgen Richtfest - CDU Kaarst-B\u00fcttgen\" \/>\n<meta property=\"og:description\" content=\"Ein hochmodernes Geb\u00e4ude, das in Zukunft rund 1000 Mitarbeiter beherbergen wird konnte heute Richtfest feiern. Das neue Rechenzentrum, dass zum Herzst\u00fcck der NRW-Finanzverwaltung werden soll geh\u00f6ren B\u00fcro- und Besprechungsr\u00e4ume, Lager, und Werkst\u00e4tten, eine Druckerei geh\u00f6rt ebenso dazu wie eine Kantine, ein Parkhaus mit E-Ladepl\u00e4tzen und 250 Fahrradabstellpl\u00e4tze \u2013 ein tolles Zukunftsprojekt f\u00fcr Kaarst. Unter F\u00fchrung [&hellip;]\" \/>\n<meta property=\"og:url\" content=\"https:\/\/cdu-kaarst.de\/en\/allgemein\/rechenzentrum-des-nrw-finanzministerium-feiert-in-kaarst-holzbuettgen-richtfest\/\" \/>\n<meta property=\"og:site_name\" content=\"CDU Kaarst-B\u00fcttgen\" \/>\n<meta property=\"article:published_time\" content=\"2024-06-18T13:23:10+00:00\" \/>\n<meta property=\"article:modified_time\" content=\"2024-06-18T13:31:11+00:00\" \/>\n<meta property=\"og:image\" content=\"https:\/\/cdu-kaarst.de\/wp-content\/uploads\/cdu-kaarst_richtfest-rechenzentrum-featured.jpg\" \/>\n\t<meta property=\"og:image:width\" content=\"1000\" \/>\n\t<meta property=\"og:image:height\" content=\"667\" \/>\n\t<meta property=\"og:image:type\" content=\"image\/jpeg\" \/>\n<meta name=\"author\" content=\"@dm1n\" \/>\n<meta name=\"twitter:card\" content=\"summary_large_image\" \/>\n<meta name=\"twitter:label1\" content=\"Written by\" \/>\n\t<meta name=\"twitter:data1\" content=\"@dm1n\" \/>\n\t<meta name=\"twitter:label2\" content=\"Estimated reading time\" \/>\n\t<meta name=\"twitter:data2\" content=\"1 minute\" \/>\n<script type=\"application\/ld+json\" class=\"yoast-schema-graph\">{\"@context\":\"https:\\\/\\\/schema.org\",\"@graph\":[{\"@type\":\"Article\",\"@id\":\"https:\\\/\\\/cdu-kaarst.de\\\/allgemein\\\/rechenzentrum-des-nrw-finanzministerium-feiert-in-kaarst-holzbuettgen-richtfest\\\/#article\",\"isPartOf\":{\"@id\":\"https:\\\/\\\/cdu-kaarst.de\\\/allgemein\\\/rechenzentrum-des-nrw-finanzministerium-feiert-in-kaarst-holzbuettgen-richtfest\\\/\"},\"author\":{\"name\":\"@dm1n\",\"@id\":\"https:\\\/\\\/cdu-kaarst.de\\\/#\\\/schema\\\/person\\\/05876a2bd7865609f2946e82cbc73476\"},\"headline\":\"Rechenzentrum des NRW-Finanzministerium feiert in Kaarst Holzb\u00fcttgen Richtfest\",\"datePublished\":\"2024-06-18T13:23:10+00:00\",\"dateModified\":\"2024-06-18T13:31:11+00:00\",\"mainEntityOfPage\":{\"@id\":\"https:\\\/\\\/cdu-kaarst.de\\\/allgemein\\\/rechenzentrum-des-nrw-finanzministerium-feiert-in-kaarst-holzbuettgen-richtfest\\\/\"},\"wordCount\":120,\"publisher\":{\"@id\":\"https:\\\/\\\/cdu-kaarst.de\\\/#organization\"},\"image\":{\"@id\":\"https:\\\/\\\/cdu-kaarst.de\\\/allgemein\\\/rechenzentrum-des-nrw-finanzministerium-feiert-in-kaarst-holzbuettgen-richtfest\\\/#primaryimage\"},\"thumbnailUrl\":\"https:\\\/\\\/cdu-kaarst.de\\\/wp-content\\\/uploads\\\/cdu-kaarst_richtfest-rechenzentrum-featured.jpg\",\"articleSection\":[\"Allgemein\"],\"inLanguage\":\"en-GB\"},{\"@type\":\"WebPage\",\"@id\":\"https:\\\/\\\/cdu-kaarst.de\\\/allgemein\\\/rechenzentrum-des-nrw-finanzministerium-feiert-in-kaarst-holzbuettgen-richtfest\\\/\",\"url\":\"https:\\\/\\\/cdu-kaarst.de\\\/allgemein\\\/rechenzentrum-des-nrw-finanzministerium-feiert-in-kaarst-holzbuettgen-richtfest\\\/\",\"name\":\"Rechenzentrum des NRW-Finanzministerium feiert in Kaarst Holzb\u00fcttgen Richtfest - CDU Kaarst-B\u00fcttgen\",\"isPartOf\":{\"@id\":\"https:\\\/\\\/cdu-kaarst.de\\\/#website\"},\"primaryImageOfPage\":{\"@id\":\"https:\\\/\\\/cdu-kaarst.de\\\/allgemein\\\/rechenzentrum-des-nrw-finanzministerium-feiert-in-kaarst-holzbuettgen-richtfest\\\/#primaryimage\"},\"image\":{\"@id\":\"https:\\\/\\\/cdu-kaarst.de\\\/allgemein\\\/rechenzentrum-des-nrw-finanzministerium-feiert-in-kaarst-holzbuettgen-richtfest\\\/#primaryimage\"},\"thumbnailUrl\":\"https:\\\/\\\/cdu-kaarst.de\\\/wp-content\\\/uploads\\\/cdu-kaarst_richtfest-rechenzentrum-featured.jpg\",\"datePublished\":\"2024-06-18T13:23:10+00:00\",\"dateModified\":\"2024-06-18T13:31:11+00:00\",\"breadcrumb\":{\"@id\":\"https:\\\/\\\/cdu-kaarst.de\\\/allgemein\\\/rechenzentrum-des-nrw-finanzministerium-feiert-in-kaarst-holzbuettgen-richtfest\\\/#breadcrumb\"},\"inLanguage\":\"en-GB\",\"potentialAction\":[{\"@type\":\"ReadAction\",\"target\":[\"https:\\\/\\\/cdu-kaarst.de\\\/allgemein\\\/rechenzentrum-des-nrw-finanzministerium-feiert-in-kaarst-holzbuettgen-richtfest\\\/\"]}]},{\"@type\":\"ImageObject\",\"inLanguage\":\"en-GB\",\"@id\":\"https:\\\/\\\/cdu-kaarst.de\\\/allgemein\\\/rechenzentrum-des-nrw-finanzministerium-feiert-in-kaarst-holzbuettgen-richtfest\\\/#primaryimage\",\"url\":\"https:\\\/\\\/cdu-kaarst.de\\\/wp-content\\\/uploads\\\/cdu-kaarst_richtfest-rechenzentrum-featured.jpg\",\"contentUrl\":\"https:\\\/\\\/cdu-kaarst.de\\\/wp-content\\\/uploads\\\/cdu-kaarst_richtfest-rechenzentrum-featured.jpg\",\"width\":1000,\"height\":667},{\"@type\":\"BreadcrumbList\",\"@id\":\"https:\\\/\\\/cdu-kaarst.de\\\/allgemein\\\/rechenzentrum-des-nrw-finanzministerium-feiert-in-kaarst-holzbuettgen-richtfest\\\/#breadcrumb\",\"itemListElement\":[{\"@type\":\"ListItem\",\"position\":1,\"name\":\"Startseite\",\"item\":\"https:\\\/\\\/cdu-kaarst.de\\\/\"},{\"@type\":\"ListItem\",\"position\":2,\"name\":\"Rechenzentrum des NRW-Finanzministerium feiert in Kaarst Holzb\u00fcttgen Richtfest\"}]},{\"@type\":\"WebSite\",\"@id\":\"https:\\\/\\\/cdu-kaarst.de\\\/#website\",\"url\":\"https:\\\/\\\/cdu-kaarst.de\\\/\",\"name\":\"CDU Kaarst-B\u00fcttgen\",\"description\":\"gut Leben in Kaarst\",\"publisher\":{\"@id\":\"https:\\\/\\\/cdu-kaarst.de\\\/#organization\"},\"potentialAction\":[{\"@type\":\"SearchAction\",\"target\":{\"@type\":\"EntryPoint\",\"urlTemplate\":\"https:\\\/\\\/cdu-kaarst.de\\\/?s={search_term_string}\"},\"query-input\":{\"@type\":\"PropertyValueSpecification\",\"valueRequired\":true,\"valueName\":\"search_term_string\"}}],\"inLanguage\":\"en-GB\"},{\"@type\":\"Organization\",\"@id\":\"https:\\\/\\\/cdu-kaarst.de\\\/#organization\",\"name\":\"CDU Kaarst-B\u00fcttgen\",\"url\":\"https:\\\/\\\/cdu-kaarst.de\\\/\",\"logo\":{\"@type\":\"ImageObject\",\"inLanguage\":\"en-GB\",\"@id\":\"https:\\\/\\\/cdu-kaarst.de\\\/#\\\/schema\\\/logo\\\/image\\\/\",\"url\":\"https:\\\/\\\/cdu-kaarst.de\\\/wp-content\\\/uploads\\\/cdu-gesamtlogo.png\",\"contentUrl\":\"https:\\\/\\\/cdu-kaarst.de\\\/wp-content\\\/uploads\\\/cdu-gesamtlogo.png\",\"width\":418,\"height\":120,\"caption\":\"CDU Kaarst-B\u00fcttgen\"},\"image\":{\"@id\":\"https:\\\/\\\/cdu-kaarst.de\\\/#\\\/schema\\\/logo\\\/image\\\/\"}},{\"@type\":\"Person\",\"@id\":\"https:\\\/\\\/cdu-kaarst.de\\\/#\\\/schema\\\/person\\\/05876a2bd7865609f2946e82cbc73476\",\"name\":\"@dm1n\",\"sameAs\":[\"http:\\\/\\\/cdu-kaarst.de\"]}]}<\/script>\n<!-- \/ Yoast SEO plugin. -->","yoast_head_json":{"title":"Rechenzentrum des NRW-Finanzministerium feiert in Kaarst Holzb\u00fcttgen Richtfest - CDU Kaarst-B\u00fcttgen","robots":{"index":"index","follow":"follow","max-snippet":"max-snippet:-1","max-image-preview":"max-image-preview:large","max-video-preview":"max-video-preview:-1"},"canonical":"https:\/\/cdu-kaarst.de\/en\/allgemein\/rechenzentrum-des-nrw-finanzministerium-feiert-in-kaarst-holzbuettgen-richtfest\/","og_locale":"en_GB","og_type":"article","og_title":"Rechenzentrum des NRW-Finanzministerium feiert in Kaarst Holzb\u00fcttgen Richtfest - CDU Kaarst-B\u00fcttgen","og_description":"Ein hochmodernes Geb\u00e4ude, das in Zukunft rund 1000 Mitarbeiter beherbergen wird konnte heute Richtfest feiern. Das neue Rechenzentrum, dass zum Herzst\u00fcck der NRW-Finanzverwaltung werden soll geh\u00f6ren B\u00fcro- und Besprechungsr\u00e4ume, Lager, und Werkst\u00e4tten, eine Druckerei geh\u00f6rt ebenso dazu wie eine Kantine, ein Parkhaus mit E-Ladepl\u00e4tzen und 250 Fahrradabstellpl\u00e4tze \u2013 ein tolles Zukunftsprojekt f\u00fcr Kaarst. Unter F\u00fchrung [&hellip;]","og_url":"https:\/\/cdu-kaarst.de\/en\/allgemein\/rechenzentrum-des-nrw-finanzministerium-feiert-in-kaarst-holzbuettgen-richtfest\/","og_site_name":"CDU Kaarst-B\u00fcttgen","article_published_time":"2024-06-18T13:23:10+00:00","article_modified_time":"2024-06-18T13:31:11+00:00","og_image":[{"width":1000,"height":667,"url":"https:\/\/cdu-kaarst.de\/wp-content\/uploads\/cdu-kaarst_richtfest-rechenzentrum-featured.jpg","type":"image\/jpeg"}],"author":"@dm1n","twitter_card":"summary_large_image","twitter_misc":{"Written by":"@dm1n","Estimated reading time":"1 minute"},"schema":{"@context":"https:\/\/schema.org","@graph":[{"@type":"Article","@id":"https:\/\/cdu-kaarst.de\/allgemein\/rechenzentrum-des-nrw-finanzministerium-feiert-in-kaarst-holzbuettgen-richtfest\/#article","isPartOf":{"@id":"https:\/\/cdu-kaarst.de\/allgemein\/rechenzentrum-des-nrw-finanzministerium-feiert-in-kaarst-holzbuettgen-richtfest\/"},"author":{"name":"@dm1n","@id":"https:\/\/cdu-kaarst.de\/#\/schema\/person\/05876a2bd7865609f2946e82cbc73476"},"headline":"Rechenzentrum des NRW-Finanzministerium feiert in Kaarst Holzb\u00fcttgen Richtfest","datePublished":"2024-06-18T13:23:10+00:00","dateModified":"2024-06-18T13:31:11+00:00","mainEntityOfPage":{"@id":"https:\/\/cdu-kaarst.de\/allgemein\/rechenzentrum-des-nrw-finanzministerium-feiert-in-kaarst-holzbuettgen-richtfest\/"},"wordCount":120,"publisher":{"@id":"https:\/\/cdu-kaarst.de\/#organization"},"image":{"@id":"https:\/\/cdu-kaarst.de\/allgemein\/rechenzentrum-des-nrw-finanzministerium-feiert-in-kaarst-holzbuettgen-richtfest\/#primaryimage"},"thumbnailUrl":"https:\/\/cdu-kaarst.de\/wp-content\/uploads\/cdu-kaarst_richtfest-rechenzentrum-featured.jpg","articleSection":["Allgemein"],"inLanguage":"en-GB"},{"@type":"WebPage","@id":"https:\/\/cdu-kaarst.de\/allgemein\/rechenzentrum-des-nrw-finanzministerium-feiert-in-kaarst-holzbuettgen-richtfest\/","url":"https:\/\/cdu-kaarst.de\/allgemein\/rechenzentrum-des-nrw-finanzministerium-feiert-in-kaarst-holzbuettgen-richtfest\/","name":"Rechenzentrum des NRW-Finanzministerium feiert in Kaarst Holzb\u00fcttgen Richtfest - CDU Kaarst-B\u00fcttgen","isPartOf":{"@id":"https:\/\/cdu-kaarst.de\/#website"},"primaryImageOfPage":{"@id":"https:\/\/cdu-kaarst.de\/allgemein\/rechenzentrum-des-nrw-finanzministerium-feiert-in-kaarst-holzbuettgen-richtfest\/#primaryimage"},"image":{"@id":"https:\/\/cdu-kaarst.de\/allgemein\/rechenzentrum-des-nrw-finanzministerium-feiert-in-kaarst-holzbuettgen-richtfest\/#primaryimage"},"thumbnailUrl":"https:\/\/cdu-kaarst.de\/wp-content\/uploads\/cdu-kaarst_richtfest-rechenzentrum-featured.jpg","datePublished":"2024-06-18T13:23:10+00:00","dateModified":"2024-06-18T13:31:11+00:00","breadcrumb":{"@id":"https:\/\/cdu-kaarst.de\/allgemein\/rechenzentrum-des-nrw-finanzministerium-feiert-in-kaarst-holzbuettgen-richtfest\/#breadcrumb"},"inLanguage":"en-GB","potentialAction":[{"@type":"ReadAction","target":["https:\/\/cdu-kaarst.de\/allgemein\/rechenzentrum-des-nrw-finanzministerium-feiert-in-kaarst-holzbuettgen-richtfest\/"]}]},{"@type":"ImageObject","inLanguage":"en-GB","@id":"https:\/\/cdu-kaarst.de\/allgemein\/rechenzentrum-des-nrw-finanzministerium-feiert-in-kaarst-holzbuettgen-richtfest\/#primaryimage","url":"https:\/\/cdu-kaarst.de\/wp-content\/uploads\/cdu-kaarst_richtfest-rechenzentrum-featured.jpg","contentUrl":"https:\/\/cdu-kaarst.de\/wp-content\/uploads\/cdu-kaarst_richtfest-rechenzentrum-featured.jpg","width":1000,"height":667},{"@type":"BreadcrumbList","@id":"https:\/\/cdu-kaarst.de\/allgemein\/rechenzentrum-des-nrw-finanzministerium-feiert-in-kaarst-holzbuettgen-richtfest\/#breadcrumb","itemListElement":[{"@type":"ListItem","position":1,"name":"Startseite","item":"https:\/\/cdu-kaarst.de\/"},{"@type":"ListItem","position":2,"name":"Rechenzentrum des NRW-Finanzministerium feiert in Kaarst Holzb\u00fcttgen Richtfest"}]},{"@type":"WebSite","@id":"https:\/\/cdu-kaarst.de\/#website","url":"https:\/\/cdu-kaarst.de\/","name":"CDU Kaarst-B\u00fcttgen","description":"living well in Kaarst","publisher":{"@id":"https:\/\/cdu-kaarst.de\/#organization"},"potentialAction":[{"@type":"SearchAction","target":{"@type":"EntryPoint","urlTemplate":"https:\/\/cdu-kaarst.de\/?s={search_term_string}"},"query-input":{"@type":"PropertyValueSpecification","valueRequired":true,"valueName":"search_term_string"}}],"inLanguage":"en-GB"},{"@type":"Organization","@id":"https:\/\/cdu-kaarst.de\/#organization","name":"CDU Kaarst-B\u00fcttgen","url":"https:\/\/cdu-kaarst.de\/","logo":{"@type":"ImageObject","inLanguage":"en-GB","@id":"https:\/\/cdu-kaarst.de\/#\/schema\/logo\/image\/","url":"https:\/\/cdu-kaarst.de\/wp-content\/uploads\/cdu-gesamtlogo.png","contentUrl":"https:\/\/cdu-kaarst.de\/wp-content\/uploads\/cdu-gesamtlogo.png","width":418,"height":120,"caption":"CDU Kaarst-B\u00fcttgen"},"image":{"@id":"https:\/\/cdu-kaarst.de\/#\/schema\/logo\/image\/"}},{"@type":"Person","@id":"https:\/\/cdu-kaarst.de\/#\/schema\/person\/05876a2bd7865609f2946e82cbc73476","name":"@dm1n","sameAs":["http:\/\/cdu-kaarst.de"]}]}},"_links":{"self":[{"href":"https:\/\/cdu-kaarst.de\/en\/wp-json\/wp\/v2\/posts\/3388","targetHints":{"allow":["GET"]}}],"collection":[{"href":"https:\/\/cdu-kaarst.de\/en\/wp-json\/wp\/v2\/posts"}],"about":[{"href":"https:\/\/cdu-kaarst.de\/en\/wp-json\/wp\/v2\/types\/post"}],"author":[{"embeddable":true,"href":"https:\/\/cdu-kaarst.de\/en\/wp-json\/wp\/v2\/users\/1"}],"replies":[{"embeddable":true,"href":"https:\/\/cdu-kaarst.de\/en\/wp-json\/wp\/v2\/comments?post=3388"}],"version-history":[{"count":11,"href":"https:\/\/cdu-kaarst.de\/en\/wp-json\/wp\/v2\/posts\/3388\/revisions"}],"predecessor-version":[{"id":3426,"href":"https:\/\/cdu-kaarst.de\/en\/wp-json\/wp\/v2\/posts\/3388\/revisions\/3426"}],"wp:featuredmedia":[{"embeddable":true,"href":"https:\/\/cdu-kaarst.de\/en\/wp-json\/wp\/v2\/media\/3413"}],"wp:attachment":[{"href":"https:\/\/cdu-kaarst.de\/en\/wp-json\/wp\/v2\/media?parent=3388"}],"wp:term":[{"taxonomy":"category","embeddable":true,"href":"https:\/\/cdu-kaarst.de\/en\/wp-json\/wp\/v2\/categories?post=3388"},{"taxonomy":"post_tag","embeddable":true,"href":"https:\/\/cdu-kaarst.de\/en\/wp-json\/wp\/v2\/tags?post=3388"}],"curies":[{"name":"wp","href":"https:\/\/api.w.org\/{rel}","templated":true}]}}