{"id":3573,"date":"2024-06-26T09:19:42","date_gmt":"2024-06-26T07:19:42","guid":{"rendered":"https:\/\/cdu-kaarst.de\/?p=3573"},"modified":"2024-10-15T08:30:11","modified_gmt":"2024-10-15T06:30:11","slug":"75-jahre-grundgesetz-und-auszeichnung-der-demokratin-des-jahres-2024","status":"publish","type":"post","link":"https:\/\/cdu-kaarst.de\/en\/frauen-union\/75-jahre-grundgesetz-und-auszeichnung-der-demokratin-des-jahres-2024\/","title":{"rendered":"75 years of the Basic Law and honouring the Democrat of the Year 2024"},"content":{"rendered":"<div data-elementor-type=\"wp-post\" data-elementor-id=\"3573\" class=\"elementor elementor-3573\" data-elementor-post-type=\"post\">\n\t\t\t\t\t\t<section class=\"elementor-section elementor-top-section elementor-element elementor-element-514a243c elementor-section-boxed elementor-section-height-default elementor-section-height-default\" data-id=\"514a243c\" data-element_type=\"section\" data-e-type=\"section\" data-settings=\"{&quot;jet_parallax_layout_list&quot;:[]}\">\n\t\t\t\t\t\t<div class=\"elementor-container elementor-column-gap-default\">\n\t\t\t\t\t<div class=\"elementor-column elementor-col-100 elementor-top-column elementor-element elementor-element-6ecfe3db\" data-id=\"6ecfe3db\" data-element_type=\"column\" data-e-type=\"column\">\n\t\t\t<div class=\"elementor-widget-wrap elementor-element-populated\">\n\t\t\t\t\t\t<div class=\"elementor-element elementor-element-7437c7d1 elementor-widget elementor-widget-text-editor\" data-id=\"7437c7d1\" data-element_type=\"widget\" data-e-type=\"widget\" data-widget_type=\"text-editor.default\">\n\t\t\t\t<div class=\"elementor-widget-container\">\n\t\t\t\t\t\t\t\t\t<p>On <strong>23 May 2024<\/strong> our Women's Union was represented by a delegation at the ceremony organised by the Women's Union of the Rhine district of Neuss. Hostess and <strong>Chairwoman Barbara Brand<\/strong> hosted the event and provided an enjoyable evening in a dignified setting.<\/p><p><strong style=\"background-color: var( --e-global-color-9687a18 ); color: var( --e-global-color-secondary );\">Guest speaker Prof Dr Rita S\u00fc\u00dfmuth<\/strong><span style=\"background-color: var( --e-global-color-9687a18 ); color: var( --e-global-color-secondary );\"> gave deep insights and drew a fascinating arc from the Basic Law (\"Human dignity is inviolable.\") and his mothers (\"Men and women have equal rights.\") to his own everyday political life today. <\/span><strong style=\"background-color: var( --e-global-color-9687a18 ); color: var( --e-global-color-secondary );\">\"We need more courage again!\" was one of her messages to society as a whole.<\/strong><\/p><p><span style=\"background-color: var( --e-global-color-9687a18 ); color: var( --e-global-color-secondary );\">The<\/span><strong style=\"background-color: var( --e-global-color-9687a18 ); color: var( --e-global-color-secondary );\"> Democrat of the Year 2024 Stefanie Sassenrath<\/strong><span style=\"background-color: var( --e-global-color-9687a18 ); color: var( --e-global-color-secondary );\"> reported on her diverse voluntary work at SkF Neuss and its national organisation. In her view, democracy must generate energy in everyone in order to move the state forward.<\/span><strong style=\"background-color: var( --e-global-color-9687a18 ); color: var( --e-global-color-secondary );\"> Her message: Democracy starts in the family.<\/strong><\/p>\t\t\t\t\t\t\t\t<\/div>\n\t\t\t\t<\/div>\n\t\t\t\t<div class=\"elementor-element elementor-element-f50b230 elementor-widget elementor-widget-gallery\" data-id=\"f50b230\" data-element_type=\"widget\" data-e-type=\"widget\" data-settings=\"{&quot;columns&quot;:2,&quot;aspect_ratio&quot;:&quot;1:1&quot;,&quot;lazyload&quot;:&quot;yes&quot;,&quot;gallery_layout&quot;:&quot;grid&quot;,&quot;columns_tablet&quot;:2,&quot;columns_mobile&quot;:1,&quot;gap&quot;:{&quot;unit&quot;:&quot;px&quot;,&quot;size&quot;:10,&quot;sizes&quot;:[]},&quot;gap_tablet&quot;:{&quot;unit&quot;:&quot;px&quot;,&quot;size&quot;:10,&quot;sizes&quot;:[]},&quot;gap_mobile&quot;:{&quot;unit&quot;:&quot;px&quot;,&quot;size&quot;:10,&quot;sizes&quot;:[]},&quot;link_to&quot;:&quot;file&quot;,&quot;overlay_background&quot;:&quot;yes&quot;,&quot;content_hover_animation&quot;:&quot;fade-in&quot;}\" data-widget_type=\"gallery.default\">\n\t\t\t\t<div class=\"elementor-widget-container\">\n\t\t\t\t\t\t\t<div class=\"elementor-gallery__container\">\n\t\t\t\t\t\t\t<a class=\"e-gallery-item elementor-gallery-item elementor-animated-content\" href=\"https:\/\/cdu-kaarst.de\/wp-content\/uploads\/20240523_182041.jpg\" data-elementor-open-lightbox=\"yes\" data-elementor-lightbox-slideshow=\"f50b230\" data-e-action-hash=\"#elementor-action%3Aaction%3Dlightbox%26settings%3DeyJpZCI6NTExOSwidXJsIjoiaHR0cHM6XC9cL2NkdS1rYWFyc3QuZGVcL3dwLWNvbnRlbnRcL3VwbG9hZHNcLzIwMjQwNTIzXzE4MjA0MS5qcGciLCJzbGlkZXNob3ciOiJmNTBiMjMwIn0%3D\">\n\t\t\t\t\t<div class=\"e-gallery-image elementor-gallery-item__image\" data-thumbnail=\"https:\/\/cdu-kaarst.de\/wp-content\/uploads\/20240523_182041.jpg\" data-width=\"267\" data-height=\"320\" aria-label=\"\" role=\"img\" ><\/div>\n\t\t\t\t\t\t\t\t\t\t\t<div class=\"elementor-gallery-item__overlay\"><\/div>\n\t\t\t\t\t\t\t\t\t\t\t\t\t\t<\/a>\n\t\t\t\t\t\t\t<a class=\"e-gallery-item elementor-gallery-item elementor-animated-content\" href=\"https:\/\/cdu-kaarst.de\/wp-content\/uploads\/cgw-frauen-union-75jahre-grundgesetz.jpg\" data-elementor-open-lightbox=\"yes\" data-elementor-lightbox-slideshow=\"f50b230\" data-e-action-hash=\"#elementor-action%3Aaction%3Dlightbox%26settings%3DeyJpZCI6MzU3NSwidXJsIjoiaHR0cHM6XC9cL2NkdS1rYWFyc3QuZGVcL3dwLWNvbnRlbnRcL3VwbG9hZHNcL2Nndy1mcmF1ZW4tdW5pb24tNzVqYWhyZS1ncnVuZGdlc2V0ei5qcGciLCJzbGlkZXNob3ciOiJmNTBiMjMwIn0%3D\">\n\t\t\t\t\t<div class=\"e-gallery-image elementor-gallery-item__image\" data-thumbnail=\"https:\/\/cdu-kaarst.de\/wp-content\/uploads\/cgw-frauen-union-75jahre-grundgesetz.jpg\" data-width=\"392\" data-height=\"501\" aria-label=\"\" role=\"img\" ><\/div>\n\t\t\t\t\t\t\t\t\t\t\t<div class=\"elementor-gallery-item__overlay\"><\/div>\n\t\t\t\t\t\t\t\t\t\t\t\t\t\t<\/a>\n\t\t\t\t\t<\/div>\n\t\t\t\t\t<\/div>\n\t\t\t\t<\/div>\n\t\t\t\t\t<\/div>\n\t\t<\/div>\n\t\t\t\t\t<\/div>\n\t\t<\/section>\n\t\t\t\t<\/div>","protected":false},"excerpt":{"rendered":"<p>Am 23. Mai 2024 war unsere Frauen Union beim Festakt der Frauen Union des Rhein-Kreises Neuss mit einer Delegation vertreten.\u00a0Gastgeberin und Vorsitzende Barbara Brand f\u00fchrte durch die Veranstaltung und bescherte einen sch\u00f6nen Abend im w\u00fcrdigen Rahmen. Gastrednerin Prof. Dr. Rita S\u00fc\u00dfmuth gab tiefe Einblicke und spannte einen faszinierenden Bogen vom Grundgesetz (\u201eDie W\u00fcrde des Menschen [&hellip;]<\/p>\n","protected":false},"author":1,"featured_media":1114,"comment_status":"closed","ping_status":"closed","sticky":false,"template":"","format":"standard","meta":{"footnotes":""},"categories":[71],"tags":[],"class_list":["post-3573","post","type-post","status-publish","format-standard","has-post-thumbnail","hentry","category-frauen-union"],"yoast_head":"<!-- This site is optimized with the Yoast SEO plugin v27.4 - https:\/\/yoast.com\/product\/yoast-seo-wordpress\/ -->\n<title>75 Jahre Grundgesetz und Auszeichnung der Demokratin des Jahres 2024 - CDU Kaarst-B\u00fcttgen<\/title>\n<meta name=\"robots\" content=\"index, follow, max-snippet:-1, max-image-preview:large, max-video-preview:-1\" \/>\n<link rel=\"canonical\" href=\"https:\/\/cdu-kaarst.de\/en\/frauen-union\/75-jahre-grundgesetz-und-auszeichnung-der-demokratin-des-jahres-2024\/\" \/>\n<meta property=\"og:locale\" content=\"en_GB\" \/>\n<meta property=\"og:type\" content=\"article\" \/>\n<meta property=\"og:title\" content=\"75 Jahre Grundgesetz und Auszeichnung der Demokratin des Jahres 2024 - CDU Kaarst-B\u00fcttgen\" \/>\n<meta property=\"og:description\" content=\"Am 23. Mai 2024 war unsere Frauen Union beim Festakt der Frauen Union des Rhein-Kreises Neuss mit einer Delegation vertreten.\u00a0Gastgeberin und Vorsitzende Barbara Brand f\u00fchrte durch die Veranstaltung und bescherte einen sch\u00f6nen Abend im w\u00fcrdigen Rahmen. Gastrednerin Prof. Dr. Rita S\u00fc\u00dfmuth gab tiefe Einblicke und spannte einen faszinierenden Bogen vom Grundgesetz (\u201eDie W\u00fcrde des Menschen [&hellip;]\" \/>\n<meta property=\"og:url\" content=\"https:\/\/cdu-kaarst.de\/en\/frauen-union\/75-jahre-grundgesetz-und-auszeichnung-der-demokratin-des-jahres-2024\/\" \/>\n<meta property=\"og:site_name\" content=\"CDU Kaarst-B\u00fcttgen\" \/>\n<meta property=\"article:published_time\" content=\"2024-06-26T07:19:42+00:00\" \/>\n<meta property=\"article:modified_time\" content=\"2024-10-15T06:30:11+00:00\" \/>\n<meta property=\"og:image\" content=\"https:\/\/cdu-kaarst.de\/wp-content\/uploads\/cdu-kaarst_dahlien.jpg\" \/>\n\t<meta property=\"og:image:width\" content=\"1000\" \/>\n\t<meta property=\"og:image:height\" content=\"667\" \/>\n\t<meta property=\"og:image:type\" content=\"image\/jpeg\" \/>\n<meta name=\"author\" content=\"@dm1n\" \/>\n<meta name=\"twitter:card\" content=\"summary_large_image\" \/>\n<meta name=\"twitter:label1\" content=\"Written by\" \/>\n\t<meta name=\"twitter:data1\" content=\"@dm1n\" \/>\n\t<meta name=\"twitter:label2\" content=\"Estimated reading time\" \/>\n\t<meta name=\"twitter:data2\" content=\"1 minute\" \/>\n<script type=\"application\/ld+json\" class=\"yoast-schema-graph\">{\"@context\":\"https:\\\/\\\/schema.org\",\"@graph\":[{\"@type\":\"Article\",\"@id\":\"https:\\\/\\\/cdu-kaarst.de\\\/frauen-union\\\/75-jahre-grundgesetz-und-auszeichnung-der-demokratin-des-jahres-2024\\\/#article\",\"isPartOf\":{\"@id\":\"https:\\\/\\\/cdu-kaarst.de\\\/frauen-union\\\/75-jahre-grundgesetz-und-auszeichnung-der-demokratin-des-jahres-2024\\\/\"},\"author\":{\"name\":\"@dm1n\",\"@id\":\"https:\\\/\\\/cdu-kaarst.de\\\/#\\\/schema\\\/person\\\/05876a2bd7865609f2946e82cbc73476\"},\"headline\":\"75 Jahre Grundgesetz und Auszeichnung der Demokratin des Jahres 2024\",\"datePublished\":\"2024-06-26T07:19:42+00:00\",\"dateModified\":\"2024-10-15T06:30:11+00:00\",\"mainEntityOfPage\":{\"@id\":\"https:\\\/\\\/cdu-kaarst.de\\\/frauen-union\\\/75-jahre-grundgesetz-und-auszeichnung-der-demokratin-des-jahres-2024\\\/\"},\"wordCount\":145,\"publisher\":{\"@id\":\"https:\\\/\\\/cdu-kaarst.de\\\/#organization\"},\"image\":{\"@id\":\"https:\\\/\\\/cdu-kaarst.de\\\/frauen-union\\\/75-jahre-grundgesetz-und-auszeichnung-der-demokratin-des-jahres-2024\\\/#primaryimage\"},\"thumbnailUrl\":\"https:\\\/\\\/cdu-kaarst.de\\\/wp-content\\\/uploads\\\/cdu-kaarst_dahlien.jpg\",\"articleSection\":[\"Frauen Union\"],\"inLanguage\":\"en-GB\"},{\"@type\":\"WebPage\",\"@id\":\"https:\\\/\\\/cdu-kaarst.de\\\/frauen-union\\\/75-jahre-grundgesetz-und-auszeichnung-der-demokratin-des-jahres-2024\\\/\",\"url\":\"https:\\\/\\\/cdu-kaarst.de\\\/frauen-union\\\/75-jahre-grundgesetz-und-auszeichnung-der-demokratin-des-jahres-2024\\\/\",\"name\":\"75 Jahre Grundgesetz und Auszeichnung der Demokratin des Jahres 2024 - CDU Kaarst-B\u00fcttgen\",\"isPartOf\":{\"@id\":\"https:\\\/\\\/cdu-kaarst.de\\\/#website\"},\"primaryImageOfPage\":{\"@id\":\"https:\\\/\\\/cdu-kaarst.de\\\/frauen-union\\\/75-jahre-grundgesetz-und-auszeichnung-der-demokratin-des-jahres-2024\\\/#primaryimage\"},\"image\":{\"@id\":\"https:\\\/\\\/cdu-kaarst.de\\\/frauen-union\\\/75-jahre-grundgesetz-und-auszeichnung-der-demokratin-des-jahres-2024\\\/#primaryimage\"},\"thumbnailUrl\":\"https:\\\/\\\/cdu-kaarst.de\\\/wp-content\\\/uploads\\\/cdu-kaarst_dahlien.jpg\",\"datePublished\":\"2024-06-26T07:19:42+00:00\",\"dateModified\":\"2024-10-15T06:30:11+00:00\",\"breadcrumb\":{\"@id\":\"https:\\\/\\\/cdu-kaarst.de\\\/frauen-union\\\/75-jahre-grundgesetz-und-auszeichnung-der-demokratin-des-jahres-2024\\\/#breadcrumb\"},\"inLanguage\":\"en-GB\",\"potentialAction\":[{\"@type\":\"ReadAction\",\"target\":[\"https:\\\/\\\/cdu-kaarst.de\\\/frauen-union\\\/75-jahre-grundgesetz-und-auszeichnung-der-demokratin-des-jahres-2024\\\/\"]}]},{\"@type\":\"ImageObject\",\"inLanguage\":\"en-GB\",\"@id\":\"https:\\\/\\\/cdu-kaarst.de\\\/frauen-union\\\/75-jahre-grundgesetz-und-auszeichnung-der-demokratin-des-jahres-2024\\\/#primaryimage\",\"url\":\"https:\\\/\\\/cdu-kaarst.de\\\/wp-content\\\/uploads\\\/cdu-kaarst_dahlien.jpg\",\"contentUrl\":\"https:\\\/\\\/cdu-kaarst.de\\\/wp-content\\\/uploads\\\/cdu-kaarst_dahlien.jpg\",\"width\":1000,\"height\":667,\"caption\":\"CDU Kaarst - Dahlien\"},{\"@type\":\"BreadcrumbList\",\"@id\":\"https:\\\/\\\/cdu-kaarst.de\\\/frauen-union\\\/75-jahre-grundgesetz-und-auszeichnung-der-demokratin-des-jahres-2024\\\/#breadcrumb\",\"itemListElement\":[{\"@type\":\"ListItem\",\"position\":1,\"name\":\"Startseite\",\"item\":\"https:\\\/\\\/cdu-kaarst.de\\\/\"},{\"@type\":\"ListItem\",\"position\":2,\"name\":\"75 Jahre Grundgesetz und Auszeichnung der Demokratin des Jahres 2024\"}]},{\"@type\":\"WebSite\",\"@id\":\"https:\\\/\\\/cdu-kaarst.de\\\/#website\",\"url\":\"https:\\\/\\\/cdu-kaarst.de\\\/\",\"name\":\"CDU Kaarst-B\u00fcttgen\",\"description\":\"gut Leben in Kaarst\",\"publisher\":{\"@id\":\"https:\\\/\\\/cdu-kaarst.de\\\/#organization\"},\"potentialAction\":[{\"@type\":\"SearchAction\",\"target\":{\"@type\":\"EntryPoint\",\"urlTemplate\":\"https:\\\/\\\/cdu-kaarst.de\\\/?s={search_term_string}\"},\"query-input\":{\"@type\":\"PropertyValueSpecification\",\"valueRequired\":true,\"valueName\":\"search_term_string\"}}],\"inLanguage\":\"en-GB\"},{\"@type\":\"Organization\",\"@id\":\"https:\\\/\\\/cdu-kaarst.de\\\/#organization\",\"name\":\"CDU Kaarst-B\u00fcttgen\",\"url\":\"https:\\\/\\\/cdu-kaarst.de\\\/\",\"logo\":{\"@type\":\"ImageObject\",\"inLanguage\":\"en-GB\",\"@id\":\"https:\\\/\\\/cdu-kaarst.de\\\/#\\\/schema\\\/logo\\\/image\\\/\",\"url\":\"https:\\\/\\\/cdu-kaarst.de\\\/wp-content\\\/uploads\\\/cdu-gesamtlogo.png\",\"contentUrl\":\"https:\\\/\\\/cdu-kaarst.de\\\/wp-content\\\/uploads\\\/cdu-gesamtlogo.png\",\"width\":418,\"height\":120,\"caption\":\"CDU Kaarst-B\u00fcttgen\"},\"image\":{\"@id\":\"https:\\\/\\\/cdu-kaarst.de\\\/#\\\/schema\\\/logo\\\/image\\\/\"}},{\"@type\":\"Person\",\"@id\":\"https:\\\/\\\/cdu-kaarst.de\\\/#\\\/schema\\\/person\\\/05876a2bd7865609f2946e82cbc73476\",\"name\":\"@dm1n\",\"sameAs\":[\"http:\\\/\\\/cdu-kaarst.de\"]}]}<\/script>\n<!-- \/ Yoast SEO plugin. -->","yoast_head_json":{"title":"75 years of the Basic Law and honouring the Democrat of the Year 2024 - CDU Kaarst-B\u00fcttgen","robots":{"index":"index","follow":"follow","max-snippet":"max-snippet:-1","max-image-preview":"max-image-preview:large","max-video-preview":"max-video-preview:-1"},"canonical":"https:\/\/cdu-kaarst.de\/en\/frauen-union\/75-jahre-grundgesetz-und-auszeichnung-der-demokratin-des-jahres-2024\/","og_locale":"en_GB","og_type":"article","og_title":"75 Jahre Grundgesetz und Auszeichnung der Demokratin des Jahres 2024 - CDU Kaarst-B\u00fcttgen","og_description":"Am 23. Mai 2024 war unsere Frauen Union beim Festakt der Frauen Union des Rhein-Kreises Neuss mit einer Delegation vertreten.\u00a0Gastgeberin und Vorsitzende Barbara Brand f\u00fchrte durch die Veranstaltung und bescherte einen sch\u00f6nen Abend im w\u00fcrdigen Rahmen. Gastrednerin Prof. Dr. Rita S\u00fc\u00dfmuth gab tiefe Einblicke und spannte einen faszinierenden Bogen vom Grundgesetz (\u201eDie W\u00fcrde des Menschen [&hellip;]","og_url":"https:\/\/cdu-kaarst.de\/en\/frauen-union\/75-jahre-grundgesetz-und-auszeichnung-der-demokratin-des-jahres-2024\/","og_site_name":"CDU Kaarst-B\u00fcttgen","article_published_time":"2024-06-26T07:19:42+00:00","article_modified_time":"2024-10-15T06:30:11+00:00","og_image":[{"width":1000,"height":667,"url":"https:\/\/cdu-kaarst.de\/wp-content\/uploads\/cdu-kaarst_dahlien.jpg","type":"image\/jpeg"}],"author":"@dm1n","twitter_card":"summary_large_image","twitter_misc":{"Written by":"@dm1n","Estimated reading time":"1 minute"},"schema":{"@context":"https:\/\/schema.org","@graph":[{"@type":"Article","@id":"https:\/\/cdu-kaarst.de\/frauen-union\/75-jahre-grundgesetz-und-auszeichnung-der-demokratin-des-jahres-2024\/#article","isPartOf":{"@id":"https:\/\/cdu-kaarst.de\/frauen-union\/75-jahre-grundgesetz-und-auszeichnung-der-demokratin-des-jahres-2024\/"},"author":{"name":"@dm1n","@id":"https:\/\/cdu-kaarst.de\/#\/schema\/person\/05876a2bd7865609f2946e82cbc73476"},"headline":"75 Jahre Grundgesetz und Auszeichnung der Demokratin des Jahres 2024","datePublished":"2024-06-26T07:19:42+00:00","dateModified":"2024-10-15T06:30:11+00:00","mainEntityOfPage":{"@id":"https:\/\/cdu-kaarst.de\/frauen-union\/75-jahre-grundgesetz-und-auszeichnung-der-demokratin-des-jahres-2024\/"},"wordCount":145,"publisher":{"@id":"https:\/\/cdu-kaarst.de\/#organization"},"image":{"@id":"https:\/\/cdu-kaarst.de\/frauen-union\/75-jahre-grundgesetz-und-auszeichnung-der-demokratin-des-jahres-2024\/#primaryimage"},"thumbnailUrl":"https:\/\/cdu-kaarst.de\/wp-content\/uploads\/cdu-kaarst_dahlien.jpg","articleSection":["Frauen Union"],"inLanguage":"en-GB"},{"@type":"WebPage","@id":"https:\/\/cdu-kaarst.de\/frauen-union\/75-jahre-grundgesetz-und-auszeichnung-der-demokratin-des-jahres-2024\/","url":"https:\/\/cdu-kaarst.de\/frauen-union\/75-jahre-grundgesetz-und-auszeichnung-der-demokratin-des-jahres-2024\/","name":"75 years of the Basic Law and honouring the Democrat of the Year 2024 - CDU Kaarst-B\u00fcttgen","isPartOf":{"@id":"https:\/\/cdu-kaarst.de\/#website"},"primaryImageOfPage":{"@id":"https:\/\/cdu-kaarst.de\/frauen-union\/75-jahre-grundgesetz-und-auszeichnung-der-demokratin-des-jahres-2024\/#primaryimage"},"image":{"@id":"https:\/\/cdu-kaarst.de\/frauen-union\/75-jahre-grundgesetz-und-auszeichnung-der-demokratin-des-jahres-2024\/#primaryimage"},"thumbnailUrl":"https:\/\/cdu-kaarst.de\/wp-content\/uploads\/cdu-kaarst_dahlien.jpg","datePublished":"2024-06-26T07:19:42+00:00","dateModified":"2024-10-15T06:30:11+00:00","breadcrumb":{"@id":"https:\/\/cdu-kaarst.de\/frauen-union\/75-jahre-grundgesetz-und-auszeichnung-der-demokratin-des-jahres-2024\/#breadcrumb"},"inLanguage":"en-GB","potentialAction":[{"@type":"ReadAction","target":["https:\/\/cdu-kaarst.de\/frauen-union\/75-jahre-grundgesetz-und-auszeichnung-der-demokratin-des-jahres-2024\/"]}]},{"@type":"ImageObject","inLanguage":"en-GB","@id":"https:\/\/cdu-kaarst.de\/frauen-union\/75-jahre-grundgesetz-und-auszeichnung-der-demokratin-des-jahres-2024\/#primaryimage","url":"https:\/\/cdu-kaarst.de\/wp-content\/uploads\/cdu-kaarst_dahlien.jpg","contentUrl":"https:\/\/cdu-kaarst.de\/wp-content\/uploads\/cdu-kaarst_dahlien.jpg","width":1000,"height":667,"caption":"CDU Kaarst - Dahlien"},{"@type":"BreadcrumbList","@id":"https:\/\/cdu-kaarst.de\/frauen-union\/75-jahre-grundgesetz-und-auszeichnung-der-demokratin-des-jahres-2024\/#breadcrumb","itemListElement":[{"@type":"ListItem","position":1,"name":"Startseite","item":"https:\/\/cdu-kaarst.de\/"},{"@type":"ListItem","position":2,"name":"75 Jahre Grundgesetz und Auszeichnung der Demokratin des Jahres 2024"}]},{"@type":"WebSite","@id":"https:\/\/cdu-kaarst.de\/#website","url":"https:\/\/cdu-kaarst.de\/","name":"CDU Kaarst-B\u00fcttgen","description":"living well in Kaarst","publisher":{"@id":"https:\/\/cdu-kaarst.de\/#organization"},"potentialAction":[{"@type":"SearchAction","target":{"@type":"EntryPoint","urlTemplate":"https:\/\/cdu-kaarst.de\/?s={search_term_string}"},"query-input":{"@type":"PropertyValueSpecification","valueRequired":true,"valueName":"search_term_string"}}],"inLanguage":"en-GB"},{"@type":"Organization","@id":"https:\/\/cdu-kaarst.de\/#organization","name":"CDU Kaarst-B\u00fcttgen","url":"https:\/\/cdu-kaarst.de\/","logo":{"@type":"ImageObject","inLanguage":"en-GB","@id":"https:\/\/cdu-kaarst.de\/#\/schema\/logo\/image\/","url":"https:\/\/cdu-kaarst.de\/wp-content\/uploads\/cdu-gesamtlogo.png","contentUrl":"https:\/\/cdu-kaarst.de\/wp-content\/uploads\/cdu-gesamtlogo.png","width":418,"height":120,"caption":"CDU Kaarst-B\u00fcttgen"},"image":{"@id":"https:\/\/cdu-kaarst.de\/#\/schema\/logo\/image\/"}},{"@type":"Person","@id":"https:\/\/cdu-kaarst.de\/#\/schema\/person\/05876a2bd7865609f2946e82cbc73476","name":"@dm1n","sameAs":["http:\/\/cdu-kaarst.de"]}]}},"_links":{"self":[{"href":"https:\/\/cdu-kaarst.de\/en\/wp-json\/wp\/v2\/posts\/3573","targetHints":{"allow":["GET"]}}],"collection":[{"href":"https:\/\/cdu-kaarst.de\/en\/wp-json\/wp\/v2\/posts"}],"about":[{"href":"https:\/\/cdu-kaarst.de\/en\/wp-json\/wp\/v2\/types\/post"}],"author":[{"embeddable":true,"href":"https:\/\/cdu-kaarst.de\/en\/wp-json\/wp\/v2\/users\/1"}],"replies":[{"embeddable":true,"href":"https:\/\/cdu-kaarst.de\/en\/wp-json\/wp\/v2\/comments?post=3573"}],"version-history":[{"count":11,"href":"https:\/\/cdu-kaarst.de\/en\/wp-json\/wp\/v2\/posts\/3573\/revisions"}],"predecessor-version":[{"id":5122,"href":"https:\/\/cdu-kaarst.de\/en\/wp-json\/wp\/v2\/posts\/3573\/revisions\/5122"}],"wp:featuredmedia":[{"embeddable":true,"href":"https:\/\/cdu-kaarst.de\/en\/wp-json\/wp\/v2\/media\/1114"}],"wp:attachment":[{"href":"https:\/\/cdu-kaarst.de\/en\/wp-json\/wp\/v2\/media?parent=3573"}],"wp:term":[{"taxonomy":"category","embeddable":true,"href":"https:\/\/cdu-kaarst.de\/en\/wp-json\/wp\/v2\/categories?post=3573"},{"taxonomy":"post_tag","embeddable":true,"href":"https:\/\/cdu-kaarst.de\/en\/wp-json\/wp\/v2\/tags?post=3573"}],"curies":[{"name":"wp","href":"https:\/\/api.w.org\/{rel}","templated":true}]}}