{"id":3732,"date":"2024-07-09T08:02:49","date_gmt":"2024-07-09T06:02:49","guid":{"rendered":"https:\/\/cdu-kaarst.de\/?p=3732"},"modified":"2024-08-19T11:19:59","modified_gmt":"2024-08-19T09:19:59","slug":"cdu-vor-ort-verabschiedung-von-pfarrer-esser","status":"publish","type":"post","link":"https:\/\/cdu-kaarst.de\/en\/allgemein\/cdu-vor-ort-verabschiedung-von-pfarrer-esser\/","title":{"rendered":"CDU on site: Farewell to Pastor E\u00dfer"},"content":{"rendered":"<div data-elementor-type=\"wp-post\" data-elementor-id=\"3732\" class=\"elementor elementor-3732\" data-elementor-post-type=\"post\">\n\t\t\t\t\t\t<section class=\"elementor-section elementor-top-section elementor-element elementor-element-2f2f82b8 elementor-section-boxed elementor-section-height-default elementor-section-height-default\" data-id=\"2f2f82b8\" data-element_type=\"section\" data-e-type=\"section\" data-settings=\"{&quot;jet_parallax_layout_list&quot;:[]}\">\n\t\t\t\t\t\t<div class=\"elementor-container elementor-column-gap-default\">\n\t\t\t\t\t<div class=\"elementor-column elementor-col-100 elementor-top-column elementor-element elementor-element-5b7c1af1\" data-id=\"5b7c1af1\" data-element_type=\"column\" data-e-type=\"column\">\n\t\t\t<div class=\"elementor-widget-wrap elementor-element-populated\">\n\t\t\t\t\t\t<div class=\"elementor-element elementor-element-33334fe3 elementor-widget elementor-widget-text-editor\" data-id=\"33334fe3\" data-element_type=\"widget\" data-e-type=\"widget\" data-widget_type=\"text-editor.default\">\n\t\t\t\t<div class=\"elementor-widget-container\">\n\t\t\t\t\t\t\t\t\tCDU on the ground - on 5 July in <a href=\"https:\/\/gemeinden.erzbistum-koeln.de\/pfarreiengemeinschaft-kaarst-buettgen\/unsere_kirchen-00001-00001\/st._aldegundis_buettgen\/\" target=\"_blank\" rel=\"noopener\">St Aldegundis in B\u00fcttgen<\/a> The official farewell ceremony for Pastor E\u00dfer, who is moving to Dormagen-Zons after 5 1\/2 years in Kaarst, took place at the end of the day. The CDU Kaarst, through its chairman Christian Horn-Heinemann, thanked Mr E\u00dfer for his lasting work in Kaarst and wished him all the best.\t\t\t\t\t\t\t\t<\/div>\n\t\t\t\t<\/div>\n\t\t\t\t<div class=\"elementor-element elementor-element-3169765 elementor-widget elementor-widget-image-gallery\" data-id=\"3169765\" data-element_type=\"widget\" data-e-type=\"widget\" data-widget_type=\"image-gallery.default\">\n\t\t\t\t<div class=\"elementor-widget-container\">\n\t\t\t\t\t\t\t<div class=\"elementor-image-gallery\">\n\t\t\t<div id='gallery-1' class='gallery galleryid-3732 gallery-columns-4 gallery-size-thumbnail'><figure class='gallery-item'>\n\t\t\t<div class='gallery-icon landscape'>\n\t\t\t\t<a data-elementor-open-lightbox=\"yes\" data-elementor-lightbox-slideshow=\"3169765\" data-e-action-hash=\"#elementor-action%3Aaction%3Dlightbox%26settings%3DeyJpZCI6MzczNywidXJsIjoiaHR0cHM6XC9cL2NkdS1rYWFyc3QuZGVcL3dwLWNvbnRlbnRcL3VwbG9hZHNcLzA1MDcyMDI0LXZlcmFic2NoaWVkdW5nLXBmYXJyZXItZXNzZXItMDAxLmpwZyIsInNsaWRlc2hvdyI6IjMxNjk3NjUifQ%3D%3D\" href='https:\/\/cdu-kaarst.de\/wp-content\/uploads\/05072024-verabschiedung-pfarrer-esser-001.jpg'><img decoding=\"async\" width=\"150\" height=\"150\" src=\"https:\/\/cdu-kaarst.de\/wp-content\/uploads\/05072024-verabschiedung-pfarrer-esser-001-150x150.jpg\" class=\"attachment-thumbnail size-thumbnail\" alt=\"\" \/><\/a>\n\t\t\t<\/div><\/figure><figure class='gallery-item'>\n\t\t\t<div class='gallery-icon portrait'>\n\t\t\t\t<a data-elementor-open-lightbox=\"yes\" data-elementor-lightbox-slideshow=\"3169765\" data-e-action-hash=\"#elementor-action%3Aaction%3Dlightbox%26settings%3DeyJpZCI6MzczNiwidXJsIjoiaHR0cHM6XC9cL2NkdS1rYWFyc3QuZGVcL3dwLWNvbnRlbnRcL3VwbG9hZHNcLzA1MDcyMDI0LXZlcmFic2NoaWVkdW5nLXBmYXJyZXItZXNzZXItMDA0LmpwZyIsInNsaWRlc2hvdyI6IjMxNjk3NjUifQ%3D%3D\" href='https:\/\/cdu-kaarst.de\/wp-content\/uploads\/05072024-verabschiedung-pfarrer-esser-004.jpg'><img decoding=\"async\" width=\"150\" height=\"150\" src=\"https:\/\/cdu-kaarst.de\/wp-content\/uploads\/05072024-verabschiedung-pfarrer-esser-004-150x150.jpg\" class=\"attachment-thumbnail size-thumbnail\" alt=\"\" \/><\/a>\n\t\t\t<\/div><\/figure><figure class='gallery-item'>\n\t\t\t<div class='gallery-icon portrait'>\n\t\t\t\t<a data-elementor-open-lightbox=\"yes\" data-elementor-lightbox-slideshow=\"3169765\" data-e-action-hash=\"#elementor-action%3Aaction%3Dlightbox%26settings%3DeyJpZCI6MzczNSwidXJsIjoiaHR0cHM6XC9cL2NkdS1rYWFyc3QuZGVcL3dwLWNvbnRlbnRcL3VwbG9hZHNcLzA1MDcyMDI0LXZlcmFic2NoaWVkdW5nLXBmYXJyZXItZXNzZXItMDAzLmpwZyIsInNsaWRlc2hvdyI6IjMxNjk3NjUifQ%3D%3D\" href='https:\/\/cdu-kaarst.de\/wp-content\/uploads\/05072024-verabschiedung-pfarrer-esser-003.jpg'><img decoding=\"async\" width=\"150\" height=\"150\" src=\"https:\/\/cdu-kaarst.de\/wp-content\/uploads\/05072024-verabschiedung-pfarrer-esser-003-150x150.jpg\" class=\"attachment-thumbnail size-thumbnail\" alt=\"\" \/><\/a>\n\t\t\t<\/div><\/figure><figure class='gallery-item'>\n\t\t\t<div class='gallery-icon portrait'>\n\t\t\t\t<a data-elementor-open-lightbox=\"yes\" data-elementor-lightbox-slideshow=\"3169765\" data-e-action-hash=\"#elementor-action%3Aaction%3Dlightbox%26settings%3DeyJpZCI6MzczNCwidXJsIjoiaHR0cHM6XC9cL2NkdS1rYWFyc3QuZGVcL3dwLWNvbnRlbnRcL3VwbG9hZHNcLzA1MDcyMDI0LXZlcmFic2NoaWVkdW5nLXBmYXJyZXItZXNzZXItMDAyLmpwZyIsInNsaWRlc2hvdyI6IjMxNjk3NjUifQ%3D%3D\" href='https:\/\/cdu-kaarst.de\/wp-content\/uploads\/05072024-verabschiedung-pfarrer-esser-002.jpg'><img loading=\"lazy\" decoding=\"async\" width=\"150\" height=\"150\" src=\"https:\/\/cdu-kaarst.de\/wp-content\/uploads\/05072024-verabschiedung-pfarrer-esser-002-150x150.jpg\" class=\"attachment-thumbnail size-thumbnail\" alt=\"\" \/><\/a>\n\t\t\t<\/div><\/figure>\n\t\t<\/div>\n\t\t<\/div>\n\t\t\t\t\t\t<\/div>\n\t\t\t\t<\/div>\n\t\t\t\t\t<\/div>\n\t\t<\/div>\n\t\t\t\t\t<\/div>\n\t\t<\/section>\n\t\t\t\t<\/div>","protected":false},"excerpt":{"rendered":"<p>CDU on site - on 5 July, the official farewell to Father E\u00dfer, who is moving to Dormagen-Zons after 5 1\/2 years in Kaarst, took place in St. Aldegundis in B\u00fcttgen. The CDU Kaarst, through its chairman Christian Horn-Heinemann, thanked Mr E\u00dfer for his lasting work in Kaarst and wished him all the best.<\/p>","protected":false},"author":1,"featured_media":3737,"comment_status":"closed","ping_status":"closed","sticky":false,"template":"","format":"standard","meta":{"footnotes":""},"categories":[1],"tags":[75,76],"class_list":["post-3732","post","type-post","status-publish","format-standard","has-post-thumbnail","hentry","category-allgemein","tag-pfarrer-esser","tag-st-aldegundis"],"yoast_head":"<!-- This site is optimized with the Yoast SEO plugin v27.4 - https:\/\/yoast.com\/product\/yoast-seo-wordpress\/ -->\n<title>CDU vor Ort: Verabschiedung von Pfarrer E\u00dfer - CDU Kaarst-B\u00fcttgen<\/title>\n<meta name=\"robots\" content=\"index, follow, max-snippet:-1, max-image-preview:large, max-video-preview:-1\" \/>\n<link rel=\"canonical\" href=\"https:\/\/cdu-kaarst.de\/en\/allgemein\/cdu-vor-ort-verabschiedung-von-pfarrer-esser\/\" \/>\n<meta property=\"og:locale\" content=\"en_GB\" \/>\n<meta property=\"og:type\" content=\"article\" \/>\n<meta property=\"og:title\" content=\"CDU vor Ort: Verabschiedung von Pfarrer E\u00dfer - CDU Kaarst-B\u00fcttgen\" \/>\n<meta property=\"og:description\" content=\"CDU vor Ort &#8211; am 5.7. fand in St. Aldegundis in B\u00fcttgen die offizielle Verabschiedung von Pfarrer E\u00dfer statt, der nach 5 1\/2 Jahren in Kaarst nach Dormagen-Zons geht. Die CDU Kaarst hat durch den Vorsitzenden Christian Horn-Heinemann Herrn E\u00dfer f\u00fcr sein nachhaltiges Wirken in Kaarst gedankt und alles Gute gew\u00fcnscht.\" \/>\n<meta property=\"og:url\" content=\"https:\/\/cdu-kaarst.de\/en\/allgemein\/cdu-vor-ort-verabschiedung-von-pfarrer-esser\/\" \/>\n<meta property=\"og:site_name\" content=\"CDU Kaarst-B\u00fcttgen\" \/>\n<meta property=\"article:published_time\" content=\"2024-07-09T06:02:49+00:00\" \/>\n<meta property=\"article:modified_time\" content=\"2024-08-19T09:19:59+00:00\" \/>\n<meta property=\"og:image\" content=\"https:\/\/cdu-kaarst.de\/wp-content\/uploads\/05072024-verabschiedung-pfarrer-esser-001.jpg\" \/>\n\t<meta property=\"og:image:width\" content=\"1920\" \/>\n\t<meta property=\"og:image:height\" content=\"1440\" \/>\n\t<meta property=\"og:image:type\" content=\"image\/jpeg\" \/>\n<meta name=\"author\" content=\"@dm1n\" \/>\n<meta name=\"twitter:card\" content=\"summary_large_image\" \/>\n<meta name=\"twitter:label1\" content=\"Written by\" \/>\n\t<meta name=\"twitter:data1\" content=\"@dm1n\" \/>\n\t<meta name=\"twitter:label2\" content=\"Estimated reading time\" \/>\n\t<meta name=\"twitter:data2\" content=\"2 minutes\" \/>\n<script type=\"application\/ld+json\" class=\"yoast-schema-graph\">{\"@context\":\"https:\\\/\\\/schema.org\",\"@graph\":[{\"@type\":\"Article\",\"@id\":\"https:\\\/\\\/cdu-kaarst.de\\\/allgemein\\\/cdu-vor-ort-verabschiedung-von-pfarrer-esser\\\/#article\",\"isPartOf\":{\"@id\":\"https:\\\/\\\/cdu-kaarst.de\\\/allgemein\\\/cdu-vor-ort-verabschiedung-von-pfarrer-esser\\\/\"},\"author\":{\"name\":\"@dm1n\",\"@id\":\"https:\\\/\\\/cdu-kaarst.de\\\/#\\\/schema\\\/person\\\/05876a2bd7865609f2946e82cbc73476\"},\"headline\":\"CDU vor Ort: Verabschiedung von Pfarrer E\u00dfer\",\"datePublished\":\"2024-07-09T06:02:49+00:00\",\"dateModified\":\"2024-08-19T09:19:59+00:00\",\"mainEntityOfPage\":{\"@id\":\"https:\\\/\\\/cdu-kaarst.de\\\/allgemein\\\/cdu-vor-ort-verabschiedung-von-pfarrer-esser\\\/\"},\"wordCount\":61,\"publisher\":{\"@id\":\"https:\\\/\\\/cdu-kaarst.de\\\/#organization\"},\"image\":{\"@id\":\"https:\\\/\\\/cdu-kaarst.de\\\/allgemein\\\/cdu-vor-ort-verabschiedung-von-pfarrer-esser\\\/#primaryimage\"},\"thumbnailUrl\":\"https:\\\/\\\/cdu-kaarst.de\\\/wp-content\\\/uploads\\\/05072024-verabschiedung-pfarrer-esser-001.jpg\",\"keywords\":[\"Pfarrer E\u00dfer\",\"St. Aldegundis\"],\"articleSection\":[\"Allgemein\"],\"inLanguage\":\"en-GB\"},{\"@type\":\"WebPage\",\"@id\":\"https:\\\/\\\/cdu-kaarst.de\\\/allgemein\\\/cdu-vor-ort-verabschiedung-von-pfarrer-esser\\\/\",\"url\":\"https:\\\/\\\/cdu-kaarst.de\\\/allgemein\\\/cdu-vor-ort-verabschiedung-von-pfarrer-esser\\\/\",\"name\":\"CDU vor Ort: Verabschiedung von Pfarrer E\u00dfer - CDU Kaarst-B\u00fcttgen\",\"isPartOf\":{\"@id\":\"https:\\\/\\\/cdu-kaarst.de\\\/#website\"},\"primaryImageOfPage\":{\"@id\":\"https:\\\/\\\/cdu-kaarst.de\\\/allgemein\\\/cdu-vor-ort-verabschiedung-von-pfarrer-esser\\\/#primaryimage\"},\"image\":{\"@id\":\"https:\\\/\\\/cdu-kaarst.de\\\/allgemein\\\/cdu-vor-ort-verabschiedung-von-pfarrer-esser\\\/#primaryimage\"},\"thumbnailUrl\":\"https:\\\/\\\/cdu-kaarst.de\\\/wp-content\\\/uploads\\\/05072024-verabschiedung-pfarrer-esser-001.jpg\",\"datePublished\":\"2024-07-09T06:02:49+00:00\",\"dateModified\":\"2024-08-19T09:19:59+00:00\",\"breadcrumb\":{\"@id\":\"https:\\\/\\\/cdu-kaarst.de\\\/allgemein\\\/cdu-vor-ort-verabschiedung-von-pfarrer-esser\\\/#breadcrumb\"},\"inLanguage\":\"en-GB\",\"potentialAction\":[{\"@type\":\"ReadAction\",\"target\":[\"https:\\\/\\\/cdu-kaarst.de\\\/allgemein\\\/cdu-vor-ort-verabschiedung-von-pfarrer-esser\\\/\"]}]},{\"@type\":\"ImageObject\",\"inLanguage\":\"en-GB\",\"@id\":\"https:\\\/\\\/cdu-kaarst.de\\\/allgemein\\\/cdu-vor-ort-verabschiedung-von-pfarrer-esser\\\/#primaryimage\",\"url\":\"https:\\\/\\\/cdu-kaarst.de\\\/wp-content\\\/uploads\\\/05072024-verabschiedung-pfarrer-esser-001.jpg\",\"contentUrl\":\"https:\\\/\\\/cdu-kaarst.de\\\/wp-content\\\/uploads\\\/05072024-verabschiedung-pfarrer-esser-001.jpg\",\"width\":1920,\"height\":1440},{\"@type\":\"BreadcrumbList\",\"@id\":\"https:\\\/\\\/cdu-kaarst.de\\\/allgemein\\\/cdu-vor-ort-verabschiedung-von-pfarrer-esser\\\/#breadcrumb\",\"itemListElement\":[{\"@type\":\"ListItem\",\"position\":1,\"name\":\"Startseite\",\"item\":\"https:\\\/\\\/cdu-kaarst.de\\\/\"},{\"@type\":\"ListItem\",\"position\":2,\"name\":\"CDU vor Ort: Verabschiedung von Pfarrer E\u00dfer\"}]},{\"@type\":\"WebSite\",\"@id\":\"https:\\\/\\\/cdu-kaarst.de\\\/#website\",\"url\":\"https:\\\/\\\/cdu-kaarst.de\\\/\",\"name\":\"CDU Kaarst-B\u00fcttgen\",\"description\":\"gut Leben in Kaarst\",\"publisher\":{\"@id\":\"https:\\\/\\\/cdu-kaarst.de\\\/#organization\"},\"potentialAction\":[{\"@type\":\"SearchAction\",\"target\":{\"@type\":\"EntryPoint\",\"urlTemplate\":\"https:\\\/\\\/cdu-kaarst.de\\\/?s={search_term_string}\"},\"query-input\":{\"@type\":\"PropertyValueSpecification\",\"valueRequired\":true,\"valueName\":\"search_term_string\"}}],\"inLanguage\":\"en-GB\"},{\"@type\":\"Organization\",\"@id\":\"https:\\\/\\\/cdu-kaarst.de\\\/#organization\",\"name\":\"CDU Kaarst-B\u00fcttgen\",\"url\":\"https:\\\/\\\/cdu-kaarst.de\\\/\",\"logo\":{\"@type\":\"ImageObject\",\"inLanguage\":\"en-GB\",\"@id\":\"https:\\\/\\\/cdu-kaarst.de\\\/#\\\/schema\\\/logo\\\/image\\\/\",\"url\":\"https:\\\/\\\/cdu-kaarst.de\\\/wp-content\\\/uploads\\\/cdu-gesamtlogo.png\",\"contentUrl\":\"https:\\\/\\\/cdu-kaarst.de\\\/wp-content\\\/uploads\\\/cdu-gesamtlogo.png\",\"width\":418,\"height\":120,\"caption\":\"CDU Kaarst-B\u00fcttgen\"},\"image\":{\"@id\":\"https:\\\/\\\/cdu-kaarst.de\\\/#\\\/schema\\\/logo\\\/image\\\/\"}},{\"@type\":\"Person\",\"@id\":\"https:\\\/\\\/cdu-kaarst.de\\\/#\\\/schema\\\/person\\\/05876a2bd7865609f2946e82cbc73476\",\"name\":\"@dm1n\",\"sameAs\":[\"http:\\\/\\\/cdu-kaarst.de\"]}]}<\/script>\n<!-- \/ Yoast SEO plugin. -->","yoast_head_json":{"title":"CDU on site: Farewell to Pastor E\u00dfer - CDU Kaarst-B\u00fcttgen","robots":{"index":"index","follow":"follow","max-snippet":"max-snippet:-1","max-image-preview":"max-image-preview:large","max-video-preview":"max-video-preview:-1"},"canonical":"https:\/\/cdu-kaarst.de\/en\/allgemein\/cdu-vor-ort-verabschiedung-von-pfarrer-esser\/","og_locale":"en_GB","og_type":"article","og_title":"CDU vor Ort: Verabschiedung von Pfarrer E\u00dfer - CDU Kaarst-B\u00fcttgen","og_description":"CDU vor Ort &#8211; am 5.7. fand in St. Aldegundis in B\u00fcttgen die offizielle Verabschiedung von Pfarrer E\u00dfer statt, der nach 5 1\/2 Jahren in Kaarst nach Dormagen-Zons geht. Die CDU Kaarst hat durch den Vorsitzenden Christian Horn-Heinemann Herrn E\u00dfer f\u00fcr sein nachhaltiges Wirken in Kaarst gedankt und alles Gute gew\u00fcnscht.","og_url":"https:\/\/cdu-kaarst.de\/en\/allgemein\/cdu-vor-ort-verabschiedung-von-pfarrer-esser\/","og_site_name":"CDU Kaarst-B\u00fcttgen","article_published_time":"2024-07-09T06:02:49+00:00","article_modified_time":"2024-08-19T09:19:59+00:00","og_image":[{"width":1920,"height":1440,"url":"https:\/\/cdu-kaarst.de\/wp-content\/uploads\/05072024-verabschiedung-pfarrer-esser-001.jpg","type":"image\/jpeg"}],"author":"@dm1n","twitter_card":"summary_large_image","twitter_misc":{"Written by":"@dm1n","Estimated reading time":"2 minutes"},"schema":{"@context":"https:\/\/schema.org","@graph":[{"@type":"Article","@id":"https:\/\/cdu-kaarst.de\/allgemein\/cdu-vor-ort-verabschiedung-von-pfarrer-esser\/#article","isPartOf":{"@id":"https:\/\/cdu-kaarst.de\/allgemein\/cdu-vor-ort-verabschiedung-von-pfarrer-esser\/"},"author":{"name":"@dm1n","@id":"https:\/\/cdu-kaarst.de\/#\/schema\/person\/05876a2bd7865609f2946e82cbc73476"},"headline":"CDU vor Ort: Verabschiedung von Pfarrer E\u00dfer","datePublished":"2024-07-09T06:02:49+00:00","dateModified":"2024-08-19T09:19:59+00:00","mainEntityOfPage":{"@id":"https:\/\/cdu-kaarst.de\/allgemein\/cdu-vor-ort-verabschiedung-von-pfarrer-esser\/"},"wordCount":61,"publisher":{"@id":"https:\/\/cdu-kaarst.de\/#organization"},"image":{"@id":"https:\/\/cdu-kaarst.de\/allgemein\/cdu-vor-ort-verabschiedung-von-pfarrer-esser\/#primaryimage"},"thumbnailUrl":"https:\/\/cdu-kaarst.de\/wp-content\/uploads\/05072024-verabschiedung-pfarrer-esser-001.jpg","keywords":["Pfarrer E\u00dfer","St. Aldegundis"],"articleSection":["Allgemein"],"inLanguage":"en-GB"},{"@type":"WebPage","@id":"https:\/\/cdu-kaarst.de\/allgemein\/cdu-vor-ort-verabschiedung-von-pfarrer-esser\/","url":"https:\/\/cdu-kaarst.de\/allgemein\/cdu-vor-ort-verabschiedung-von-pfarrer-esser\/","name":"CDU on site: Farewell to Pastor E\u00dfer - CDU Kaarst-B\u00fcttgen","isPartOf":{"@id":"https:\/\/cdu-kaarst.de\/#website"},"primaryImageOfPage":{"@id":"https:\/\/cdu-kaarst.de\/allgemein\/cdu-vor-ort-verabschiedung-von-pfarrer-esser\/#primaryimage"},"image":{"@id":"https:\/\/cdu-kaarst.de\/allgemein\/cdu-vor-ort-verabschiedung-von-pfarrer-esser\/#primaryimage"},"thumbnailUrl":"https:\/\/cdu-kaarst.de\/wp-content\/uploads\/05072024-verabschiedung-pfarrer-esser-001.jpg","datePublished":"2024-07-09T06:02:49+00:00","dateModified":"2024-08-19T09:19:59+00:00","breadcrumb":{"@id":"https:\/\/cdu-kaarst.de\/allgemein\/cdu-vor-ort-verabschiedung-von-pfarrer-esser\/#breadcrumb"},"inLanguage":"en-GB","potentialAction":[{"@type":"ReadAction","target":["https:\/\/cdu-kaarst.de\/allgemein\/cdu-vor-ort-verabschiedung-von-pfarrer-esser\/"]}]},{"@type":"ImageObject","inLanguage":"en-GB","@id":"https:\/\/cdu-kaarst.de\/allgemein\/cdu-vor-ort-verabschiedung-von-pfarrer-esser\/#primaryimage","url":"https:\/\/cdu-kaarst.de\/wp-content\/uploads\/05072024-verabschiedung-pfarrer-esser-001.jpg","contentUrl":"https:\/\/cdu-kaarst.de\/wp-content\/uploads\/05072024-verabschiedung-pfarrer-esser-001.jpg","width":1920,"height":1440},{"@type":"BreadcrumbList","@id":"https:\/\/cdu-kaarst.de\/allgemein\/cdu-vor-ort-verabschiedung-von-pfarrer-esser\/#breadcrumb","itemListElement":[{"@type":"ListItem","position":1,"name":"Startseite","item":"https:\/\/cdu-kaarst.de\/"},{"@type":"ListItem","position":2,"name":"CDU vor Ort: Verabschiedung von Pfarrer E\u00dfer"}]},{"@type":"WebSite","@id":"https:\/\/cdu-kaarst.de\/#website","url":"https:\/\/cdu-kaarst.de\/","name":"CDU Kaarst-B\u00fcttgen","description":"living well in Kaarst","publisher":{"@id":"https:\/\/cdu-kaarst.de\/#organization"},"potentialAction":[{"@type":"SearchAction","target":{"@type":"EntryPoint","urlTemplate":"https:\/\/cdu-kaarst.de\/?s={search_term_string}"},"query-input":{"@type":"PropertyValueSpecification","valueRequired":true,"valueName":"search_term_string"}}],"inLanguage":"en-GB"},{"@type":"Organization","@id":"https:\/\/cdu-kaarst.de\/#organization","name":"CDU Kaarst-B\u00fcttgen","url":"https:\/\/cdu-kaarst.de\/","logo":{"@type":"ImageObject","inLanguage":"en-GB","@id":"https:\/\/cdu-kaarst.de\/#\/schema\/logo\/image\/","url":"https:\/\/cdu-kaarst.de\/wp-content\/uploads\/cdu-gesamtlogo.png","contentUrl":"https:\/\/cdu-kaarst.de\/wp-content\/uploads\/cdu-gesamtlogo.png","width":418,"height":120,"caption":"CDU Kaarst-B\u00fcttgen"},"image":{"@id":"https:\/\/cdu-kaarst.de\/#\/schema\/logo\/image\/"}},{"@type":"Person","@id":"https:\/\/cdu-kaarst.de\/#\/schema\/person\/05876a2bd7865609f2946e82cbc73476","name":"@dm1n","sameAs":["http:\/\/cdu-kaarst.de"]}]}},"_links":{"self":[{"href":"https:\/\/cdu-kaarst.de\/en\/wp-json\/wp\/v2\/posts\/3732","targetHints":{"allow":["GET"]}}],"collection":[{"href":"https:\/\/cdu-kaarst.de\/en\/wp-json\/wp\/v2\/posts"}],"about":[{"href":"https:\/\/cdu-kaarst.de\/en\/wp-json\/wp\/v2\/types\/post"}],"author":[{"embeddable":true,"href":"https:\/\/cdu-kaarst.de\/en\/wp-json\/wp\/v2\/users\/1"}],"replies":[{"embeddable":true,"href":"https:\/\/cdu-kaarst.de\/en\/wp-json\/wp\/v2\/comments?post=3732"}],"version-history":[{"count":5,"href":"https:\/\/cdu-kaarst.de\/en\/wp-json\/wp\/v2\/posts\/3732\/revisions"}],"predecessor-version":[{"id":3945,"href":"https:\/\/cdu-kaarst.de\/en\/wp-json\/wp\/v2\/posts\/3732\/revisions\/3945"}],"wp:featuredmedia":[{"embeddable":true,"href":"https:\/\/cdu-kaarst.de\/en\/wp-json\/wp\/v2\/media\/3737"}],"wp:attachment":[{"href":"https:\/\/cdu-kaarst.de\/en\/wp-json\/wp\/v2\/media?parent=3732"}],"wp:term":[{"taxonomy":"category","embeddable":true,"href":"https:\/\/cdu-kaarst.de\/en\/wp-json\/wp\/v2\/categories?post=3732"},{"taxonomy":"post_tag","embeddable":true,"href":"https:\/\/cdu-kaarst.de\/en\/wp-json\/wp\/v2\/tags?post=3732"}],"curies":[{"name":"wp","href":"https:\/\/api.w.org\/{rel}","templated":true}]}}