{"id":3787,"date":"2024-07-26T12:04:41","date_gmt":"2024-07-26T10:04:41","guid":{"rendered":"https:\/\/cdu-kaarst.de\/?p=3787"},"modified":"2024-07-26T15:44:08","modified_gmt":"2024-07-26T13:44:08","slug":"regiobahn-s28-mastgruendung","status":"publish","type":"post","link":"https:\/\/cdu-kaarst.de\/en\/cdu-kaarst\/regiobahn-s28-mastgruendung\/","title":{"rendered":"RegioBahn S28 Mast foundation"},"content":{"rendered":"<div data-elementor-type=\"wp-post\" data-elementor-id=\"3787\" class=\"elementor elementor-3787\" data-elementor-post-type=\"post\">\n\t\t\t\t\t\t<section class=\"elementor-section elementor-top-section elementor-element elementor-element-55e819ea elementor-section-boxed elementor-section-height-default elementor-section-height-default\" data-id=\"55e819ea\" data-element_type=\"section\" data-e-type=\"section\" data-settings=\"{&quot;jet_parallax_layout_list&quot;:[]}\">\n\t\t\t\t\t\t<div class=\"elementor-container elementor-column-gap-default\">\n\t\t\t\t\t<div class=\"elementor-column elementor-col-100 elementor-top-column elementor-element elementor-element-cf3d303\" data-id=\"cf3d303\" data-element_type=\"column\" data-e-type=\"column\">\n\t\t\t<div class=\"elementor-widget-wrap elementor-element-populated\">\n\t\t\t\t\t\t<div class=\"elementor-element elementor-element-57040612 elementor-widget elementor-widget-text-editor\" data-id=\"57040612\" data-element_type=\"widget\" data-e-type=\"widget\" data-widget_type=\"text-editor.default\">\n\t\t\t\t<div class=\"elementor-widget-container\">\n\t\t\t\t\t\t\t\t\t<p>The<strong> S28<\/strong> runs from Wuppertal main station through the Neandertal valley via D\u00fcsseldorf and Neuss to Kaarster See. The many stops make it possible to\u00a0<b>Kaarstern citizens numerous tourist destinations such as the Wuppertal suspension railway or the Neandertal Museum<\/b>. Of course, the connection also loads in <b>the shopping metropolises<\/b> on. The Regiobahn has <strong>2<\/strong><b>5.7.2024 with the construction work for electrification<\/b> started.<\/p><p>Work will initially be carried out on the section between Kaarster See and Neuss. <b>A total of 730 power supply pylons are planned along the route.<\/b> This route is an important part of the transport infrastructure in Kaarst for strengthening the traffic turnaround and is of course also a significant contribution to the mobility of Kaarst's citizens.<\/p><p>The<b> CDU has worked hard to drive electrification forward<\/b> not only to expand the diversity of mobility but also to improve climate targets with electrification. If everything goes according to plan, the project should be completed in <b>September 2026 completed<\/b> be.<\/p>\t\t\t\t\t\t\t\t<\/div>\n\t\t\t\t<\/div>\n\t\t\t\t<div class=\"elementor-element elementor-element-f9c7d20 elementor-widget elementor-widget-gallery\" data-id=\"f9c7d20\" data-element_type=\"widget\" data-e-type=\"widget\" data-settings=\"{&quot;columns&quot;:3,&quot;lazyload&quot;:&quot;yes&quot;,&quot;gallery_layout&quot;:&quot;grid&quot;,&quot;columns_tablet&quot;:2,&quot;columns_mobile&quot;:1,&quot;gap&quot;:{&quot;unit&quot;:&quot;px&quot;,&quot;size&quot;:10,&quot;sizes&quot;:[]},&quot;gap_tablet&quot;:{&quot;unit&quot;:&quot;px&quot;,&quot;size&quot;:10,&quot;sizes&quot;:[]},&quot;gap_mobile&quot;:{&quot;unit&quot;:&quot;px&quot;,&quot;size&quot;:10,&quot;sizes&quot;:[]},&quot;link_to&quot;:&quot;file&quot;,&quot;aspect_ratio&quot;:&quot;3:2&quot;,&quot;overlay_background&quot;:&quot;yes&quot;,&quot;content_hover_animation&quot;:&quot;fade-in&quot;}\" data-widget_type=\"gallery.default\">\n\t\t\t\t<div class=\"elementor-widget-container\">\n\t\t\t\t\t\t\t<div class=\"elementor-gallery__container\">\n\t\t\t\t\t\t\t<a class=\"e-gallery-item elementor-gallery-item elementor-animated-content\" href=\"https:\/\/cdu-kaarst.de\/wp-content\/uploads\/CDU-Postings-07-RegioBahn-1.jpg\" data-elementor-open-lightbox=\"yes\" data-elementor-lightbox-slideshow=\"f9c7d20\" data-e-action-hash=\"#elementor-action%3Aaction%3Dlightbox%26settings%3DeyJpZCI6Mzc5MywidXJsIjoiaHR0cHM6XC9cL2NkdS1rYWFyc3QuZGVcL3dwLWNvbnRlbnRcL3VwbG9hZHNcL0NEVS1Qb3N0aW5ncy0wNy1SZWdpb0JhaG4tMS5qcGciLCJzbGlkZXNob3ciOiJmOWM3ZDIwIn0%3D\">\n\t\t\t\t\t<div class=\"e-gallery-image elementor-gallery-item__image\" data-thumbnail=\"https:\/\/cdu-kaarst.de\/wp-content\/uploads\/CDU-Postings-07-RegioBahn-1-300x240.jpg\" data-width=\"300\" data-height=\"240\" aria-label=\"\" role=\"img\" ><\/div>\n\t\t\t\t\t\t\t\t\t\t\t<div class=\"elementor-gallery-item__overlay\"><\/div>\n\t\t\t\t\t\t\t\t\t\t\t\t\t\t<\/a>\n\t\t\t\t\t\t\t<a class=\"e-gallery-item elementor-gallery-item elementor-animated-content\" href=\"https:\/\/cdu-kaarst.de\/wp-content\/uploads\/CDU-Postings-07-RegioBahn-4.jpg\" data-elementor-open-lightbox=\"yes\" data-elementor-lightbox-slideshow=\"f9c7d20\" data-e-action-hash=\"#elementor-action%3Aaction%3Dlightbox%26settings%3DeyJpZCI6Mzc5MCwidXJsIjoiaHR0cHM6XC9cL2NkdS1rYWFyc3QuZGVcL3dwLWNvbnRlbnRcL3VwbG9hZHNcL0NEVS1Qb3N0aW5ncy0wNy1SZWdpb0JhaG4tNC5qcGciLCJzbGlkZXNob3ciOiJmOWM3ZDIwIn0%3D\">\n\t\t\t\t\t<div class=\"e-gallery-image elementor-gallery-item__image\" data-thumbnail=\"https:\/\/cdu-kaarst.de\/wp-content\/uploads\/CDU-Postings-07-RegioBahn-4-300x240.jpg\" data-width=\"300\" data-height=\"240\" aria-label=\"\" role=\"img\" ><\/div>\n\t\t\t\t\t\t\t\t\t\t\t<div class=\"elementor-gallery-item__overlay\"><\/div>\n\t\t\t\t\t\t\t\t\t\t\t\t\t\t<\/a>\n\t\t\t\t\t\t\t<a class=\"e-gallery-item elementor-gallery-item elementor-animated-content\" href=\"https:\/\/cdu-kaarst.de\/wp-content\/uploads\/CDU-Postings-07-RegioBahn-2.jpg\" data-elementor-open-lightbox=\"yes\" data-elementor-lightbox-slideshow=\"f9c7d20\" data-e-action-hash=\"#elementor-action%3Aaction%3Dlightbox%26settings%3DeyJpZCI6Mzc5NCwidXJsIjoiaHR0cHM6XC9cL2NkdS1rYWFyc3QuZGVcL3dwLWNvbnRlbnRcL3VwbG9hZHNcL0NEVS1Qb3N0aW5ncy0wNy1SZWdpb0JhaG4tMi5qcGciLCJzbGlkZXNob3ciOiJmOWM3ZDIwIn0%3D\">\n\t\t\t\t\t<div class=\"e-gallery-image elementor-gallery-item__image\" data-thumbnail=\"https:\/\/cdu-kaarst.de\/wp-content\/uploads\/CDU-Postings-07-RegioBahn-2-300x169.jpg\" data-width=\"300\" data-height=\"169\" aria-label=\"\" role=\"img\" ><\/div>\n\t\t\t\t\t\t\t\t\t\t\t<div class=\"elementor-gallery-item__overlay\"><\/div>\n\t\t\t\t\t\t\t\t\t\t\t\t\t\t<\/a>\n\t\t\t\t\t\t\t<a class=\"e-gallery-item elementor-gallery-item elementor-animated-content\" href=\"https:\/\/cdu-kaarst.de\/wp-content\/uploads\/CDU-Postings-07-RegioBahn-3.jpg\" data-elementor-open-lightbox=\"yes\" data-elementor-lightbox-slideshow=\"f9c7d20\" data-e-action-hash=\"#elementor-action%3Aaction%3Dlightbox%26settings%3DeyJpZCI6Mzc4OSwidXJsIjoiaHR0cHM6XC9cL2NkdS1rYWFyc3QuZGVcL3dwLWNvbnRlbnRcL3VwbG9hZHNcL0NEVS1Qb3N0aW5ncy0wNy1SZWdpb0JhaG4tMy5qcGciLCJzbGlkZXNob3ciOiJmOWM3ZDIwIn0%3D\">\n\t\t\t\t\t<div class=\"e-gallery-image elementor-gallery-item__image\" data-thumbnail=\"https:\/\/cdu-kaarst.de\/wp-content\/uploads\/CDU-Postings-07-RegioBahn-3-300x240.jpg\" data-width=\"300\" data-height=\"240\" aria-label=\"\" role=\"img\" ><\/div>\n\t\t\t\t\t\t\t\t\t\t\t<div class=\"elementor-gallery-item__overlay\"><\/div>\n\t\t\t\t\t\t\t\t\t\t\t\t\t\t<\/a>\n\t\t\t\t\t\t\t<a class=\"e-gallery-item elementor-gallery-item elementor-animated-content\" href=\"https:\/\/cdu-kaarst.de\/wp-content\/uploads\/CDU-Postings-07-RegioBahn-5.jpg\" data-elementor-open-lightbox=\"yes\" data-elementor-lightbox-slideshow=\"f9c7d20\" data-e-action-hash=\"#elementor-action%3Aaction%3Dlightbox%26settings%3DeyJpZCI6Mzc5MSwidXJsIjoiaHR0cHM6XC9cL2NkdS1rYWFyc3QuZGVcL3dwLWNvbnRlbnRcL3VwbG9hZHNcL0NEVS1Qb3N0aW5ncy0wNy1SZWdpb0JhaG4tNS5qcGciLCJzbGlkZXNob3ciOiJmOWM3ZDIwIn0%3D\">\n\t\t\t\t\t<div class=\"e-gallery-image elementor-gallery-item__image\" data-thumbnail=\"https:\/\/cdu-kaarst.de\/wp-content\/uploads\/CDU-Postings-07-RegioBahn-5-300x240.jpg\" data-width=\"300\" data-height=\"240\" aria-label=\"\" role=\"img\" ><\/div>\n\t\t\t\t\t\t\t\t\t\t\t<div class=\"elementor-gallery-item__overlay\"><\/div>\n\t\t\t\t\t\t\t\t\t\t\t\t\t\t<\/a>\n\t\t\t\t\t\t\t<a class=\"e-gallery-item elementor-gallery-item elementor-animated-content\" href=\"https:\/\/cdu-kaarst.de\/wp-content\/uploads\/CDU-Postings-07-RegioBahn-6.jpg\" data-elementor-open-lightbox=\"yes\" data-elementor-lightbox-slideshow=\"f9c7d20\" data-e-action-hash=\"#elementor-action%3Aaction%3Dlightbox%26settings%3DeyJpZCI6Mzc5MiwidXJsIjoiaHR0cHM6XC9cL2NkdS1rYWFyc3QuZGVcL3dwLWNvbnRlbnRcL3VwbG9hZHNcL0NEVS1Qb3N0aW5ncy0wNy1SZWdpb0JhaG4tNi5qcGciLCJzbGlkZXNob3ciOiJmOWM3ZDIwIn0%3D\">\n\t\t\t\t\t<div class=\"e-gallery-image elementor-gallery-item__image\" data-thumbnail=\"https:\/\/cdu-kaarst.de\/wp-content\/uploads\/CDU-Postings-07-RegioBahn-6-300x240.jpg\" data-width=\"300\" data-height=\"240\" aria-label=\"\" role=\"img\" ><\/div>\n\t\t\t\t\t\t\t\t\t\t\t<div class=\"elementor-gallery-item__overlay\"><\/div>\n\t\t\t\t\t\t\t\t\t\t\t\t\t\t<\/a>\n\t\t\t\t\t<\/div>\n\t\t\t\t\t<\/div>\n\t\t\t\t<\/div>\n\t\t\t\t\t<\/div>\n\t\t<\/div>\n\t\t\t\t\t<\/div>\n\t\t<\/section>\n\t\t\t\t<\/div>","protected":false},"excerpt":{"rendered":"<p>Die S28 f\u00fchrt von Wuppertal Hauptbahnhof durch das Neandertal \u00fcber D\u00fcsseldorf und Neuss bis zum Kaarster See. Die vielen Haltestellen erm\u00f6glichen den\u00a0Kaarstern B\u00fcrgern zahlreiche touristische Ziele wie z.B. die Wuppertaler Schwebebahn oder das Neandertal-Museum. Nat\u00fcrlich l\u00e4dt die Verbindung auch in die Einkaufsmetropolen ein. Die Regiobahn hat am 25.7.2024 mit den Bauarbeiten zur Elektrifizierung begonnen. Zun\u00e4chst [&hellip;]<\/p>\n","protected":false},"author":1,"featured_media":3793,"comment_status":"closed","ping_status":"closed","sticky":false,"template":"","format":"standard","meta":{"footnotes":""},"categories":[23],"tags":[78,77],"class_list":["post-3787","post","type-post","status-publish","format-standard","has-post-thumbnail","hentry","category-cdu-kaarst","tag-regiobahn","tag-s-28"],"yoast_head":"<!-- This site is optimized with the Yoast SEO plugin v27.4 - https:\/\/yoast.com\/product\/yoast-seo-wordpress\/ -->\n<title>RegioBahn S28 Mastgr\u00fcndung - CDU Kaarst-B\u00fcttgen<\/title>\n<meta name=\"robots\" content=\"index, follow, max-snippet:-1, max-image-preview:large, max-video-preview:-1\" \/>\n<link rel=\"canonical\" href=\"https:\/\/cdu-kaarst.de\/en\/cdu-kaarst\/regiobahn-s28-mastgruendung\/\" \/>\n<meta property=\"og:locale\" content=\"en_GB\" \/>\n<meta property=\"og:type\" content=\"article\" \/>\n<meta property=\"og:title\" content=\"RegioBahn S28 Mastgr\u00fcndung - CDU Kaarst-B\u00fcttgen\" \/>\n<meta property=\"og:description\" content=\"Die S28 f\u00fchrt von Wuppertal Hauptbahnhof durch das Neandertal \u00fcber D\u00fcsseldorf und Neuss bis zum Kaarster See. Die vielen Haltestellen erm\u00f6glichen den\u00a0Kaarstern B\u00fcrgern zahlreiche touristische Ziele wie z.B. die Wuppertaler Schwebebahn oder das Neandertal-Museum. Nat\u00fcrlich l\u00e4dt die Verbindung auch in die Einkaufsmetropolen ein. Die Regiobahn hat am 25.7.2024 mit den Bauarbeiten zur Elektrifizierung begonnen. Zun\u00e4chst [&hellip;]\" \/>\n<meta property=\"og:url\" content=\"https:\/\/cdu-kaarst.de\/en\/cdu-kaarst\/regiobahn-s28-mastgruendung\/\" \/>\n<meta property=\"og:site_name\" content=\"CDU Kaarst-B\u00fcttgen\" \/>\n<meta property=\"article:published_time\" content=\"2024-07-26T10:04:41+00:00\" \/>\n<meta property=\"article:modified_time\" content=\"2024-07-26T13:44:08+00:00\" \/>\n<meta property=\"og:image\" content=\"https:\/\/cdu-kaarst.de\/wp-content\/uploads\/CDU-Postings-07-RegioBahn-1.jpg\" \/>\n\t<meta property=\"og:image:width\" content=\"1350\" \/>\n\t<meta property=\"og:image:height\" content=\"1080\" \/>\n\t<meta property=\"og:image:type\" content=\"image\/jpeg\" \/>\n<meta name=\"author\" content=\"@dm1n\" \/>\n<meta name=\"twitter:card\" content=\"summary_large_image\" \/>\n<meta name=\"twitter:label1\" content=\"Written by\" \/>\n\t<meta name=\"twitter:data1\" content=\"@dm1n\" \/>\n\t<meta name=\"twitter:label2\" content=\"Estimated reading time\" \/>\n\t<meta name=\"twitter:data2\" content=\"1 minute\" \/>\n<script type=\"application\/ld+json\" class=\"yoast-schema-graph\">{\"@context\":\"https:\\\/\\\/schema.org\",\"@graph\":[{\"@type\":\"Article\",\"@id\":\"https:\\\/\\\/cdu-kaarst.de\\\/cdu-kaarst\\\/regiobahn-s28-mastgruendung\\\/#article\",\"isPartOf\":{\"@id\":\"https:\\\/\\\/cdu-kaarst.de\\\/cdu-kaarst\\\/regiobahn-s28-mastgruendung\\\/\"},\"author\":{\"name\":\"@dm1n\",\"@id\":\"https:\\\/\\\/cdu-kaarst.de\\\/#\\\/schema\\\/person\\\/05876a2bd7865609f2946e82cbc73476\"},\"headline\":\"RegioBahn S28 Mastgr\u00fcndung\",\"datePublished\":\"2024-07-26T10:04:41+00:00\",\"dateModified\":\"2024-07-26T13:44:08+00:00\",\"mainEntityOfPage\":{\"@id\":\"https:\\\/\\\/cdu-kaarst.de\\\/cdu-kaarst\\\/regiobahn-s28-mastgruendung\\\/\"},\"wordCount\":152,\"publisher\":{\"@id\":\"https:\\\/\\\/cdu-kaarst.de\\\/#organization\"},\"image\":{\"@id\":\"https:\\\/\\\/cdu-kaarst.de\\\/cdu-kaarst\\\/regiobahn-s28-mastgruendung\\\/#primaryimage\"},\"thumbnailUrl\":\"https:\\\/\\\/cdu-kaarst.de\\\/wp-content\\\/uploads\\\/CDU-Postings-07-RegioBahn-1.jpg\",\"keywords\":[\"Regiobahn\",\"S 28\"],\"articleSection\":[\"CDU Kaarst\"],\"inLanguage\":\"en-GB\"},{\"@type\":\"WebPage\",\"@id\":\"https:\\\/\\\/cdu-kaarst.de\\\/cdu-kaarst\\\/regiobahn-s28-mastgruendung\\\/\",\"url\":\"https:\\\/\\\/cdu-kaarst.de\\\/cdu-kaarst\\\/regiobahn-s28-mastgruendung\\\/\",\"name\":\"RegioBahn S28 Mastgr\u00fcndung - CDU Kaarst-B\u00fcttgen\",\"isPartOf\":{\"@id\":\"https:\\\/\\\/cdu-kaarst.de\\\/#website\"},\"primaryImageOfPage\":{\"@id\":\"https:\\\/\\\/cdu-kaarst.de\\\/cdu-kaarst\\\/regiobahn-s28-mastgruendung\\\/#primaryimage\"},\"image\":{\"@id\":\"https:\\\/\\\/cdu-kaarst.de\\\/cdu-kaarst\\\/regiobahn-s28-mastgruendung\\\/#primaryimage\"},\"thumbnailUrl\":\"https:\\\/\\\/cdu-kaarst.de\\\/wp-content\\\/uploads\\\/CDU-Postings-07-RegioBahn-1.jpg\",\"datePublished\":\"2024-07-26T10:04:41+00:00\",\"dateModified\":\"2024-07-26T13:44:08+00:00\",\"breadcrumb\":{\"@id\":\"https:\\\/\\\/cdu-kaarst.de\\\/cdu-kaarst\\\/regiobahn-s28-mastgruendung\\\/#breadcrumb\"},\"inLanguage\":\"en-GB\",\"potentialAction\":[{\"@type\":\"ReadAction\",\"target\":[\"https:\\\/\\\/cdu-kaarst.de\\\/cdu-kaarst\\\/regiobahn-s28-mastgruendung\\\/\"]}]},{\"@type\":\"ImageObject\",\"inLanguage\":\"en-GB\",\"@id\":\"https:\\\/\\\/cdu-kaarst.de\\\/cdu-kaarst\\\/regiobahn-s28-mastgruendung\\\/#primaryimage\",\"url\":\"https:\\\/\\\/cdu-kaarst.de\\\/wp-content\\\/uploads\\\/CDU-Postings-07-RegioBahn-1.jpg\",\"contentUrl\":\"https:\\\/\\\/cdu-kaarst.de\\\/wp-content\\\/uploads\\\/CDU-Postings-07-RegioBahn-1.jpg\",\"width\":1350,\"height\":1080},{\"@type\":\"BreadcrumbList\",\"@id\":\"https:\\\/\\\/cdu-kaarst.de\\\/cdu-kaarst\\\/regiobahn-s28-mastgruendung\\\/#breadcrumb\",\"itemListElement\":[{\"@type\":\"ListItem\",\"position\":1,\"name\":\"Startseite\",\"item\":\"https:\\\/\\\/cdu-kaarst.de\\\/\"},{\"@type\":\"ListItem\",\"position\":2,\"name\":\"RegioBahn S28 Mastgr\u00fcndung\"}]},{\"@type\":\"WebSite\",\"@id\":\"https:\\\/\\\/cdu-kaarst.de\\\/#website\",\"url\":\"https:\\\/\\\/cdu-kaarst.de\\\/\",\"name\":\"CDU Kaarst-B\u00fcttgen\",\"description\":\"gut Leben in Kaarst\",\"publisher\":{\"@id\":\"https:\\\/\\\/cdu-kaarst.de\\\/#organization\"},\"potentialAction\":[{\"@type\":\"SearchAction\",\"target\":{\"@type\":\"EntryPoint\",\"urlTemplate\":\"https:\\\/\\\/cdu-kaarst.de\\\/?s={search_term_string}\"},\"query-input\":{\"@type\":\"PropertyValueSpecification\",\"valueRequired\":true,\"valueName\":\"search_term_string\"}}],\"inLanguage\":\"en-GB\"},{\"@type\":\"Organization\",\"@id\":\"https:\\\/\\\/cdu-kaarst.de\\\/#organization\",\"name\":\"CDU Kaarst-B\u00fcttgen\",\"url\":\"https:\\\/\\\/cdu-kaarst.de\\\/\",\"logo\":{\"@type\":\"ImageObject\",\"inLanguage\":\"en-GB\",\"@id\":\"https:\\\/\\\/cdu-kaarst.de\\\/#\\\/schema\\\/logo\\\/image\\\/\",\"url\":\"https:\\\/\\\/cdu-kaarst.de\\\/wp-content\\\/uploads\\\/cdu-gesamtlogo.png\",\"contentUrl\":\"https:\\\/\\\/cdu-kaarst.de\\\/wp-content\\\/uploads\\\/cdu-gesamtlogo.png\",\"width\":418,\"height\":120,\"caption\":\"CDU Kaarst-B\u00fcttgen\"},\"image\":{\"@id\":\"https:\\\/\\\/cdu-kaarst.de\\\/#\\\/schema\\\/logo\\\/image\\\/\"}},{\"@type\":\"Person\",\"@id\":\"https:\\\/\\\/cdu-kaarst.de\\\/#\\\/schema\\\/person\\\/05876a2bd7865609f2946e82cbc73476\",\"name\":\"@dm1n\",\"sameAs\":[\"http:\\\/\\\/cdu-kaarst.de\"]}]}<\/script>\n<!-- \/ Yoast SEO plugin. -->","yoast_head_json":{"title":"RegioBahn S28 mast foundation - CDU Kaarst-B\u00fcttgen","robots":{"index":"index","follow":"follow","max-snippet":"max-snippet:-1","max-image-preview":"max-image-preview:large","max-video-preview":"max-video-preview:-1"},"canonical":"https:\/\/cdu-kaarst.de\/en\/cdu-kaarst\/regiobahn-s28-mastgruendung\/","og_locale":"en_GB","og_type":"article","og_title":"RegioBahn S28 Mastgr\u00fcndung - CDU Kaarst-B\u00fcttgen","og_description":"Die S28 f\u00fchrt von Wuppertal Hauptbahnhof durch das Neandertal \u00fcber D\u00fcsseldorf und Neuss bis zum Kaarster See. Die vielen Haltestellen erm\u00f6glichen den\u00a0Kaarstern B\u00fcrgern zahlreiche touristische Ziele wie z.B. die Wuppertaler Schwebebahn oder das Neandertal-Museum. Nat\u00fcrlich l\u00e4dt die Verbindung auch in die Einkaufsmetropolen ein. Die Regiobahn hat am 25.7.2024 mit den Bauarbeiten zur Elektrifizierung begonnen. Zun\u00e4chst [&hellip;]","og_url":"https:\/\/cdu-kaarst.de\/en\/cdu-kaarst\/regiobahn-s28-mastgruendung\/","og_site_name":"CDU Kaarst-B\u00fcttgen","article_published_time":"2024-07-26T10:04:41+00:00","article_modified_time":"2024-07-26T13:44:08+00:00","og_image":[{"width":1350,"height":1080,"url":"https:\/\/cdu-kaarst.de\/wp-content\/uploads\/CDU-Postings-07-RegioBahn-1.jpg","type":"image\/jpeg"}],"author":"@dm1n","twitter_card":"summary_large_image","twitter_misc":{"Written by":"@dm1n","Estimated reading time":"1 minute"},"schema":{"@context":"https:\/\/schema.org","@graph":[{"@type":"Article","@id":"https:\/\/cdu-kaarst.de\/cdu-kaarst\/regiobahn-s28-mastgruendung\/#article","isPartOf":{"@id":"https:\/\/cdu-kaarst.de\/cdu-kaarst\/regiobahn-s28-mastgruendung\/"},"author":{"name":"@dm1n","@id":"https:\/\/cdu-kaarst.de\/#\/schema\/person\/05876a2bd7865609f2946e82cbc73476"},"headline":"RegioBahn S28 Mastgr\u00fcndung","datePublished":"2024-07-26T10:04:41+00:00","dateModified":"2024-07-26T13:44:08+00:00","mainEntityOfPage":{"@id":"https:\/\/cdu-kaarst.de\/cdu-kaarst\/regiobahn-s28-mastgruendung\/"},"wordCount":152,"publisher":{"@id":"https:\/\/cdu-kaarst.de\/#organization"},"image":{"@id":"https:\/\/cdu-kaarst.de\/cdu-kaarst\/regiobahn-s28-mastgruendung\/#primaryimage"},"thumbnailUrl":"https:\/\/cdu-kaarst.de\/wp-content\/uploads\/CDU-Postings-07-RegioBahn-1.jpg","keywords":["Regiobahn","S 28"],"articleSection":["CDU Kaarst"],"inLanguage":"en-GB"},{"@type":"WebPage","@id":"https:\/\/cdu-kaarst.de\/cdu-kaarst\/regiobahn-s28-mastgruendung\/","url":"https:\/\/cdu-kaarst.de\/cdu-kaarst\/regiobahn-s28-mastgruendung\/","name":"RegioBahn S28 mast foundation - CDU Kaarst-B\u00fcttgen","isPartOf":{"@id":"https:\/\/cdu-kaarst.de\/#website"},"primaryImageOfPage":{"@id":"https:\/\/cdu-kaarst.de\/cdu-kaarst\/regiobahn-s28-mastgruendung\/#primaryimage"},"image":{"@id":"https:\/\/cdu-kaarst.de\/cdu-kaarst\/regiobahn-s28-mastgruendung\/#primaryimage"},"thumbnailUrl":"https:\/\/cdu-kaarst.de\/wp-content\/uploads\/CDU-Postings-07-RegioBahn-1.jpg","datePublished":"2024-07-26T10:04:41+00:00","dateModified":"2024-07-26T13:44:08+00:00","breadcrumb":{"@id":"https:\/\/cdu-kaarst.de\/cdu-kaarst\/regiobahn-s28-mastgruendung\/#breadcrumb"},"inLanguage":"en-GB","potentialAction":[{"@type":"ReadAction","target":["https:\/\/cdu-kaarst.de\/cdu-kaarst\/regiobahn-s28-mastgruendung\/"]}]},{"@type":"ImageObject","inLanguage":"en-GB","@id":"https:\/\/cdu-kaarst.de\/cdu-kaarst\/regiobahn-s28-mastgruendung\/#primaryimage","url":"https:\/\/cdu-kaarst.de\/wp-content\/uploads\/CDU-Postings-07-RegioBahn-1.jpg","contentUrl":"https:\/\/cdu-kaarst.de\/wp-content\/uploads\/CDU-Postings-07-RegioBahn-1.jpg","width":1350,"height":1080},{"@type":"BreadcrumbList","@id":"https:\/\/cdu-kaarst.de\/cdu-kaarst\/regiobahn-s28-mastgruendung\/#breadcrumb","itemListElement":[{"@type":"ListItem","position":1,"name":"Startseite","item":"https:\/\/cdu-kaarst.de\/"},{"@type":"ListItem","position":2,"name":"RegioBahn S28 Mastgr\u00fcndung"}]},{"@type":"WebSite","@id":"https:\/\/cdu-kaarst.de\/#website","url":"https:\/\/cdu-kaarst.de\/","name":"CDU Kaarst-B\u00fcttgen","description":"living well in Kaarst","publisher":{"@id":"https:\/\/cdu-kaarst.de\/#organization"},"potentialAction":[{"@type":"SearchAction","target":{"@type":"EntryPoint","urlTemplate":"https:\/\/cdu-kaarst.de\/?s={search_term_string}"},"query-input":{"@type":"PropertyValueSpecification","valueRequired":true,"valueName":"search_term_string"}}],"inLanguage":"en-GB"},{"@type":"Organization","@id":"https:\/\/cdu-kaarst.de\/#organization","name":"CDU Kaarst-B\u00fcttgen","url":"https:\/\/cdu-kaarst.de\/","logo":{"@type":"ImageObject","inLanguage":"en-GB","@id":"https:\/\/cdu-kaarst.de\/#\/schema\/logo\/image\/","url":"https:\/\/cdu-kaarst.de\/wp-content\/uploads\/cdu-gesamtlogo.png","contentUrl":"https:\/\/cdu-kaarst.de\/wp-content\/uploads\/cdu-gesamtlogo.png","width":418,"height":120,"caption":"CDU Kaarst-B\u00fcttgen"},"image":{"@id":"https:\/\/cdu-kaarst.de\/#\/schema\/logo\/image\/"}},{"@type":"Person","@id":"https:\/\/cdu-kaarst.de\/#\/schema\/person\/05876a2bd7865609f2946e82cbc73476","name":"@dm1n","sameAs":["http:\/\/cdu-kaarst.de"]}]}},"_links":{"self":[{"href":"https:\/\/cdu-kaarst.de\/en\/wp-json\/wp\/v2\/posts\/3787","targetHints":{"allow":["GET"]}}],"collection":[{"href":"https:\/\/cdu-kaarst.de\/en\/wp-json\/wp\/v2\/posts"}],"about":[{"href":"https:\/\/cdu-kaarst.de\/en\/wp-json\/wp\/v2\/types\/post"}],"author":[{"embeddable":true,"href":"https:\/\/cdu-kaarst.de\/en\/wp-json\/wp\/v2\/users\/1"}],"replies":[{"embeddable":true,"href":"https:\/\/cdu-kaarst.de\/en\/wp-json\/wp\/v2\/comments?post=3787"}],"version-history":[{"count":19,"href":"https:\/\/cdu-kaarst.de\/en\/wp-json\/wp\/v2\/posts\/3787\/revisions"}],"predecessor-version":[{"id":3817,"href":"https:\/\/cdu-kaarst.de\/en\/wp-json\/wp\/v2\/posts\/3787\/revisions\/3817"}],"wp:featuredmedia":[{"embeddable":true,"href":"https:\/\/cdu-kaarst.de\/en\/wp-json\/wp\/v2\/media\/3793"}],"wp:attachment":[{"href":"https:\/\/cdu-kaarst.de\/en\/wp-json\/wp\/v2\/media?parent=3787"}],"wp:term":[{"taxonomy":"category","embeddable":true,"href":"https:\/\/cdu-kaarst.de\/en\/wp-json\/wp\/v2\/categories?post=3787"},{"taxonomy":"post_tag","embeddable":true,"href":"https:\/\/cdu-kaarst.de\/en\/wp-json\/wp\/v2\/tags?post=3787"}],"curies":[{"name":"wp","href":"https:\/\/api.w.org\/{rel}","templated":true}]}}