{"id":3830,"date":"2024-08-05T13:07:13","date_gmt":"2024-08-05T11:07:13","guid":{"rendered":"https:\/\/cdu-kaarst.de\/?p=3830"},"modified":"2024-08-05T13:13:27","modified_gmt":"2024-08-05T11:13:27","slug":"cdu-feiert-mit-schuetzenfest-in-holzbuettgen","status":"publish","type":"post","link":"https:\/\/cdu-kaarst.de\/en\/allgemein\/cdu-feiert-mit-schuetzenfest-in-holzbuettgen\/","title":{"rendered":"CDU joins in the celebrations: Shooting festival in Holzb\u00fcttgen"},"content":{"rendered":"<p><strong>\"The weather god is Holzb\u00fcttger\"<\/strong> headlined the <a href=\"https:\/\/rp-online.de\/nrw\/staedte\/kaarst\/kaarst-so-war-das-schuetzenfest-holzbuettgen-2024-v1_aid-116991921\" target=\"_blank\" rel=\"noopener\">NGZ<\/a> to the marvellously beautiful Sch\u00fctzenfest weekend. The weather really did play along exceptionally well and gave all marksmen, interested parties and guests a wonderfully colourful shooting festival.<\/p>\n<p>The Holzb\u00fcttger Sch\u00fctzenfest is of particular importance to Christian Horn-Heinemann. He is an active member of the \"Gem\u00fctliche Jonge\" and has been involved since his primary school days: <strong>\"We see each other at least once a year, at the shooting festival in our home village of Holzb\u00fcttgen.<\/strong>\" And so, like many other CDU members, he celebrated vigorously at the weekend.<\/p>\n<p>And there were plenty of reasons to celebrate:<\/p>\n<ol>\n<li>The new tent layout worked well and most of the tent visitors were impressed. Incidentally, the size of the tent remained the same at 25 metres x 60 metres.<\/li>\n<li>The children's shooting party was particularly popular: over 200 girls and boys from the daycare centre and primary school celebrated their birthday together. <strong>Children's king and queen Henry and Mira<\/strong>.<\/li>\n<li>The crowning glory of the <strong>Student Prince Florian Berzins<\/strong> and the <strong>Young shooter king Ben I. R\u00f6ssler<\/strong> was celebrated on Saturday evening with a big shooting party with DJ Marc Pesch.<\/li>\n<li>The fairground attracted lots of young and old visitors and offered a nice selection with the caterpillar carousel, a children's carousel and a wide variety of stalls.<\/li>\n<li><strong>Shooting King H.M. Patrick I. with Queen Lena<\/strong> proved that young parents also make an excellent royal couple.<\/li>\n<\/ol>","protected":false},"excerpt":{"rendered":"<p>\u201eDer Wettergott ist Holzb\u00fcttger\u201c titelte die NGZ zu dem traumhaft sch\u00f6nen Sch\u00fctzenfest-Wochenende. Tats\u00e4chlich hat das Wetter wirklich au\u00dferordentlich gut mitgespielt und allen Sch\u00fctzen, Interessierten und G\u00e4sten ein wunderbar buntes Sch\u00fctzenfest beschert. F\u00fcr Christian Horn-Heinemann ist das Holzb\u00fcttger Sch\u00fctzenfest von ganz besonderer Bedeutung. Denn er ist aktives Mitglied der \u201eGem\u00fctliche Jonge\u201c und bereits seit Grundschulzeiten aktiv: [&hellip;]<\/p>\n","protected":false},"author":1,"featured_media":3831,"comment_status":"closed","ping_status":"closed","sticky":false,"template":"","format":"standard","meta":{"footnotes":""},"categories":[1],"tags":[],"class_list":["post-3830","post","type-post","status-publish","format-standard","has-post-thumbnail","hentry","category-allgemein"],"yoast_head":"<!-- This site is optimized with the Yoast SEO plugin v27.4 - https:\/\/yoast.com\/product\/yoast-seo-wordpress\/ -->\n<title>CDU feiert mit: Sch\u00fctzenfest in Holzb\u00fcttgen - CDU Kaarst-B\u00fcttgen<\/title>\n<meta name=\"robots\" content=\"index, follow, max-snippet:-1, max-image-preview:large, max-video-preview:-1\" \/>\n<link rel=\"canonical\" href=\"https:\/\/cdu-kaarst.de\/en\/allgemein\/cdu-feiert-mit-schuetzenfest-in-holzbuettgen\/\" \/>\n<meta property=\"og:locale\" content=\"en_GB\" \/>\n<meta property=\"og:type\" content=\"article\" \/>\n<meta property=\"og:title\" content=\"CDU feiert mit: Sch\u00fctzenfest in Holzb\u00fcttgen - CDU Kaarst-B\u00fcttgen\" \/>\n<meta property=\"og:description\" content=\"\u201eDer Wettergott ist Holzb\u00fcttger\u201c titelte die NGZ zu dem traumhaft sch\u00f6nen Sch\u00fctzenfest-Wochenende. Tats\u00e4chlich hat das Wetter wirklich au\u00dferordentlich gut mitgespielt und allen Sch\u00fctzen, Interessierten und G\u00e4sten ein wunderbar buntes Sch\u00fctzenfest beschert. F\u00fcr Christian Horn-Heinemann ist das Holzb\u00fcttger Sch\u00fctzenfest von ganz besonderer Bedeutung. Denn er ist aktives Mitglied der \u201eGem\u00fctliche Jonge\u201c und bereits seit Grundschulzeiten aktiv: [&hellip;]\" \/>\n<meta property=\"og:url\" content=\"https:\/\/cdu-kaarst.de\/en\/allgemein\/cdu-feiert-mit-schuetzenfest-in-holzbuettgen\/\" \/>\n<meta property=\"og:site_name\" content=\"CDU Kaarst-B\u00fcttgen\" \/>\n<meta property=\"article:published_time\" content=\"2024-08-05T11:07:13+00:00\" \/>\n<meta property=\"article:modified_time\" content=\"2024-08-05T11:13:27+00:00\" \/>\n<meta property=\"og:image\" content=\"https:\/\/cdu-kaarst.de\/wp-content\/uploads\/Schuetzenfest.jpg\" \/>\n\t<meta property=\"og:image:width\" content=\"1091\" \/>\n\t<meta property=\"og:image:height\" content=\"669\" \/>\n\t<meta property=\"og:image:type\" content=\"image\/jpeg\" \/>\n<meta name=\"author\" content=\"@dm1n\" \/>\n<meta name=\"twitter:card\" content=\"summary_large_image\" \/>\n<meta name=\"twitter:label1\" content=\"Written by\" \/>\n\t<meta name=\"twitter:data1\" content=\"@dm1n\" \/>\n\t<meta name=\"twitter:label2\" content=\"Estimated reading time\" \/>\n\t<meta name=\"twitter:data2\" content=\"2 minutes\" \/>\n<script type=\"application\/ld+json\" class=\"yoast-schema-graph\">{\"@context\":\"https:\\\/\\\/schema.org\",\"@graph\":[{\"@type\":\"Article\",\"@id\":\"https:\\\/\\\/cdu-kaarst.de\\\/allgemein\\\/cdu-feiert-mit-schuetzenfest-in-holzbuettgen\\\/#article\",\"isPartOf\":{\"@id\":\"https:\\\/\\\/cdu-kaarst.de\\\/allgemein\\\/cdu-feiert-mit-schuetzenfest-in-holzbuettgen\\\/\"},\"author\":{\"name\":\"@dm1n\",\"@id\":\"https:\\\/\\\/cdu-kaarst.de\\\/#\\\/schema\\\/person\\\/05876a2bd7865609f2946e82cbc73476\"},\"headline\":\"CDU feiert mit: Sch\u00fctzenfest in Holzb\u00fcttgen\",\"datePublished\":\"2024-08-05T11:07:13+00:00\",\"dateModified\":\"2024-08-05T11:13:27+00:00\",\"mainEntityOfPage\":{\"@id\":\"https:\\\/\\\/cdu-kaarst.de\\\/allgemein\\\/cdu-feiert-mit-schuetzenfest-in-holzbuettgen\\\/\"},\"wordCount\":244,\"publisher\":{\"@id\":\"https:\\\/\\\/cdu-kaarst.de\\\/#organization\"},\"image\":{\"@id\":\"https:\\\/\\\/cdu-kaarst.de\\\/allgemein\\\/cdu-feiert-mit-schuetzenfest-in-holzbuettgen\\\/#primaryimage\"},\"thumbnailUrl\":\"https:\\\/\\\/cdu-kaarst.de\\\/wp-content\\\/uploads\\\/Schuetzenfest.jpg\",\"articleSection\":[\"Allgemein\"],\"inLanguage\":\"en-GB\"},{\"@type\":\"WebPage\",\"@id\":\"https:\\\/\\\/cdu-kaarst.de\\\/allgemein\\\/cdu-feiert-mit-schuetzenfest-in-holzbuettgen\\\/\",\"url\":\"https:\\\/\\\/cdu-kaarst.de\\\/allgemein\\\/cdu-feiert-mit-schuetzenfest-in-holzbuettgen\\\/\",\"name\":\"CDU feiert mit: Sch\u00fctzenfest in Holzb\u00fcttgen - CDU Kaarst-B\u00fcttgen\",\"isPartOf\":{\"@id\":\"https:\\\/\\\/cdu-kaarst.de\\\/#website\"},\"primaryImageOfPage\":{\"@id\":\"https:\\\/\\\/cdu-kaarst.de\\\/allgemein\\\/cdu-feiert-mit-schuetzenfest-in-holzbuettgen\\\/#primaryimage\"},\"image\":{\"@id\":\"https:\\\/\\\/cdu-kaarst.de\\\/allgemein\\\/cdu-feiert-mit-schuetzenfest-in-holzbuettgen\\\/#primaryimage\"},\"thumbnailUrl\":\"https:\\\/\\\/cdu-kaarst.de\\\/wp-content\\\/uploads\\\/Schuetzenfest.jpg\",\"datePublished\":\"2024-08-05T11:07:13+00:00\",\"dateModified\":\"2024-08-05T11:13:27+00:00\",\"breadcrumb\":{\"@id\":\"https:\\\/\\\/cdu-kaarst.de\\\/allgemein\\\/cdu-feiert-mit-schuetzenfest-in-holzbuettgen\\\/#breadcrumb\"},\"inLanguage\":\"en-GB\",\"potentialAction\":[{\"@type\":\"ReadAction\",\"target\":[\"https:\\\/\\\/cdu-kaarst.de\\\/allgemein\\\/cdu-feiert-mit-schuetzenfest-in-holzbuettgen\\\/\"]}]},{\"@type\":\"ImageObject\",\"inLanguage\":\"en-GB\",\"@id\":\"https:\\\/\\\/cdu-kaarst.de\\\/allgemein\\\/cdu-feiert-mit-schuetzenfest-in-holzbuettgen\\\/#primaryimage\",\"url\":\"https:\\\/\\\/cdu-kaarst.de\\\/wp-content\\\/uploads\\\/Schuetzenfest.jpg\",\"contentUrl\":\"https:\\\/\\\/cdu-kaarst.de\\\/wp-content\\\/uploads\\\/Schuetzenfest.jpg\",\"width\":1091,\"height\":669,\"caption\":\"Sch\u00fctzenfest Holzb\u00fcttgen\"},{\"@type\":\"BreadcrumbList\",\"@id\":\"https:\\\/\\\/cdu-kaarst.de\\\/allgemein\\\/cdu-feiert-mit-schuetzenfest-in-holzbuettgen\\\/#breadcrumb\",\"itemListElement\":[{\"@type\":\"ListItem\",\"position\":1,\"name\":\"Startseite\",\"item\":\"https:\\\/\\\/cdu-kaarst.de\\\/\"},{\"@type\":\"ListItem\",\"position\":2,\"name\":\"CDU feiert mit: Sch\u00fctzenfest in Holzb\u00fcttgen\"}]},{\"@type\":\"WebSite\",\"@id\":\"https:\\\/\\\/cdu-kaarst.de\\\/#website\",\"url\":\"https:\\\/\\\/cdu-kaarst.de\\\/\",\"name\":\"CDU Kaarst-B\u00fcttgen\",\"description\":\"gut Leben in Kaarst\",\"publisher\":{\"@id\":\"https:\\\/\\\/cdu-kaarst.de\\\/#organization\"},\"potentialAction\":[{\"@type\":\"SearchAction\",\"target\":{\"@type\":\"EntryPoint\",\"urlTemplate\":\"https:\\\/\\\/cdu-kaarst.de\\\/?s={search_term_string}\"},\"query-input\":{\"@type\":\"PropertyValueSpecification\",\"valueRequired\":true,\"valueName\":\"search_term_string\"}}],\"inLanguage\":\"en-GB\"},{\"@type\":\"Organization\",\"@id\":\"https:\\\/\\\/cdu-kaarst.de\\\/#organization\",\"name\":\"CDU Kaarst-B\u00fcttgen\",\"url\":\"https:\\\/\\\/cdu-kaarst.de\\\/\",\"logo\":{\"@type\":\"ImageObject\",\"inLanguage\":\"en-GB\",\"@id\":\"https:\\\/\\\/cdu-kaarst.de\\\/#\\\/schema\\\/logo\\\/image\\\/\",\"url\":\"https:\\\/\\\/cdu-kaarst.de\\\/wp-content\\\/uploads\\\/cdu-gesamtlogo.png\",\"contentUrl\":\"https:\\\/\\\/cdu-kaarst.de\\\/wp-content\\\/uploads\\\/cdu-gesamtlogo.png\",\"width\":418,\"height\":120,\"caption\":\"CDU Kaarst-B\u00fcttgen\"},\"image\":{\"@id\":\"https:\\\/\\\/cdu-kaarst.de\\\/#\\\/schema\\\/logo\\\/image\\\/\"}},{\"@type\":\"Person\",\"@id\":\"https:\\\/\\\/cdu-kaarst.de\\\/#\\\/schema\\\/person\\\/05876a2bd7865609f2946e82cbc73476\",\"name\":\"@dm1n\",\"sameAs\":[\"http:\\\/\\\/cdu-kaarst.de\"]}]}<\/script>\n<!-- \/ Yoast SEO plugin. -->","yoast_head_json":{"title":"CDU feiert mit: Sch\u00fctzenfest in Holzb\u00fcttgen - CDU Kaarst-B\u00fcttgen","robots":{"index":"index","follow":"follow","max-snippet":"max-snippet:-1","max-image-preview":"max-image-preview:large","max-video-preview":"max-video-preview:-1"},"canonical":"https:\/\/cdu-kaarst.de\/en\/allgemein\/cdu-feiert-mit-schuetzenfest-in-holzbuettgen\/","og_locale":"en_GB","og_type":"article","og_title":"CDU feiert mit: Sch\u00fctzenfest in Holzb\u00fcttgen - CDU Kaarst-B\u00fcttgen","og_description":"\u201eDer Wettergott ist Holzb\u00fcttger\u201c titelte die NGZ zu dem traumhaft sch\u00f6nen Sch\u00fctzenfest-Wochenende. Tats\u00e4chlich hat das Wetter wirklich au\u00dferordentlich gut mitgespielt und allen Sch\u00fctzen, Interessierten und G\u00e4sten ein wunderbar buntes Sch\u00fctzenfest beschert. F\u00fcr Christian Horn-Heinemann ist das Holzb\u00fcttger Sch\u00fctzenfest von ganz besonderer Bedeutung. Denn er ist aktives Mitglied der \u201eGem\u00fctliche Jonge\u201c und bereits seit Grundschulzeiten aktiv: [&hellip;]","og_url":"https:\/\/cdu-kaarst.de\/en\/allgemein\/cdu-feiert-mit-schuetzenfest-in-holzbuettgen\/","og_site_name":"CDU Kaarst-B\u00fcttgen","article_published_time":"2024-08-05T11:07:13+00:00","article_modified_time":"2024-08-05T11:13:27+00:00","og_image":[{"width":1091,"height":669,"url":"https:\/\/cdu-kaarst.de\/wp-content\/uploads\/Schuetzenfest.jpg","type":"image\/jpeg"}],"author":"@dm1n","twitter_card":"summary_large_image","twitter_misc":{"Written by":"@dm1n","Estimated reading time":"2 minutes"},"schema":{"@context":"https:\/\/schema.org","@graph":[{"@type":"Article","@id":"https:\/\/cdu-kaarst.de\/allgemein\/cdu-feiert-mit-schuetzenfest-in-holzbuettgen\/#article","isPartOf":{"@id":"https:\/\/cdu-kaarst.de\/allgemein\/cdu-feiert-mit-schuetzenfest-in-holzbuettgen\/"},"author":{"name":"@dm1n","@id":"https:\/\/cdu-kaarst.de\/#\/schema\/person\/05876a2bd7865609f2946e82cbc73476"},"headline":"CDU feiert mit: Sch\u00fctzenfest in Holzb\u00fcttgen","datePublished":"2024-08-05T11:07:13+00:00","dateModified":"2024-08-05T11:13:27+00:00","mainEntityOfPage":{"@id":"https:\/\/cdu-kaarst.de\/allgemein\/cdu-feiert-mit-schuetzenfest-in-holzbuettgen\/"},"wordCount":244,"publisher":{"@id":"https:\/\/cdu-kaarst.de\/#organization"},"image":{"@id":"https:\/\/cdu-kaarst.de\/allgemein\/cdu-feiert-mit-schuetzenfest-in-holzbuettgen\/#primaryimage"},"thumbnailUrl":"https:\/\/cdu-kaarst.de\/wp-content\/uploads\/Schuetzenfest.jpg","articleSection":["Allgemein"],"inLanguage":"en-GB"},{"@type":"WebPage","@id":"https:\/\/cdu-kaarst.de\/allgemein\/cdu-feiert-mit-schuetzenfest-in-holzbuettgen\/","url":"https:\/\/cdu-kaarst.de\/allgemein\/cdu-feiert-mit-schuetzenfest-in-holzbuettgen\/","name":"CDU feiert mit: Sch\u00fctzenfest in Holzb\u00fcttgen - CDU Kaarst-B\u00fcttgen","isPartOf":{"@id":"https:\/\/cdu-kaarst.de\/#website"},"primaryImageOfPage":{"@id":"https:\/\/cdu-kaarst.de\/allgemein\/cdu-feiert-mit-schuetzenfest-in-holzbuettgen\/#primaryimage"},"image":{"@id":"https:\/\/cdu-kaarst.de\/allgemein\/cdu-feiert-mit-schuetzenfest-in-holzbuettgen\/#primaryimage"},"thumbnailUrl":"https:\/\/cdu-kaarst.de\/wp-content\/uploads\/Schuetzenfest.jpg","datePublished":"2024-08-05T11:07:13+00:00","dateModified":"2024-08-05T11:13:27+00:00","breadcrumb":{"@id":"https:\/\/cdu-kaarst.de\/allgemein\/cdu-feiert-mit-schuetzenfest-in-holzbuettgen\/#breadcrumb"},"inLanguage":"en-GB","potentialAction":[{"@type":"ReadAction","target":["https:\/\/cdu-kaarst.de\/allgemein\/cdu-feiert-mit-schuetzenfest-in-holzbuettgen\/"]}]},{"@type":"ImageObject","inLanguage":"en-GB","@id":"https:\/\/cdu-kaarst.de\/allgemein\/cdu-feiert-mit-schuetzenfest-in-holzbuettgen\/#primaryimage","url":"https:\/\/cdu-kaarst.de\/wp-content\/uploads\/Schuetzenfest.jpg","contentUrl":"https:\/\/cdu-kaarst.de\/wp-content\/uploads\/Schuetzenfest.jpg","width":1091,"height":669,"caption":"Sch\u00fctzenfest Holzb\u00fcttgen"},{"@type":"BreadcrumbList","@id":"https:\/\/cdu-kaarst.de\/allgemein\/cdu-feiert-mit-schuetzenfest-in-holzbuettgen\/#breadcrumb","itemListElement":[{"@type":"ListItem","position":1,"name":"Startseite","item":"https:\/\/cdu-kaarst.de\/"},{"@type":"ListItem","position":2,"name":"CDU feiert mit: Sch\u00fctzenfest in Holzb\u00fcttgen"}]},{"@type":"WebSite","@id":"https:\/\/cdu-kaarst.de\/#website","url":"https:\/\/cdu-kaarst.de\/","name":"CDU Kaarst-B\u00fcttgen","description":"living well in Kaarst","publisher":{"@id":"https:\/\/cdu-kaarst.de\/#organization"},"potentialAction":[{"@type":"SearchAction","target":{"@type":"EntryPoint","urlTemplate":"https:\/\/cdu-kaarst.de\/?s={search_term_string}"},"query-input":{"@type":"PropertyValueSpecification","valueRequired":true,"valueName":"search_term_string"}}],"inLanguage":"en-GB"},{"@type":"Organization","@id":"https:\/\/cdu-kaarst.de\/#organization","name":"CDU Kaarst-B\u00fcttgen","url":"https:\/\/cdu-kaarst.de\/","logo":{"@type":"ImageObject","inLanguage":"en-GB","@id":"https:\/\/cdu-kaarst.de\/#\/schema\/logo\/image\/","url":"https:\/\/cdu-kaarst.de\/wp-content\/uploads\/cdu-gesamtlogo.png","contentUrl":"https:\/\/cdu-kaarst.de\/wp-content\/uploads\/cdu-gesamtlogo.png","width":418,"height":120,"caption":"CDU Kaarst-B\u00fcttgen"},"image":{"@id":"https:\/\/cdu-kaarst.de\/#\/schema\/logo\/image\/"}},{"@type":"Person","@id":"https:\/\/cdu-kaarst.de\/#\/schema\/person\/05876a2bd7865609f2946e82cbc73476","name":"@dm1n","sameAs":["http:\/\/cdu-kaarst.de"]}]}},"_links":{"self":[{"href":"https:\/\/cdu-kaarst.de\/en\/wp-json\/wp\/v2\/posts\/3830","targetHints":{"allow":["GET"]}}],"collection":[{"href":"https:\/\/cdu-kaarst.de\/en\/wp-json\/wp\/v2\/posts"}],"about":[{"href":"https:\/\/cdu-kaarst.de\/en\/wp-json\/wp\/v2\/types\/post"}],"author":[{"embeddable":true,"href":"https:\/\/cdu-kaarst.de\/en\/wp-json\/wp\/v2\/users\/1"}],"replies":[{"embeddable":true,"href":"https:\/\/cdu-kaarst.de\/en\/wp-json\/wp\/v2\/comments?post=3830"}],"version-history":[{"count":3,"href":"https:\/\/cdu-kaarst.de\/en\/wp-json\/wp\/v2\/posts\/3830\/revisions"}],"predecessor-version":[{"id":3834,"href":"https:\/\/cdu-kaarst.de\/en\/wp-json\/wp\/v2\/posts\/3830\/revisions\/3834"}],"wp:featuredmedia":[{"embeddable":true,"href":"https:\/\/cdu-kaarst.de\/en\/wp-json\/wp\/v2\/media\/3831"}],"wp:attachment":[{"href":"https:\/\/cdu-kaarst.de\/en\/wp-json\/wp\/v2\/media?parent=3830"}],"wp:term":[{"taxonomy":"category","embeddable":true,"href":"https:\/\/cdu-kaarst.de\/en\/wp-json\/wp\/v2\/categories?post=3830"},{"taxonomy":"post_tag","embeddable":true,"href":"https:\/\/cdu-kaarst.de\/en\/wp-json\/wp\/v2\/tags?post=3830"}],"curies":[{"name":"wp","href":"https:\/\/api.w.org\/{rel}","templated":true}]}}