{"id":3893,"date":"2024-08-16T16:19:06","date_gmt":"2024-08-16T14:19:06","guid":{"rendered":"https:\/\/cdu-kaarst.de\/?p=3893"},"modified":"2024-08-19T11:19:24","modified_gmt":"2024-08-19T09:19:24","slug":"mit-kaarst-unternehmerin-des-jahres-2024-claudia-pape","status":"publish","type":"post","link":"https:\/\/cdu-kaarst.de\/en\/allgemein\/mit-kaarst-unternehmerin-des-jahres-2024-claudia-pape\/","title":{"rendered":"CDU on site: MIT Kaarst* Entrepreneur of the Year 2024 Claudia Pape"},"content":{"rendered":"<div data-elementor-type=\"wp-post\" data-elementor-id=\"3893\" class=\"elementor elementor-3893\" data-elementor-post-type=\"post\">\n\t\t\t\t\t\t<section class=\"elementor-section elementor-top-section elementor-element elementor-element-9bdd356 elementor-section-boxed elementor-section-height-default elementor-section-height-default\" data-id=\"9bdd356\" data-element_type=\"section\" data-e-type=\"section\" data-settings=\"{&quot;jet_parallax_layout_list&quot;:[]}\">\n\t\t\t\t\t\t<div class=\"elementor-container elementor-column-gap-default\">\n\t\t\t\t\t<div class=\"elementor-column elementor-col-100 elementor-top-column elementor-element elementor-element-380e933\" data-id=\"380e933\" data-element_type=\"column\" data-e-type=\"column\">\n\t\t\t<div class=\"elementor-widget-wrap elementor-element-populated\">\n\t\t\t\t\t\t<div class=\"elementor-element elementor-element-f5d46cb elementor-widget elementor-widget-text-editor\" data-id=\"f5d46cb\" data-element_type=\"widget\" data-e-type=\"widget\" data-widget_type=\"text-editor.default\">\n\t\t\t\t<div class=\"elementor-widget-container\">\n\t\t\t\t\t\t\t\t\t<p>Claudia Pape - owner of the <a href=\"http:\/\/www.kaffeetuettuet.de\/\" target=\"_blank\" rel=\"noopener\">Caf\u00e9 Schnittchen<\/a> in the heart of Kaarst - was deservedly honoured by<a href=\"https:\/\/cdu-kaarst.de\/en\/personen\/markus-steins\/\"> Markus Steins<\/a> (<a href=\"https:\/\/cdu-kaarst.de\/en\/partei\/vereinigungen\/mittelstands-und-wirtschaftsunion-der-cdu-kaarst-mit\/\">MIT Chairman<\/a>) was presented with the Entrepreneur of the Year award in the presence of many guests.\u00a0<\/p><p>Claudia Pape runs the charming caf\u00e9 on the grounds of the Maubis Centre with great dedication, which has now become a firm favourite with the Kaarsters.\u00a0<\/p><p><a href=\"https:\/\/cdu-kaarst.de\/en\/personen\/christian-horn-heinemann\/\">Christian Horn-Heinemann<\/a> (CDU Chairman) and his deputy <a href=\"https:\/\/cdu-kaarst.de\/en\/personen\/dennis-oscheja\/\">Dennis Oscheja<\/a> sent their warmest congratulations and congratulated Claudia Pape on this great success.<\/p>\t\t\t\t\t\t\t\t<\/div>\n\t\t\t\t<\/div>\n\t\t\t\t<div class=\"elementor-element elementor-element-d40bece elementor-widget elementor-widget-gallery\" data-id=\"d40bece\" data-element_type=\"widget\" data-e-type=\"widget\" data-settings=\"{&quot;columns&quot;:3,&quot;aspect_ratio&quot;:&quot;1:1&quot;,&quot;lazyload&quot;:&quot;yes&quot;,&quot;gallery_layout&quot;:&quot;grid&quot;,&quot;columns_tablet&quot;:2,&quot;columns_mobile&quot;:1,&quot;gap&quot;:{&quot;unit&quot;:&quot;px&quot;,&quot;size&quot;:10,&quot;sizes&quot;:[]},&quot;gap_tablet&quot;:{&quot;unit&quot;:&quot;px&quot;,&quot;size&quot;:10,&quot;sizes&quot;:[]},&quot;gap_mobile&quot;:{&quot;unit&quot;:&quot;px&quot;,&quot;size&quot;:10,&quot;sizes&quot;:[]},&quot;link_to&quot;:&quot;file&quot;,&quot;overlay_background&quot;:&quot;yes&quot;,&quot;content_hover_animation&quot;:&quot;fade-in&quot;}\" data-widget_type=\"gallery.default\">\n\t\t\t\t<div class=\"elementor-widget-container\">\n\t\t\t\t\t\t\t<div class=\"elementor-gallery__container\">\n\t\t\t\t\t\t\t<a class=\"e-gallery-item elementor-gallery-item elementor-animated-content\" href=\"https:\/\/cdu-kaarst.de\/wp-content\/uploads\/CDU-Postings-08-MIT7.jpg\" data-elementor-open-lightbox=\"yes\" data-elementor-lightbox-slideshow=\"d40bece\" data-e-action-hash=\"#elementor-action%3Aaction%3Dlightbox%26settings%3DeyJpZCI6MzkyMywidXJsIjoiaHR0cHM6XC9cL2NkdS1rYWFyc3QuZGVcL3dwLWNvbnRlbnRcL3VwbG9hZHNcL0NEVS1Qb3N0aW5ncy0wOC1NSVQ3LmpwZyIsInNsaWRlc2hvdyI6ImQ0MGJlY2UifQ%3D%3D\">\n\t\t\t\t\t<div class=\"e-gallery-image elementor-gallery-item__image\" data-thumbnail=\"https:\/\/cdu-kaarst.de\/wp-content\/uploads\/CDU-Postings-08-MIT7-249x300.jpg\" data-width=\"249\" data-height=\"300\" aria-label=\"\" role=\"img\" ><\/div>\n\t\t\t\t\t\t\t\t\t\t\t<div class=\"elementor-gallery-item__overlay\"><\/div>\n\t\t\t\t\t\t\t\t\t\t\t\t\t\t<\/a>\n\t\t\t\t\t\t\t<a class=\"e-gallery-item elementor-gallery-item elementor-animated-content\" href=\"https:\/\/cdu-kaarst.de\/wp-content\/uploads\/CDU-Postings-08-MIT3.jpg\" data-elementor-open-lightbox=\"yes\" data-elementor-lightbox-slideshow=\"d40bece\" data-e-action-hash=\"#elementor-action%3Aaction%3Dlightbox%26settings%3DeyJpZCI6MzkyNSwidXJsIjoiaHR0cHM6XC9cL2NkdS1rYWFyc3QuZGVcL3dwLWNvbnRlbnRcL3VwbG9hZHNcL0NEVS1Qb3N0aW5ncy0wOC1NSVQzLmpwZyIsInNsaWRlc2hvdyI6ImQ0MGJlY2UifQ%3D%3D\">\n\t\t\t\t\t<div class=\"e-gallery-image elementor-gallery-item__image\" data-thumbnail=\"https:\/\/cdu-kaarst.de\/wp-content\/uploads\/CDU-Postings-08-MIT3-249x300.jpg\" data-width=\"249\" data-height=\"300\" aria-label=\"\" role=\"img\" ><\/div>\n\t\t\t\t\t\t\t\t\t\t\t<div class=\"elementor-gallery-item__overlay\"><\/div>\n\t\t\t\t\t\t\t\t\t\t\t\t\t\t<\/a>\n\t\t\t\t\t\t\t<a class=\"e-gallery-item elementor-gallery-item elementor-animated-content\" href=\"https:\/\/cdu-kaarst.de\/wp-content\/uploads\/CDU-Postings-08-MIT4.jpg\" data-elementor-open-lightbox=\"yes\" data-elementor-lightbox-slideshow=\"d40bece\" data-e-action-hash=\"#elementor-action%3Aaction%3Dlightbox%26settings%3DeyJpZCI6MzkyNiwidXJsIjoiaHR0cHM6XC9cL2NkdS1rYWFyc3QuZGVcL3dwLWNvbnRlbnRcL3VwbG9hZHNcL0NEVS1Qb3N0aW5ncy0wOC1NSVQ0LmpwZyIsInNsaWRlc2hvdyI6ImQ0MGJlY2UifQ%3D%3D\">\n\t\t\t\t\t<div class=\"e-gallery-image elementor-gallery-item__image\" data-thumbnail=\"https:\/\/cdu-kaarst.de\/wp-content\/uploads\/CDU-Postings-08-MIT4-249x300.jpg\" data-width=\"249\" data-height=\"300\" aria-label=\"\" role=\"img\" ><\/div>\n\t\t\t\t\t\t\t\t\t\t\t<div class=\"elementor-gallery-item__overlay\"><\/div>\n\t\t\t\t\t\t\t\t\t\t\t\t\t\t<\/a>\n\t\t\t\t\t\t\t<a class=\"e-gallery-item elementor-gallery-item elementor-animated-content\" href=\"https:\/\/cdu-kaarst.de\/wp-content\/uploads\/CDU-Postings-08-MIT5.jpg\" data-elementor-open-lightbox=\"yes\" data-elementor-lightbox-slideshow=\"d40bece\" data-e-action-hash=\"#elementor-action%3Aaction%3Dlightbox%26settings%3DeyJpZCI6MzkyNywidXJsIjoiaHR0cHM6XC9cL2NkdS1rYWFyc3QuZGVcL3dwLWNvbnRlbnRcL3VwbG9hZHNcL0NEVS1Qb3N0aW5ncy0wOC1NSVQ1LmpwZyIsInNsaWRlc2hvdyI6ImQ0MGJlY2UifQ%3D%3D\">\n\t\t\t\t\t<div class=\"e-gallery-image elementor-gallery-item__image\" data-thumbnail=\"https:\/\/cdu-kaarst.de\/wp-content\/uploads\/CDU-Postings-08-MIT5-249x300.jpg\" data-width=\"249\" data-height=\"300\" aria-label=\"\" role=\"img\" ><\/div>\n\t\t\t\t\t\t\t\t\t\t\t<div class=\"elementor-gallery-item__overlay\"><\/div>\n\t\t\t\t\t\t\t\t\t\t\t\t\t\t<\/a>\n\t\t\t\t\t\t\t<a class=\"e-gallery-item elementor-gallery-item elementor-animated-content\" href=\"https:\/\/cdu-kaarst.de\/wp-content\/uploads\/CDU-Postings-08-MIT6.jpg\" data-elementor-open-lightbox=\"yes\" data-elementor-lightbox-slideshow=\"d40bece\" data-e-action-hash=\"#elementor-action%3Aaction%3Dlightbox%26settings%3DeyJpZCI6MzkyOCwidXJsIjoiaHR0cHM6XC9cL2NkdS1rYWFyc3QuZGVcL3dwLWNvbnRlbnRcL3VwbG9hZHNcL0NEVS1Qb3N0aW5ncy0wOC1NSVQ2LmpwZyIsInNsaWRlc2hvdyI6ImQ0MGJlY2UifQ%3D%3D\">\n\t\t\t\t\t<div class=\"e-gallery-image elementor-gallery-item__image\" data-thumbnail=\"https:\/\/cdu-kaarst.de\/wp-content\/uploads\/CDU-Postings-08-MIT6-249x300.jpg\" data-width=\"249\" data-height=\"300\" aria-label=\"\" role=\"img\" ><\/div>\n\t\t\t\t\t\t\t\t\t\t\t<div class=\"elementor-gallery-item__overlay\"><\/div>\n\t\t\t\t\t\t\t\t\t\t\t\t\t\t<\/a>\n\t\t\t\t\t<\/div>\n\t\t\t\t\t<\/div>\n\t\t\t\t<\/div>\n\t\t\t\t\t<\/div>\n\t\t<\/div>\n\t\t\t\t\t<\/div>\n\t\t<\/section>\n\t\t\t\t<\/div>","protected":false},"excerpt":{"rendered":"<p>Claudia Pape \u2013 Inhaberin des Caf\u00e9 Schnittchen im Herzen von Kaarst \u2013 wurde verdienter weise von Markus Steins (MIT-Vorsitzender) im Beisein vieler G\u00e4ste der Preis zur Unternehmerin des Jahres \u00fcberreicht. Mit gro\u00dfem Engagement f\u00fchrt Claudia Pape das reizende Caf\u00e9 auf dem Gel\u00e4nde des Maubiszentrum, dass sich mittlerweile bei den Kaarstern einen festen Platz erobert. Christian [&hellip;]<\/p>\n","protected":false},"author":1,"featured_media":3924,"comment_status":"closed","ping_status":"closed","sticky":false,"template":"","format":"standard","meta":{"footnotes":""},"categories":[1,23,81],"tags":[],"class_list":["post-3893","post","type-post","status-publish","format-standard","has-post-thumbnail","hentry","category-allgemein","category-cdu-kaarst","category-cdu-vor-ort"],"yoast_head":"<!-- This site is optimized with the Yoast SEO plugin v27.4 - https:\/\/yoast.com\/product\/yoast-seo-wordpress\/ -->\n<title>CDU vor Ort: MIT Kaarst* Unternehmerin des Jahres 2024 Claudia Pape - CDU Kaarst-B\u00fcttgen<\/title>\n<meta name=\"robots\" content=\"index, follow, max-snippet:-1, max-image-preview:large, max-video-preview:-1\" \/>\n<link rel=\"canonical\" href=\"https:\/\/cdu-kaarst.de\/en\/allgemein\/mit-kaarst-unternehmerin-des-jahres-2024-claudia-pape\/\" \/>\n<meta property=\"og:locale\" content=\"en_GB\" \/>\n<meta property=\"og:type\" content=\"article\" \/>\n<meta property=\"og:title\" content=\"CDU vor Ort: MIT Kaarst* Unternehmerin des Jahres 2024 Claudia Pape - CDU Kaarst-B\u00fcttgen\" \/>\n<meta property=\"og:description\" content=\"Claudia Pape \u2013 Inhaberin des Caf\u00e9 Schnittchen im Herzen von Kaarst \u2013 wurde verdienter weise von Markus Steins (MIT-Vorsitzender) im Beisein vieler G\u00e4ste der Preis zur Unternehmerin des Jahres \u00fcberreicht. Mit gro\u00dfem Engagement f\u00fchrt Claudia Pape das reizende Caf\u00e9 auf dem Gel\u00e4nde des Maubiszentrum, dass sich mittlerweile bei den Kaarstern einen festen Platz erobert. Christian [&hellip;]\" \/>\n<meta property=\"og:url\" content=\"https:\/\/cdu-kaarst.de\/en\/allgemein\/mit-kaarst-unternehmerin-des-jahres-2024-claudia-pape\/\" \/>\n<meta property=\"og:site_name\" content=\"CDU Kaarst-B\u00fcttgen\" \/>\n<meta property=\"article:published_time\" content=\"2024-08-16T14:19:06+00:00\" \/>\n<meta property=\"article:modified_time\" content=\"2024-08-19T09:19:24+00:00\" \/>\n<meta property=\"og:image\" content=\"https:\/\/cdu-kaarst.de\/wp-content\/uploads\/CDU-Postings-08-MIT1.jpg\" \/>\n\t<meta property=\"og:image:width\" content=\"1080\" \/>\n\t<meta property=\"og:image:height\" content=\"1080\" \/>\n\t<meta property=\"og:image:type\" content=\"image\/jpeg\" \/>\n<meta name=\"author\" content=\"@dm1n\" \/>\n<meta name=\"twitter:card\" content=\"summary_large_image\" \/>\n<meta name=\"twitter:label1\" content=\"Written by\" \/>\n\t<meta name=\"twitter:data1\" content=\"@dm1n\" \/>\n\t<meta name=\"twitter:label2\" content=\"Estimated reading time\" \/>\n\t<meta name=\"twitter:data2\" content=\"1 minute\" \/>\n<script type=\"application\/ld+json\" class=\"yoast-schema-graph\">{\"@context\":\"https:\\\/\\\/schema.org\",\"@graph\":[{\"@type\":\"Article\",\"@id\":\"https:\\\/\\\/cdu-kaarst.de\\\/allgemein\\\/mit-kaarst-unternehmerin-des-jahres-2024-claudia-pape\\\/#article\",\"isPartOf\":{\"@id\":\"https:\\\/\\\/cdu-kaarst.de\\\/allgemein\\\/mit-kaarst-unternehmerin-des-jahres-2024-claudia-pape\\\/\"},\"author\":{\"name\":\"@dm1n\",\"@id\":\"https:\\\/\\\/cdu-kaarst.de\\\/#\\\/schema\\\/person\\\/05876a2bd7865609f2946e82cbc73476\"},\"headline\":\"CDU vor Ort: MIT Kaarst* Unternehmerin des Jahres 2024 Claudia Pape\",\"datePublished\":\"2024-08-16T14:19:06+00:00\",\"dateModified\":\"2024-08-19T09:19:24+00:00\",\"mainEntityOfPage\":{\"@id\":\"https:\\\/\\\/cdu-kaarst.de\\\/allgemein\\\/mit-kaarst-unternehmerin-des-jahres-2024-claudia-pape\\\/\"},\"wordCount\":88,\"publisher\":{\"@id\":\"https:\\\/\\\/cdu-kaarst.de\\\/#organization\"},\"image\":{\"@id\":\"https:\\\/\\\/cdu-kaarst.de\\\/allgemein\\\/mit-kaarst-unternehmerin-des-jahres-2024-claudia-pape\\\/#primaryimage\"},\"thumbnailUrl\":\"https:\\\/\\\/cdu-kaarst.de\\\/wp-content\\\/uploads\\\/CDU-Postings-08-MIT1.jpg\",\"articleSection\":[\"Allgemein\",\"CDU Kaarst\",\"CDU vor Ort\"],\"inLanguage\":\"en-GB\"},{\"@type\":\"WebPage\",\"@id\":\"https:\\\/\\\/cdu-kaarst.de\\\/allgemein\\\/mit-kaarst-unternehmerin-des-jahres-2024-claudia-pape\\\/\",\"url\":\"https:\\\/\\\/cdu-kaarst.de\\\/allgemein\\\/mit-kaarst-unternehmerin-des-jahres-2024-claudia-pape\\\/\",\"name\":\"CDU vor Ort: MIT Kaarst* Unternehmerin des Jahres 2024 Claudia Pape - CDU Kaarst-B\u00fcttgen\",\"isPartOf\":{\"@id\":\"https:\\\/\\\/cdu-kaarst.de\\\/#website\"},\"primaryImageOfPage\":{\"@id\":\"https:\\\/\\\/cdu-kaarst.de\\\/allgemein\\\/mit-kaarst-unternehmerin-des-jahres-2024-claudia-pape\\\/#primaryimage\"},\"image\":{\"@id\":\"https:\\\/\\\/cdu-kaarst.de\\\/allgemein\\\/mit-kaarst-unternehmerin-des-jahres-2024-claudia-pape\\\/#primaryimage\"},\"thumbnailUrl\":\"https:\\\/\\\/cdu-kaarst.de\\\/wp-content\\\/uploads\\\/CDU-Postings-08-MIT1.jpg\",\"datePublished\":\"2024-08-16T14:19:06+00:00\",\"dateModified\":\"2024-08-19T09:19:24+00:00\",\"breadcrumb\":{\"@id\":\"https:\\\/\\\/cdu-kaarst.de\\\/allgemein\\\/mit-kaarst-unternehmerin-des-jahres-2024-claudia-pape\\\/#breadcrumb\"},\"inLanguage\":\"en-GB\",\"potentialAction\":[{\"@type\":\"ReadAction\",\"target\":[\"https:\\\/\\\/cdu-kaarst.de\\\/allgemein\\\/mit-kaarst-unternehmerin-des-jahres-2024-claudia-pape\\\/\"]}]},{\"@type\":\"ImageObject\",\"inLanguage\":\"en-GB\",\"@id\":\"https:\\\/\\\/cdu-kaarst.de\\\/allgemein\\\/mit-kaarst-unternehmerin-des-jahres-2024-claudia-pape\\\/#primaryimage\",\"url\":\"https:\\\/\\\/cdu-kaarst.de\\\/wp-content\\\/uploads\\\/CDU-Postings-08-MIT1.jpg\",\"contentUrl\":\"https:\\\/\\\/cdu-kaarst.de\\\/wp-content\\\/uploads\\\/CDU-Postings-08-MIT1.jpg\",\"width\":1080,\"height\":1080},{\"@type\":\"BreadcrumbList\",\"@id\":\"https:\\\/\\\/cdu-kaarst.de\\\/allgemein\\\/mit-kaarst-unternehmerin-des-jahres-2024-claudia-pape\\\/#breadcrumb\",\"itemListElement\":[{\"@type\":\"ListItem\",\"position\":1,\"name\":\"Startseite\",\"item\":\"https:\\\/\\\/cdu-kaarst.de\\\/\"},{\"@type\":\"ListItem\",\"position\":2,\"name\":\"CDU vor Ort: MIT Kaarst* Unternehmerin des Jahres 2024 Claudia Pape\"}]},{\"@type\":\"WebSite\",\"@id\":\"https:\\\/\\\/cdu-kaarst.de\\\/#website\",\"url\":\"https:\\\/\\\/cdu-kaarst.de\\\/\",\"name\":\"CDU Kaarst-B\u00fcttgen\",\"description\":\"gut Leben in Kaarst\",\"publisher\":{\"@id\":\"https:\\\/\\\/cdu-kaarst.de\\\/#organization\"},\"potentialAction\":[{\"@type\":\"SearchAction\",\"target\":{\"@type\":\"EntryPoint\",\"urlTemplate\":\"https:\\\/\\\/cdu-kaarst.de\\\/?s={search_term_string}\"},\"query-input\":{\"@type\":\"PropertyValueSpecification\",\"valueRequired\":true,\"valueName\":\"search_term_string\"}}],\"inLanguage\":\"en-GB\"},{\"@type\":\"Organization\",\"@id\":\"https:\\\/\\\/cdu-kaarst.de\\\/#organization\",\"name\":\"CDU Kaarst-B\u00fcttgen\",\"url\":\"https:\\\/\\\/cdu-kaarst.de\\\/\",\"logo\":{\"@type\":\"ImageObject\",\"inLanguage\":\"en-GB\",\"@id\":\"https:\\\/\\\/cdu-kaarst.de\\\/#\\\/schema\\\/logo\\\/image\\\/\",\"url\":\"https:\\\/\\\/cdu-kaarst.de\\\/wp-content\\\/uploads\\\/cdu-gesamtlogo.png\",\"contentUrl\":\"https:\\\/\\\/cdu-kaarst.de\\\/wp-content\\\/uploads\\\/cdu-gesamtlogo.png\",\"width\":418,\"height\":120,\"caption\":\"CDU Kaarst-B\u00fcttgen\"},\"image\":{\"@id\":\"https:\\\/\\\/cdu-kaarst.de\\\/#\\\/schema\\\/logo\\\/image\\\/\"}},{\"@type\":\"Person\",\"@id\":\"https:\\\/\\\/cdu-kaarst.de\\\/#\\\/schema\\\/person\\\/05876a2bd7865609f2946e82cbc73476\",\"name\":\"@dm1n\",\"sameAs\":[\"http:\\\/\\\/cdu-kaarst.de\"]}]}<\/script>\n<!-- \/ Yoast SEO plugin. -->","yoast_head_json":{"title":"CDU on site: MIT Kaarst* Entrepreneur of the Year 2024 Claudia Pape - CDU Kaarst-B\u00fcttgen","robots":{"index":"index","follow":"follow","max-snippet":"max-snippet:-1","max-image-preview":"max-image-preview:large","max-video-preview":"max-video-preview:-1"},"canonical":"https:\/\/cdu-kaarst.de\/en\/allgemein\/mit-kaarst-unternehmerin-des-jahres-2024-claudia-pape\/","og_locale":"en_GB","og_type":"article","og_title":"CDU vor Ort: MIT Kaarst* Unternehmerin des Jahres 2024 Claudia Pape - CDU Kaarst-B\u00fcttgen","og_description":"Claudia Pape \u2013 Inhaberin des Caf\u00e9 Schnittchen im Herzen von Kaarst \u2013 wurde verdienter weise von Markus Steins (MIT-Vorsitzender) im Beisein vieler G\u00e4ste der Preis zur Unternehmerin des Jahres \u00fcberreicht. Mit gro\u00dfem Engagement f\u00fchrt Claudia Pape das reizende Caf\u00e9 auf dem Gel\u00e4nde des Maubiszentrum, dass sich mittlerweile bei den Kaarstern einen festen Platz erobert. Christian [&hellip;]","og_url":"https:\/\/cdu-kaarst.de\/en\/allgemein\/mit-kaarst-unternehmerin-des-jahres-2024-claudia-pape\/","og_site_name":"CDU Kaarst-B\u00fcttgen","article_published_time":"2024-08-16T14:19:06+00:00","article_modified_time":"2024-08-19T09:19:24+00:00","og_image":[{"width":1080,"height":1080,"url":"https:\/\/cdu-kaarst.de\/wp-content\/uploads\/CDU-Postings-08-MIT1.jpg","type":"image\/jpeg"}],"author":"@dm1n","twitter_card":"summary_large_image","twitter_misc":{"Written by":"@dm1n","Estimated reading time":"1 minute"},"schema":{"@context":"https:\/\/schema.org","@graph":[{"@type":"Article","@id":"https:\/\/cdu-kaarst.de\/allgemein\/mit-kaarst-unternehmerin-des-jahres-2024-claudia-pape\/#article","isPartOf":{"@id":"https:\/\/cdu-kaarst.de\/allgemein\/mit-kaarst-unternehmerin-des-jahres-2024-claudia-pape\/"},"author":{"name":"@dm1n","@id":"https:\/\/cdu-kaarst.de\/#\/schema\/person\/05876a2bd7865609f2946e82cbc73476"},"headline":"CDU vor Ort: MIT Kaarst* Unternehmerin des Jahres 2024 Claudia Pape","datePublished":"2024-08-16T14:19:06+00:00","dateModified":"2024-08-19T09:19:24+00:00","mainEntityOfPage":{"@id":"https:\/\/cdu-kaarst.de\/allgemein\/mit-kaarst-unternehmerin-des-jahres-2024-claudia-pape\/"},"wordCount":88,"publisher":{"@id":"https:\/\/cdu-kaarst.de\/#organization"},"image":{"@id":"https:\/\/cdu-kaarst.de\/allgemein\/mit-kaarst-unternehmerin-des-jahres-2024-claudia-pape\/#primaryimage"},"thumbnailUrl":"https:\/\/cdu-kaarst.de\/wp-content\/uploads\/CDU-Postings-08-MIT1.jpg","articleSection":["Allgemein","CDU Kaarst","CDU vor Ort"],"inLanguage":"en-GB"},{"@type":"WebPage","@id":"https:\/\/cdu-kaarst.de\/allgemein\/mit-kaarst-unternehmerin-des-jahres-2024-claudia-pape\/","url":"https:\/\/cdu-kaarst.de\/allgemein\/mit-kaarst-unternehmerin-des-jahres-2024-claudia-pape\/","name":"CDU on site: MIT Kaarst* Entrepreneur of the Year 2024 Claudia Pape - CDU Kaarst-B\u00fcttgen","isPartOf":{"@id":"https:\/\/cdu-kaarst.de\/#website"},"primaryImageOfPage":{"@id":"https:\/\/cdu-kaarst.de\/allgemein\/mit-kaarst-unternehmerin-des-jahres-2024-claudia-pape\/#primaryimage"},"image":{"@id":"https:\/\/cdu-kaarst.de\/allgemein\/mit-kaarst-unternehmerin-des-jahres-2024-claudia-pape\/#primaryimage"},"thumbnailUrl":"https:\/\/cdu-kaarst.de\/wp-content\/uploads\/CDU-Postings-08-MIT1.jpg","datePublished":"2024-08-16T14:19:06+00:00","dateModified":"2024-08-19T09:19:24+00:00","breadcrumb":{"@id":"https:\/\/cdu-kaarst.de\/allgemein\/mit-kaarst-unternehmerin-des-jahres-2024-claudia-pape\/#breadcrumb"},"inLanguage":"en-GB","potentialAction":[{"@type":"ReadAction","target":["https:\/\/cdu-kaarst.de\/allgemein\/mit-kaarst-unternehmerin-des-jahres-2024-claudia-pape\/"]}]},{"@type":"ImageObject","inLanguage":"en-GB","@id":"https:\/\/cdu-kaarst.de\/allgemein\/mit-kaarst-unternehmerin-des-jahres-2024-claudia-pape\/#primaryimage","url":"https:\/\/cdu-kaarst.de\/wp-content\/uploads\/CDU-Postings-08-MIT1.jpg","contentUrl":"https:\/\/cdu-kaarst.de\/wp-content\/uploads\/CDU-Postings-08-MIT1.jpg","width":1080,"height":1080},{"@type":"BreadcrumbList","@id":"https:\/\/cdu-kaarst.de\/allgemein\/mit-kaarst-unternehmerin-des-jahres-2024-claudia-pape\/#breadcrumb","itemListElement":[{"@type":"ListItem","position":1,"name":"Startseite","item":"https:\/\/cdu-kaarst.de\/"},{"@type":"ListItem","position":2,"name":"CDU vor Ort: MIT Kaarst* Unternehmerin des Jahres 2024 Claudia Pape"}]},{"@type":"WebSite","@id":"https:\/\/cdu-kaarst.de\/#website","url":"https:\/\/cdu-kaarst.de\/","name":"CDU Kaarst-B\u00fcttgen","description":"living well in Kaarst","publisher":{"@id":"https:\/\/cdu-kaarst.de\/#organization"},"potentialAction":[{"@type":"SearchAction","target":{"@type":"EntryPoint","urlTemplate":"https:\/\/cdu-kaarst.de\/?s={search_term_string}"},"query-input":{"@type":"PropertyValueSpecification","valueRequired":true,"valueName":"search_term_string"}}],"inLanguage":"en-GB"},{"@type":"Organization","@id":"https:\/\/cdu-kaarst.de\/#organization","name":"CDU Kaarst-B\u00fcttgen","url":"https:\/\/cdu-kaarst.de\/","logo":{"@type":"ImageObject","inLanguage":"en-GB","@id":"https:\/\/cdu-kaarst.de\/#\/schema\/logo\/image\/","url":"https:\/\/cdu-kaarst.de\/wp-content\/uploads\/cdu-gesamtlogo.png","contentUrl":"https:\/\/cdu-kaarst.de\/wp-content\/uploads\/cdu-gesamtlogo.png","width":418,"height":120,"caption":"CDU Kaarst-B\u00fcttgen"},"image":{"@id":"https:\/\/cdu-kaarst.de\/#\/schema\/logo\/image\/"}},{"@type":"Person","@id":"https:\/\/cdu-kaarst.de\/#\/schema\/person\/05876a2bd7865609f2946e82cbc73476","name":"@dm1n","sameAs":["http:\/\/cdu-kaarst.de"]}]}},"_links":{"self":[{"href":"https:\/\/cdu-kaarst.de\/en\/wp-json\/wp\/v2\/posts\/3893","targetHints":{"allow":["GET"]}}],"collection":[{"href":"https:\/\/cdu-kaarst.de\/en\/wp-json\/wp\/v2\/posts"}],"about":[{"href":"https:\/\/cdu-kaarst.de\/en\/wp-json\/wp\/v2\/types\/post"}],"author":[{"embeddable":true,"href":"https:\/\/cdu-kaarst.de\/en\/wp-json\/wp\/v2\/users\/1"}],"replies":[{"embeddable":true,"href":"https:\/\/cdu-kaarst.de\/en\/wp-json\/wp\/v2\/comments?post=3893"}],"version-history":[{"count":7,"href":"https:\/\/cdu-kaarst.de\/en\/wp-json\/wp\/v2\/posts\/3893\/revisions"}],"predecessor-version":[{"id":3943,"href":"https:\/\/cdu-kaarst.de\/en\/wp-json\/wp\/v2\/posts\/3893\/revisions\/3943"}],"wp:featuredmedia":[{"embeddable":true,"href":"https:\/\/cdu-kaarst.de\/en\/wp-json\/wp\/v2\/media\/3924"}],"wp:attachment":[{"href":"https:\/\/cdu-kaarst.de\/en\/wp-json\/wp\/v2\/media?parent=3893"}],"wp:term":[{"taxonomy":"category","embeddable":true,"href":"https:\/\/cdu-kaarst.de\/en\/wp-json\/wp\/v2\/categories?post=3893"},{"taxonomy":"post_tag","embeddable":true,"href":"https:\/\/cdu-kaarst.de\/en\/wp-json\/wp\/v2\/tags?post=3893"}],"curies":[{"name":"wp","href":"https:\/\/api.w.org\/{rel}","templated":true}]}}