{"id":3946,"date":"2024-08-19T15:29:09","date_gmt":"2024-08-19T13:29:09","guid":{"rendered":"https:\/\/cdu-kaarst.de\/?p=3946"},"modified":"2024-09-09T10:42:40","modified_gmt":"2024-09-09T08:42:40","slug":"die-cdu-vor-ort-holzbuttgen-jetzt-ist-es-gut-horbar","status":"publish","type":"post","link":"https:\/\/cdu-kaarst.de\/en\/cdu-vor-ort\/die-cdu-vor-ort-holzbuttgen-jetzt-ist-es-gut-horbar\/","title":{"rendered":"The CDU on site: Holzb\u00fcttgen - Now it's easy to hear"},"content":{"rendered":"<div data-elementor-type=\"wp-post\" data-elementor-id=\"3946\" class=\"elementor elementor-3946\" data-elementor-post-type=\"post\">\n\t\t\t\t\t\t<section class=\"elementor-section elementor-top-section elementor-element elementor-element-7c457be elementor-section-boxed elementor-section-height-default elementor-section-height-default\" data-id=\"7c457be\" data-element_type=\"section\" data-e-type=\"section\" data-settings=\"{&quot;jet_parallax_layout_list&quot;:[]}\">\n\t\t\t\t\t\t<div class=\"elementor-container elementor-column-gap-default\">\n\t\t\t\t\t<div class=\"elementor-column elementor-col-100 elementor-top-column elementor-element elementor-element-5a165afc\" data-id=\"5a165afc\" data-element_type=\"column\" data-e-type=\"column\">\n\t\t\t<div class=\"elementor-widget-wrap elementor-element-populated\">\n\t\t\t\t\t\t<div class=\"elementor-element elementor-element-467129dc elementor-widget elementor-widget-text-editor\" data-id=\"467129dc\" data-element_type=\"widget\" data-e-type=\"widget\" data-widget_type=\"text-editor.default\">\n\t\t\t\t<div class=\"elementor-widget-container\">\n\t\t\t\t\t\t\t\t\t<p>17.8.2024 - Holzb\u00fcttgen<strong> Now it is clearly audible - the people of Holzb\u00fcttg can breathe a little easier<\/strong> - with the extremely limited everyday mobility. The Holzb\u00fcttg councillors and above all CDU member <a href=\"https:\/\/cdu-kaarst.de\/en\/personen\/burghard-asche\/\">Burghard Asche<\/a> have made sure that the construction site on K\u00f6nigstrasse - the current <b>Stop Holzb\u00fcttgen centre<\/b> - was finally finalised.<\/p><p><strong>\"The hole is closed\".<\/strong><\/p><p>The rail replacement service<b> no longer has to worry about<\/b> over the even narrower Hasselstrasse. For the plagued residents of Bruchweg, Kreuzstrasse and K\u00f6nigstrasse <b>unfortunately there is still no normal mobility load in sight<\/b>. As already discussed at the citizens' meeting <strong>the traffic flow in the Holzb\u00fcttgen district remains<\/strong>The new railway line, especially via Bruchweg, is not only a nuisance, but will also have to be readjusted in the Mobility Committee in connection with the RegioBahn, the expansion of the area around Commerhof and the new settlements in the H\u00fcngert industrial estate.<\/p><p><span style=\"background-color: var( --e-global-color-9687a18 ); color: var( --e-global-color-secondary );\">In this context, stopping bans in particularly narrow places are also being discussed so that articulated buses can drive more safely and do not have to use pavements. <b>The city has not yet responded. <\/b>In the view of the CDU, the reference to the RegioBahn transport company is not sufficient to actively achieve a solution for Holzb\u00fcttgen.<\/span><\/p><p><strong>For everyday life at this point, a sincere thank you to all road users for their mutual understanding and friendly encounters in such a tight space. Thank you!<\/strong><\/p>\t\t\t\t\t\t\t\t<\/div>\n\t\t\t\t<\/div>\n\t\t\t\t\t<\/div>\n\t\t<\/div>\n\t\t\t\t\t<\/div>\n\t\t<\/section>\n\t\t\t\t<section class=\"elementor-section elementor-top-section elementor-element elementor-element-6143743 elementor-section-boxed elementor-section-height-default elementor-section-height-default\" data-id=\"6143743\" data-element_type=\"section\" data-e-type=\"section\" data-settings=\"{&quot;jet_parallax_layout_list&quot;:[]}\">\n\t\t\t\t\t\t<div class=\"elementor-container elementor-column-gap-default\">\n\t\t\t\t\t<div class=\"elementor-column elementor-col-100 elementor-top-column elementor-element elementor-element-cc7a1fe\" data-id=\"cc7a1fe\" data-element_type=\"column\" data-e-type=\"column\">\n\t\t\t<div class=\"elementor-widget-wrap elementor-element-populated\">\n\t\t\t\t\t\t<div class=\"elementor-element elementor-element-aef4683 elementor-widget elementor-widget-gallery\" data-id=\"aef4683\" data-element_type=\"widget\" data-e-type=\"widget\" data-settings=\"{&quot;columns&quot;:2,&quot;aspect_ratio&quot;:&quot;1:1&quot;,&quot;lazyload&quot;:&quot;yes&quot;,&quot;gallery_layout&quot;:&quot;grid&quot;,&quot;columns_tablet&quot;:2,&quot;columns_mobile&quot;:1,&quot;gap&quot;:{&quot;unit&quot;:&quot;px&quot;,&quot;size&quot;:10,&quot;sizes&quot;:[]},&quot;gap_tablet&quot;:{&quot;unit&quot;:&quot;px&quot;,&quot;size&quot;:10,&quot;sizes&quot;:[]},&quot;gap_mobile&quot;:{&quot;unit&quot;:&quot;px&quot;,&quot;size&quot;:10,&quot;sizes&quot;:[]},&quot;link_to&quot;:&quot;file&quot;,&quot;overlay_background&quot;:&quot;yes&quot;,&quot;content_hover_animation&quot;:&quot;fade-in&quot;}\" data-widget_type=\"gallery.default\">\n\t\t\t\t<div class=\"elementor-widget-container\">\n\t\t\t\t\t\t\t<div class=\"elementor-gallery__container\">\n\t\t\t\t\t\t\t<a class=\"e-gallery-item elementor-gallery-item elementor-animated-content\" href=\"https:\/\/cdu-kaarst.de\/wp-content\/uploads\/cdu-kaarst-holzbeuttgen_strassenloch-01.jpg\" data-elementor-open-lightbox=\"yes\" data-elementor-lightbox-slideshow=\"aef4683\" data-e-action-hash=\"#elementor-action%3Aaction%3Dlightbox%26settings%3DeyJpZCI6Mzk0OSwidXJsIjoiaHR0cHM6XC9cL2NkdS1rYWFyc3QuZGVcL3dwLWNvbnRlbnRcL3VwbG9hZHNcL2NkdS1rYWFyc3QtaG9semJldXR0Z2VuX3N0cmFzc2VubG9jaC0wMS5qcGciLCJzbGlkZXNob3ciOiJhZWY0NjgzIn0%3D\">\n\t\t\t\t\t<div class=\"e-gallery-image elementor-gallery-item__image\" data-thumbnail=\"https:\/\/cdu-kaarst.de\/wp-content\/uploads\/cdu-kaarst-holzbeuttgen_strassenloch-01-300x225.jpg\" data-width=\"300\" data-height=\"225\" aria-label=\"\" role=\"img\" ><\/div>\n\t\t\t\t\t\t\t\t\t\t\t<div class=\"elementor-gallery-item__overlay\"><\/div>\n\t\t\t\t\t\t\t\t\t\t\t\t\t\t<\/a>\n\t\t\t\t\t\t\t<a class=\"e-gallery-item elementor-gallery-item elementor-animated-content\" href=\"https:\/\/cdu-kaarst.de\/wp-content\/uploads\/cdu-kaarst-holzbeuttgen_strassenloch-02.jpg\" data-elementor-open-lightbox=\"yes\" data-elementor-lightbox-slideshow=\"aef4683\" data-e-action-hash=\"#elementor-action%3Aaction%3Dlightbox%26settings%3DeyJpZCI6Mzk1MCwidXJsIjoiaHR0cHM6XC9cL2NkdS1rYWFyc3QuZGVcL3dwLWNvbnRlbnRcL3VwbG9hZHNcL2NkdS1rYWFyc3QtaG9semJldXR0Z2VuX3N0cmFzc2VubG9jaC0wMi5qcGciLCJzbGlkZXNob3ciOiJhZWY0NjgzIn0%3D\">\n\t\t\t\t\t<div class=\"e-gallery-image elementor-gallery-item__image\" data-thumbnail=\"https:\/\/cdu-kaarst.de\/wp-content\/uploads\/cdu-kaarst-holzbeuttgen_strassenloch-02-300x225.jpg\" data-width=\"300\" data-height=\"225\" aria-label=\"\" role=\"img\" ><\/div>\n\t\t\t\t\t\t\t\t\t\t\t<div class=\"elementor-gallery-item__overlay\"><\/div>\n\t\t\t\t\t\t\t\t\t\t\t\t\t\t<\/a>\n\t\t\t\t\t<\/div>\n\t\t\t\t\t<\/div>\n\t\t\t\t<\/div>\n\t\t\t\t\t<\/div>\n\t\t<\/div>\n\t\t\t\t\t<\/div>\n\t\t<\/section>\n\t\t\t\t<\/div>","protected":false},"excerpt":{"rendered":"<p>17.8.2024 &#8211; Holzb\u00fcttgen Jetzt ist es gut h\u00f6rbar \u2013 die Holzb\u00fcttger k\u00f6nnen ein wenig aufatmen &#8211; bei der bisher extrem eingeschr\u00e4nkten Alltags Mobilit\u00e4t. Die Holzb\u00fcttger Ratsleute und vor allem CDU-Mitglied Burghard Asche haben sich darum gek\u00fcmmert, dass die Baustelle auf der K\u00f6nigstrasse &#8211; jetzige Haltestelle Holzb\u00fcttgen Mitte &#8211; endlich abgeschlossen wurde. \u201eDas Loch ist zu\u201c. [&hellip;]<\/p>\n","protected":false},"author":6,"featured_media":3949,"comment_status":"closed","ping_status":"closed","sticky":false,"template":"","format":"standard","meta":{"footnotes":""},"categories":[23,81,82],"tags":[],"class_list":["post-3946","post","type-post","status-publish","format-standard","has-post-thumbnail","hentry","category-cdu-kaarst","category-cdu-vor-ort","category-holzbuettgen"],"yoast_head":"<!-- This site is optimized with the Yoast SEO plugin v27.4 - https:\/\/yoast.com\/product\/yoast-seo-wordpress\/ -->\n<title>Die CDU vor Ort: Holzb\u00fcttgen - Jetzt ist es gut h\u00f6rbar - CDU Kaarst-B\u00fcttgen<\/title>\n<meta name=\"robots\" content=\"index, follow, max-snippet:-1, max-image-preview:large, max-video-preview:-1\" \/>\n<link rel=\"canonical\" href=\"https:\/\/cdu-kaarst.de\/en\/cdu-vor-ort\/die-cdu-vor-ort-holzbuttgen-jetzt-ist-es-gut-horbar\/\" \/>\n<meta property=\"og:locale\" content=\"en_GB\" \/>\n<meta property=\"og:type\" content=\"article\" \/>\n<meta property=\"og:title\" content=\"Die CDU vor Ort: Holzb\u00fcttgen - Jetzt ist es gut h\u00f6rbar - CDU Kaarst-B\u00fcttgen\" \/>\n<meta property=\"og:description\" content=\"17.8.2024 &#8211; Holzb\u00fcttgen Jetzt ist es gut h\u00f6rbar \u2013 die Holzb\u00fcttger k\u00f6nnen ein wenig aufatmen &#8211; bei der bisher extrem eingeschr\u00e4nkten Alltags Mobilit\u00e4t. Die Holzb\u00fcttger Ratsleute und vor allem CDU-Mitglied Burghard Asche haben sich darum gek\u00fcmmert, dass die Baustelle auf der K\u00f6nigstrasse &#8211; jetzige Haltestelle Holzb\u00fcttgen Mitte &#8211; endlich abgeschlossen wurde. \u201eDas Loch ist zu\u201c. [&hellip;]\" \/>\n<meta property=\"og:url\" content=\"https:\/\/cdu-kaarst.de\/en\/cdu-vor-ort\/die-cdu-vor-ort-holzbuttgen-jetzt-ist-es-gut-horbar\/\" \/>\n<meta property=\"og:site_name\" content=\"CDU Kaarst-B\u00fcttgen\" \/>\n<meta property=\"article:published_time\" content=\"2024-08-19T13:29:09+00:00\" \/>\n<meta property=\"article:modified_time\" content=\"2024-09-09T08:42:40+00:00\" \/>\n<meta property=\"og:image\" content=\"https:\/\/cdu-kaarst.de\/wp-content\/uploads\/cdu-kaarst-holzbeuttgen_strassenloch-01.jpg\" \/>\n\t<meta property=\"og:image:width\" content=\"800\" \/>\n\t<meta property=\"og:image:height\" content=\"600\" \/>\n\t<meta property=\"og:image:type\" content=\"image\/jpeg\" \/>\n<meta name=\"author\" content=\"CDU Kaarst\" \/>\n<meta name=\"twitter:card\" content=\"summary_large_image\" \/>\n<meta name=\"twitter:label1\" content=\"Written by\" \/>\n\t<meta name=\"twitter:data1\" content=\"CDU Kaarst\" \/>\n\t<meta name=\"twitter:label2\" content=\"Estimated reading time\" \/>\n\t<meta name=\"twitter:data2\" content=\"2 minutes\" \/>\n<script type=\"application\/ld+json\" class=\"yoast-schema-graph\">{\"@context\":\"https:\\\/\\\/schema.org\",\"@graph\":[{\"@type\":\"Article\",\"@id\":\"https:\\\/\\\/cdu-kaarst.de\\\/cdu-vor-ort\\\/die-cdu-vor-ort-holzbuttgen-jetzt-ist-es-gut-horbar\\\/#article\",\"isPartOf\":{\"@id\":\"https:\\\/\\\/cdu-kaarst.de\\\/cdu-vor-ort\\\/die-cdu-vor-ort-holzbuttgen-jetzt-ist-es-gut-horbar\\\/\"},\"author\":{\"name\":\"CDU Kaarst\",\"@id\":\"https:\\\/\\\/cdu-kaarst.de\\\/#\\\/schema\\\/person\\\/c92673bc9910fd1ccfa0c94aa41c3d63\"},\"headline\":\"Die CDU vor Ort: Holzb\u00fcttgen &#8211; Jetzt ist es gut h\u00f6rbar\",\"datePublished\":\"2024-08-19T13:29:09+00:00\",\"dateModified\":\"2024-09-09T08:42:40+00:00\",\"mainEntityOfPage\":{\"@id\":\"https:\\\/\\\/cdu-kaarst.de\\\/cdu-vor-ort\\\/die-cdu-vor-ort-holzbuttgen-jetzt-ist-es-gut-horbar\\\/\"},\"wordCount\":252,\"publisher\":{\"@id\":\"https:\\\/\\\/cdu-kaarst.de\\\/#organization\"},\"image\":{\"@id\":\"https:\\\/\\\/cdu-kaarst.de\\\/cdu-vor-ort\\\/die-cdu-vor-ort-holzbuttgen-jetzt-ist-es-gut-horbar\\\/#primaryimage\"},\"thumbnailUrl\":\"https:\\\/\\\/cdu-kaarst.de\\\/wp-content\\\/uploads\\\/cdu-kaarst-holzbeuttgen_strassenloch-01.jpg\",\"articleSection\":[\"CDU Kaarst\",\"CDU vor Ort\",\"Holzb\u00fcttgen\"],\"inLanguage\":\"en-GB\"},{\"@type\":\"WebPage\",\"@id\":\"https:\\\/\\\/cdu-kaarst.de\\\/cdu-vor-ort\\\/die-cdu-vor-ort-holzbuttgen-jetzt-ist-es-gut-horbar\\\/\",\"url\":\"https:\\\/\\\/cdu-kaarst.de\\\/cdu-vor-ort\\\/die-cdu-vor-ort-holzbuttgen-jetzt-ist-es-gut-horbar\\\/\",\"name\":\"Die CDU vor Ort: Holzb\u00fcttgen - Jetzt ist es gut h\u00f6rbar - CDU Kaarst-B\u00fcttgen\",\"isPartOf\":{\"@id\":\"https:\\\/\\\/cdu-kaarst.de\\\/#website\"},\"primaryImageOfPage\":{\"@id\":\"https:\\\/\\\/cdu-kaarst.de\\\/cdu-vor-ort\\\/die-cdu-vor-ort-holzbuttgen-jetzt-ist-es-gut-horbar\\\/#primaryimage\"},\"image\":{\"@id\":\"https:\\\/\\\/cdu-kaarst.de\\\/cdu-vor-ort\\\/die-cdu-vor-ort-holzbuttgen-jetzt-ist-es-gut-horbar\\\/#primaryimage\"},\"thumbnailUrl\":\"https:\\\/\\\/cdu-kaarst.de\\\/wp-content\\\/uploads\\\/cdu-kaarst-holzbeuttgen_strassenloch-01.jpg\",\"datePublished\":\"2024-08-19T13:29:09+00:00\",\"dateModified\":\"2024-09-09T08:42:40+00:00\",\"breadcrumb\":{\"@id\":\"https:\\\/\\\/cdu-kaarst.de\\\/cdu-vor-ort\\\/die-cdu-vor-ort-holzbuttgen-jetzt-ist-es-gut-horbar\\\/#breadcrumb\"},\"inLanguage\":\"en-GB\",\"potentialAction\":[{\"@type\":\"ReadAction\",\"target\":[\"https:\\\/\\\/cdu-kaarst.de\\\/cdu-vor-ort\\\/die-cdu-vor-ort-holzbuttgen-jetzt-ist-es-gut-horbar\\\/\"]}]},{\"@type\":\"ImageObject\",\"inLanguage\":\"en-GB\",\"@id\":\"https:\\\/\\\/cdu-kaarst.de\\\/cdu-vor-ort\\\/die-cdu-vor-ort-holzbuttgen-jetzt-ist-es-gut-horbar\\\/#primaryimage\",\"url\":\"https:\\\/\\\/cdu-kaarst.de\\\/wp-content\\\/uploads\\\/cdu-kaarst-holzbeuttgen_strassenloch-01.jpg\",\"contentUrl\":\"https:\\\/\\\/cdu-kaarst.de\\\/wp-content\\\/uploads\\\/cdu-kaarst-holzbeuttgen_strassenloch-01.jpg\",\"width\":800,\"height\":600},{\"@type\":\"BreadcrumbList\",\"@id\":\"https:\\\/\\\/cdu-kaarst.de\\\/cdu-vor-ort\\\/die-cdu-vor-ort-holzbuttgen-jetzt-ist-es-gut-horbar\\\/#breadcrumb\",\"itemListElement\":[{\"@type\":\"ListItem\",\"position\":1,\"name\":\"Startseite\",\"item\":\"https:\\\/\\\/cdu-kaarst.de\\\/\"},{\"@type\":\"ListItem\",\"position\":2,\"name\":\"Die CDU vor Ort: Holzb\u00fcttgen &#8211; Jetzt ist es gut h\u00f6rbar\"}]},{\"@type\":\"WebSite\",\"@id\":\"https:\\\/\\\/cdu-kaarst.de\\\/#website\",\"url\":\"https:\\\/\\\/cdu-kaarst.de\\\/\",\"name\":\"CDU Kaarst-B\u00fcttgen\",\"description\":\"gut Leben in Kaarst\",\"publisher\":{\"@id\":\"https:\\\/\\\/cdu-kaarst.de\\\/#organization\"},\"potentialAction\":[{\"@type\":\"SearchAction\",\"target\":{\"@type\":\"EntryPoint\",\"urlTemplate\":\"https:\\\/\\\/cdu-kaarst.de\\\/?s={search_term_string}\"},\"query-input\":{\"@type\":\"PropertyValueSpecification\",\"valueRequired\":true,\"valueName\":\"search_term_string\"}}],\"inLanguage\":\"en-GB\"},{\"@type\":\"Organization\",\"@id\":\"https:\\\/\\\/cdu-kaarst.de\\\/#organization\",\"name\":\"CDU Kaarst-B\u00fcttgen\",\"url\":\"https:\\\/\\\/cdu-kaarst.de\\\/\",\"logo\":{\"@type\":\"ImageObject\",\"inLanguage\":\"en-GB\",\"@id\":\"https:\\\/\\\/cdu-kaarst.de\\\/#\\\/schema\\\/logo\\\/image\\\/\",\"url\":\"https:\\\/\\\/cdu-kaarst.de\\\/wp-content\\\/uploads\\\/cdu-gesamtlogo.png\",\"contentUrl\":\"https:\\\/\\\/cdu-kaarst.de\\\/wp-content\\\/uploads\\\/cdu-gesamtlogo.png\",\"width\":418,\"height\":120,\"caption\":\"CDU Kaarst-B\u00fcttgen\"},\"image\":{\"@id\":\"https:\\\/\\\/cdu-kaarst.de\\\/#\\\/schema\\\/logo\\\/image\\\/\"}},{\"@type\":\"Person\",\"@id\":\"https:\\\/\\\/cdu-kaarst.de\\\/#\\\/schema\\\/person\\\/c92673bc9910fd1ccfa0c94aa41c3d63\",\"name\":\"CDU Kaarst\"}]}<\/script>\n<!-- \/ Yoast SEO plugin. -->","yoast_head_json":{"title":"The CDU on site: Holzb\u00fcttgen - Now it's easy to hear - CDU Kaarst-B\u00fcttgen","robots":{"index":"index","follow":"follow","max-snippet":"max-snippet:-1","max-image-preview":"max-image-preview:large","max-video-preview":"max-video-preview:-1"},"canonical":"https:\/\/cdu-kaarst.de\/en\/cdu-vor-ort\/die-cdu-vor-ort-holzbuttgen-jetzt-ist-es-gut-horbar\/","og_locale":"en_GB","og_type":"article","og_title":"Die CDU vor Ort: Holzb\u00fcttgen - Jetzt ist es gut h\u00f6rbar - CDU Kaarst-B\u00fcttgen","og_description":"17.8.2024 &#8211; Holzb\u00fcttgen Jetzt ist es gut h\u00f6rbar \u2013 die Holzb\u00fcttger k\u00f6nnen ein wenig aufatmen &#8211; bei der bisher extrem eingeschr\u00e4nkten Alltags Mobilit\u00e4t. Die Holzb\u00fcttger Ratsleute und vor allem CDU-Mitglied Burghard Asche haben sich darum gek\u00fcmmert, dass die Baustelle auf der K\u00f6nigstrasse &#8211; jetzige Haltestelle Holzb\u00fcttgen Mitte &#8211; endlich abgeschlossen wurde. \u201eDas Loch ist zu\u201c. [&hellip;]","og_url":"https:\/\/cdu-kaarst.de\/en\/cdu-vor-ort\/die-cdu-vor-ort-holzbuttgen-jetzt-ist-es-gut-horbar\/","og_site_name":"CDU Kaarst-B\u00fcttgen","article_published_time":"2024-08-19T13:29:09+00:00","article_modified_time":"2024-09-09T08:42:40+00:00","og_image":[{"width":800,"height":600,"url":"https:\/\/cdu-kaarst.de\/wp-content\/uploads\/cdu-kaarst-holzbeuttgen_strassenloch-01.jpg","type":"image\/jpeg"}],"author":"CDU Kaarst","twitter_card":"summary_large_image","twitter_misc":{"Written by":"CDU Kaarst","Estimated reading time":"2 minutes"},"schema":{"@context":"https:\/\/schema.org","@graph":[{"@type":"Article","@id":"https:\/\/cdu-kaarst.de\/cdu-vor-ort\/die-cdu-vor-ort-holzbuttgen-jetzt-ist-es-gut-horbar\/#article","isPartOf":{"@id":"https:\/\/cdu-kaarst.de\/cdu-vor-ort\/die-cdu-vor-ort-holzbuttgen-jetzt-ist-es-gut-horbar\/"},"author":{"name":"CDU Kaarst","@id":"https:\/\/cdu-kaarst.de\/#\/schema\/person\/c92673bc9910fd1ccfa0c94aa41c3d63"},"headline":"Die CDU vor Ort: Holzb\u00fcttgen &#8211; Jetzt ist es gut h\u00f6rbar","datePublished":"2024-08-19T13:29:09+00:00","dateModified":"2024-09-09T08:42:40+00:00","mainEntityOfPage":{"@id":"https:\/\/cdu-kaarst.de\/cdu-vor-ort\/die-cdu-vor-ort-holzbuttgen-jetzt-ist-es-gut-horbar\/"},"wordCount":252,"publisher":{"@id":"https:\/\/cdu-kaarst.de\/#organization"},"image":{"@id":"https:\/\/cdu-kaarst.de\/cdu-vor-ort\/die-cdu-vor-ort-holzbuttgen-jetzt-ist-es-gut-horbar\/#primaryimage"},"thumbnailUrl":"https:\/\/cdu-kaarst.de\/wp-content\/uploads\/cdu-kaarst-holzbeuttgen_strassenloch-01.jpg","articleSection":["CDU Kaarst","CDU vor Ort","Holzb\u00fcttgen"],"inLanguage":"en-GB"},{"@type":"WebPage","@id":"https:\/\/cdu-kaarst.de\/cdu-vor-ort\/die-cdu-vor-ort-holzbuttgen-jetzt-ist-es-gut-horbar\/","url":"https:\/\/cdu-kaarst.de\/cdu-vor-ort\/die-cdu-vor-ort-holzbuttgen-jetzt-ist-es-gut-horbar\/","name":"The CDU on site: Holzb\u00fcttgen - Now it's easy to hear - CDU Kaarst-B\u00fcttgen","isPartOf":{"@id":"https:\/\/cdu-kaarst.de\/#website"},"primaryImageOfPage":{"@id":"https:\/\/cdu-kaarst.de\/cdu-vor-ort\/die-cdu-vor-ort-holzbuttgen-jetzt-ist-es-gut-horbar\/#primaryimage"},"image":{"@id":"https:\/\/cdu-kaarst.de\/cdu-vor-ort\/die-cdu-vor-ort-holzbuttgen-jetzt-ist-es-gut-horbar\/#primaryimage"},"thumbnailUrl":"https:\/\/cdu-kaarst.de\/wp-content\/uploads\/cdu-kaarst-holzbeuttgen_strassenloch-01.jpg","datePublished":"2024-08-19T13:29:09+00:00","dateModified":"2024-09-09T08:42:40+00:00","breadcrumb":{"@id":"https:\/\/cdu-kaarst.de\/cdu-vor-ort\/die-cdu-vor-ort-holzbuttgen-jetzt-ist-es-gut-horbar\/#breadcrumb"},"inLanguage":"en-GB","potentialAction":[{"@type":"ReadAction","target":["https:\/\/cdu-kaarst.de\/cdu-vor-ort\/die-cdu-vor-ort-holzbuttgen-jetzt-ist-es-gut-horbar\/"]}]},{"@type":"ImageObject","inLanguage":"en-GB","@id":"https:\/\/cdu-kaarst.de\/cdu-vor-ort\/die-cdu-vor-ort-holzbuttgen-jetzt-ist-es-gut-horbar\/#primaryimage","url":"https:\/\/cdu-kaarst.de\/wp-content\/uploads\/cdu-kaarst-holzbeuttgen_strassenloch-01.jpg","contentUrl":"https:\/\/cdu-kaarst.de\/wp-content\/uploads\/cdu-kaarst-holzbeuttgen_strassenloch-01.jpg","width":800,"height":600},{"@type":"BreadcrumbList","@id":"https:\/\/cdu-kaarst.de\/cdu-vor-ort\/die-cdu-vor-ort-holzbuttgen-jetzt-ist-es-gut-horbar\/#breadcrumb","itemListElement":[{"@type":"ListItem","position":1,"name":"Startseite","item":"https:\/\/cdu-kaarst.de\/"},{"@type":"ListItem","position":2,"name":"Die CDU vor Ort: Holzb\u00fcttgen &#8211; Jetzt ist es gut h\u00f6rbar"}]},{"@type":"WebSite","@id":"https:\/\/cdu-kaarst.de\/#website","url":"https:\/\/cdu-kaarst.de\/","name":"CDU Kaarst-B\u00fcttgen","description":"living well in Kaarst","publisher":{"@id":"https:\/\/cdu-kaarst.de\/#organization"},"potentialAction":[{"@type":"SearchAction","target":{"@type":"EntryPoint","urlTemplate":"https:\/\/cdu-kaarst.de\/?s={search_term_string}"},"query-input":{"@type":"PropertyValueSpecification","valueRequired":true,"valueName":"search_term_string"}}],"inLanguage":"en-GB"},{"@type":"Organization","@id":"https:\/\/cdu-kaarst.de\/#organization","name":"CDU Kaarst-B\u00fcttgen","url":"https:\/\/cdu-kaarst.de\/","logo":{"@type":"ImageObject","inLanguage":"en-GB","@id":"https:\/\/cdu-kaarst.de\/#\/schema\/logo\/image\/","url":"https:\/\/cdu-kaarst.de\/wp-content\/uploads\/cdu-gesamtlogo.png","contentUrl":"https:\/\/cdu-kaarst.de\/wp-content\/uploads\/cdu-gesamtlogo.png","width":418,"height":120,"caption":"CDU Kaarst-B\u00fcttgen"},"image":{"@id":"https:\/\/cdu-kaarst.de\/#\/schema\/logo\/image\/"}},{"@type":"Person","@id":"https:\/\/cdu-kaarst.de\/#\/schema\/person\/c92673bc9910fd1ccfa0c94aa41c3d63","name":"CDU Kaarst"}]}},"_links":{"self":[{"href":"https:\/\/cdu-kaarst.de\/en\/wp-json\/wp\/v2\/posts\/3946","targetHints":{"allow":["GET"]}}],"collection":[{"href":"https:\/\/cdu-kaarst.de\/en\/wp-json\/wp\/v2\/posts"}],"about":[{"href":"https:\/\/cdu-kaarst.de\/en\/wp-json\/wp\/v2\/types\/post"}],"author":[{"embeddable":true,"href":"https:\/\/cdu-kaarst.de\/en\/wp-json\/wp\/v2\/users\/6"}],"replies":[{"embeddable":true,"href":"https:\/\/cdu-kaarst.de\/en\/wp-json\/wp\/v2\/comments?post=3946"}],"version-history":[{"count":21,"href":"https:\/\/cdu-kaarst.de\/en\/wp-json\/wp\/v2\/posts\/3946\/revisions"}],"predecessor-version":[{"id":4037,"href":"https:\/\/cdu-kaarst.de\/en\/wp-json\/wp\/v2\/posts\/3946\/revisions\/4037"}],"wp:featuredmedia":[{"embeddable":true,"href":"https:\/\/cdu-kaarst.de\/en\/wp-json\/wp\/v2\/media\/3949"}],"wp:attachment":[{"href":"https:\/\/cdu-kaarst.de\/en\/wp-json\/wp\/v2\/media?parent=3946"}],"wp:term":[{"taxonomy":"category","embeddable":true,"href":"https:\/\/cdu-kaarst.de\/en\/wp-json\/wp\/v2\/categories?post=3946"},{"taxonomy":"post_tag","embeddable":true,"href":"https:\/\/cdu-kaarst.de\/en\/wp-json\/wp\/v2\/tags?post=3946"}],"curies":[{"name":"wp","href":"https:\/\/api.w.org\/{rel}","templated":true}]}}