{"id":4074,"date":"2024-04-12T10:41:34","date_gmt":"2024-04-12T08:41:34","guid":{"rendered":"https:\/\/cdu-kaarst.de\/?p=4074"},"modified":"2024-08-21T10:46:01","modified_gmt":"2024-08-21T08:46:01","slug":"christian-horn-heinemann-bleibt-vorsitzender-der-kaarster-cdu","status":"publish","type":"post","link":"https:\/\/cdu-kaarst.de\/en\/cdu-kaarst\/christian-horn-heinemann-bleibt-vorsitzender-der-kaarster-cdu\/","title":{"rendered":"Christian Horn-Heinemann remains chairman of the Kaarster CDU"},"content":{"rendered":"<p><img fetchpriority=\"high\" decoding=\"async\" class=\"alignnone size-medium wp-image-2792\" src=\"https:\/\/cdu-kaarst.de\/wp-content\/uploads\/cdu-kaarst_horn-heinemann-christian-300x300.jpg\" alt=\"Christian Horn-Heinemann\" width=\"300\" height=\"300\" srcset=\"https:\/\/cdu-kaarst.de\/wp-content\/uploads\/cdu-kaarst_horn-heinemann-christian-300x300.jpg 300w, https:\/\/cdu-kaarst.de\/wp-content\/uploads\/cdu-kaarst_horn-heinemann-christian-150x150.jpg 150w, https:\/\/cdu-kaarst.de\/wp-content\/uploads\/cdu-kaarst_horn-heinemann-christian-768x768.jpg 768w, https:\/\/cdu-kaarst.de\/wp-content\/uploads\/cdu-kaarst_horn-heinemann-christian.jpg 1024w\" sizes=\"(max-width: 300px) 100vw, 300px\" \/><\/p>\n<p>Christian Horn-Heinemann was confirmed in office as Chairman of the Kaarst CDU at its most recent meeting. With a tailwind and clear goals, the old and new chairman is looking ahead to the 2025 local elections. In his speech, Horn-Heinemann made it clear that he will continue to work for a strong and forward-looking CDU in Kaarst.<\/p>\n<p>However, there have also been changes to the Board of Directors: Guido Otterbein, Deputy Chairman, and Hans-Georg Schell, Treasurer, have resigned from their positions.<\/p>\n<p>You can find out more <a href=\"https:\/\/rp-online.de\/nrw\/staedte\/kaarst\/kaarst-christian-horn-heinemann-bleibt-vorsitzender-der-cdu_aid-110298027\" target=\"_new\" rel=\"noopener\">here<\/a>.<\/p>","protected":false},"excerpt":{"rendered":"<p>In der j\u00fcngsten Sitzung der CDU Kaarst wurde Christian Horn-Heinemann als Stadtverbands-Vorsitzender im Amt best\u00e4tigt. Mit R\u00fcckenwind und klaren Zielen richtet der alte und neue Vorsitzende den Blick auf die Kommunalwahl 2025. Horn-Heinemann machte in seiner Rede deutlich, dass er sich weiterhin f\u00fcr eine starke und zukunftsorientierte CDU in Kaarst einsetzen wird. Jedoch gab es [&hellip;]<\/p>\n","protected":false},"author":1,"featured_media":1118,"comment_status":"closed","ping_status":"closed","sticky":false,"template":"","format":"standard","meta":{"footnotes":""},"categories":[85,23],"tags":[86],"class_list":["post-4074","post","type-post","status-publish","format-standard","has-post-thumbnail","hentry","category-cdu-in-der-presse","category-cdu-kaarst","tag-rheinischepost"],"yoast_head":"<!-- This site is optimized with the Yoast SEO plugin v27.4 - https:\/\/yoast.com\/product\/yoast-seo-wordpress\/ -->\n<title>Christian Horn-Heinemann bleibt Vorsitzender der Kaarster CDU - CDU Kaarst-B\u00fcttgen<\/title>\n<meta name=\"robots\" content=\"index, follow, max-snippet:-1, max-image-preview:large, max-video-preview:-1\" \/>\n<link rel=\"canonical\" href=\"https:\/\/cdu-kaarst.de\/en\/cdu-kaarst\/christian-horn-heinemann-bleibt-vorsitzender-der-kaarster-cdu\/\" \/>\n<meta property=\"og:locale\" content=\"en_GB\" \/>\n<meta property=\"og:type\" content=\"article\" \/>\n<meta property=\"og:title\" content=\"Christian Horn-Heinemann bleibt Vorsitzender der Kaarster CDU - CDU Kaarst-B\u00fcttgen\" \/>\n<meta property=\"og:description\" content=\"In der j\u00fcngsten Sitzung der CDU Kaarst wurde Christian Horn-Heinemann als Stadtverbands-Vorsitzender im Amt best\u00e4tigt. Mit R\u00fcckenwind und klaren Zielen richtet der alte und neue Vorsitzende den Blick auf die Kommunalwahl 2025. Horn-Heinemann machte in seiner Rede deutlich, dass er sich weiterhin f\u00fcr eine starke und zukunftsorientierte CDU in Kaarst einsetzen wird. Jedoch gab es [&hellip;]\" \/>\n<meta property=\"og:url\" content=\"https:\/\/cdu-kaarst.de\/en\/cdu-kaarst\/christian-horn-heinemann-bleibt-vorsitzender-der-kaarster-cdu\/\" \/>\n<meta property=\"og:site_name\" content=\"CDU Kaarst-B\u00fcttgen\" \/>\n<meta property=\"article:published_time\" content=\"2024-04-12T08:41:34+00:00\" \/>\n<meta property=\"article:modified_time\" content=\"2024-08-21T08:46:01+00:00\" \/>\n<meta property=\"og:image\" content=\"https:\/\/cdu-kaarst.de\/wp-content\/uploads\/cdu-kaarst_gewaesser.jpg\" \/>\n\t<meta property=\"og:image:width\" content=\"1000\" \/>\n\t<meta property=\"og:image:height\" content=\"667\" \/>\n\t<meta property=\"og:image:type\" content=\"image\/jpeg\" \/>\n<meta name=\"author\" content=\"@dm1n\" \/>\n<meta name=\"twitter:card\" content=\"summary_large_image\" \/>\n<meta name=\"twitter:label1\" content=\"Written by\" \/>\n\t<meta name=\"twitter:data1\" content=\"@dm1n\" \/>\n\t<meta name=\"twitter:label2\" content=\"Estimated reading time\" \/>\n\t<meta name=\"twitter:data2\" content=\"1 minute\" \/>\n<script type=\"application\/ld+json\" class=\"yoast-schema-graph\">{\"@context\":\"https:\\\/\\\/schema.org\",\"@graph\":[{\"@type\":\"Article\",\"@id\":\"https:\\\/\\\/cdu-kaarst.de\\\/cdu-kaarst\\\/christian-horn-heinemann-bleibt-vorsitzender-der-kaarster-cdu\\\/#article\",\"isPartOf\":{\"@id\":\"https:\\\/\\\/cdu-kaarst.de\\\/cdu-kaarst\\\/christian-horn-heinemann-bleibt-vorsitzender-der-kaarster-cdu\\\/\"},\"author\":{\"name\":\"@dm1n\",\"@id\":\"https:\\\/\\\/cdu-kaarst.de\\\/#\\\/schema\\\/person\\\/05876a2bd7865609f2946e82cbc73476\"},\"headline\":\"Christian Horn-Heinemann bleibt Vorsitzender der Kaarster CDU\",\"datePublished\":\"2024-04-12T08:41:34+00:00\",\"dateModified\":\"2024-08-21T08:46:01+00:00\",\"mainEntityOfPage\":{\"@id\":\"https:\\\/\\\/cdu-kaarst.de\\\/cdu-kaarst\\\/christian-horn-heinemann-bleibt-vorsitzender-der-kaarster-cdu\\\/\"},\"wordCount\":87,\"publisher\":{\"@id\":\"https:\\\/\\\/cdu-kaarst.de\\\/#organization\"},\"image\":{\"@id\":\"https:\\\/\\\/cdu-kaarst.de\\\/cdu-kaarst\\\/christian-horn-heinemann-bleibt-vorsitzender-der-kaarster-cdu\\\/#primaryimage\"},\"thumbnailUrl\":\"https:\\\/\\\/cdu-kaarst.de\\\/wp-content\\\/uploads\\\/cdu-kaarst_gewaesser.jpg\",\"keywords\":[\"RheinischePost\"],\"articleSection\":[\"CDU in der Presse\",\"CDU Kaarst\"],\"inLanguage\":\"en-GB\"},{\"@type\":\"WebPage\",\"@id\":\"https:\\\/\\\/cdu-kaarst.de\\\/cdu-kaarst\\\/christian-horn-heinemann-bleibt-vorsitzender-der-kaarster-cdu\\\/\",\"url\":\"https:\\\/\\\/cdu-kaarst.de\\\/cdu-kaarst\\\/christian-horn-heinemann-bleibt-vorsitzender-der-kaarster-cdu\\\/\",\"name\":\"Christian Horn-Heinemann bleibt Vorsitzender der Kaarster CDU - CDU Kaarst-B\u00fcttgen\",\"isPartOf\":{\"@id\":\"https:\\\/\\\/cdu-kaarst.de\\\/#website\"},\"primaryImageOfPage\":{\"@id\":\"https:\\\/\\\/cdu-kaarst.de\\\/cdu-kaarst\\\/christian-horn-heinemann-bleibt-vorsitzender-der-kaarster-cdu\\\/#primaryimage\"},\"image\":{\"@id\":\"https:\\\/\\\/cdu-kaarst.de\\\/cdu-kaarst\\\/christian-horn-heinemann-bleibt-vorsitzender-der-kaarster-cdu\\\/#primaryimage\"},\"thumbnailUrl\":\"https:\\\/\\\/cdu-kaarst.de\\\/wp-content\\\/uploads\\\/cdu-kaarst_gewaesser.jpg\",\"datePublished\":\"2024-04-12T08:41:34+00:00\",\"dateModified\":\"2024-08-21T08:46:01+00:00\",\"breadcrumb\":{\"@id\":\"https:\\\/\\\/cdu-kaarst.de\\\/cdu-kaarst\\\/christian-horn-heinemann-bleibt-vorsitzender-der-kaarster-cdu\\\/#breadcrumb\"},\"inLanguage\":\"en-GB\",\"potentialAction\":[{\"@type\":\"ReadAction\",\"target\":[\"https:\\\/\\\/cdu-kaarst.de\\\/cdu-kaarst\\\/christian-horn-heinemann-bleibt-vorsitzender-der-kaarster-cdu\\\/\"]}]},{\"@type\":\"ImageObject\",\"inLanguage\":\"en-GB\",\"@id\":\"https:\\\/\\\/cdu-kaarst.de\\\/cdu-kaarst\\\/christian-horn-heinemann-bleibt-vorsitzender-der-kaarster-cdu\\\/#primaryimage\",\"url\":\"https:\\\/\\\/cdu-kaarst.de\\\/wp-content\\\/uploads\\\/cdu-kaarst_gewaesser.jpg\",\"contentUrl\":\"https:\\\/\\\/cdu-kaarst.de\\\/wp-content\\\/uploads\\\/cdu-kaarst_gewaesser.jpg\",\"width\":1000,\"height\":667,\"caption\":\"CDU Kaarst - Kaarst\"},{\"@type\":\"BreadcrumbList\",\"@id\":\"https:\\\/\\\/cdu-kaarst.de\\\/cdu-kaarst\\\/christian-horn-heinemann-bleibt-vorsitzender-der-kaarster-cdu\\\/#breadcrumb\",\"itemListElement\":[{\"@type\":\"ListItem\",\"position\":1,\"name\":\"Startseite\",\"item\":\"https:\\\/\\\/cdu-kaarst.de\\\/\"},{\"@type\":\"ListItem\",\"position\":2,\"name\":\"Christian Horn-Heinemann bleibt Vorsitzender der Kaarster CDU\"}]},{\"@type\":\"WebSite\",\"@id\":\"https:\\\/\\\/cdu-kaarst.de\\\/#website\",\"url\":\"https:\\\/\\\/cdu-kaarst.de\\\/\",\"name\":\"CDU Kaarst-B\u00fcttgen\",\"description\":\"gut Leben in Kaarst\",\"publisher\":{\"@id\":\"https:\\\/\\\/cdu-kaarst.de\\\/#organization\"},\"potentialAction\":[{\"@type\":\"SearchAction\",\"target\":{\"@type\":\"EntryPoint\",\"urlTemplate\":\"https:\\\/\\\/cdu-kaarst.de\\\/?s={search_term_string}\"},\"query-input\":{\"@type\":\"PropertyValueSpecification\",\"valueRequired\":true,\"valueName\":\"search_term_string\"}}],\"inLanguage\":\"en-GB\"},{\"@type\":\"Organization\",\"@id\":\"https:\\\/\\\/cdu-kaarst.de\\\/#organization\",\"name\":\"CDU Kaarst-B\u00fcttgen\",\"url\":\"https:\\\/\\\/cdu-kaarst.de\\\/\",\"logo\":{\"@type\":\"ImageObject\",\"inLanguage\":\"en-GB\",\"@id\":\"https:\\\/\\\/cdu-kaarst.de\\\/#\\\/schema\\\/logo\\\/image\\\/\",\"url\":\"https:\\\/\\\/cdu-kaarst.de\\\/wp-content\\\/uploads\\\/cdu-gesamtlogo.png\",\"contentUrl\":\"https:\\\/\\\/cdu-kaarst.de\\\/wp-content\\\/uploads\\\/cdu-gesamtlogo.png\",\"width\":418,\"height\":120,\"caption\":\"CDU Kaarst-B\u00fcttgen\"},\"image\":{\"@id\":\"https:\\\/\\\/cdu-kaarst.de\\\/#\\\/schema\\\/logo\\\/image\\\/\"}},{\"@type\":\"Person\",\"@id\":\"https:\\\/\\\/cdu-kaarst.de\\\/#\\\/schema\\\/person\\\/05876a2bd7865609f2946e82cbc73476\",\"name\":\"@dm1n\",\"sameAs\":[\"http:\\\/\\\/cdu-kaarst.de\"]}]}<\/script>\n<!-- \/ Yoast SEO plugin. -->","yoast_head_json":{"title":"Christian Horn-Heinemann remains chairman of the Kaarst CDU - CDU Kaarst-B\u00fcttgen","robots":{"index":"index","follow":"follow","max-snippet":"max-snippet:-1","max-image-preview":"max-image-preview:large","max-video-preview":"max-video-preview:-1"},"canonical":"https:\/\/cdu-kaarst.de\/en\/cdu-kaarst\/christian-horn-heinemann-bleibt-vorsitzender-der-kaarster-cdu\/","og_locale":"en_GB","og_type":"article","og_title":"Christian Horn-Heinemann bleibt Vorsitzender der Kaarster CDU - CDU Kaarst-B\u00fcttgen","og_description":"In der j\u00fcngsten Sitzung der CDU Kaarst wurde Christian Horn-Heinemann als Stadtverbands-Vorsitzender im Amt best\u00e4tigt. Mit R\u00fcckenwind und klaren Zielen richtet der alte und neue Vorsitzende den Blick auf die Kommunalwahl 2025. Horn-Heinemann machte in seiner Rede deutlich, dass er sich weiterhin f\u00fcr eine starke und zukunftsorientierte CDU in Kaarst einsetzen wird. Jedoch gab es [&hellip;]","og_url":"https:\/\/cdu-kaarst.de\/en\/cdu-kaarst\/christian-horn-heinemann-bleibt-vorsitzender-der-kaarster-cdu\/","og_site_name":"CDU Kaarst-B\u00fcttgen","article_published_time":"2024-04-12T08:41:34+00:00","article_modified_time":"2024-08-21T08:46:01+00:00","og_image":[{"width":1000,"height":667,"url":"https:\/\/cdu-kaarst.de\/wp-content\/uploads\/cdu-kaarst_gewaesser.jpg","type":"image\/jpeg"}],"author":"@dm1n","twitter_card":"summary_large_image","twitter_misc":{"Written by":"@dm1n","Estimated reading time":"1 minute"},"schema":{"@context":"https:\/\/schema.org","@graph":[{"@type":"Article","@id":"https:\/\/cdu-kaarst.de\/cdu-kaarst\/christian-horn-heinemann-bleibt-vorsitzender-der-kaarster-cdu\/#article","isPartOf":{"@id":"https:\/\/cdu-kaarst.de\/cdu-kaarst\/christian-horn-heinemann-bleibt-vorsitzender-der-kaarster-cdu\/"},"author":{"name":"@dm1n","@id":"https:\/\/cdu-kaarst.de\/#\/schema\/person\/05876a2bd7865609f2946e82cbc73476"},"headline":"Christian Horn-Heinemann bleibt Vorsitzender der Kaarster CDU","datePublished":"2024-04-12T08:41:34+00:00","dateModified":"2024-08-21T08:46:01+00:00","mainEntityOfPage":{"@id":"https:\/\/cdu-kaarst.de\/cdu-kaarst\/christian-horn-heinemann-bleibt-vorsitzender-der-kaarster-cdu\/"},"wordCount":87,"publisher":{"@id":"https:\/\/cdu-kaarst.de\/#organization"},"image":{"@id":"https:\/\/cdu-kaarst.de\/cdu-kaarst\/christian-horn-heinemann-bleibt-vorsitzender-der-kaarster-cdu\/#primaryimage"},"thumbnailUrl":"https:\/\/cdu-kaarst.de\/wp-content\/uploads\/cdu-kaarst_gewaesser.jpg","keywords":["RheinischePost"],"articleSection":["CDU in der Presse","CDU Kaarst"],"inLanguage":"en-GB"},{"@type":"WebPage","@id":"https:\/\/cdu-kaarst.de\/cdu-kaarst\/christian-horn-heinemann-bleibt-vorsitzender-der-kaarster-cdu\/","url":"https:\/\/cdu-kaarst.de\/cdu-kaarst\/christian-horn-heinemann-bleibt-vorsitzender-der-kaarster-cdu\/","name":"Christian Horn-Heinemann remains chairman of the Kaarst CDU - CDU Kaarst-B\u00fcttgen","isPartOf":{"@id":"https:\/\/cdu-kaarst.de\/#website"},"primaryImageOfPage":{"@id":"https:\/\/cdu-kaarst.de\/cdu-kaarst\/christian-horn-heinemann-bleibt-vorsitzender-der-kaarster-cdu\/#primaryimage"},"image":{"@id":"https:\/\/cdu-kaarst.de\/cdu-kaarst\/christian-horn-heinemann-bleibt-vorsitzender-der-kaarster-cdu\/#primaryimage"},"thumbnailUrl":"https:\/\/cdu-kaarst.de\/wp-content\/uploads\/cdu-kaarst_gewaesser.jpg","datePublished":"2024-04-12T08:41:34+00:00","dateModified":"2024-08-21T08:46:01+00:00","breadcrumb":{"@id":"https:\/\/cdu-kaarst.de\/cdu-kaarst\/christian-horn-heinemann-bleibt-vorsitzender-der-kaarster-cdu\/#breadcrumb"},"inLanguage":"en-GB","potentialAction":[{"@type":"ReadAction","target":["https:\/\/cdu-kaarst.de\/cdu-kaarst\/christian-horn-heinemann-bleibt-vorsitzender-der-kaarster-cdu\/"]}]},{"@type":"ImageObject","inLanguage":"en-GB","@id":"https:\/\/cdu-kaarst.de\/cdu-kaarst\/christian-horn-heinemann-bleibt-vorsitzender-der-kaarster-cdu\/#primaryimage","url":"https:\/\/cdu-kaarst.de\/wp-content\/uploads\/cdu-kaarst_gewaesser.jpg","contentUrl":"https:\/\/cdu-kaarst.de\/wp-content\/uploads\/cdu-kaarst_gewaesser.jpg","width":1000,"height":667,"caption":"CDU Kaarst - Kaarst"},{"@type":"BreadcrumbList","@id":"https:\/\/cdu-kaarst.de\/cdu-kaarst\/christian-horn-heinemann-bleibt-vorsitzender-der-kaarster-cdu\/#breadcrumb","itemListElement":[{"@type":"ListItem","position":1,"name":"Startseite","item":"https:\/\/cdu-kaarst.de\/"},{"@type":"ListItem","position":2,"name":"Christian Horn-Heinemann bleibt Vorsitzender der Kaarster CDU"}]},{"@type":"WebSite","@id":"https:\/\/cdu-kaarst.de\/#website","url":"https:\/\/cdu-kaarst.de\/","name":"CDU Kaarst-B\u00fcttgen","description":"living well in Kaarst","publisher":{"@id":"https:\/\/cdu-kaarst.de\/#organization"},"potentialAction":[{"@type":"SearchAction","target":{"@type":"EntryPoint","urlTemplate":"https:\/\/cdu-kaarst.de\/?s={search_term_string}"},"query-input":{"@type":"PropertyValueSpecification","valueRequired":true,"valueName":"search_term_string"}}],"inLanguage":"en-GB"},{"@type":"Organization","@id":"https:\/\/cdu-kaarst.de\/#organization","name":"CDU Kaarst-B\u00fcttgen","url":"https:\/\/cdu-kaarst.de\/","logo":{"@type":"ImageObject","inLanguage":"en-GB","@id":"https:\/\/cdu-kaarst.de\/#\/schema\/logo\/image\/","url":"https:\/\/cdu-kaarst.de\/wp-content\/uploads\/cdu-gesamtlogo.png","contentUrl":"https:\/\/cdu-kaarst.de\/wp-content\/uploads\/cdu-gesamtlogo.png","width":418,"height":120,"caption":"CDU Kaarst-B\u00fcttgen"},"image":{"@id":"https:\/\/cdu-kaarst.de\/#\/schema\/logo\/image\/"}},{"@type":"Person","@id":"https:\/\/cdu-kaarst.de\/#\/schema\/person\/05876a2bd7865609f2946e82cbc73476","name":"@dm1n","sameAs":["http:\/\/cdu-kaarst.de"]}]}},"_links":{"self":[{"href":"https:\/\/cdu-kaarst.de\/en\/wp-json\/wp\/v2\/posts\/4074","targetHints":{"allow":["GET"]}}],"collection":[{"href":"https:\/\/cdu-kaarst.de\/en\/wp-json\/wp\/v2\/posts"}],"about":[{"href":"https:\/\/cdu-kaarst.de\/en\/wp-json\/wp\/v2\/types\/post"}],"author":[{"embeddable":true,"href":"https:\/\/cdu-kaarst.de\/en\/wp-json\/wp\/v2\/users\/1"}],"replies":[{"embeddable":true,"href":"https:\/\/cdu-kaarst.de\/en\/wp-json\/wp\/v2\/comments?post=4074"}],"version-history":[{"count":2,"href":"https:\/\/cdu-kaarst.de\/en\/wp-json\/wp\/v2\/posts\/4074\/revisions"}],"predecessor-version":[{"id":4076,"href":"https:\/\/cdu-kaarst.de\/en\/wp-json\/wp\/v2\/posts\/4074\/revisions\/4076"}],"wp:featuredmedia":[{"embeddable":true,"href":"https:\/\/cdu-kaarst.de\/en\/wp-json\/wp\/v2\/media\/1118"}],"wp:attachment":[{"href":"https:\/\/cdu-kaarst.de\/en\/wp-json\/wp\/v2\/media?parent=4074"}],"wp:term":[{"taxonomy":"category","embeddable":true,"href":"https:\/\/cdu-kaarst.de\/en\/wp-json\/wp\/v2\/categories?post=4074"},{"taxonomy":"post_tag","embeddable":true,"href":"https:\/\/cdu-kaarst.de\/en\/wp-json\/wp\/v2\/tags?post=4074"}],"curies":[{"name":"wp","href":"https:\/\/api.w.org\/{rel}","templated":true}]}}