{"id":4109,"date":"2024-08-26T09:43:36","date_gmt":"2024-08-26T07:43:36","guid":{"rendered":"https:\/\/cdu-kaarst.de\/?p=4109"},"modified":"2024-09-09T10:42:40","modified_gmt":"2024-09-09T08:42:40","slug":"cdu-bezieht-stellung","status":"publish","type":"post","link":"https:\/\/cdu-kaarst.de\/en\/cdu-kaarst\/cdu-bezieht-stellung\/","title":{"rendered":"CDU takes a stand"},"content":{"rendered":"<p><strong>We all mourn the victims in Solingen and our thoughts are with their families.<\/strong> Incidents of this kind are unsettling and terror must be punished severely and relentlessly.<\/p>\n<p>Despite all the safety precautions, we cannot protect ourselves 100%. But as Henrik W\u00fcst said at the weekend: We are protecting ourselves in NRW and also in Kaarst <strong>our freedom to come together and celebrate together<\/strong>. For all major celebrations and events <strong>Safety concepts must be drawn up in Kaarst<\/strong> and the current situation will certainly focus even more attention on this. But it is also <strong>the task of us all<\/strong>to be attentive and report any incidents that make us feel insecure.<\/p>","protected":false},"excerpt":{"rendered":"<p>Wir alle trauern um die Opfer in Solingen und sind in Gedanken bei den Angeh\u00f6rigen. Vorf\u00e4lle dieser Art verunsichern und Terror muss streng und unnachgiebig geahndet werden. Wir k\u00f6nnen uns trotz aller Sicherheitsvorkehrungen nicht zu 100% sch\u00fctzen. Aber wie Henrik W\u00fcst am Wochenende formulierte: Wir bewahren uns in NRW und auch in Kaarst unsere Freiheit [&hellip;]<\/p>\n","protected":false},"author":6,"featured_media":4110,"comment_status":"closed","ping_status":"closed","sticky":false,"template":"","format":"standard","meta":{"footnotes":""},"categories":[23],"tags":[87,90,88,89],"class_list":["post-4109","post","type-post","status-publish","format-standard","has-post-thumbnail","hentry","category-cdu-kaarst","tag-opfer-solingen","tag-sicherheitskonzepte","tag-solingen","tag-terror"],"yoast_head":"<!-- This site is optimized with the Yoast SEO plugin v27.4 - https:\/\/yoast.com\/product\/yoast-seo-wordpress\/ -->\n<title>CDU bezieht Stellung - CDU Kaarst-B\u00fcttgen<\/title>\n<meta name=\"robots\" content=\"index, follow, max-snippet:-1, max-image-preview:large, max-video-preview:-1\" \/>\n<link rel=\"canonical\" href=\"https:\/\/cdu-kaarst.de\/en\/cdu-kaarst\/cdu-bezieht-stellung\/\" \/>\n<meta property=\"og:locale\" content=\"en_GB\" \/>\n<meta property=\"og:type\" content=\"article\" \/>\n<meta property=\"og:title\" content=\"CDU bezieht Stellung - CDU Kaarst-B\u00fcttgen\" \/>\n<meta property=\"og:description\" content=\"Wir alle trauern um die Opfer in Solingen und sind in Gedanken bei den Angeh\u00f6rigen. Vorf\u00e4lle dieser Art verunsichern und Terror muss streng und unnachgiebig geahndet werden. Wir k\u00f6nnen uns trotz aller Sicherheitsvorkehrungen nicht zu 100% sch\u00fctzen. Aber wie Henrik W\u00fcst am Wochenende formulierte: Wir bewahren uns in NRW und auch in Kaarst unsere Freiheit [&hellip;]\" \/>\n<meta property=\"og:url\" content=\"https:\/\/cdu-kaarst.de\/en\/cdu-kaarst\/cdu-bezieht-stellung\/\" \/>\n<meta property=\"og:site_name\" content=\"CDU Kaarst-B\u00fcttgen\" \/>\n<meta property=\"article:published_time\" content=\"2024-08-26T07:43:36+00:00\" \/>\n<meta property=\"article:modified_time\" content=\"2024-09-09T08:42:40+00:00\" \/>\n<meta property=\"og:image\" content=\"https:\/\/cdu-kaarst.de\/wp-content\/uploads\/cdu-trauert-solingen-0824.jpg\" \/>\n\t<meta property=\"og:image:width\" content=\"1440\" \/>\n\t<meta property=\"og:image:height\" content=\"1440\" \/>\n\t<meta property=\"og:image:type\" content=\"image\/jpeg\" \/>\n<meta name=\"author\" content=\"CDU Kaarst\" \/>\n<meta name=\"twitter:card\" content=\"summary_large_image\" \/>\n<meta name=\"twitter:label1\" content=\"Written by\" \/>\n\t<meta name=\"twitter:data1\" content=\"CDU Kaarst\" \/>\n\t<meta name=\"twitter:label2\" content=\"Estimated reading time\" \/>\n\t<meta name=\"twitter:data2\" content=\"1 minute\" \/>\n<script type=\"application\/ld+json\" class=\"yoast-schema-graph\">{\"@context\":\"https:\\\/\\\/schema.org\",\"@graph\":[{\"@type\":\"Article\",\"@id\":\"https:\\\/\\\/cdu-kaarst.de\\\/cdu-kaarst\\\/cdu-bezieht-stellung\\\/#article\",\"isPartOf\":{\"@id\":\"https:\\\/\\\/cdu-kaarst.de\\\/cdu-kaarst\\\/cdu-bezieht-stellung\\\/\"},\"author\":{\"name\":\"CDU Kaarst\",\"@id\":\"https:\\\/\\\/cdu-kaarst.de\\\/#\\\/schema\\\/person\\\/c92673bc9910fd1ccfa0c94aa41c3d63\"},\"headline\":\"CDU bezieht Stellung\",\"datePublished\":\"2024-08-26T07:43:36+00:00\",\"dateModified\":\"2024-09-09T08:42:40+00:00\",\"mainEntityOfPage\":{\"@id\":\"https:\\\/\\\/cdu-kaarst.de\\\/cdu-kaarst\\\/cdu-bezieht-stellung\\\/\"},\"wordCount\":115,\"publisher\":{\"@id\":\"https:\\\/\\\/cdu-kaarst.de\\\/#organization\"},\"image\":{\"@id\":\"https:\\\/\\\/cdu-kaarst.de\\\/cdu-kaarst\\\/cdu-bezieht-stellung\\\/#primaryimage\"},\"thumbnailUrl\":\"https:\\\/\\\/cdu-kaarst.de\\\/wp-content\\\/uploads\\\/cdu-trauert-solingen-0824.jpg\",\"keywords\":[\"Opfer Solingen\",\"Sicherheitskonzepte\",\"Solingen\",\"Terror\"],\"articleSection\":[\"CDU Kaarst\"],\"inLanguage\":\"en-GB\"},{\"@type\":\"WebPage\",\"@id\":\"https:\\\/\\\/cdu-kaarst.de\\\/cdu-kaarst\\\/cdu-bezieht-stellung\\\/\",\"url\":\"https:\\\/\\\/cdu-kaarst.de\\\/cdu-kaarst\\\/cdu-bezieht-stellung\\\/\",\"name\":\"CDU bezieht Stellung - CDU Kaarst-B\u00fcttgen\",\"isPartOf\":{\"@id\":\"https:\\\/\\\/cdu-kaarst.de\\\/#website\"},\"primaryImageOfPage\":{\"@id\":\"https:\\\/\\\/cdu-kaarst.de\\\/cdu-kaarst\\\/cdu-bezieht-stellung\\\/#primaryimage\"},\"image\":{\"@id\":\"https:\\\/\\\/cdu-kaarst.de\\\/cdu-kaarst\\\/cdu-bezieht-stellung\\\/#primaryimage\"},\"thumbnailUrl\":\"https:\\\/\\\/cdu-kaarst.de\\\/wp-content\\\/uploads\\\/cdu-trauert-solingen-0824.jpg\",\"datePublished\":\"2024-08-26T07:43:36+00:00\",\"dateModified\":\"2024-09-09T08:42:40+00:00\",\"breadcrumb\":{\"@id\":\"https:\\\/\\\/cdu-kaarst.de\\\/cdu-kaarst\\\/cdu-bezieht-stellung\\\/#breadcrumb\"},\"inLanguage\":\"en-GB\",\"potentialAction\":[{\"@type\":\"ReadAction\",\"target\":[\"https:\\\/\\\/cdu-kaarst.de\\\/cdu-kaarst\\\/cdu-bezieht-stellung\\\/\"]}]},{\"@type\":\"ImageObject\",\"inLanguage\":\"en-GB\",\"@id\":\"https:\\\/\\\/cdu-kaarst.de\\\/cdu-kaarst\\\/cdu-bezieht-stellung\\\/#primaryimage\",\"url\":\"https:\\\/\\\/cdu-kaarst.de\\\/wp-content\\\/uploads\\\/cdu-trauert-solingen-0824.jpg\",\"contentUrl\":\"https:\\\/\\\/cdu-kaarst.de\\\/wp-content\\\/uploads\\\/cdu-trauert-solingen-0824.jpg\",\"width\":1440,\"height\":1440},{\"@type\":\"BreadcrumbList\",\"@id\":\"https:\\\/\\\/cdu-kaarst.de\\\/cdu-kaarst\\\/cdu-bezieht-stellung\\\/#breadcrumb\",\"itemListElement\":[{\"@type\":\"ListItem\",\"position\":1,\"name\":\"Startseite\",\"item\":\"https:\\\/\\\/cdu-kaarst.de\\\/\"},{\"@type\":\"ListItem\",\"position\":2,\"name\":\"CDU bezieht Stellung\"}]},{\"@type\":\"WebSite\",\"@id\":\"https:\\\/\\\/cdu-kaarst.de\\\/#website\",\"url\":\"https:\\\/\\\/cdu-kaarst.de\\\/\",\"name\":\"CDU Kaarst-B\u00fcttgen\",\"description\":\"gut Leben in Kaarst\",\"publisher\":{\"@id\":\"https:\\\/\\\/cdu-kaarst.de\\\/#organization\"},\"potentialAction\":[{\"@type\":\"SearchAction\",\"target\":{\"@type\":\"EntryPoint\",\"urlTemplate\":\"https:\\\/\\\/cdu-kaarst.de\\\/?s={search_term_string}\"},\"query-input\":{\"@type\":\"PropertyValueSpecification\",\"valueRequired\":true,\"valueName\":\"search_term_string\"}}],\"inLanguage\":\"en-GB\"},{\"@type\":\"Organization\",\"@id\":\"https:\\\/\\\/cdu-kaarst.de\\\/#organization\",\"name\":\"CDU Kaarst-B\u00fcttgen\",\"url\":\"https:\\\/\\\/cdu-kaarst.de\\\/\",\"logo\":{\"@type\":\"ImageObject\",\"inLanguage\":\"en-GB\",\"@id\":\"https:\\\/\\\/cdu-kaarst.de\\\/#\\\/schema\\\/logo\\\/image\\\/\",\"url\":\"https:\\\/\\\/cdu-kaarst.de\\\/wp-content\\\/uploads\\\/cdu-gesamtlogo.png\",\"contentUrl\":\"https:\\\/\\\/cdu-kaarst.de\\\/wp-content\\\/uploads\\\/cdu-gesamtlogo.png\",\"width\":418,\"height\":120,\"caption\":\"CDU Kaarst-B\u00fcttgen\"},\"image\":{\"@id\":\"https:\\\/\\\/cdu-kaarst.de\\\/#\\\/schema\\\/logo\\\/image\\\/\"}},{\"@type\":\"Person\",\"@id\":\"https:\\\/\\\/cdu-kaarst.de\\\/#\\\/schema\\\/person\\\/c92673bc9910fd1ccfa0c94aa41c3d63\",\"name\":\"CDU Kaarst\"}]}<\/script>\n<!-- \/ Yoast SEO plugin. -->","yoast_head_json":{"title":"CDU takes a stand - CDU Kaarst-B\u00fcttgen","robots":{"index":"index","follow":"follow","max-snippet":"max-snippet:-1","max-image-preview":"max-image-preview:large","max-video-preview":"max-video-preview:-1"},"canonical":"https:\/\/cdu-kaarst.de\/en\/cdu-kaarst\/cdu-bezieht-stellung\/","og_locale":"en_GB","og_type":"article","og_title":"CDU bezieht Stellung - CDU Kaarst-B\u00fcttgen","og_description":"Wir alle trauern um die Opfer in Solingen und sind in Gedanken bei den Angeh\u00f6rigen. Vorf\u00e4lle dieser Art verunsichern und Terror muss streng und unnachgiebig geahndet werden. Wir k\u00f6nnen uns trotz aller Sicherheitsvorkehrungen nicht zu 100% sch\u00fctzen. Aber wie Henrik W\u00fcst am Wochenende formulierte: Wir bewahren uns in NRW und auch in Kaarst unsere Freiheit [&hellip;]","og_url":"https:\/\/cdu-kaarst.de\/en\/cdu-kaarst\/cdu-bezieht-stellung\/","og_site_name":"CDU Kaarst-B\u00fcttgen","article_published_time":"2024-08-26T07:43:36+00:00","article_modified_time":"2024-09-09T08:42:40+00:00","og_image":[{"width":1440,"height":1440,"url":"https:\/\/cdu-kaarst.de\/wp-content\/uploads\/cdu-trauert-solingen-0824.jpg","type":"image\/jpeg"}],"author":"CDU Kaarst","twitter_card":"summary_large_image","twitter_misc":{"Written by":"CDU Kaarst","Estimated reading time":"1 minute"},"schema":{"@context":"https:\/\/schema.org","@graph":[{"@type":"Article","@id":"https:\/\/cdu-kaarst.de\/cdu-kaarst\/cdu-bezieht-stellung\/#article","isPartOf":{"@id":"https:\/\/cdu-kaarst.de\/cdu-kaarst\/cdu-bezieht-stellung\/"},"author":{"name":"CDU Kaarst","@id":"https:\/\/cdu-kaarst.de\/#\/schema\/person\/c92673bc9910fd1ccfa0c94aa41c3d63"},"headline":"CDU bezieht Stellung","datePublished":"2024-08-26T07:43:36+00:00","dateModified":"2024-09-09T08:42:40+00:00","mainEntityOfPage":{"@id":"https:\/\/cdu-kaarst.de\/cdu-kaarst\/cdu-bezieht-stellung\/"},"wordCount":115,"publisher":{"@id":"https:\/\/cdu-kaarst.de\/#organization"},"image":{"@id":"https:\/\/cdu-kaarst.de\/cdu-kaarst\/cdu-bezieht-stellung\/#primaryimage"},"thumbnailUrl":"https:\/\/cdu-kaarst.de\/wp-content\/uploads\/cdu-trauert-solingen-0824.jpg","keywords":["Opfer Solingen","Sicherheitskonzepte","Solingen","Terror"],"articleSection":["CDU Kaarst"],"inLanguage":"en-GB"},{"@type":"WebPage","@id":"https:\/\/cdu-kaarst.de\/cdu-kaarst\/cdu-bezieht-stellung\/","url":"https:\/\/cdu-kaarst.de\/cdu-kaarst\/cdu-bezieht-stellung\/","name":"CDU takes a stand - CDU Kaarst-B\u00fcttgen","isPartOf":{"@id":"https:\/\/cdu-kaarst.de\/#website"},"primaryImageOfPage":{"@id":"https:\/\/cdu-kaarst.de\/cdu-kaarst\/cdu-bezieht-stellung\/#primaryimage"},"image":{"@id":"https:\/\/cdu-kaarst.de\/cdu-kaarst\/cdu-bezieht-stellung\/#primaryimage"},"thumbnailUrl":"https:\/\/cdu-kaarst.de\/wp-content\/uploads\/cdu-trauert-solingen-0824.jpg","datePublished":"2024-08-26T07:43:36+00:00","dateModified":"2024-09-09T08:42:40+00:00","breadcrumb":{"@id":"https:\/\/cdu-kaarst.de\/cdu-kaarst\/cdu-bezieht-stellung\/#breadcrumb"},"inLanguage":"en-GB","potentialAction":[{"@type":"ReadAction","target":["https:\/\/cdu-kaarst.de\/cdu-kaarst\/cdu-bezieht-stellung\/"]}]},{"@type":"ImageObject","inLanguage":"en-GB","@id":"https:\/\/cdu-kaarst.de\/cdu-kaarst\/cdu-bezieht-stellung\/#primaryimage","url":"https:\/\/cdu-kaarst.de\/wp-content\/uploads\/cdu-trauert-solingen-0824.jpg","contentUrl":"https:\/\/cdu-kaarst.de\/wp-content\/uploads\/cdu-trauert-solingen-0824.jpg","width":1440,"height":1440},{"@type":"BreadcrumbList","@id":"https:\/\/cdu-kaarst.de\/cdu-kaarst\/cdu-bezieht-stellung\/#breadcrumb","itemListElement":[{"@type":"ListItem","position":1,"name":"Startseite","item":"https:\/\/cdu-kaarst.de\/"},{"@type":"ListItem","position":2,"name":"CDU bezieht Stellung"}]},{"@type":"WebSite","@id":"https:\/\/cdu-kaarst.de\/#website","url":"https:\/\/cdu-kaarst.de\/","name":"CDU Kaarst-B\u00fcttgen","description":"living well in Kaarst","publisher":{"@id":"https:\/\/cdu-kaarst.de\/#organization"},"potentialAction":[{"@type":"SearchAction","target":{"@type":"EntryPoint","urlTemplate":"https:\/\/cdu-kaarst.de\/?s={search_term_string}"},"query-input":{"@type":"PropertyValueSpecification","valueRequired":true,"valueName":"search_term_string"}}],"inLanguage":"en-GB"},{"@type":"Organization","@id":"https:\/\/cdu-kaarst.de\/#organization","name":"CDU Kaarst-B\u00fcttgen","url":"https:\/\/cdu-kaarst.de\/","logo":{"@type":"ImageObject","inLanguage":"en-GB","@id":"https:\/\/cdu-kaarst.de\/#\/schema\/logo\/image\/","url":"https:\/\/cdu-kaarst.de\/wp-content\/uploads\/cdu-gesamtlogo.png","contentUrl":"https:\/\/cdu-kaarst.de\/wp-content\/uploads\/cdu-gesamtlogo.png","width":418,"height":120,"caption":"CDU Kaarst-B\u00fcttgen"},"image":{"@id":"https:\/\/cdu-kaarst.de\/#\/schema\/logo\/image\/"}},{"@type":"Person","@id":"https:\/\/cdu-kaarst.de\/#\/schema\/person\/c92673bc9910fd1ccfa0c94aa41c3d63","name":"CDU Kaarst"}]}},"_links":{"self":[{"href":"https:\/\/cdu-kaarst.de\/en\/wp-json\/wp\/v2\/posts\/4109","targetHints":{"allow":["GET"]}}],"collection":[{"href":"https:\/\/cdu-kaarst.de\/en\/wp-json\/wp\/v2\/posts"}],"about":[{"href":"https:\/\/cdu-kaarst.de\/en\/wp-json\/wp\/v2\/types\/post"}],"author":[{"embeddable":true,"href":"https:\/\/cdu-kaarst.de\/en\/wp-json\/wp\/v2\/users\/6"}],"replies":[{"embeddable":true,"href":"https:\/\/cdu-kaarst.de\/en\/wp-json\/wp\/v2\/comments?post=4109"}],"version-history":[{"count":4,"href":"https:\/\/cdu-kaarst.de\/en\/wp-json\/wp\/v2\/posts\/4109\/revisions"}],"predecessor-version":[{"id":4114,"href":"https:\/\/cdu-kaarst.de\/en\/wp-json\/wp\/v2\/posts\/4109\/revisions\/4114"}],"wp:featuredmedia":[{"embeddable":true,"href":"https:\/\/cdu-kaarst.de\/en\/wp-json\/wp\/v2\/media\/4110"}],"wp:attachment":[{"href":"https:\/\/cdu-kaarst.de\/en\/wp-json\/wp\/v2\/media?parent=4109"}],"wp:term":[{"taxonomy":"category","embeddable":true,"href":"https:\/\/cdu-kaarst.de\/en\/wp-json\/wp\/v2\/categories?post=4109"},{"taxonomy":"post_tag","embeddable":true,"href":"https:\/\/cdu-kaarst.de\/en\/wp-json\/wp\/v2\/tags?post=4109"}],"curies":[{"name":"wp","href":"https:\/\/api.w.org\/{rel}","templated":true}]}}