{"id":4128,"date":"2024-08-27T14:28:51","date_gmt":"2024-08-27T12:28:51","guid":{"rendered":"https:\/\/cdu-kaarst.de\/?p=4128"},"modified":"2024-09-09T10:42:39","modified_gmt":"2024-09-09T08:42:39","slug":"bau-und-planungsausschuss-beschliesst-ortsteilentwicklungskonzept-vorst","status":"publish","type":"post","link":"https:\/\/cdu-kaarst.de\/en\/ortsverband-buettgen\/bau-und-planungsausschuss-beschliesst-ortsteilentwicklungskonzept-vorst\/","title":{"rendered":"Building and planning committee approves Vorst neighbourhood development concept"},"content":{"rendered":"<p><strong>CDU pushes through significant additions and improvements in the interests of citizens.<\/strong><\/p>\n<p>On 21.08.24, the Building and Planning Committee approved the <strong>Final version of the Vorst neighbourhood development concept (OEK) adopted<\/strong> as a future guideline for the development of the town.<\/p>\n<p>The <strong>OEK Vorst is already in the CDU's 2020 election programme<\/strong> and has now been finalised following extensive public participation in the form of district walks, a citizens' forum and a citizens' meeting organised by the CDU.<\/p>\n<p>The<strong> CDU was important right from the start<\/strong> to achieve a stronger emphasis on a parallel adaptation of the infrastructure (transport, school\/daycare centre), the social aspects of village coexistence (housing for older citizens, social meeting places) and only moderate building development compared to the original proposals of the city administration. This was supported not least by numerous responses from residents to the Vorst CDU councillors <a href=\"https:\/\/cdu-kaarst.de\/en\/personen\/hans-gerd-schievink\/\">Hans-Gerd Schievink<\/a> and <a href=\"https:\/\/cdu-kaarst.de\/en\/personen\/dr-klaus-gerdes\/\">Dr Klaus Gerdes<\/a>.<\/p>\n<p>Specifically, we have opted for the <strong>Examination of a structural development on Vorster Stra\u00dfe plus Kaninchenskamp<\/strong> (here with a focus on the possibilities for senior-friendly housing), the parallel expansion of daycare and school capacities through the construction of a new daycare centre and the conversion of Vorst primary school, measures for the further development of the town centre at Eustachiusplatz and Antoniusplatz in front of the church and finally the implementation of traffic structuring measures from the mobility concept.<\/p>\n<p>We will provide the citizens of Vorst with an overview of the resolutions and further planning in a meeting to be scheduled in detail. <strong>Citizens' meeting in November<\/strong> give.<\/p>\n<p><strong>We believe that forward-looking planning with the involvement of local residents BEFORE the start of construction can be a blueprint for urban development in Kaarst.<\/strong><\/p>","protected":false},"excerpt":{"rendered":"<p>CDU\u00a0setzt wesentliche Erg\u00e4nzungen und Verbesserungen im Sinne der B\u00fcrger durch. Am 21.08.24 hat der Bau- und Planungsausschuss die endg\u00fcltige Fassung des Ortsteilentwicklungskonzeptes (OEK) Vorst beschlossen als zuk\u00fcnftige Leitlinie zur Entwicklung des Ortes. Das OEK Vorst ist bereits im Wahlprogramm der CDU 2020 zu finden und wurde jetzt, auch nach ausf\u00fchrlicher B\u00fcrgerbeteiligung mittels Ortsteilspazierg\u00e4ngen, B\u00fcrgerforum und [&hellip;]<\/p>\n","protected":false},"author":6,"featured_media":4130,"comment_status":"closed","ping_status":"closed","sticky":false,"template":"","format":"standard","meta":{"footnotes":""},"categories":[84],"tags":[93,91,92],"class_list":["post-4128","post","type-post","status-publish","format-standard","has-post-thumbnail","hentry","category-ortsverband-buettgen","tag-buergerversammlung","tag-ortsteilentwicklung","tag-vorst"],"yoast_head":"<!-- This site is optimized with the Yoast SEO plugin v27.4 - https:\/\/yoast.com\/product\/yoast-seo-wordpress\/ -->\n<title>Ortsteilentwicklungskonzept Vorst<\/title>\n<meta name=\"description\" content=\"Bau und Planungsausschuss beschlie\u00dft Ortsteilentwicklungskonzept Vorst. CDU\u00a0setzt wesentliche Erg\u00e4nzungen und Verbesserungen im Sinne der B\u00fcrger durch.\" \/>\n<meta name=\"robots\" content=\"index, follow, max-snippet:-1, max-image-preview:large, max-video-preview:-1\" \/>\n<link rel=\"canonical\" href=\"https:\/\/cdu-kaarst.de\/en\/ortsverband-buettgen\/bau-und-planungsausschuss-beschliesst-ortsteilentwicklungskonzept-vorst\/\" \/>\n<meta property=\"og:locale\" content=\"en_GB\" \/>\n<meta property=\"og:type\" content=\"article\" \/>\n<meta property=\"og:title\" content=\"Ortsteilentwicklungskonzept Vorst\" \/>\n<meta property=\"og:description\" content=\"Bau und Planungsausschuss beschlie\u00dft Ortsteilentwicklungskonzept Vorst. CDU\u00a0setzt wesentliche Erg\u00e4nzungen und Verbesserungen im Sinne der B\u00fcrger durch.\" \/>\n<meta property=\"og:url\" content=\"https:\/\/cdu-kaarst.de\/en\/ortsverband-buettgen\/bau-und-planungsausschuss-beschliesst-ortsteilentwicklungskonzept-vorst\/\" \/>\n<meta property=\"og:site_name\" content=\"CDU Kaarst-B\u00fcttgen\" \/>\n<meta property=\"article:published_time\" content=\"2024-08-27T12:28:51+00:00\" \/>\n<meta property=\"article:modified_time\" content=\"2024-09-09T08:42:39+00:00\" \/>\n<meta property=\"og:image\" content=\"https:\/\/cdu-kaarst.de\/wp-content\/uploads\/cdu-news-oek-vorst.jpg\" \/>\n\t<meta property=\"og:image:width\" content=\"1000\" \/>\n\t<meta property=\"og:image:height\" content=\"667\" \/>\n\t<meta property=\"og:image:type\" content=\"image\/jpeg\" \/>\n<meta name=\"author\" content=\"CDU Kaarst\" \/>\n<meta name=\"twitter:card\" content=\"summary_large_image\" \/>\n<meta name=\"twitter:label1\" content=\"Written by\" \/>\n\t<meta name=\"twitter:data1\" content=\"CDU Kaarst\" \/>\n\t<meta name=\"twitter:label2\" content=\"Estimated reading time\" \/>\n\t<meta name=\"twitter:data2\" content=\"2 minutes\" \/>\n<script type=\"application\/ld+json\" class=\"yoast-schema-graph\">{\"@context\":\"https:\\\/\\\/schema.org\",\"@graph\":[{\"@type\":\"Article\",\"@id\":\"https:\\\/\\\/cdu-kaarst.de\\\/ortsverband-buettgen\\\/bau-und-planungsausschuss-beschliesst-ortsteilentwicklungskonzept-vorst\\\/#article\",\"isPartOf\":{\"@id\":\"https:\\\/\\\/cdu-kaarst.de\\\/ortsverband-buettgen\\\/bau-und-planungsausschuss-beschliesst-ortsteilentwicklungskonzept-vorst\\\/\"},\"author\":{\"name\":\"CDU Kaarst\",\"@id\":\"https:\\\/\\\/cdu-kaarst.de\\\/#\\\/schema\\\/person\\\/c92673bc9910fd1ccfa0c94aa41c3d63\"},\"headline\":\"Bau und Planungsausschuss beschlie\u00dft Ortsteil&shy;entwicklungs&shy;konzept Vorst\",\"datePublished\":\"2024-08-27T12:28:51+00:00\",\"dateModified\":\"2024-09-09T08:42:39+00:00\",\"mainEntityOfPage\":{\"@id\":\"https:\\\/\\\/cdu-kaarst.de\\\/ortsverband-buettgen\\\/bau-und-planungsausschuss-beschliesst-ortsteilentwicklungskonzept-vorst\\\/\"},\"wordCount\":280,\"publisher\":{\"@id\":\"https:\\\/\\\/cdu-kaarst.de\\\/#organization\"},\"image\":{\"@id\":\"https:\\\/\\\/cdu-kaarst.de\\\/ortsverband-buettgen\\\/bau-und-planungsausschuss-beschliesst-ortsteilentwicklungskonzept-vorst\\\/#primaryimage\"},\"thumbnailUrl\":\"https:\\\/\\\/cdu-kaarst.de\\\/wp-content\\\/uploads\\\/cdu-news-oek-vorst.jpg\",\"keywords\":[\"B\u00fcrgerversammlung\",\"Ortsteilentwicklung\",\"Vorst\"],\"articleSection\":[\"Ortsverband B\u00fcttgen\"],\"inLanguage\":\"en-GB\"},{\"@type\":\"WebPage\",\"@id\":\"https:\\\/\\\/cdu-kaarst.de\\\/ortsverband-buettgen\\\/bau-und-planungsausschuss-beschliesst-ortsteilentwicklungskonzept-vorst\\\/\",\"url\":\"https:\\\/\\\/cdu-kaarst.de\\\/ortsverband-buettgen\\\/bau-und-planungsausschuss-beschliesst-ortsteilentwicklungskonzept-vorst\\\/\",\"name\":\"Ortsteilentwicklungskonzept Vorst\",\"isPartOf\":{\"@id\":\"https:\\\/\\\/cdu-kaarst.de\\\/#website\"},\"primaryImageOfPage\":{\"@id\":\"https:\\\/\\\/cdu-kaarst.de\\\/ortsverband-buettgen\\\/bau-und-planungsausschuss-beschliesst-ortsteilentwicklungskonzept-vorst\\\/#primaryimage\"},\"image\":{\"@id\":\"https:\\\/\\\/cdu-kaarst.de\\\/ortsverband-buettgen\\\/bau-und-planungsausschuss-beschliesst-ortsteilentwicklungskonzept-vorst\\\/#primaryimage\"},\"thumbnailUrl\":\"https:\\\/\\\/cdu-kaarst.de\\\/wp-content\\\/uploads\\\/cdu-news-oek-vorst.jpg\",\"datePublished\":\"2024-08-27T12:28:51+00:00\",\"dateModified\":\"2024-09-09T08:42:39+00:00\",\"description\":\"Bau und Planungsausschuss beschlie\u00dft Ortsteilentwicklungskonzept Vorst. CDU\u00a0setzt wesentliche Erg\u00e4nzungen und Verbesserungen im Sinne der B\u00fcrger durch.\",\"breadcrumb\":{\"@id\":\"https:\\\/\\\/cdu-kaarst.de\\\/ortsverband-buettgen\\\/bau-und-planungsausschuss-beschliesst-ortsteilentwicklungskonzept-vorst\\\/#breadcrumb\"},\"inLanguage\":\"en-GB\",\"potentialAction\":[{\"@type\":\"ReadAction\",\"target\":[\"https:\\\/\\\/cdu-kaarst.de\\\/ortsverband-buettgen\\\/bau-und-planungsausschuss-beschliesst-ortsteilentwicklungskonzept-vorst\\\/\"]}]},{\"@type\":\"ImageObject\",\"inLanguage\":\"en-GB\",\"@id\":\"https:\\\/\\\/cdu-kaarst.de\\\/ortsverband-buettgen\\\/bau-und-planungsausschuss-beschliesst-ortsteilentwicklungskonzept-vorst\\\/#primaryimage\",\"url\":\"https:\\\/\\\/cdu-kaarst.de\\\/wp-content\\\/uploads\\\/cdu-news-oek-vorst.jpg\",\"contentUrl\":\"https:\\\/\\\/cdu-kaarst.de\\\/wp-content\\\/uploads\\\/cdu-news-oek-vorst.jpg\",\"width\":1000,\"height\":667},{\"@type\":\"BreadcrumbList\",\"@id\":\"https:\\\/\\\/cdu-kaarst.de\\\/ortsverband-buettgen\\\/bau-und-planungsausschuss-beschliesst-ortsteilentwicklungskonzept-vorst\\\/#breadcrumb\",\"itemListElement\":[{\"@type\":\"ListItem\",\"position\":1,\"name\":\"Startseite\",\"item\":\"https:\\\/\\\/cdu-kaarst.de\\\/\"},{\"@type\":\"ListItem\",\"position\":2,\"name\":\"Bau und Planungsausschuss beschlie\u00dft Ortsteil&shy;entwicklungs&shy;konzept Vorst\"}]},{\"@type\":\"WebSite\",\"@id\":\"https:\\\/\\\/cdu-kaarst.de\\\/#website\",\"url\":\"https:\\\/\\\/cdu-kaarst.de\\\/\",\"name\":\"CDU Kaarst-B\u00fcttgen\",\"description\":\"gut Leben in Kaarst\",\"publisher\":{\"@id\":\"https:\\\/\\\/cdu-kaarst.de\\\/#organization\"},\"potentialAction\":[{\"@type\":\"SearchAction\",\"target\":{\"@type\":\"EntryPoint\",\"urlTemplate\":\"https:\\\/\\\/cdu-kaarst.de\\\/?s={search_term_string}\"},\"query-input\":{\"@type\":\"PropertyValueSpecification\",\"valueRequired\":true,\"valueName\":\"search_term_string\"}}],\"inLanguage\":\"en-GB\"},{\"@type\":\"Organization\",\"@id\":\"https:\\\/\\\/cdu-kaarst.de\\\/#organization\",\"name\":\"CDU Kaarst-B\u00fcttgen\",\"url\":\"https:\\\/\\\/cdu-kaarst.de\\\/\",\"logo\":{\"@type\":\"ImageObject\",\"inLanguage\":\"en-GB\",\"@id\":\"https:\\\/\\\/cdu-kaarst.de\\\/#\\\/schema\\\/logo\\\/image\\\/\",\"url\":\"https:\\\/\\\/cdu-kaarst.de\\\/wp-content\\\/uploads\\\/cdu-gesamtlogo.png\",\"contentUrl\":\"https:\\\/\\\/cdu-kaarst.de\\\/wp-content\\\/uploads\\\/cdu-gesamtlogo.png\",\"width\":418,\"height\":120,\"caption\":\"CDU Kaarst-B\u00fcttgen\"},\"image\":{\"@id\":\"https:\\\/\\\/cdu-kaarst.de\\\/#\\\/schema\\\/logo\\\/image\\\/\"}},{\"@type\":\"Person\",\"@id\":\"https:\\\/\\\/cdu-kaarst.de\\\/#\\\/schema\\\/person\\\/c92673bc9910fd1ccfa0c94aa41c3d63\",\"name\":\"CDU Kaarst\"}]}<\/script>\n<!-- \/ Yoast SEO plugin. -->","yoast_head_json":{"title":"Vorst neighbourhood development concept","description":"Building and planning committee approves Vorst neighbourhood development concept. CDU pushes through key additions and improvements in the interests of the residents.","robots":{"index":"index","follow":"follow","max-snippet":"max-snippet:-1","max-image-preview":"max-image-preview:large","max-video-preview":"max-video-preview:-1"},"canonical":"https:\/\/cdu-kaarst.de\/en\/ortsverband-buettgen\/bau-und-planungsausschuss-beschliesst-ortsteilentwicklungskonzept-vorst\/","og_locale":"en_GB","og_type":"article","og_title":"Ortsteilentwicklungskonzept Vorst","og_description":"Bau und Planungsausschuss beschlie\u00dft Ortsteilentwicklungskonzept Vorst. CDU\u00a0setzt wesentliche Erg\u00e4nzungen und Verbesserungen im Sinne der B\u00fcrger durch.","og_url":"https:\/\/cdu-kaarst.de\/en\/ortsverband-buettgen\/bau-und-planungsausschuss-beschliesst-ortsteilentwicklungskonzept-vorst\/","og_site_name":"CDU Kaarst-B\u00fcttgen","article_published_time":"2024-08-27T12:28:51+00:00","article_modified_time":"2024-09-09T08:42:39+00:00","og_image":[{"width":1000,"height":667,"url":"https:\/\/cdu-kaarst.de\/wp-content\/uploads\/cdu-news-oek-vorst.jpg","type":"image\/jpeg"}],"author":"CDU Kaarst","twitter_card":"summary_large_image","twitter_misc":{"Written by":"CDU Kaarst","Estimated reading time":"2 minutes"},"schema":{"@context":"https:\/\/schema.org","@graph":[{"@type":"Article","@id":"https:\/\/cdu-kaarst.de\/ortsverband-buettgen\/bau-und-planungsausschuss-beschliesst-ortsteilentwicklungskonzept-vorst\/#article","isPartOf":{"@id":"https:\/\/cdu-kaarst.de\/ortsverband-buettgen\/bau-und-planungsausschuss-beschliesst-ortsteilentwicklungskonzept-vorst\/"},"author":{"name":"CDU Kaarst","@id":"https:\/\/cdu-kaarst.de\/#\/schema\/person\/c92673bc9910fd1ccfa0c94aa41c3d63"},"headline":"Bau und Planungsausschuss beschlie\u00dft Ortsteil&shy;entwicklungs&shy;konzept Vorst","datePublished":"2024-08-27T12:28:51+00:00","dateModified":"2024-09-09T08:42:39+00:00","mainEntityOfPage":{"@id":"https:\/\/cdu-kaarst.de\/ortsverband-buettgen\/bau-und-planungsausschuss-beschliesst-ortsteilentwicklungskonzept-vorst\/"},"wordCount":280,"publisher":{"@id":"https:\/\/cdu-kaarst.de\/#organization"},"image":{"@id":"https:\/\/cdu-kaarst.de\/ortsverband-buettgen\/bau-und-planungsausschuss-beschliesst-ortsteilentwicklungskonzept-vorst\/#primaryimage"},"thumbnailUrl":"https:\/\/cdu-kaarst.de\/wp-content\/uploads\/cdu-news-oek-vorst.jpg","keywords":["B\u00fcrgerversammlung","Ortsteilentwicklung","Vorst"],"articleSection":["Ortsverband B\u00fcttgen"],"inLanguage":"en-GB"},{"@type":"WebPage","@id":"https:\/\/cdu-kaarst.de\/ortsverband-buettgen\/bau-und-planungsausschuss-beschliesst-ortsteilentwicklungskonzept-vorst\/","url":"https:\/\/cdu-kaarst.de\/ortsverband-buettgen\/bau-und-planungsausschuss-beschliesst-ortsteilentwicklungskonzept-vorst\/","name":"Vorst neighbourhood development concept","isPartOf":{"@id":"https:\/\/cdu-kaarst.de\/#website"},"primaryImageOfPage":{"@id":"https:\/\/cdu-kaarst.de\/ortsverband-buettgen\/bau-und-planungsausschuss-beschliesst-ortsteilentwicklungskonzept-vorst\/#primaryimage"},"image":{"@id":"https:\/\/cdu-kaarst.de\/ortsverband-buettgen\/bau-und-planungsausschuss-beschliesst-ortsteilentwicklungskonzept-vorst\/#primaryimage"},"thumbnailUrl":"https:\/\/cdu-kaarst.de\/wp-content\/uploads\/cdu-news-oek-vorst.jpg","datePublished":"2024-08-27T12:28:51+00:00","dateModified":"2024-09-09T08:42:39+00:00","description":"Building and planning committee approves Vorst neighbourhood development concept. CDU pushes through key additions and improvements in the interests of the residents.","breadcrumb":{"@id":"https:\/\/cdu-kaarst.de\/ortsverband-buettgen\/bau-und-planungsausschuss-beschliesst-ortsteilentwicklungskonzept-vorst\/#breadcrumb"},"inLanguage":"en-GB","potentialAction":[{"@type":"ReadAction","target":["https:\/\/cdu-kaarst.de\/ortsverband-buettgen\/bau-und-planungsausschuss-beschliesst-ortsteilentwicklungskonzept-vorst\/"]}]},{"@type":"ImageObject","inLanguage":"en-GB","@id":"https:\/\/cdu-kaarst.de\/ortsverband-buettgen\/bau-und-planungsausschuss-beschliesst-ortsteilentwicklungskonzept-vorst\/#primaryimage","url":"https:\/\/cdu-kaarst.de\/wp-content\/uploads\/cdu-news-oek-vorst.jpg","contentUrl":"https:\/\/cdu-kaarst.de\/wp-content\/uploads\/cdu-news-oek-vorst.jpg","width":1000,"height":667},{"@type":"BreadcrumbList","@id":"https:\/\/cdu-kaarst.de\/ortsverband-buettgen\/bau-und-planungsausschuss-beschliesst-ortsteilentwicklungskonzept-vorst\/#breadcrumb","itemListElement":[{"@type":"ListItem","position":1,"name":"Startseite","item":"https:\/\/cdu-kaarst.de\/"},{"@type":"ListItem","position":2,"name":"Bau und Planungsausschuss beschlie\u00dft Ortsteil&shy;entwicklungs&shy;konzept Vorst"}]},{"@type":"WebSite","@id":"https:\/\/cdu-kaarst.de\/#website","url":"https:\/\/cdu-kaarst.de\/","name":"CDU Kaarst-B\u00fcttgen","description":"living well in Kaarst","publisher":{"@id":"https:\/\/cdu-kaarst.de\/#organization"},"potentialAction":[{"@type":"SearchAction","target":{"@type":"EntryPoint","urlTemplate":"https:\/\/cdu-kaarst.de\/?s={search_term_string}"},"query-input":{"@type":"PropertyValueSpecification","valueRequired":true,"valueName":"search_term_string"}}],"inLanguage":"en-GB"},{"@type":"Organization","@id":"https:\/\/cdu-kaarst.de\/#organization","name":"CDU Kaarst-B\u00fcttgen","url":"https:\/\/cdu-kaarst.de\/","logo":{"@type":"ImageObject","inLanguage":"en-GB","@id":"https:\/\/cdu-kaarst.de\/#\/schema\/logo\/image\/","url":"https:\/\/cdu-kaarst.de\/wp-content\/uploads\/cdu-gesamtlogo.png","contentUrl":"https:\/\/cdu-kaarst.de\/wp-content\/uploads\/cdu-gesamtlogo.png","width":418,"height":120,"caption":"CDU Kaarst-B\u00fcttgen"},"image":{"@id":"https:\/\/cdu-kaarst.de\/#\/schema\/logo\/image\/"}},{"@type":"Person","@id":"https:\/\/cdu-kaarst.de\/#\/schema\/person\/c92673bc9910fd1ccfa0c94aa41c3d63","name":"CDU Kaarst"}]}},"_links":{"self":[{"href":"https:\/\/cdu-kaarst.de\/en\/wp-json\/wp\/v2\/posts\/4128","targetHints":{"allow":["GET"]}}],"collection":[{"href":"https:\/\/cdu-kaarst.de\/en\/wp-json\/wp\/v2\/posts"}],"about":[{"href":"https:\/\/cdu-kaarst.de\/en\/wp-json\/wp\/v2\/types\/post"}],"author":[{"embeddable":true,"href":"https:\/\/cdu-kaarst.de\/en\/wp-json\/wp\/v2\/users\/6"}],"replies":[{"embeddable":true,"href":"https:\/\/cdu-kaarst.de\/en\/wp-json\/wp\/v2\/comments?post=4128"}],"version-history":[{"count":6,"href":"https:\/\/cdu-kaarst.de\/en\/wp-json\/wp\/v2\/posts\/4128\/revisions"}],"predecessor-version":[{"id":4135,"href":"https:\/\/cdu-kaarst.de\/en\/wp-json\/wp\/v2\/posts\/4128\/revisions\/4135"}],"wp:featuredmedia":[{"embeddable":true,"href":"https:\/\/cdu-kaarst.de\/en\/wp-json\/wp\/v2\/media\/4130"}],"wp:attachment":[{"href":"https:\/\/cdu-kaarst.de\/en\/wp-json\/wp\/v2\/media?parent=4128"}],"wp:term":[{"taxonomy":"category","embeddable":true,"href":"https:\/\/cdu-kaarst.de\/en\/wp-json\/wp\/v2\/categories?post=4128"},{"taxonomy":"post_tag","embeddable":true,"href":"https:\/\/cdu-kaarst.de\/en\/wp-json\/wp\/v2\/tags?post=4128"}],"curies":[{"name":"wp","href":"https:\/\/api.w.org\/{rel}","templated":true}]}}