{"id":4188,"date":"2024-08-30T10:42:16","date_gmt":"2024-08-30T08:42:16","guid":{"rendered":"https:\/\/cdu-kaarst.de\/?p=4188"},"modified":"2024-09-09T10:42:39","modified_gmt":"2024-09-09T08:42:39","slug":"erfreuliche-fortschritte-fuer-holzbuettgen-sanierung-des-bruchwegs-beschlossen","status":"publish","type":"post","link":"https:\/\/cdu-kaarst.de\/en\/cdu-vor-ort\/erfreuliche-fortschritte-fuer-holzbuettgen-sanierung-des-bruchwegs-beschlossen\/","title":{"rendered":"Encouraging progress for Holzb\u00fcttgen: Renovation of the Bruchweg resolved"},"content":{"rendered":"<div data-elementor-type=\"wp-post\" data-elementor-id=\"4188\" class=\"elementor elementor-4188\" data-elementor-post-type=\"post\">\n\t\t\t\t\t\t<section class=\"elementor-section elementor-top-section elementor-element elementor-element-7bd028d elementor-section-boxed elementor-section-height-default elementor-section-height-default\" data-id=\"7bd028d\" data-element_type=\"section\" data-e-type=\"section\" data-settings=\"{&quot;jet_parallax_layout_list&quot;:[]}\">\n\t\t\t\t\t\t<div class=\"elementor-container elementor-column-gap-default\">\n\t\t\t\t\t<div class=\"elementor-column elementor-col-100 elementor-top-column elementor-element elementor-element-2ae5dee9\" data-id=\"2ae5dee9\" data-element_type=\"column\" data-e-type=\"column\">\n\t\t\t<div class=\"elementor-widget-wrap elementor-element-populated\">\n\t\t\t\t\t\t<div class=\"elementor-element elementor-element-665ce2a elementor-widget elementor-widget-text-editor\" data-id=\"665ce2a\" data-element_type=\"widget\" data-e-type=\"widget\" data-widget_type=\"text-editor.default\">\n\t\t\t\t<div class=\"elementor-widget-container\">\n\t\t\t\t\t\t\t\t\t<strong>Things are happening again in Holzb\u00fcttgen!<\/strong> The Finance Committee (WIFDI) recently approved the decision in principle to commence investment in the <strong>Renovation of the sewers in the <a href=\"https:\/\/www.google.com\/maps\/place\/Bruchweg+75,+41564+Kaarst\/@51.2151113,6.6366309,15z\/data=!4m6!3m5!1s0x47b8b391e9110f25:0xeeaee388e5cae71!8m2!3d51.2161194!4d6.6279608!16s%2Fg%2F11c1f3yj73?entry=ttu&amp;g_ep=EgoyMDI0MDgyNy4wIKXMDSoASAFQAw%3D%3D\" target=\"_blank\" rel=\"noopener\">Bruchweg 75 - 98<\/a><\/strong> released. An important step that has been a long time coming and is now finally being tackled.\r\n\r\nThe CDU councillors <a href=\"https:\/\/cdu-kaarst.de\/en\/personen\/burghard-asche\/\">Burghard Asche<\/a> and <a href=\"https:\/\/cdu-kaarst.de\/en\/personen\/christian-horn-heinemann\/\">Christian Horn-Heinemann<\/a> have met in the Mobility Committee and Finance Committee <strong>intensively in favour of a solution to the problem on Bruchweg<\/strong>. Their commitment has paid off: the dilapidated sewerage system is now being comprehensively renovated, and in the course of this <strong>The road surface was also renewed<\/strong>. It is particularly pleasing that the lane narrowing, which serves to separate the residential and commercial areas, will also be included in the construction cycle.\r\n\r\nIn addition, the existing <strong>Bus stop including crossing of the two green strips planned<\/strong> and taken into account in the project. These measures not only ensure better infrastructure, but also contribute to the safety and quality of life of neighbouring residents.\r\n\r\n<strong>We are delighted that progress is now being made in Holzb\u00fcttgen and that these important construction projects are being realised!<\/strong> The CDU remains on the ball to represent the interests of local citizens.\t\t\t\t\t\t\t\t<\/div>\n\t\t\t\t<\/div>\n\t\t\t\t<div class=\"elementor-element elementor-element-26c928f elementor-widget elementor-widget-gallery\" data-id=\"26c928f\" data-element_type=\"widget\" data-e-type=\"widget\" data-settings=\"{&quot;aspect_ratio&quot;:&quot;1:1&quot;,&quot;columns&quot;:2,&quot;lazyload&quot;:&quot;yes&quot;,&quot;gallery_layout&quot;:&quot;grid&quot;,&quot;columns_tablet&quot;:2,&quot;columns_mobile&quot;:1,&quot;gap&quot;:{&quot;unit&quot;:&quot;px&quot;,&quot;size&quot;:10,&quot;sizes&quot;:[]},&quot;gap_tablet&quot;:{&quot;unit&quot;:&quot;px&quot;,&quot;size&quot;:10,&quot;sizes&quot;:[]},&quot;gap_mobile&quot;:{&quot;unit&quot;:&quot;px&quot;,&quot;size&quot;:10,&quot;sizes&quot;:[]},&quot;link_to&quot;:&quot;file&quot;,&quot;overlay_background&quot;:&quot;yes&quot;,&quot;content_hover_animation&quot;:&quot;fade-in&quot;}\" data-widget_type=\"gallery.default\">\n\t\t\t\t<div class=\"elementor-widget-container\">\n\t\t\t\t\t\t\t<div class=\"elementor-gallery__container\">\n\t\t\t\t\t\t\t<a class=\"e-gallery-item elementor-gallery-item elementor-animated-content\" href=\"https:\/\/cdu-kaarst.de\/wp-content\/uploads\/cdu-kaarst-vor-ort-sanierung-02.jpg\" data-elementor-open-lightbox=\"yes\" data-elementor-lightbox-slideshow=\"26c928f\" data-e-action-hash=\"#elementor-action%3Aaction%3Dlightbox%26settings%3DeyJpZCI6NDIwNSwidXJsIjoiaHR0cHM6XC9cL2NkdS1rYWFyc3QuZGVcL3dwLWNvbnRlbnRcL3VwbG9hZHNcL2NkdS1rYWFyc3Qtdm9yLW9ydC1zYW5pZXJ1bmctMDIuanBnIiwic2xpZGVzaG93IjoiMjZjOTI4ZiJ9\">\n\t\t\t\t\t<div class=\"e-gallery-image elementor-gallery-item__image\" data-thumbnail=\"https:\/\/cdu-kaarst.de\/wp-content\/uploads\/cdu-kaarst-vor-ort-sanierung-02-300x300.jpg\" data-width=\"300\" data-height=\"300\" aria-label=\"\" role=\"img\" ><\/div>\n\t\t\t\t\t\t\t\t\t\t\t<div class=\"elementor-gallery-item__overlay\"><\/div>\n\t\t\t\t\t\t\t\t\t\t\t\t\t\t<\/a>\n\t\t\t\t\t\t\t<a class=\"e-gallery-item elementor-gallery-item elementor-animated-content\" href=\"https:\/\/cdu-kaarst.de\/wp-content\/uploads\/cdu-kaarst-vor-ort-sanierung-03.jpg\" data-elementor-open-lightbox=\"yes\" data-elementor-lightbox-slideshow=\"26c928f\" data-e-action-hash=\"#elementor-action%3Aaction%3Dlightbox%26settings%3DeyJpZCI6NDIwNiwidXJsIjoiaHR0cHM6XC9cL2NkdS1rYWFyc3QuZGVcL3dwLWNvbnRlbnRcL3VwbG9hZHNcL2NkdS1rYWFyc3Qtdm9yLW9ydC1zYW5pZXJ1bmctMDMuanBnIiwic2xpZGVzaG93IjoiMjZjOTI4ZiJ9\">\n\t\t\t\t\t<div class=\"e-gallery-image elementor-gallery-item__image\" data-thumbnail=\"https:\/\/cdu-kaarst.de\/wp-content\/uploads\/cdu-kaarst-vor-ort-sanierung-03-300x300.jpg\" data-width=\"300\" data-height=\"300\" aria-label=\"\" role=\"img\" ><\/div>\n\t\t\t\t\t\t\t\t\t\t\t<div class=\"elementor-gallery-item__overlay\"><\/div>\n\t\t\t\t\t\t\t\t\t\t\t\t\t\t<\/a>\n\t\t\t\t\t<\/div>\n\t\t\t\t\t<\/div>\n\t\t\t\t<\/div>\n\t\t\t\t\t<\/div>\n\t\t<\/div>\n\t\t\t\t\t<\/div>\n\t\t<\/section>\n\t\t\t\t<\/div>","protected":false},"excerpt":{"rendered":"<p>Es tut sich wieder etwas in Holzb\u00fcttgen! Der Finanzausschuss (WIFDI) hat k\u00fcrzlich den Grundsatzbeschluss zur Aufnahme der Investitionen f\u00fcr die Sanierung der Kan\u00e4le im Bruchweg 75 &#8211; 98 freigegeben. Ein wichtiger Schritt, der lange auf sich warten lie\u00df und nun endlich in Angriff genommen wird. Die CDU-Ratsmitglieder Burghard Asche und Christian Horn-Heinemann haben sich im [&hellip;]<\/p>\n","protected":false},"author":6,"featured_media":4204,"comment_status":"closed","ping_status":"closed","sticky":false,"template":"","format":"standard","meta":{"footnotes":""},"categories":[81,94],"tags":[96],"class_list":["post-4188","post","type-post","status-publish","format-standard","has-post-thumbnail","hentry","category-cdu-vor-ort","category-ortsverband-kaarst","tag-holzbuettgen"],"yoast_head":"<!-- This site is optimized with the Yoast SEO plugin v27.4 - https:\/\/yoast.com\/product\/yoast-seo-wordpress\/ -->\n<title>Erfreuliche Fortschritte f\u00fcr Holzb\u00fcttgen: Sanierung des Bruchwegs beschlossen - CDU Kaarst-B\u00fcttgen<\/title>\n<meta name=\"robots\" content=\"index, follow, max-snippet:-1, max-image-preview:large, max-video-preview:-1\" \/>\n<link rel=\"canonical\" href=\"https:\/\/cdu-kaarst.de\/en\/cdu-vor-ort\/erfreuliche-fortschritte-fuer-holzbuettgen-sanierung-des-bruchwegs-beschlossen\/\" \/>\n<meta property=\"og:locale\" content=\"en_GB\" \/>\n<meta property=\"og:type\" content=\"article\" \/>\n<meta property=\"og:title\" content=\"Erfreuliche Fortschritte f\u00fcr Holzb\u00fcttgen: Sanierung des Bruchwegs beschlossen - CDU Kaarst-B\u00fcttgen\" \/>\n<meta property=\"og:description\" content=\"Es tut sich wieder etwas in Holzb\u00fcttgen! Der Finanzausschuss (WIFDI) hat k\u00fcrzlich den Grundsatzbeschluss zur Aufnahme der Investitionen f\u00fcr die Sanierung der Kan\u00e4le im Bruchweg 75 &#8211; 98 freigegeben. Ein wichtiger Schritt, der lange auf sich warten lie\u00df und nun endlich in Angriff genommen wird. Die CDU-Ratsmitglieder Burghard Asche und Christian Horn-Heinemann haben sich im [&hellip;]\" \/>\n<meta property=\"og:url\" content=\"https:\/\/cdu-kaarst.de\/en\/cdu-vor-ort\/erfreuliche-fortschritte-fuer-holzbuettgen-sanierung-des-bruchwegs-beschlossen\/\" \/>\n<meta property=\"og:site_name\" content=\"CDU Kaarst-B\u00fcttgen\" \/>\n<meta property=\"article:published_time\" content=\"2024-08-30T08:42:16+00:00\" \/>\n<meta property=\"article:modified_time\" content=\"2024-09-09T08:42:39+00:00\" \/>\n<meta property=\"og:image\" content=\"https:\/\/cdu-kaarst.de\/wp-content\/uploads\/cdu-kaarst-vor-ort-sanierung-01.jpg\" \/>\n\t<meta property=\"og:image:width\" content=\"1080\" \/>\n\t<meta property=\"og:image:height\" content=\"1080\" \/>\n\t<meta property=\"og:image:type\" content=\"image\/jpeg\" \/>\n<meta name=\"author\" content=\"CDU Kaarst\" \/>\n<meta name=\"twitter:card\" content=\"summary_large_image\" \/>\n<meta name=\"twitter:label1\" content=\"Written by\" \/>\n\t<meta name=\"twitter:data1\" content=\"CDU Kaarst\" \/>\n\t<meta name=\"twitter:label2\" content=\"Estimated reading time\" \/>\n\t<meta name=\"twitter:data2\" content=\"2 minutes\" \/>\n<script type=\"application\/ld+json\" class=\"yoast-schema-graph\">{\"@context\":\"https:\\\/\\\/schema.org\",\"@graph\":[{\"@type\":\"Article\",\"@id\":\"https:\\\/\\\/cdu-kaarst.de\\\/cdu-vor-ort\\\/erfreuliche-fortschritte-fuer-holzbuettgen-sanierung-des-bruchwegs-beschlossen\\\/#article\",\"isPartOf\":{\"@id\":\"https:\\\/\\\/cdu-kaarst.de\\\/cdu-vor-ort\\\/erfreuliche-fortschritte-fuer-holzbuettgen-sanierung-des-bruchwegs-beschlossen\\\/\"},\"author\":{\"name\":\"CDU Kaarst\",\"@id\":\"https:\\\/\\\/cdu-kaarst.de\\\/#\\\/schema\\\/person\\\/c92673bc9910fd1ccfa0c94aa41c3d63\"},\"headline\":\"Erfreuliche Fortschritte f\u00fcr Holzb\u00fcttgen: Sanierung des Bruchwegs beschlossen\",\"datePublished\":\"2024-08-30T08:42:16+00:00\",\"dateModified\":\"2024-09-09T08:42:39+00:00\",\"mainEntityOfPage\":{\"@id\":\"https:\\\/\\\/cdu-kaarst.de\\\/cdu-vor-ort\\\/erfreuliche-fortschritte-fuer-holzbuettgen-sanierung-des-bruchwegs-beschlossen\\\/\"},\"wordCount\":201,\"publisher\":{\"@id\":\"https:\\\/\\\/cdu-kaarst.de\\\/#organization\"},\"image\":{\"@id\":\"https:\\\/\\\/cdu-kaarst.de\\\/cdu-vor-ort\\\/erfreuliche-fortschritte-fuer-holzbuettgen-sanierung-des-bruchwegs-beschlossen\\\/#primaryimage\"},\"thumbnailUrl\":\"https:\\\/\\\/cdu-kaarst.de\\\/wp-content\\\/uploads\\\/cdu-kaarst-vor-ort-sanierung-01.jpg\",\"keywords\":[\"Holzb\u00fcttgen\"],\"articleSection\":[\"CDU vor Ort\",\"Ortsverband Kaarst\"],\"inLanguage\":\"en-GB\"},{\"@type\":\"WebPage\",\"@id\":\"https:\\\/\\\/cdu-kaarst.de\\\/cdu-vor-ort\\\/erfreuliche-fortschritte-fuer-holzbuettgen-sanierung-des-bruchwegs-beschlossen\\\/\",\"url\":\"https:\\\/\\\/cdu-kaarst.de\\\/cdu-vor-ort\\\/erfreuliche-fortschritte-fuer-holzbuettgen-sanierung-des-bruchwegs-beschlossen\\\/\",\"name\":\"Erfreuliche Fortschritte f\u00fcr Holzb\u00fcttgen: Sanierung des Bruchwegs beschlossen - CDU Kaarst-B\u00fcttgen\",\"isPartOf\":{\"@id\":\"https:\\\/\\\/cdu-kaarst.de\\\/#website\"},\"primaryImageOfPage\":{\"@id\":\"https:\\\/\\\/cdu-kaarst.de\\\/cdu-vor-ort\\\/erfreuliche-fortschritte-fuer-holzbuettgen-sanierung-des-bruchwegs-beschlossen\\\/#primaryimage\"},\"image\":{\"@id\":\"https:\\\/\\\/cdu-kaarst.de\\\/cdu-vor-ort\\\/erfreuliche-fortschritte-fuer-holzbuettgen-sanierung-des-bruchwegs-beschlossen\\\/#primaryimage\"},\"thumbnailUrl\":\"https:\\\/\\\/cdu-kaarst.de\\\/wp-content\\\/uploads\\\/cdu-kaarst-vor-ort-sanierung-01.jpg\",\"datePublished\":\"2024-08-30T08:42:16+00:00\",\"dateModified\":\"2024-09-09T08:42:39+00:00\",\"breadcrumb\":{\"@id\":\"https:\\\/\\\/cdu-kaarst.de\\\/cdu-vor-ort\\\/erfreuliche-fortschritte-fuer-holzbuettgen-sanierung-des-bruchwegs-beschlossen\\\/#breadcrumb\"},\"inLanguage\":\"en-GB\",\"potentialAction\":[{\"@type\":\"ReadAction\",\"target\":[\"https:\\\/\\\/cdu-kaarst.de\\\/cdu-vor-ort\\\/erfreuliche-fortschritte-fuer-holzbuettgen-sanierung-des-bruchwegs-beschlossen\\\/\"]}]},{\"@type\":\"ImageObject\",\"inLanguage\":\"en-GB\",\"@id\":\"https:\\\/\\\/cdu-kaarst.de\\\/cdu-vor-ort\\\/erfreuliche-fortschritte-fuer-holzbuettgen-sanierung-des-bruchwegs-beschlossen\\\/#primaryimage\",\"url\":\"https:\\\/\\\/cdu-kaarst.de\\\/wp-content\\\/uploads\\\/cdu-kaarst-vor-ort-sanierung-01.jpg\",\"contentUrl\":\"https:\\\/\\\/cdu-kaarst.de\\\/wp-content\\\/uploads\\\/cdu-kaarst-vor-ort-sanierung-01.jpg\",\"width\":1080,\"height\":1080},{\"@type\":\"BreadcrumbList\",\"@id\":\"https:\\\/\\\/cdu-kaarst.de\\\/cdu-vor-ort\\\/erfreuliche-fortschritte-fuer-holzbuettgen-sanierung-des-bruchwegs-beschlossen\\\/#breadcrumb\",\"itemListElement\":[{\"@type\":\"ListItem\",\"position\":1,\"name\":\"Startseite\",\"item\":\"https:\\\/\\\/cdu-kaarst.de\\\/\"},{\"@type\":\"ListItem\",\"position\":2,\"name\":\"Erfreuliche Fortschritte f\u00fcr Holzb\u00fcttgen: Sanierung des Bruchwegs beschlossen\"}]},{\"@type\":\"WebSite\",\"@id\":\"https:\\\/\\\/cdu-kaarst.de\\\/#website\",\"url\":\"https:\\\/\\\/cdu-kaarst.de\\\/\",\"name\":\"CDU Kaarst-B\u00fcttgen\",\"description\":\"gut Leben in Kaarst\",\"publisher\":{\"@id\":\"https:\\\/\\\/cdu-kaarst.de\\\/#organization\"},\"potentialAction\":[{\"@type\":\"SearchAction\",\"target\":{\"@type\":\"EntryPoint\",\"urlTemplate\":\"https:\\\/\\\/cdu-kaarst.de\\\/?s={search_term_string}\"},\"query-input\":{\"@type\":\"PropertyValueSpecification\",\"valueRequired\":true,\"valueName\":\"search_term_string\"}}],\"inLanguage\":\"en-GB\"},{\"@type\":\"Organization\",\"@id\":\"https:\\\/\\\/cdu-kaarst.de\\\/#organization\",\"name\":\"CDU Kaarst-B\u00fcttgen\",\"url\":\"https:\\\/\\\/cdu-kaarst.de\\\/\",\"logo\":{\"@type\":\"ImageObject\",\"inLanguage\":\"en-GB\",\"@id\":\"https:\\\/\\\/cdu-kaarst.de\\\/#\\\/schema\\\/logo\\\/image\\\/\",\"url\":\"https:\\\/\\\/cdu-kaarst.de\\\/wp-content\\\/uploads\\\/cdu-gesamtlogo.png\",\"contentUrl\":\"https:\\\/\\\/cdu-kaarst.de\\\/wp-content\\\/uploads\\\/cdu-gesamtlogo.png\",\"width\":418,\"height\":120,\"caption\":\"CDU Kaarst-B\u00fcttgen\"},\"image\":{\"@id\":\"https:\\\/\\\/cdu-kaarst.de\\\/#\\\/schema\\\/logo\\\/image\\\/\"}},{\"@type\":\"Person\",\"@id\":\"https:\\\/\\\/cdu-kaarst.de\\\/#\\\/schema\\\/person\\\/c92673bc9910fd1ccfa0c94aa41c3d63\",\"name\":\"CDU Kaarst\"}]}<\/script>\n<!-- \/ Yoast SEO plugin. -->","yoast_head_json":{"title":"Encouraging progress for Holzb\u00fcttgen: Renovation of the Bruchweg road decided - CDU Kaarst-B\u00fcttgen","robots":{"index":"index","follow":"follow","max-snippet":"max-snippet:-1","max-image-preview":"max-image-preview:large","max-video-preview":"max-video-preview:-1"},"canonical":"https:\/\/cdu-kaarst.de\/en\/cdu-vor-ort\/erfreuliche-fortschritte-fuer-holzbuettgen-sanierung-des-bruchwegs-beschlossen\/","og_locale":"en_GB","og_type":"article","og_title":"Erfreuliche Fortschritte f\u00fcr Holzb\u00fcttgen: Sanierung des Bruchwegs beschlossen - CDU Kaarst-B\u00fcttgen","og_description":"Es tut sich wieder etwas in Holzb\u00fcttgen! Der Finanzausschuss (WIFDI) hat k\u00fcrzlich den Grundsatzbeschluss zur Aufnahme der Investitionen f\u00fcr die Sanierung der Kan\u00e4le im Bruchweg 75 &#8211; 98 freigegeben. Ein wichtiger Schritt, der lange auf sich warten lie\u00df und nun endlich in Angriff genommen wird. Die CDU-Ratsmitglieder Burghard Asche und Christian Horn-Heinemann haben sich im [&hellip;]","og_url":"https:\/\/cdu-kaarst.de\/en\/cdu-vor-ort\/erfreuliche-fortschritte-fuer-holzbuettgen-sanierung-des-bruchwegs-beschlossen\/","og_site_name":"CDU Kaarst-B\u00fcttgen","article_published_time":"2024-08-30T08:42:16+00:00","article_modified_time":"2024-09-09T08:42:39+00:00","og_image":[{"width":1080,"height":1080,"url":"https:\/\/cdu-kaarst.de\/wp-content\/uploads\/cdu-kaarst-vor-ort-sanierung-01.jpg","type":"image\/jpeg"}],"author":"CDU Kaarst","twitter_card":"summary_large_image","twitter_misc":{"Written by":"CDU Kaarst","Estimated reading time":"2 minutes"},"schema":{"@context":"https:\/\/schema.org","@graph":[{"@type":"Article","@id":"https:\/\/cdu-kaarst.de\/cdu-vor-ort\/erfreuliche-fortschritte-fuer-holzbuettgen-sanierung-des-bruchwegs-beschlossen\/#article","isPartOf":{"@id":"https:\/\/cdu-kaarst.de\/cdu-vor-ort\/erfreuliche-fortschritte-fuer-holzbuettgen-sanierung-des-bruchwegs-beschlossen\/"},"author":{"name":"CDU Kaarst","@id":"https:\/\/cdu-kaarst.de\/#\/schema\/person\/c92673bc9910fd1ccfa0c94aa41c3d63"},"headline":"Erfreuliche Fortschritte f\u00fcr Holzb\u00fcttgen: Sanierung des Bruchwegs beschlossen","datePublished":"2024-08-30T08:42:16+00:00","dateModified":"2024-09-09T08:42:39+00:00","mainEntityOfPage":{"@id":"https:\/\/cdu-kaarst.de\/cdu-vor-ort\/erfreuliche-fortschritte-fuer-holzbuettgen-sanierung-des-bruchwegs-beschlossen\/"},"wordCount":201,"publisher":{"@id":"https:\/\/cdu-kaarst.de\/#organization"},"image":{"@id":"https:\/\/cdu-kaarst.de\/cdu-vor-ort\/erfreuliche-fortschritte-fuer-holzbuettgen-sanierung-des-bruchwegs-beschlossen\/#primaryimage"},"thumbnailUrl":"https:\/\/cdu-kaarst.de\/wp-content\/uploads\/cdu-kaarst-vor-ort-sanierung-01.jpg","keywords":["Holzb\u00fcttgen"],"articleSection":["CDU vor Ort","Ortsverband Kaarst"],"inLanguage":"en-GB"},{"@type":"WebPage","@id":"https:\/\/cdu-kaarst.de\/cdu-vor-ort\/erfreuliche-fortschritte-fuer-holzbuettgen-sanierung-des-bruchwegs-beschlossen\/","url":"https:\/\/cdu-kaarst.de\/cdu-vor-ort\/erfreuliche-fortschritte-fuer-holzbuettgen-sanierung-des-bruchwegs-beschlossen\/","name":"Encouraging progress for Holzb\u00fcttgen: Renovation of the Bruchweg road decided - CDU Kaarst-B\u00fcttgen","isPartOf":{"@id":"https:\/\/cdu-kaarst.de\/#website"},"primaryImageOfPage":{"@id":"https:\/\/cdu-kaarst.de\/cdu-vor-ort\/erfreuliche-fortschritte-fuer-holzbuettgen-sanierung-des-bruchwegs-beschlossen\/#primaryimage"},"image":{"@id":"https:\/\/cdu-kaarst.de\/cdu-vor-ort\/erfreuliche-fortschritte-fuer-holzbuettgen-sanierung-des-bruchwegs-beschlossen\/#primaryimage"},"thumbnailUrl":"https:\/\/cdu-kaarst.de\/wp-content\/uploads\/cdu-kaarst-vor-ort-sanierung-01.jpg","datePublished":"2024-08-30T08:42:16+00:00","dateModified":"2024-09-09T08:42:39+00:00","breadcrumb":{"@id":"https:\/\/cdu-kaarst.de\/cdu-vor-ort\/erfreuliche-fortschritte-fuer-holzbuettgen-sanierung-des-bruchwegs-beschlossen\/#breadcrumb"},"inLanguage":"en-GB","potentialAction":[{"@type":"ReadAction","target":["https:\/\/cdu-kaarst.de\/cdu-vor-ort\/erfreuliche-fortschritte-fuer-holzbuettgen-sanierung-des-bruchwegs-beschlossen\/"]}]},{"@type":"ImageObject","inLanguage":"en-GB","@id":"https:\/\/cdu-kaarst.de\/cdu-vor-ort\/erfreuliche-fortschritte-fuer-holzbuettgen-sanierung-des-bruchwegs-beschlossen\/#primaryimage","url":"https:\/\/cdu-kaarst.de\/wp-content\/uploads\/cdu-kaarst-vor-ort-sanierung-01.jpg","contentUrl":"https:\/\/cdu-kaarst.de\/wp-content\/uploads\/cdu-kaarst-vor-ort-sanierung-01.jpg","width":1080,"height":1080},{"@type":"BreadcrumbList","@id":"https:\/\/cdu-kaarst.de\/cdu-vor-ort\/erfreuliche-fortschritte-fuer-holzbuettgen-sanierung-des-bruchwegs-beschlossen\/#breadcrumb","itemListElement":[{"@type":"ListItem","position":1,"name":"Startseite","item":"https:\/\/cdu-kaarst.de\/"},{"@type":"ListItem","position":2,"name":"Erfreuliche Fortschritte f\u00fcr Holzb\u00fcttgen: Sanierung des Bruchwegs beschlossen"}]},{"@type":"WebSite","@id":"https:\/\/cdu-kaarst.de\/#website","url":"https:\/\/cdu-kaarst.de\/","name":"CDU Kaarst-B\u00fcttgen","description":"living well in Kaarst","publisher":{"@id":"https:\/\/cdu-kaarst.de\/#organization"},"potentialAction":[{"@type":"SearchAction","target":{"@type":"EntryPoint","urlTemplate":"https:\/\/cdu-kaarst.de\/?s={search_term_string}"},"query-input":{"@type":"PropertyValueSpecification","valueRequired":true,"valueName":"search_term_string"}}],"inLanguage":"en-GB"},{"@type":"Organization","@id":"https:\/\/cdu-kaarst.de\/#organization","name":"CDU Kaarst-B\u00fcttgen","url":"https:\/\/cdu-kaarst.de\/","logo":{"@type":"ImageObject","inLanguage":"en-GB","@id":"https:\/\/cdu-kaarst.de\/#\/schema\/logo\/image\/","url":"https:\/\/cdu-kaarst.de\/wp-content\/uploads\/cdu-gesamtlogo.png","contentUrl":"https:\/\/cdu-kaarst.de\/wp-content\/uploads\/cdu-gesamtlogo.png","width":418,"height":120,"caption":"CDU Kaarst-B\u00fcttgen"},"image":{"@id":"https:\/\/cdu-kaarst.de\/#\/schema\/logo\/image\/"}},{"@type":"Person","@id":"https:\/\/cdu-kaarst.de\/#\/schema\/person\/c92673bc9910fd1ccfa0c94aa41c3d63","name":"CDU Kaarst"}]}},"_links":{"self":[{"href":"https:\/\/cdu-kaarst.de\/en\/wp-json\/wp\/v2\/posts\/4188","targetHints":{"allow":["GET"]}}],"collection":[{"href":"https:\/\/cdu-kaarst.de\/en\/wp-json\/wp\/v2\/posts"}],"about":[{"href":"https:\/\/cdu-kaarst.de\/en\/wp-json\/wp\/v2\/types\/post"}],"author":[{"embeddable":true,"href":"https:\/\/cdu-kaarst.de\/en\/wp-json\/wp\/v2\/users\/6"}],"replies":[{"embeddable":true,"href":"https:\/\/cdu-kaarst.de\/en\/wp-json\/wp\/v2\/comments?post=4188"}],"version-history":[{"count":10,"href":"https:\/\/cdu-kaarst.de\/en\/wp-json\/wp\/v2\/posts\/4188\/revisions"}],"predecessor-version":[{"id":4210,"href":"https:\/\/cdu-kaarst.de\/en\/wp-json\/wp\/v2\/posts\/4188\/revisions\/4210"}],"wp:featuredmedia":[{"embeddable":true,"href":"https:\/\/cdu-kaarst.de\/en\/wp-json\/wp\/v2\/media\/4204"}],"wp:attachment":[{"href":"https:\/\/cdu-kaarst.de\/en\/wp-json\/wp\/v2\/media?parent=4188"}],"wp:term":[{"taxonomy":"category","embeddable":true,"href":"https:\/\/cdu-kaarst.de\/en\/wp-json\/wp\/v2\/categories?post=4188"},{"taxonomy":"post_tag","embeddable":true,"href":"https:\/\/cdu-kaarst.de\/en\/wp-json\/wp\/v2\/tags?post=4188"}],"curies":[{"name":"wp","href":"https:\/\/api.w.org\/{rel}","templated":true}]}}