{"id":4255,"date":"2024-09-04T15:50:38","date_gmt":"2024-09-04T13:50:38","guid":{"rendered":"https:\/\/cdu-kaarst.de\/?p=4255"},"modified":"2024-09-09T10:42:39","modified_gmt":"2024-09-09T08:42:39","slug":"tiny-hauser-in-holzbuttgen-ein-schritt-in-richtung-nachhaltiges-wohnen","status":"publish","type":"post","link":"https:\/\/cdu-kaarst.de\/en\/allgemein\/tiny-hauser-in-holzbuttgen-ein-schritt-in-richtung-nachhaltiges-wohnen\/","title":{"rendered":"Tiny houses in Holzb\u00fcttgen - a step towards sustainable living"},"content":{"rendered":"<div data-elementor-type=\"wp-post\" data-elementor-id=\"4255\" class=\"elementor elementor-4255\" data-elementor-post-type=\"post\">\n\t\t\t\t\t\t<section class=\"elementor-section elementor-top-section elementor-element elementor-element-19d8449 elementor-section-boxed elementor-section-height-default elementor-section-height-default\" data-id=\"19d8449\" data-element_type=\"section\" data-e-type=\"section\" data-settings=\"{&quot;jet_parallax_layout_list&quot;:[]}\">\n\t\t\t\t\t\t<div class=\"elementor-container elementor-column-gap-default\">\n\t\t\t\t\t<div class=\"elementor-column elementor-col-100 elementor-top-column elementor-element elementor-element-e5453a7\" data-id=\"e5453a7\" data-element_type=\"column\" data-e-type=\"column\">\n\t\t\t<div class=\"elementor-widget-wrap elementor-element-populated\">\n\t\t\t\t\t\t<div class=\"elementor-element elementor-element-aa5c6ca elementor-widget elementor-widget-text-editor\" data-id=\"aa5c6ca\" data-element_type=\"widget\" data-e-type=\"widget\" data-widget_type=\"text-editor.default\">\n\t\t\t\t<div class=\"elementor-widget-container\">\n\t\t\t\t\t\t\t\t\t<p><strong>A promise is a promise:<\/strong> The planning for a <strong>Extraordinary project in Holzb\u00fcttgen<\/strong>which <strong>Tiny houses on the Bl\u00fctenfeld<\/strong>has been finalised. It is with great anticipation that we await the <strong>Final \"GO\" by the city council<\/strong>which is to be issued on Thursday.<\/p><p><strong>The CDU on site in Holzb\u00fcttgen<\/strong> the implementation of this <strong>Innovative tiny house idea<\/strong> and made it possible. This project stands for <strong>Sustainable and space-saving living<\/strong>that also fulfils modern living requirements. It is particularly pleasing that the <strong>Surrounding neighbourhood actively involved in the development<\/strong> and supported the project with great commitment.<\/p><p>Many thanks to all those involved who contributed to this, <strong>to turn this idea into reality<\/strong>. We are looking forward to <strong>Tiny houses soon in our community<\/strong> and thus make an important contribution to a <strong>future-orientated and sustainable living<\/strong> to perform.<\/p>\t\t\t\t\t\t\t\t<\/div>\n\t\t\t\t<\/div>\n\t\t\t\t<div class=\"elementor-element elementor-element-519d563 elementor-widget elementor-widget-gallery\" data-id=\"519d563\" data-element_type=\"widget\" data-e-type=\"widget\" data-settings=\"{&quot;aspect_ratio&quot;:&quot;1:1&quot;,&quot;columns&quot;:3,&quot;lazyload&quot;:&quot;yes&quot;,&quot;gallery_layout&quot;:&quot;grid&quot;,&quot;columns_tablet&quot;:2,&quot;columns_mobile&quot;:1,&quot;gap&quot;:{&quot;unit&quot;:&quot;px&quot;,&quot;size&quot;:10,&quot;sizes&quot;:[]},&quot;gap_tablet&quot;:{&quot;unit&quot;:&quot;px&quot;,&quot;size&quot;:10,&quot;sizes&quot;:[]},&quot;gap_mobile&quot;:{&quot;unit&quot;:&quot;px&quot;,&quot;size&quot;:10,&quot;sizes&quot;:[]},&quot;link_to&quot;:&quot;file&quot;,&quot;overlay_background&quot;:&quot;yes&quot;,&quot;content_hover_animation&quot;:&quot;fade-in&quot;}\" data-widget_type=\"gallery.default\">\n\t\t\t\t<div class=\"elementor-widget-container\">\n\t\t\t\t\t\t\t<div class=\"elementor-gallery__container\">\n\t\t\t\t\t\t\t<a class=\"e-gallery-item elementor-gallery-item elementor-animated-content\" href=\"https:\/\/cdu-kaarst.de\/wp-content\/uploads\/cdu-kaarst-tynie-haeuser-04.jpg\" data-elementor-open-lightbox=\"yes\" data-elementor-lightbox-slideshow=\"519d563\" data-e-action-hash=\"#elementor-action%3Aaction%3Dlightbox%26settings%3DeyJpZCI6NDI1OSwidXJsIjoiaHR0cHM6XC9cL2NkdS1rYWFyc3QuZGVcL3dwLWNvbnRlbnRcL3VwbG9hZHNcL2NkdS1rYWFyc3QtdHluaWUtaGFldXNlci0wNC5qcGciLCJzbGlkZXNob3ciOiI1MTlkNTYzIn0%3D\">\n\t\t\t\t\t<div class=\"e-gallery-image elementor-gallery-item__image\" data-thumbnail=\"https:\/\/cdu-kaarst.de\/wp-content\/uploads\/cdu-kaarst-tynie-haeuser-04-300x200.jpg\" data-width=\"300\" data-height=\"200\" aria-label=\"\" role=\"img\" ><\/div>\n\t\t\t\t\t\t\t\t\t\t\t<div class=\"elementor-gallery-item__overlay\"><\/div>\n\t\t\t\t\t\t\t\t\t\t\t\t\t\t<\/a>\n\t\t\t\t\t\t\t<a class=\"e-gallery-item elementor-gallery-item elementor-animated-content\" href=\"https:\/\/cdu-kaarst.de\/wp-content\/uploads\/cdu-kaarst-tynie-haeuser-02.jpg\" data-elementor-open-lightbox=\"yes\" data-elementor-lightbox-slideshow=\"519d563\" data-e-action-hash=\"#elementor-action%3Aaction%3Dlightbox%26settings%3DeyJpZCI6NDI1NywidXJsIjoiaHR0cHM6XC9cL2NkdS1rYWFyc3QuZGVcL3dwLWNvbnRlbnRcL3VwbG9hZHNcL2NkdS1rYWFyc3QtdHluaWUtaGFldXNlci0wMi5qcGciLCJzbGlkZXNob3ciOiI1MTlkNTYzIn0%3D\">\n\t\t\t\t\t<div class=\"e-gallery-image elementor-gallery-item__image\" data-thumbnail=\"https:\/\/cdu-kaarst.de\/wp-content\/uploads\/cdu-kaarst-tynie-haeuser-02-300x200.jpg\" data-width=\"300\" data-height=\"200\" aria-label=\"\" role=\"img\" ><\/div>\n\t\t\t\t\t\t\t\t\t\t\t<div class=\"elementor-gallery-item__overlay\"><\/div>\n\t\t\t\t\t\t\t\t\t\t\t\t\t\t<\/a>\n\t\t\t\t\t\t\t<a class=\"e-gallery-item elementor-gallery-item elementor-animated-content\" href=\"https:\/\/cdu-kaarst.de\/wp-content\/uploads\/cdu-kaarst-tynie-haeuser-03.jpg\" data-elementor-open-lightbox=\"yes\" data-elementor-lightbox-slideshow=\"519d563\" data-e-action-hash=\"#elementor-action%3Aaction%3Dlightbox%26settings%3DeyJpZCI6NDI1OCwidXJsIjoiaHR0cHM6XC9cL2NkdS1rYWFyc3QuZGVcL3dwLWNvbnRlbnRcL3VwbG9hZHNcL2NkdS1rYWFyc3QtdHluaWUtaGFldXNlci0wMy5qcGciLCJzbGlkZXNob3ciOiI1MTlkNTYzIn0%3D\">\n\t\t\t\t\t<div class=\"e-gallery-image elementor-gallery-item__image\" data-thumbnail=\"https:\/\/cdu-kaarst.de\/wp-content\/uploads\/cdu-kaarst-tynie-haeuser-03-300x200.jpg\" data-width=\"300\" data-height=\"200\" aria-label=\"\" role=\"img\" ><\/div>\n\t\t\t\t\t\t\t\t\t\t\t<div class=\"elementor-gallery-item__overlay\"><\/div>\n\t\t\t\t\t\t\t\t\t\t\t\t\t\t<\/a>\n\t\t\t\t\t<\/div>\n\t\t\t\t\t<\/div>\n\t\t\t\t<\/div>\n\t\t\t\t\t<\/div>\n\t\t<\/div>\n\t\t\t\t\t<\/div>\n\t\t<\/section>\n\t\t\t\t<\/div>","protected":false},"excerpt":{"rendered":"<p>Versprochen ist versprochen: Die Planung f\u00fcr ein au\u00dfergew\u00f6hnliches Projekt in Holzb\u00fcttgen, die Tiny-H\u00e4user am Bl\u00fctenfeld, ist abgeschlossen. Mit gro\u00dfer Vorfreude erwarten wir das endg\u00fcltige \u201eGO\u201c durch den Stadtrat, das am Donnerstag erteilt werden soll. Die CDU vor Ort in Holzb\u00fcttgen hat die Umsetzung dieser innovativen Tiny-Haus-Idee ma\u00dfgeblich unterst\u00fctzt und m\u00f6glich gemacht. Dieses Projekt steht f\u00fcr [&hellip;]<\/p>\n","protected":false},"author":6,"featured_media":4290,"comment_status":"closed","ping_status":"closed","sticky":false,"template":"","format":"standard","meta":{"footnotes":""},"categories":[1],"tags":[],"class_list":["post-4255","post","type-post","status-publish","format-standard","has-post-thumbnail","hentry","category-allgemein"],"yoast_head":"<!-- This site is optimized with the Yoast SEO plugin v27.4 - https:\/\/yoast.com\/product\/yoast-seo-wordpress\/ -->\n<title>Tiny-H\u00e4user in Holzb\u00fcttgen \u2013 Ein Schritt in Richtung nachhaltiges Wohnen - CDU Kaarst-B\u00fcttgen<\/title>\n<meta name=\"robots\" content=\"index, follow, max-snippet:-1, max-image-preview:large, max-video-preview:-1\" \/>\n<link rel=\"canonical\" href=\"https:\/\/cdu-kaarst.de\/en\/allgemein\/tiny-hauser-in-holzbuttgen-ein-schritt-in-richtung-nachhaltiges-wohnen\/\" \/>\n<meta property=\"og:locale\" content=\"en_GB\" \/>\n<meta property=\"og:type\" content=\"article\" \/>\n<meta property=\"og:title\" content=\"Tiny-H\u00e4user in Holzb\u00fcttgen \u2013 Ein Schritt in Richtung nachhaltiges Wohnen - CDU Kaarst-B\u00fcttgen\" \/>\n<meta property=\"og:description\" content=\"Versprochen ist versprochen: Die Planung f\u00fcr ein au\u00dfergew\u00f6hnliches Projekt in Holzb\u00fcttgen, die Tiny-H\u00e4user am Bl\u00fctenfeld, ist abgeschlossen. Mit gro\u00dfer Vorfreude erwarten wir das endg\u00fcltige \u201eGO\u201c durch den Stadtrat, das am Donnerstag erteilt werden soll. Die CDU vor Ort in Holzb\u00fcttgen hat die Umsetzung dieser innovativen Tiny-Haus-Idee ma\u00dfgeblich unterst\u00fctzt und m\u00f6glich gemacht. Dieses Projekt steht f\u00fcr [&hellip;]\" \/>\n<meta property=\"og:url\" content=\"https:\/\/cdu-kaarst.de\/en\/allgemein\/tiny-hauser-in-holzbuttgen-ein-schritt-in-richtung-nachhaltiges-wohnen\/\" \/>\n<meta property=\"og:site_name\" content=\"CDU Kaarst-B\u00fcttgen\" \/>\n<meta property=\"article:published_time\" content=\"2024-09-04T13:50:38+00:00\" \/>\n<meta property=\"article:modified_time\" content=\"2024-09-09T08:42:39+00:00\" \/>\n<meta property=\"og:image\" content=\"https:\/\/cdu-kaarst.de\/wp-content\/uploads\/cdu-kaarst-tiny-haeuser-01.jpg\" \/>\n\t<meta property=\"og:image:width\" content=\"1000\" \/>\n\t<meta property=\"og:image:height\" content=\"667\" \/>\n\t<meta property=\"og:image:type\" content=\"image\/jpeg\" \/>\n<meta name=\"author\" content=\"CDU Kaarst\" \/>\n<meta name=\"twitter:card\" content=\"summary_large_image\" \/>\n<meta name=\"twitter:label1\" content=\"Written by\" \/>\n\t<meta name=\"twitter:data1\" content=\"CDU Kaarst\" \/>\n\t<meta name=\"twitter:label2\" content=\"Estimated reading time\" \/>\n\t<meta name=\"twitter:data2\" content=\"1 minute\" \/>\n<script type=\"application\/ld+json\" class=\"yoast-schema-graph\">{\"@context\":\"https:\\\/\\\/schema.org\",\"@graph\":[{\"@type\":\"Article\",\"@id\":\"https:\\\/\\\/cdu-kaarst.de\\\/allgemein\\\/tiny-hauser-in-holzbuttgen-ein-schritt-in-richtung-nachhaltiges-wohnen\\\/#article\",\"isPartOf\":{\"@id\":\"https:\\\/\\\/cdu-kaarst.de\\\/allgemein\\\/tiny-hauser-in-holzbuttgen-ein-schritt-in-richtung-nachhaltiges-wohnen\\\/\"},\"author\":{\"name\":\"CDU Kaarst\",\"@id\":\"https:\\\/\\\/cdu-kaarst.de\\\/#\\\/schema\\\/person\\\/c92673bc9910fd1ccfa0c94aa41c3d63\"},\"headline\":\"Tiny-H\u00e4user in Holzb\u00fcttgen \u2013 Ein Schritt in Richtung nachhaltiges Wohnen\",\"datePublished\":\"2024-09-04T13:50:38+00:00\",\"dateModified\":\"2024-09-09T08:42:39+00:00\",\"mainEntityOfPage\":{\"@id\":\"https:\\\/\\\/cdu-kaarst.de\\\/allgemein\\\/tiny-hauser-in-holzbuttgen-ein-schritt-in-richtung-nachhaltiges-wohnen\\\/\"},\"wordCount\":155,\"publisher\":{\"@id\":\"https:\\\/\\\/cdu-kaarst.de\\\/#organization\"},\"image\":{\"@id\":\"https:\\\/\\\/cdu-kaarst.de\\\/allgemein\\\/tiny-hauser-in-holzbuttgen-ein-schritt-in-richtung-nachhaltiges-wohnen\\\/#primaryimage\"},\"thumbnailUrl\":\"https:\\\/\\\/cdu-kaarst.de\\\/wp-content\\\/uploads\\\/cdu-kaarst-tiny-haeuser-01.jpg\",\"articleSection\":[\"Allgemein\"],\"inLanguage\":\"en-GB\"},{\"@type\":\"WebPage\",\"@id\":\"https:\\\/\\\/cdu-kaarst.de\\\/allgemein\\\/tiny-hauser-in-holzbuttgen-ein-schritt-in-richtung-nachhaltiges-wohnen\\\/\",\"url\":\"https:\\\/\\\/cdu-kaarst.de\\\/allgemein\\\/tiny-hauser-in-holzbuttgen-ein-schritt-in-richtung-nachhaltiges-wohnen\\\/\",\"name\":\"Tiny-H\u00e4user in Holzb\u00fcttgen \u2013 Ein Schritt in Richtung nachhaltiges Wohnen - CDU Kaarst-B\u00fcttgen\",\"isPartOf\":{\"@id\":\"https:\\\/\\\/cdu-kaarst.de\\\/#website\"},\"primaryImageOfPage\":{\"@id\":\"https:\\\/\\\/cdu-kaarst.de\\\/allgemein\\\/tiny-hauser-in-holzbuttgen-ein-schritt-in-richtung-nachhaltiges-wohnen\\\/#primaryimage\"},\"image\":{\"@id\":\"https:\\\/\\\/cdu-kaarst.de\\\/allgemein\\\/tiny-hauser-in-holzbuttgen-ein-schritt-in-richtung-nachhaltiges-wohnen\\\/#primaryimage\"},\"thumbnailUrl\":\"https:\\\/\\\/cdu-kaarst.de\\\/wp-content\\\/uploads\\\/cdu-kaarst-tiny-haeuser-01.jpg\",\"datePublished\":\"2024-09-04T13:50:38+00:00\",\"dateModified\":\"2024-09-09T08:42:39+00:00\",\"breadcrumb\":{\"@id\":\"https:\\\/\\\/cdu-kaarst.de\\\/allgemein\\\/tiny-hauser-in-holzbuttgen-ein-schritt-in-richtung-nachhaltiges-wohnen\\\/#breadcrumb\"},\"inLanguage\":\"en-GB\",\"potentialAction\":[{\"@type\":\"ReadAction\",\"target\":[\"https:\\\/\\\/cdu-kaarst.de\\\/allgemein\\\/tiny-hauser-in-holzbuttgen-ein-schritt-in-richtung-nachhaltiges-wohnen\\\/\"]}]},{\"@type\":\"ImageObject\",\"inLanguage\":\"en-GB\",\"@id\":\"https:\\\/\\\/cdu-kaarst.de\\\/allgemein\\\/tiny-hauser-in-holzbuttgen-ein-schritt-in-richtung-nachhaltiges-wohnen\\\/#primaryimage\",\"url\":\"https:\\\/\\\/cdu-kaarst.de\\\/wp-content\\\/uploads\\\/cdu-kaarst-tiny-haeuser-01.jpg\",\"contentUrl\":\"https:\\\/\\\/cdu-kaarst.de\\\/wp-content\\\/uploads\\\/cdu-kaarst-tiny-haeuser-01.jpg\",\"width\":1000,\"height\":667},{\"@type\":\"BreadcrumbList\",\"@id\":\"https:\\\/\\\/cdu-kaarst.de\\\/allgemein\\\/tiny-hauser-in-holzbuttgen-ein-schritt-in-richtung-nachhaltiges-wohnen\\\/#breadcrumb\",\"itemListElement\":[{\"@type\":\"ListItem\",\"position\":1,\"name\":\"Startseite\",\"item\":\"https:\\\/\\\/cdu-kaarst.de\\\/\"},{\"@type\":\"ListItem\",\"position\":2,\"name\":\"Tiny-H\u00e4user in Holzb\u00fcttgen \u2013 Ein Schritt in Richtung nachhaltiges Wohnen\"}]},{\"@type\":\"WebSite\",\"@id\":\"https:\\\/\\\/cdu-kaarst.de\\\/#website\",\"url\":\"https:\\\/\\\/cdu-kaarst.de\\\/\",\"name\":\"CDU Kaarst-B\u00fcttgen\",\"description\":\"gut Leben in Kaarst\",\"publisher\":{\"@id\":\"https:\\\/\\\/cdu-kaarst.de\\\/#organization\"},\"potentialAction\":[{\"@type\":\"SearchAction\",\"target\":{\"@type\":\"EntryPoint\",\"urlTemplate\":\"https:\\\/\\\/cdu-kaarst.de\\\/?s={search_term_string}\"},\"query-input\":{\"@type\":\"PropertyValueSpecification\",\"valueRequired\":true,\"valueName\":\"search_term_string\"}}],\"inLanguage\":\"en-GB\"},{\"@type\":\"Organization\",\"@id\":\"https:\\\/\\\/cdu-kaarst.de\\\/#organization\",\"name\":\"CDU Kaarst-B\u00fcttgen\",\"url\":\"https:\\\/\\\/cdu-kaarst.de\\\/\",\"logo\":{\"@type\":\"ImageObject\",\"inLanguage\":\"en-GB\",\"@id\":\"https:\\\/\\\/cdu-kaarst.de\\\/#\\\/schema\\\/logo\\\/image\\\/\",\"url\":\"https:\\\/\\\/cdu-kaarst.de\\\/wp-content\\\/uploads\\\/cdu-gesamtlogo.png\",\"contentUrl\":\"https:\\\/\\\/cdu-kaarst.de\\\/wp-content\\\/uploads\\\/cdu-gesamtlogo.png\",\"width\":418,\"height\":120,\"caption\":\"CDU Kaarst-B\u00fcttgen\"},\"image\":{\"@id\":\"https:\\\/\\\/cdu-kaarst.de\\\/#\\\/schema\\\/logo\\\/image\\\/\"}},{\"@type\":\"Person\",\"@id\":\"https:\\\/\\\/cdu-kaarst.de\\\/#\\\/schema\\\/person\\\/c92673bc9910fd1ccfa0c94aa41c3d63\",\"name\":\"CDU Kaarst\"}]}<\/script>\n<!-- \/ Yoast SEO plugin. -->","yoast_head_json":{"title":"Tiny houses in Holzb\u00fcttgen - a step towards sustainable living - CDU Kaarst-B\u00fcttgen","robots":{"index":"index","follow":"follow","max-snippet":"max-snippet:-1","max-image-preview":"max-image-preview:large","max-video-preview":"max-video-preview:-1"},"canonical":"https:\/\/cdu-kaarst.de\/en\/allgemein\/tiny-hauser-in-holzbuttgen-ein-schritt-in-richtung-nachhaltiges-wohnen\/","og_locale":"en_GB","og_type":"article","og_title":"Tiny-H\u00e4user in Holzb\u00fcttgen \u2013 Ein Schritt in Richtung nachhaltiges Wohnen - CDU Kaarst-B\u00fcttgen","og_description":"Versprochen ist versprochen: Die Planung f\u00fcr ein au\u00dfergew\u00f6hnliches Projekt in Holzb\u00fcttgen, die Tiny-H\u00e4user am Bl\u00fctenfeld, ist abgeschlossen. Mit gro\u00dfer Vorfreude erwarten wir das endg\u00fcltige \u201eGO\u201c durch den Stadtrat, das am Donnerstag erteilt werden soll. Die CDU vor Ort in Holzb\u00fcttgen hat die Umsetzung dieser innovativen Tiny-Haus-Idee ma\u00dfgeblich unterst\u00fctzt und m\u00f6glich gemacht. Dieses Projekt steht f\u00fcr [&hellip;]","og_url":"https:\/\/cdu-kaarst.de\/en\/allgemein\/tiny-hauser-in-holzbuttgen-ein-schritt-in-richtung-nachhaltiges-wohnen\/","og_site_name":"CDU Kaarst-B\u00fcttgen","article_published_time":"2024-09-04T13:50:38+00:00","article_modified_time":"2024-09-09T08:42:39+00:00","og_image":[{"width":1000,"height":667,"url":"https:\/\/cdu-kaarst.de\/wp-content\/uploads\/cdu-kaarst-tiny-haeuser-01.jpg","type":"image\/jpeg"}],"author":"CDU Kaarst","twitter_card":"summary_large_image","twitter_misc":{"Written by":"CDU Kaarst","Estimated reading time":"1 minute"},"schema":{"@context":"https:\/\/schema.org","@graph":[{"@type":"Article","@id":"https:\/\/cdu-kaarst.de\/allgemein\/tiny-hauser-in-holzbuttgen-ein-schritt-in-richtung-nachhaltiges-wohnen\/#article","isPartOf":{"@id":"https:\/\/cdu-kaarst.de\/allgemein\/tiny-hauser-in-holzbuttgen-ein-schritt-in-richtung-nachhaltiges-wohnen\/"},"author":{"name":"CDU Kaarst","@id":"https:\/\/cdu-kaarst.de\/#\/schema\/person\/c92673bc9910fd1ccfa0c94aa41c3d63"},"headline":"Tiny-H\u00e4user in Holzb\u00fcttgen \u2013 Ein Schritt in Richtung nachhaltiges Wohnen","datePublished":"2024-09-04T13:50:38+00:00","dateModified":"2024-09-09T08:42:39+00:00","mainEntityOfPage":{"@id":"https:\/\/cdu-kaarst.de\/allgemein\/tiny-hauser-in-holzbuttgen-ein-schritt-in-richtung-nachhaltiges-wohnen\/"},"wordCount":155,"publisher":{"@id":"https:\/\/cdu-kaarst.de\/#organization"},"image":{"@id":"https:\/\/cdu-kaarst.de\/allgemein\/tiny-hauser-in-holzbuttgen-ein-schritt-in-richtung-nachhaltiges-wohnen\/#primaryimage"},"thumbnailUrl":"https:\/\/cdu-kaarst.de\/wp-content\/uploads\/cdu-kaarst-tiny-haeuser-01.jpg","articleSection":["Allgemein"],"inLanguage":"en-GB"},{"@type":"WebPage","@id":"https:\/\/cdu-kaarst.de\/allgemein\/tiny-hauser-in-holzbuttgen-ein-schritt-in-richtung-nachhaltiges-wohnen\/","url":"https:\/\/cdu-kaarst.de\/allgemein\/tiny-hauser-in-holzbuttgen-ein-schritt-in-richtung-nachhaltiges-wohnen\/","name":"Tiny houses in Holzb\u00fcttgen - a step towards sustainable living - CDU Kaarst-B\u00fcttgen","isPartOf":{"@id":"https:\/\/cdu-kaarst.de\/#website"},"primaryImageOfPage":{"@id":"https:\/\/cdu-kaarst.de\/allgemein\/tiny-hauser-in-holzbuttgen-ein-schritt-in-richtung-nachhaltiges-wohnen\/#primaryimage"},"image":{"@id":"https:\/\/cdu-kaarst.de\/allgemein\/tiny-hauser-in-holzbuttgen-ein-schritt-in-richtung-nachhaltiges-wohnen\/#primaryimage"},"thumbnailUrl":"https:\/\/cdu-kaarst.de\/wp-content\/uploads\/cdu-kaarst-tiny-haeuser-01.jpg","datePublished":"2024-09-04T13:50:38+00:00","dateModified":"2024-09-09T08:42:39+00:00","breadcrumb":{"@id":"https:\/\/cdu-kaarst.de\/allgemein\/tiny-hauser-in-holzbuttgen-ein-schritt-in-richtung-nachhaltiges-wohnen\/#breadcrumb"},"inLanguage":"en-GB","potentialAction":[{"@type":"ReadAction","target":["https:\/\/cdu-kaarst.de\/allgemein\/tiny-hauser-in-holzbuttgen-ein-schritt-in-richtung-nachhaltiges-wohnen\/"]}]},{"@type":"ImageObject","inLanguage":"en-GB","@id":"https:\/\/cdu-kaarst.de\/allgemein\/tiny-hauser-in-holzbuttgen-ein-schritt-in-richtung-nachhaltiges-wohnen\/#primaryimage","url":"https:\/\/cdu-kaarst.de\/wp-content\/uploads\/cdu-kaarst-tiny-haeuser-01.jpg","contentUrl":"https:\/\/cdu-kaarst.de\/wp-content\/uploads\/cdu-kaarst-tiny-haeuser-01.jpg","width":1000,"height":667},{"@type":"BreadcrumbList","@id":"https:\/\/cdu-kaarst.de\/allgemein\/tiny-hauser-in-holzbuttgen-ein-schritt-in-richtung-nachhaltiges-wohnen\/#breadcrumb","itemListElement":[{"@type":"ListItem","position":1,"name":"Startseite","item":"https:\/\/cdu-kaarst.de\/"},{"@type":"ListItem","position":2,"name":"Tiny-H\u00e4user in Holzb\u00fcttgen \u2013 Ein Schritt in Richtung nachhaltiges Wohnen"}]},{"@type":"WebSite","@id":"https:\/\/cdu-kaarst.de\/#website","url":"https:\/\/cdu-kaarst.de\/","name":"CDU Kaarst-B\u00fcttgen","description":"living well in Kaarst","publisher":{"@id":"https:\/\/cdu-kaarst.de\/#organization"},"potentialAction":[{"@type":"SearchAction","target":{"@type":"EntryPoint","urlTemplate":"https:\/\/cdu-kaarst.de\/?s={search_term_string}"},"query-input":{"@type":"PropertyValueSpecification","valueRequired":true,"valueName":"search_term_string"}}],"inLanguage":"en-GB"},{"@type":"Organization","@id":"https:\/\/cdu-kaarst.de\/#organization","name":"CDU Kaarst-B\u00fcttgen","url":"https:\/\/cdu-kaarst.de\/","logo":{"@type":"ImageObject","inLanguage":"en-GB","@id":"https:\/\/cdu-kaarst.de\/#\/schema\/logo\/image\/","url":"https:\/\/cdu-kaarst.de\/wp-content\/uploads\/cdu-gesamtlogo.png","contentUrl":"https:\/\/cdu-kaarst.de\/wp-content\/uploads\/cdu-gesamtlogo.png","width":418,"height":120,"caption":"CDU Kaarst-B\u00fcttgen"},"image":{"@id":"https:\/\/cdu-kaarst.de\/#\/schema\/logo\/image\/"}},{"@type":"Person","@id":"https:\/\/cdu-kaarst.de\/#\/schema\/person\/c92673bc9910fd1ccfa0c94aa41c3d63","name":"CDU Kaarst"}]}},"_links":{"self":[{"href":"https:\/\/cdu-kaarst.de\/en\/wp-json\/wp\/v2\/posts\/4255","targetHints":{"allow":["GET"]}}],"collection":[{"href":"https:\/\/cdu-kaarst.de\/en\/wp-json\/wp\/v2\/posts"}],"about":[{"href":"https:\/\/cdu-kaarst.de\/en\/wp-json\/wp\/v2\/types\/post"}],"author":[{"embeddable":true,"href":"https:\/\/cdu-kaarst.de\/en\/wp-json\/wp\/v2\/users\/6"}],"replies":[{"embeddable":true,"href":"https:\/\/cdu-kaarst.de\/en\/wp-json\/wp\/v2\/comments?post=4255"}],"version-history":[{"count":26,"href":"https:\/\/cdu-kaarst.de\/en\/wp-json\/wp\/v2\/posts\/4255\/revisions"}],"predecessor-version":[{"id":4295,"href":"https:\/\/cdu-kaarst.de\/en\/wp-json\/wp\/v2\/posts\/4255\/revisions\/4295"}],"wp:featuredmedia":[{"embeddable":true,"href":"https:\/\/cdu-kaarst.de\/en\/wp-json\/wp\/v2\/media\/4290"}],"wp:attachment":[{"href":"https:\/\/cdu-kaarst.de\/en\/wp-json\/wp\/v2\/media?parent=4255"}],"wp:term":[{"taxonomy":"category","embeddable":true,"href":"https:\/\/cdu-kaarst.de\/en\/wp-json\/wp\/v2\/categories?post=4255"},{"taxonomy":"post_tag","embeddable":true,"href":"https:\/\/cdu-kaarst.de\/en\/wp-json\/wp\/v2\/tags?post=4255"}],"curies":[{"name":"wp","href":"https:\/\/api.w.org\/{rel}","templated":true}]}}