{"id":4315,"date":"2024-09-06T10:12:29","date_gmt":"2024-09-06T08:12:29","guid":{"rendered":"https:\/\/cdu-kaarst.de\/?p=4315"},"modified":"2024-09-09T10:42:38","modified_gmt":"2024-09-09T08:42:38","slug":"grundwasserproblematik-in-der-region-cdu-fordert-schnelle-massnahmen","status":"publish","type":"post","link":"https:\/\/cdu-kaarst.de\/en\/allgemein\/grundwasserproblematik-in-der-region-cdu-fordert-schnelle-massnahmen\/","title":{"rendered":"Groundwater problems in the region - CDU calls for swift action"},"content":{"rendered":"<div data-elementor-type=\"wp-post\" data-elementor-id=\"4315\" class=\"elementor elementor-4315\" data-elementor-post-type=\"post\">\n\t\t\t\t\t\t<section class=\"elementor-section elementor-top-section elementor-element elementor-element-eff9a73 elementor-section-boxed elementor-section-height-default elementor-section-height-default\" data-id=\"eff9a73\" data-element_type=\"section\" data-e-type=\"section\" data-settings=\"{&quot;jet_parallax_layout_list&quot;:[]}\">\n\t\t\t\t\t\t<div class=\"elementor-container elementor-column-gap-default\">\n\t\t\t\t\t<div class=\"elementor-column elementor-col-100 elementor-top-column elementor-element elementor-element-7d81875\" data-id=\"7d81875\" data-element_type=\"column\" data-e-type=\"column\">\n\t\t\t<div class=\"elementor-widget-wrap elementor-element-populated\">\n\t\t\t\t\t\t<div class=\"elementor-element elementor-element-376e354 elementor-widget elementor-widget-text-editor\" data-id=\"376e354\" data-element_type=\"widget\" data-e-type=\"widget\" data-widget_type=\"text-editor.default\">\n\t\t\t\t<div class=\"elementor-widget-container\">\n\t\t\t\t\t\t\t\t\t<p>In the <strong>Committee for Mobility, Environment, Climate and Agriculture<\/strong> the <strong>Urgent groundwater issue<\/strong> which is of great importance to many citizens. Around <strong>40 residents affected<\/strong> were present, which is why the agenda item was brought forward so that the <strong>legitimate concerns of the citizens<\/strong> to discuss directly.<\/p><p><strong>Despite the long-standing knowledge and urgency of the groundwater problem<\/strong> the administration only presented a <strong>Acknowledgement<\/strong>without concrete information on the <strong>further timeline, the costs incurred or the planned procedure<\/strong> to give. This led to <strong>Irritations<\/strong>as <strong>Several months without visible progress<\/strong> have passed.<\/p><p>As a result of this dissatisfaction, the members of the Committee, <strong>in particular on the initiative of the CDU<\/strong>has submitted a motion calling on the administration to do so, <strong>immediately initiate the next steps to test and deploy at least three pumps<\/strong>. This measure is necessary to solve the problem promptly. <strong>The administration has promised to take action the very next day<\/strong>to initiate the necessary steps.<\/p><p>The <strong>The local CDU is resolutely committed to the interests of citizens<\/strong> and will continue to insist that the <strong>urgent measures to tackle the groundwater problem<\/strong> be realised.<\/p>\t\t\t\t\t\t\t\t<\/div>\n\t\t\t\t<\/div>\n\t\t\t\t\t<\/div>\n\t\t<\/div>\n\t\t\t\t\t<\/div>\n\t\t<\/section>\n\t\t\t\t<\/div>","protected":false},"excerpt":{"rendered":"<p>Im Ausschuss f\u00fcr Mobilit\u00e4t, Umwelt, Klima und Landwirtschaft wurde heute die dringende Grundwasserthematik besprochen, die f\u00fcr zahlreiche B\u00fcrger von gro\u00dfer Bedeutung ist. Rund 40 betroffene Anwohner waren anwesend, weshalb der Tagesordnungspunkt vorgezogen wurde, um das berechtigte Anliegen der B\u00fcrger unmittelbar zu diskutieren. Trotz der langj\u00e4hrigen Kenntnis und Dringlichkeit der Grundwasserproblematik pr\u00e4sentierte die Verwaltung lediglich eine [&hellip;]<\/p>\n","protected":false},"author":6,"featured_media":4372,"comment_status":"closed","ping_status":"closed","sticky":false,"template":"","format":"standard","meta":{"footnotes":""},"categories":[1],"tags":[],"class_list":["post-4315","post","type-post","status-publish","format-standard","has-post-thumbnail","hentry","category-allgemein"],"yoast_head":"<!-- This site is optimized with the Yoast SEO plugin v27.4 - https:\/\/yoast.com\/product\/yoast-seo-wordpress\/ -->\n<title>Grundwasserproblematik in der Region \u2013 CDU fordert schnelle Ma\u00dfnahmen - CDU Kaarst-B\u00fcttgen<\/title>\n<meta name=\"robots\" content=\"index, follow, max-snippet:-1, max-image-preview:large, max-video-preview:-1\" \/>\n<link rel=\"canonical\" href=\"https:\/\/cdu-kaarst.de\/en\/allgemein\/grundwasserproblematik-in-der-region-cdu-fordert-schnelle-massnahmen\/\" \/>\n<meta property=\"og:locale\" content=\"en_GB\" \/>\n<meta property=\"og:type\" content=\"article\" \/>\n<meta property=\"og:title\" content=\"Grundwasserproblematik in der Region \u2013 CDU fordert schnelle Ma\u00dfnahmen - CDU Kaarst-B\u00fcttgen\" \/>\n<meta property=\"og:description\" content=\"Im Ausschuss f\u00fcr Mobilit\u00e4t, Umwelt, Klima und Landwirtschaft wurde heute die dringende Grundwasserthematik besprochen, die f\u00fcr zahlreiche B\u00fcrger von gro\u00dfer Bedeutung ist. Rund 40 betroffene Anwohner waren anwesend, weshalb der Tagesordnungspunkt vorgezogen wurde, um das berechtigte Anliegen der B\u00fcrger unmittelbar zu diskutieren. Trotz der langj\u00e4hrigen Kenntnis und Dringlichkeit der Grundwasserproblematik pr\u00e4sentierte die Verwaltung lediglich eine [&hellip;]\" \/>\n<meta property=\"og:url\" content=\"https:\/\/cdu-kaarst.de\/en\/allgemein\/grundwasserproblematik-in-der-region-cdu-fordert-schnelle-massnahmen\/\" \/>\n<meta property=\"og:site_name\" content=\"CDU Kaarst-B\u00fcttgen\" \/>\n<meta property=\"article:published_time\" content=\"2024-09-06T08:12:29+00:00\" \/>\n<meta property=\"article:modified_time\" content=\"2024-09-09T08:42:38+00:00\" \/>\n<meta property=\"og:image\" content=\"https:\/\/cdu-kaarst.de\/wp-content\/uploads\/cdu-news-grundwasserproblematik.jpg\" \/>\n\t<meta property=\"og:image:width\" content=\"1350\" \/>\n\t<meta property=\"og:image:height\" content=\"1080\" \/>\n\t<meta property=\"og:image:type\" content=\"image\/jpeg\" \/>\n<meta name=\"author\" content=\"CDU Kaarst\" \/>\n<meta name=\"twitter:card\" content=\"summary_large_image\" \/>\n<meta name=\"twitter:label1\" content=\"Written by\" \/>\n\t<meta name=\"twitter:data1\" content=\"CDU Kaarst\" \/>\n\t<meta name=\"twitter:label2\" content=\"Estimated reading time\" \/>\n\t<meta name=\"twitter:data2\" content=\"1 minute\" \/>\n<script type=\"application\/ld+json\" class=\"yoast-schema-graph\">{\"@context\":\"https:\\\/\\\/schema.org\",\"@graph\":[{\"@type\":\"Article\",\"@id\":\"https:\\\/\\\/cdu-kaarst.de\\\/allgemein\\\/grundwasserproblematik-in-der-region-cdu-fordert-schnelle-massnahmen\\\/#article\",\"isPartOf\":{\"@id\":\"https:\\\/\\\/cdu-kaarst.de\\\/allgemein\\\/grundwasserproblematik-in-der-region-cdu-fordert-schnelle-massnahmen\\\/\"},\"author\":{\"name\":\"CDU Kaarst\",\"@id\":\"https:\\\/\\\/cdu-kaarst.de\\\/#\\\/schema\\\/person\\\/c92673bc9910fd1ccfa0c94aa41c3d63\"},\"headline\":\"Grundwasserproblematik in der Region \u2013 CDU fordert schnelle Ma\u00dfnahmen\",\"datePublished\":\"2024-09-06T08:12:29+00:00\",\"dateModified\":\"2024-09-09T08:42:38+00:00\",\"mainEntityOfPage\":{\"@id\":\"https:\\\/\\\/cdu-kaarst.de\\\/allgemein\\\/grundwasserproblematik-in-der-region-cdu-fordert-schnelle-massnahmen\\\/\"},\"wordCount\":201,\"publisher\":{\"@id\":\"https:\\\/\\\/cdu-kaarst.de\\\/#organization\"},\"image\":{\"@id\":\"https:\\\/\\\/cdu-kaarst.de\\\/allgemein\\\/grundwasserproblematik-in-der-region-cdu-fordert-schnelle-massnahmen\\\/#primaryimage\"},\"thumbnailUrl\":\"https:\\\/\\\/cdu-kaarst.de\\\/wp-content\\\/uploads\\\/cdu-news-grundwasserproblematik.jpg\",\"articleSection\":[\"Allgemein\"],\"inLanguage\":\"en-GB\"},{\"@type\":\"WebPage\",\"@id\":\"https:\\\/\\\/cdu-kaarst.de\\\/allgemein\\\/grundwasserproblematik-in-der-region-cdu-fordert-schnelle-massnahmen\\\/\",\"url\":\"https:\\\/\\\/cdu-kaarst.de\\\/allgemein\\\/grundwasserproblematik-in-der-region-cdu-fordert-schnelle-massnahmen\\\/\",\"name\":\"Grundwasserproblematik in der Region \u2013 CDU fordert schnelle Ma\u00dfnahmen - CDU Kaarst-B\u00fcttgen\",\"isPartOf\":{\"@id\":\"https:\\\/\\\/cdu-kaarst.de\\\/#website\"},\"primaryImageOfPage\":{\"@id\":\"https:\\\/\\\/cdu-kaarst.de\\\/allgemein\\\/grundwasserproblematik-in-der-region-cdu-fordert-schnelle-massnahmen\\\/#primaryimage\"},\"image\":{\"@id\":\"https:\\\/\\\/cdu-kaarst.de\\\/allgemein\\\/grundwasserproblematik-in-der-region-cdu-fordert-schnelle-massnahmen\\\/#primaryimage\"},\"thumbnailUrl\":\"https:\\\/\\\/cdu-kaarst.de\\\/wp-content\\\/uploads\\\/cdu-news-grundwasserproblematik.jpg\",\"datePublished\":\"2024-09-06T08:12:29+00:00\",\"dateModified\":\"2024-09-09T08:42:38+00:00\",\"breadcrumb\":{\"@id\":\"https:\\\/\\\/cdu-kaarst.de\\\/allgemein\\\/grundwasserproblematik-in-der-region-cdu-fordert-schnelle-massnahmen\\\/#breadcrumb\"},\"inLanguage\":\"en-GB\",\"potentialAction\":[{\"@type\":\"ReadAction\",\"target\":[\"https:\\\/\\\/cdu-kaarst.de\\\/allgemein\\\/grundwasserproblematik-in-der-region-cdu-fordert-schnelle-massnahmen\\\/\"]}]},{\"@type\":\"ImageObject\",\"inLanguage\":\"en-GB\",\"@id\":\"https:\\\/\\\/cdu-kaarst.de\\\/allgemein\\\/grundwasserproblematik-in-der-region-cdu-fordert-schnelle-massnahmen\\\/#primaryimage\",\"url\":\"https:\\\/\\\/cdu-kaarst.de\\\/wp-content\\\/uploads\\\/cdu-news-grundwasserproblematik.jpg\",\"contentUrl\":\"https:\\\/\\\/cdu-kaarst.de\\\/wp-content\\\/uploads\\\/cdu-news-grundwasserproblematik.jpg\",\"width\":1350,\"height\":1080},{\"@type\":\"BreadcrumbList\",\"@id\":\"https:\\\/\\\/cdu-kaarst.de\\\/allgemein\\\/grundwasserproblematik-in-der-region-cdu-fordert-schnelle-massnahmen\\\/#breadcrumb\",\"itemListElement\":[{\"@type\":\"ListItem\",\"position\":1,\"name\":\"Startseite\",\"item\":\"https:\\\/\\\/cdu-kaarst.de\\\/\"},{\"@type\":\"ListItem\",\"position\":2,\"name\":\"Grundwasserproblematik in der Region \u2013 CDU fordert schnelle Ma\u00dfnahmen\"}]},{\"@type\":\"WebSite\",\"@id\":\"https:\\\/\\\/cdu-kaarst.de\\\/#website\",\"url\":\"https:\\\/\\\/cdu-kaarst.de\\\/\",\"name\":\"CDU Kaarst-B\u00fcttgen\",\"description\":\"gut Leben in Kaarst\",\"publisher\":{\"@id\":\"https:\\\/\\\/cdu-kaarst.de\\\/#organization\"},\"potentialAction\":[{\"@type\":\"SearchAction\",\"target\":{\"@type\":\"EntryPoint\",\"urlTemplate\":\"https:\\\/\\\/cdu-kaarst.de\\\/?s={search_term_string}\"},\"query-input\":{\"@type\":\"PropertyValueSpecification\",\"valueRequired\":true,\"valueName\":\"search_term_string\"}}],\"inLanguage\":\"en-GB\"},{\"@type\":\"Organization\",\"@id\":\"https:\\\/\\\/cdu-kaarst.de\\\/#organization\",\"name\":\"CDU Kaarst-B\u00fcttgen\",\"url\":\"https:\\\/\\\/cdu-kaarst.de\\\/\",\"logo\":{\"@type\":\"ImageObject\",\"inLanguage\":\"en-GB\",\"@id\":\"https:\\\/\\\/cdu-kaarst.de\\\/#\\\/schema\\\/logo\\\/image\\\/\",\"url\":\"https:\\\/\\\/cdu-kaarst.de\\\/wp-content\\\/uploads\\\/cdu-gesamtlogo.png\",\"contentUrl\":\"https:\\\/\\\/cdu-kaarst.de\\\/wp-content\\\/uploads\\\/cdu-gesamtlogo.png\",\"width\":418,\"height\":120,\"caption\":\"CDU Kaarst-B\u00fcttgen\"},\"image\":{\"@id\":\"https:\\\/\\\/cdu-kaarst.de\\\/#\\\/schema\\\/logo\\\/image\\\/\"}},{\"@type\":\"Person\",\"@id\":\"https:\\\/\\\/cdu-kaarst.de\\\/#\\\/schema\\\/person\\\/c92673bc9910fd1ccfa0c94aa41c3d63\",\"name\":\"CDU Kaarst\"}]}<\/script>\n<!-- \/ Yoast SEO plugin. -->","yoast_head_json":{"title":"Groundwater problems in the region - CDU calls for swift action - CDU Kaarst-B\u00fcttgen","robots":{"index":"index","follow":"follow","max-snippet":"max-snippet:-1","max-image-preview":"max-image-preview:large","max-video-preview":"max-video-preview:-1"},"canonical":"https:\/\/cdu-kaarst.de\/en\/allgemein\/grundwasserproblematik-in-der-region-cdu-fordert-schnelle-massnahmen\/","og_locale":"en_GB","og_type":"article","og_title":"Grundwasserproblematik in der Region \u2013 CDU fordert schnelle Ma\u00dfnahmen - CDU Kaarst-B\u00fcttgen","og_description":"Im Ausschuss f\u00fcr Mobilit\u00e4t, Umwelt, Klima und Landwirtschaft wurde heute die dringende Grundwasserthematik besprochen, die f\u00fcr zahlreiche B\u00fcrger von gro\u00dfer Bedeutung ist. Rund 40 betroffene Anwohner waren anwesend, weshalb der Tagesordnungspunkt vorgezogen wurde, um das berechtigte Anliegen der B\u00fcrger unmittelbar zu diskutieren. Trotz der langj\u00e4hrigen Kenntnis und Dringlichkeit der Grundwasserproblematik pr\u00e4sentierte die Verwaltung lediglich eine [&hellip;]","og_url":"https:\/\/cdu-kaarst.de\/en\/allgemein\/grundwasserproblematik-in-der-region-cdu-fordert-schnelle-massnahmen\/","og_site_name":"CDU Kaarst-B\u00fcttgen","article_published_time":"2024-09-06T08:12:29+00:00","article_modified_time":"2024-09-09T08:42:38+00:00","og_image":[{"width":1350,"height":1080,"url":"https:\/\/cdu-kaarst.de\/wp-content\/uploads\/cdu-news-grundwasserproblematik.jpg","type":"image\/jpeg"}],"author":"CDU Kaarst","twitter_card":"summary_large_image","twitter_misc":{"Written by":"CDU Kaarst","Estimated reading time":"1 minute"},"schema":{"@context":"https:\/\/schema.org","@graph":[{"@type":"Article","@id":"https:\/\/cdu-kaarst.de\/allgemein\/grundwasserproblematik-in-der-region-cdu-fordert-schnelle-massnahmen\/#article","isPartOf":{"@id":"https:\/\/cdu-kaarst.de\/allgemein\/grundwasserproblematik-in-der-region-cdu-fordert-schnelle-massnahmen\/"},"author":{"name":"CDU Kaarst","@id":"https:\/\/cdu-kaarst.de\/#\/schema\/person\/c92673bc9910fd1ccfa0c94aa41c3d63"},"headline":"Grundwasserproblematik in der Region \u2013 CDU fordert schnelle Ma\u00dfnahmen","datePublished":"2024-09-06T08:12:29+00:00","dateModified":"2024-09-09T08:42:38+00:00","mainEntityOfPage":{"@id":"https:\/\/cdu-kaarst.de\/allgemein\/grundwasserproblematik-in-der-region-cdu-fordert-schnelle-massnahmen\/"},"wordCount":201,"publisher":{"@id":"https:\/\/cdu-kaarst.de\/#organization"},"image":{"@id":"https:\/\/cdu-kaarst.de\/allgemein\/grundwasserproblematik-in-der-region-cdu-fordert-schnelle-massnahmen\/#primaryimage"},"thumbnailUrl":"https:\/\/cdu-kaarst.de\/wp-content\/uploads\/cdu-news-grundwasserproblematik.jpg","articleSection":["Allgemein"],"inLanguage":"en-GB"},{"@type":"WebPage","@id":"https:\/\/cdu-kaarst.de\/allgemein\/grundwasserproblematik-in-der-region-cdu-fordert-schnelle-massnahmen\/","url":"https:\/\/cdu-kaarst.de\/allgemein\/grundwasserproblematik-in-der-region-cdu-fordert-schnelle-massnahmen\/","name":"Groundwater problems in the region - CDU calls for swift action - CDU Kaarst-B\u00fcttgen","isPartOf":{"@id":"https:\/\/cdu-kaarst.de\/#website"},"primaryImageOfPage":{"@id":"https:\/\/cdu-kaarst.de\/allgemein\/grundwasserproblematik-in-der-region-cdu-fordert-schnelle-massnahmen\/#primaryimage"},"image":{"@id":"https:\/\/cdu-kaarst.de\/allgemein\/grundwasserproblematik-in-der-region-cdu-fordert-schnelle-massnahmen\/#primaryimage"},"thumbnailUrl":"https:\/\/cdu-kaarst.de\/wp-content\/uploads\/cdu-news-grundwasserproblematik.jpg","datePublished":"2024-09-06T08:12:29+00:00","dateModified":"2024-09-09T08:42:38+00:00","breadcrumb":{"@id":"https:\/\/cdu-kaarst.de\/allgemein\/grundwasserproblematik-in-der-region-cdu-fordert-schnelle-massnahmen\/#breadcrumb"},"inLanguage":"en-GB","potentialAction":[{"@type":"ReadAction","target":["https:\/\/cdu-kaarst.de\/allgemein\/grundwasserproblematik-in-der-region-cdu-fordert-schnelle-massnahmen\/"]}]},{"@type":"ImageObject","inLanguage":"en-GB","@id":"https:\/\/cdu-kaarst.de\/allgemein\/grundwasserproblematik-in-der-region-cdu-fordert-schnelle-massnahmen\/#primaryimage","url":"https:\/\/cdu-kaarst.de\/wp-content\/uploads\/cdu-news-grundwasserproblematik.jpg","contentUrl":"https:\/\/cdu-kaarst.de\/wp-content\/uploads\/cdu-news-grundwasserproblematik.jpg","width":1350,"height":1080},{"@type":"BreadcrumbList","@id":"https:\/\/cdu-kaarst.de\/allgemein\/grundwasserproblematik-in-der-region-cdu-fordert-schnelle-massnahmen\/#breadcrumb","itemListElement":[{"@type":"ListItem","position":1,"name":"Startseite","item":"https:\/\/cdu-kaarst.de\/"},{"@type":"ListItem","position":2,"name":"Grundwasserproblematik in der Region \u2013 CDU fordert schnelle Ma\u00dfnahmen"}]},{"@type":"WebSite","@id":"https:\/\/cdu-kaarst.de\/#website","url":"https:\/\/cdu-kaarst.de\/","name":"CDU Kaarst-B\u00fcttgen","description":"living well in Kaarst","publisher":{"@id":"https:\/\/cdu-kaarst.de\/#organization"},"potentialAction":[{"@type":"SearchAction","target":{"@type":"EntryPoint","urlTemplate":"https:\/\/cdu-kaarst.de\/?s={search_term_string}"},"query-input":{"@type":"PropertyValueSpecification","valueRequired":true,"valueName":"search_term_string"}}],"inLanguage":"en-GB"},{"@type":"Organization","@id":"https:\/\/cdu-kaarst.de\/#organization","name":"CDU Kaarst-B\u00fcttgen","url":"https:\/\/cdu-kaarst.de\/","logo":{"@type":"ImageObject","inLanguage":"en-GB","@id":"https:\/\/cdu-kaarst.de\/#\/schema\/logo\/image\/","url":"https:\/\/cdu-kaarst.de\/wp-content\/uploads\/cdu-gesamtlogo.png","contentUrl":"https:\/\/cdu-kaarst.de\/wp-content\/uploads\/cdu-gesamtlogo.png","width":418,"height":120,"caption":"CDU Kaarst-B\u00fcttgen"},"image":{"@id":"https:\/\/cdu-kaarst.de\/#\/schema\/logo\/image\/"}},{"@type":"Person","@id":"https:\/\/cdu-kaarst.de\/#\/schema\/person\/c92673bc9910fd1ccfa0c94aa41c3d63","name":"CDU Kaarst"}]}},"_links":{"self":[{"href":"https:\/\/cdu-kaarst.de\/en\/wp-json\/wp\/v2\/posts\/4315","targetHints":{"allow":["GET"]}}],"collection":[{"href":"https:\/\/cdu-kaarst.de\/en\/wp-json\/wp\/v2\/posts"}],"about":[{"href":"https:\/\/cdu-kaarst.de\/en\/wp-json\/wp\/v2\/types\/post"}],"author":[{"embeddable":true,"href":"https:\/\/cdu-kaarst.de\/en\/wp-json\/wp\/v2\/users\/6"}],"replies":[{"embeddable":true,"href":"https:\/\/cdu-kaarst.de\/en\/wp-json\/wp\/v2\/comments?post=4315"}],"version-history":[{"count":9,"href":"https:\/\/cdu-kaarst.de\/en\/wp-json\/wp\/v2\/posts\/4315\/revisions"}],"predecessor-version":[{"id":4375,"href":"https:\/\/cdu-kaarst.de\/en\/wp-json\/wp\/v2\/posts\/4315\/revisions\/4375"}],"wp:featuredmedia":[{"embeddable":true,"href":"https:\/\/cdu-kaarst.de\/en\/wp-json\/wp\/v2\/media\/4372"}],"wp:attachment":[{"href":"https:\/\/cdu-kaarst.de\/en\/wp-json\/wp\/v2\/media?parent=4315"}],"wp:term":[{"taxonomy":"category","embeddable":true,"href":"https:\/\/cdu-kaarst.de\/en\/wp-json\/wp\/v2\/categories?post=4315"},{"taxonomy":"post_tag","embeddable":true,"href":"https:\/\/cdu-kaarst.de\/en\/wp-json\/wp\/v2\/tags?post=4315"}],"curies":[{"name":"wp","href":"https:\/\/api.w.org\/{rel}","templated":true}]}}