{"id":4417,"date":"2024-09-09T10:47:59","date_gmt":"2024-09-09T08:47:59","guid":{"rendered":"https:\/\/cdu-kaarst.de\/?p=4417"},"modified":"2024-09-09T10:50:03","modified_gmt":"2024-09-09T08:50:03","slug":"christian-horn-heinemann-soll-burgermeister-werden-cdu-kaarst-setzt-auf-starke-fuhrung","status":"publish","type":"post","link":"https:\/\/cdu-kaarst.de\/en\/cdu-kaarst\/christian-horn-heinemann-soll-burgermeister-werden-cdu-kaarst-setzt-auf-starke-fuhrung\/","title":{"rendered":"Christian Horn-Heinemann to become mayor - CDU Kaarst relies on strong leadership"},"content":{"rendered":"<div data-elementor-type=\"wp-post\" data-elementor-id=\"4417\" class=\"elementor elementor-4417\" data-elementor-post-type=\"post\">\n\t\t\t\t\t\t<section class=\"elementor-section elementor-top-section elementor-element elementor-element-25fc361a elementor-section-boxed elementor-section-height-default elementor-section-height-default\" data-id=\"25fc361a\" data-element_type=\"section\" data-e-type=\"section\" data-settings=\"{&quot;jet_parallax_layout_list&quot;:[]}\">\n\t\t\t\t\t\t<div class=\"elementor-container elementor-column-gap-default\">\n\t\t\t\t\t<div class=\"elementor-column elementor-col-100 elementor-top-column elementor-element elementor-element-5b3ea6e0\" data-id=\"5b3ea6e0\" data-element_type=\"column\" data-e-type=\"column\">\n\t\t\t<div class=\"elementor-widget-wrap elementor-element-populated\">\n\t\t\t\t\t\t<div class=\"elementor-element elementor-element-5a35d069 elementor-widget elementor-widget-text-editor\" data-id=\"5a35d069\" data-element_type=\"widget\" data-e-type=\"widget\" data-widget_type=\"text-editor.default\">\n\t\t\t\t<div class=\"elementor-widget-container\">\n\t\t\t\t\t\t\t\t\t<p><strong>Horn-Heinemann wants to become mayor<\/strong> - Now it's official! The news that the <strong>CDU board member Christian Horn-Heinemann<\/strong> as a candidate for the office of mayor quickly made the rounds. <strong>The Rheinische Post reported on over \u00bd page<\/strong> about the proposal, generating a great deal of interest. <strong>This message is now spreading virally across social media<\/strong> and reaches many citizens.<\/p><p>\"It's amazing how many people have approached me about it,\" said <strong>Christian Horn-Heinemann<\/strong> on the edge of the <strong>Vorster shooting festival<\/strong>. \"Of course, I was very pleased with the response, and we are now ready for the <strong>CDU general meeting on 26 September 2024<\/strong> in very good spirits.\"<\/p><p>With this strong backing, the CDU Kaarst is optimistic about the future. <strong>Christian Horn-Heinemann<\/strong> stands for <strong>Commitment, experience and foresight<\/strong>to lead the city into a positive future.<\/p><p>If you would like to find out more, you can visit the <strong>Article in the Rheinische Post<\/strong> read:<\/p>\t\t\t\t\t\t\t\t<\/div>\n\t\t\t\t<\/div>\n\t\t\t\t<div class=\"elementor-element elementor-element-3d2ed86 elementor-widget elementor-widget-button\" data-id=\"3d2ed86\" data-element_type=\"widget\" data-e-type=\"widget\" data-widget_type=\"button.default\">\n\t\t\t\t<div class=\"elementor-widget-container\">\n\t\t\t\t\t\t\t\t\t<div class=\"elementor-button-wrapper\">\n\t\t\t\t\t<a class=\"elementor-button elementor-button-link elementor-size-sm\" href=\"https:\/\/rp-epaper.s4p-iapps.com\/artikel\/1255222\/32412637\" target=\"_blank\">\n\t\t\t\t\t\t<span class=\"elementor-button-content-wrapper\">\n\t\t\t\t\t\t\t\t\t<span class=\"elementor-button-text\">Here is the link<\/span>\n\t\t\t\t\t<\/span>\n\t\t\t\t\t<\/a>\n\t\t\t\t<\/div>\n\t\t\t\t\t\t\t\t<\/div>\n\t\t\t\t<\/div>\n\t\t\t\t<div class=\"elementor-element elementor-element-f4725e8 elementor-widget elementor-widget-text-editor\" data-id=\"f4725e8\" data-element_type=\"widget\" data-e-type=\"widget\" data-widget_type=\"text-editor.default\">\n\t\t\t\t<div class=\"elementor-widget-container\">\n\t\t\t\t\t\t\t\t\t<p><strong>CDU on the ground - Together for a strong city and strong leadership!<\/strong><\/p>\t\t\t\t\t\t\t\t<\/div>\n\t\t\t\t<\/div>\n\t\t\t\t\t<\/div>\n\t\t<\/div>\n\t\t\t\t\t<\/div>\n\t\t<\/section>\n\t\t\t\t<\/div>","protected":false},"excerpt":{"rendered":"<p>Horn-Heinemann will B\u00fcrgermeister werden \u2013 jetzt ist es offiziell! Die Nachricht, dass der CDU-Vorstand Christian Horn-Heinemann als Kandidaten f\u00fcr das B\u00fcrgermeisteramt vorschl\u00e4gt, hat schnell die Runde gemacht. Die Rheinische Post berichtete auf \u00fcber \u00bd Seite \u00fcber den Vorschlag und l\u00f6ste damit gro\u00dfes Interesse aus. Diese Nachricht verbreitet sich nun viral \u00fcber die sozialen Medien und [&hellip;]<\/p>\n","protected":false},"author":6,"featured_media":4419,"comment_status":"closed","ping_status":"closed","sticky":false,"template":"","format":"standard","meta":{"footnotes":""},"categories":[102,23],"tags":[103],"class_list":["post-4417","post","type-post","status-publish","format-standard","has-post-thumbnail","hentry","category-buergermeister-horn-heinemann","category-cdu-kaarst","tag-buergermeisterkandidat"],"yoast_head":"<!-- This site is optimized with the Yoast SEO plugin v27.4 - https:\/\/yoast.com\/product\/yoast-seo-wordpress\/ -->\n<title>Christian Horn-Heinemann soll B\u00fcrgermeister werden \u2013 CDU Kaarst setzt auf starke F\u00fchrung - CDU Kaarst-B\u00fcttgen<\/title>\n<meta name=\"robots\" content=\"index, follow, max-snippet:-1, max-image-preview:large, max-video-preview:-1\" \/>\n<link rel=\"canonical\" href=\"https:\/\/cdu-kaarst.de\/en\/cdu-kaarst\/christian-horn-heinemann-soll-burgermeister-werden-cdu-kaarst-setzt-auf-starke-fuhrung\/\" \/>\n<meta property=\"og:locale\" content=\"en_GB\" \/>\n<meta property=\"og:type\" content=\"article\" \/>\n<meta property=\"og:title\" content=\"Christian Horn-Heinemann soll B\u00fcrgermeister werden \u2013 CDU Kaarst setzt auf starke F\u00fchrung - CDU Kaarst-B\u00fcttgen\" \/>\n<meta property=\"og:description\" content=\"Horn-Heinemann will B\u00fcrgermeister werden \u2013 jetzt ist es offiziell! Die Nachricht, dass der CDU-Vorstand Christian Horn-Heinemann als Kandidaten f\u00fcr das B\u00fcrgermeisteramt vorschl\u00e4gt, hat schnell die Runde gemacht. Die Rheinische Post berichtete auf \u00fcber \u00bd Seite \u00fcber den Vorschlag und l\u00f6ste damit gro\u00dfes Interesse aus. Diese Nachricht verbreitet sich nun viral \u00fcber die sozialen Medien und [&hellip;]\" \/>\n<meta property=\"og:url\" content=\"https:\/\/cdu-kaarst.de\/en\/cdu-kaarst\/christian-horn-heinemann-soll-burgermeister-werden-cdu-kaarst-setzt-auf-starke-fuhrung\/\" \/>\n<meta property=\"og:site_name\" content=\"CDU Kaarst-B\u00fcttgen\" \/>\n<meta property=\"article:published_time\" content=\"2024-09-09T08:47:59+00:00\" \/>\n<meta property=\"article:modified_time\" content=\"2024-09-09T08:50:03+00:00\" \/>\n<meta property=\"og:image\" content=\"https:\/\/cdu-kaarst.de\/wp-content\/uploads\/cdu-news-horn-heinemann-buergermeister.jpg\" \/>\n\t<meta property=\"og:image:width\" content=\"1000\" \/>\n\t<meta property=\"og:image:height\" content=\"667\" \/>\n\t<meta property=\"og:image:type\" content=\"image\/jpeg\" \/>\n<meta name=\"author\" content=\"CDU Kaarst\" \/>\n<meta name=\"twitter:card\" content=\"summary_large_image\" \/>\n<meta name=\"twitter:label1\" content=\"Written by\" \/>\n\t<meta name=\"twitter:data1\" content=\"CDU Kaarst\" \/>\n\t<meta name=\"twitter:label2\" content=\"Estimated reading time\" \/>\n\t<meta name=\"twitter:data2\" content=\"2 minutes\" \/>\n<script type=\"application\/ld+json\" class=\"yoast-schema-graph\">{\"@context\":\"https:\\\/\\\/schema.org\",\"@graph\":[{\"@type\":\"Article\",\"@id\":\"https:\\\/\\\/cdu-kaarst.de\\\/cdu-kaarst\\\/christian-horn-heinemann-soll-burgermeister-werden-cdu-kaarst-setzt-auf-starke-fuhrung\\\/#article\",\"isPartOf\":{\"@id\":\"https:\\\/\\\/cdu-kaarst.de\\\/cdu-kaarst\\\/christian-horn-heinemann-soll-burgermeister-werden-cdu-kaarst-setzt-auf-starke-fuhrung\\\/\"},\"author\":{\"name\":\"CDU Kaarst\",\"@id\":\"https:\\\/\\\/cdu-kaarst.de\\\/#\\\/schema\\\/person\\\/c92673bc9910fd1ccfa0c94aa41c3d63\"},\"headline\":\"Christian Horn-Heinemann soll B\u00fcrgermeister werden \u2013 CDU Kaarst setzt auf starke F\u00fchrung\",\"datePublished\":\"2024-09-09T08:47:59+00:00\",\"dateModified\":\"2024-09-09T08:50:03+00:00\",\"mainEntityOfPage\":{\"@id\":\"https:\\\/\\\/cdu-kaarst.de\\\/cdu-kaarst\\\/christian-horn-heinemann-soll-burgermeister-werden-cdu-kaarst-setzt-auf-starke-fuhrung\\\/\"},\"wordCount\":180,\"publisher\":{\"@id\":\"https:\\\/\\\/cdu-kaarst.de\\\/#organization\"},\"image\":{\"@id\":\"https:\\\/\\\/cdu-kaarst.de\\\/cdu-kaarst\\\/christian-horn-heinemann-soll-burgermeister-werden-cdu-kaarst-setzt-auf-starke-fuhrung\\\/#primaryimage\"},\"thumbnailUrl\":\"https:\\\/\\\/cdu-kaarst.de\\\/wp-content\\\/uploads\\\/cdu-news-horn-heinemann-buergermeister.jpg\",\"keywords\":[\"B\u00fcrgermeisterkandidat\"],\"articleSection\":[\"B\u00fcrgermeister Horn-Heinemann\",\"CDU Kaarst\"],\"inLanguage\":\"en-GB\"},{\"@type\":\"WebPage\",\"@id\":\"https:\\\/\\\/cdu-kaarst.de\\\/cdu-kaarst\\\/christian-horn-heinemann-soll-burgermeister-werden-cdu-kaarst-setzt-auf-starke-fuhrung\\\/\",\"url\":\"https:\\\/\\\/cdu-kaarst.de\\\/cdu-kaarst\\\/christian-horn-heinemann-soll-burgermeister-werden-cdu-kaarst-setzt-auf-starke-fuhrung\\\/\",\"name\":\"Christian Horn-Heinemann soll B\u00fcrgermeister werden \u2013 CDU Kaarst setzt auf starke F\u00fchrung - CDU Kaarst-B\u00fcttgen\",\"isPartOf\":{\"@id\":\"https:\\\/\\\/cdu-kaarst.de\\\/#website\"},\"primaryImageOfPage\":{\"@id\":\"https:\\\/\\\/cdu-kaarst.de\\\/cdu-kaarst\\\/christian-horn-heinemann-soll-burgermeister-werden-cdu-kaarst-setzt-auf-starke-fuhrung\\\/#primaryimage\"},\"image\":{\"@id\":\"https:\\\/\\\/cdu-kaarst.de\\\/cdu-kaarst\\\/christian-horn-heinemann-soll-burgermeister-werden-cdu-kaarst-setzt-auf-starke-fuhrung\\\/#primaryimage\"},\"thumbnailUrl\":\"https:\\\/\\\/cdu-kaarst.de\\\/wp-content\\\/uploads\\\/cdu-news-horn-heinemann-buergermeister.jpg\",\"datePublished\":\"2024-09-09T08:47:59+00:00\",\"dateModified\":\"2024-09-09T08:50:03+00:00\",\"breadcrumb\":{\"@id\":\"https:\\\/\\\/cdu-kaarst.de\\\/cdu-kaarst\\\/christian-horn-heinemann-soll-burgermeister-werden-cdu-kaarst-setzt-auf-starke-fuhrung\\\/#breadcrumb\"},\"inLanguage\":\"en-GB\",\"potentialAction\":[{\"@type\":\"ReadAction\",\"target\":[\"https:\\\/\\\/cdu-kaarst.de\\\/cdu-kaarst\\\/christian-horn-heinemann-soll-burgermeister-werden-cdu-kaarst-setzt-auf-starke-fuhrung\\\/\"]}]},{\"@type\":\"ImageObject\",\"inLanguage\":\"en-GB\",\"@id\":\"https:\\\/\\\/cdu-kaarst.de\\\/cdu-kaarst\\\/christian-horn-heinemann-soll-burgermeister-werden-cdu-kaarst-setzt-auf-starke-fuhrung\\\/#primaryimage\",\"url\":\"https:\\\/\\\/cdu-kaarst.de\\\/wp-content\\\/uploads\\\/cdu-news-horn-heinemann-buergermeister.jpg\",\"contentUrl\":\"https:\\\/\\\/cdu-kaarst.de\\\/wp-content\\\/uploads\\\/cdu-news-horn-heinemann-buergermeister.jpg\",\"width\":1000,\"height\":667},{\"@type\":\"BreadcrumbList\",\"@id\":\"https:\\\/\\\/cdu-kaarst.de\\\/cdu-kaarst\\\/christian-horn-heinemann-soll-burgermeister-werden-cdu-kaarst-setzt-auf-starke-fuhrung\\\/#breadcrumb\",\"itemListElement\":[{\"@type\":\"ListItem\",\"position\":1,\"name\":\"Startseite\",\"item\":\"https:\\\/\\\/cdu-kaarst.de\\\/\"},{\"@type\":\"ListItem\",\"position\":2,\"name\":\"Christian Horn-Heinemann soll B\u00fcrgermeister werden \u2013 CDU Kaarst setzt auf starke F\u00fchrung\"}]},{\"@type\":\"WebSite\",\"@id\":\"https:\\\/\\\/cdu-kaarst.de\\\/#website\",\"url\":\"https:\\\/\\\/cdu-kaarst.de\\\/\",\"name\":\"CDU Kaarst-B\u00fcttgen\",\"description\":\"gut Leben in Kaarst\",\"publisher\":{\"@id\":\"https:\\\/\\\/cdu-kaarst.de\\\/#organization\"},\"potentialAction\":[{\"@type\":\"SearchAction\",\"target\":{\"@type\":\"EntryPoint\",\"urlTemplate\":\"https:\\\/\\\/cdu-kaarst.de\\\/?s={search_term_string}\"},\"query-input\":{\"@type\":\"PropertyValueSpecification\",\"valueRequired\":true,\"valueName\":\"search_term_string\"}}],\"inLanguage\":\"en-GB\"},{\"@type\":\"Organization\",\"@id\":\"https:\\\/\\\/cdu-kaarst.de\\\/#organization\",\"name\":\"CDU Kaarst-B\u00fcttgen\",\"url\":\"https:\\\/\\\/cdu-kaarst.de\\\/\",\"logo\":{\"@type\":\"ImageObject\",\"inLanguage\":\"en-GB\",\"@id\":\"https:\\\/\\\/cdu-kaarst.de\\\/#\\\/schema\\\/logo\\\/image\\\/\",\"url\":\"https:\\\/\\\/cdu-kaarst.de\\\/wp-content\\\/uploads\\\/cdu-gesamtlogo.png\",\"contentUrl\":\"https:\\\/\\\/cdu-kaarst.de\\\/wp-content\\\/uploads\\\/cdu-gesamtlogo.png\",\"width\":418,\"height\":120,\"caption\":\"CDU Kaarst-B\u00fcttgen\"},\"image\":{\"@id\":\"https:\\\/\\\/cdu-kaarst.de\\\/#\\\/schema\\\/logo\\\/image\\\/\"}},{\"@type\":\"Person\",\"@id\":\"https:\\\/\\\/cdu-kaarst.de\\\/#\\\/schema\\\/person\\\/c92673bc9910fd1ccfa0c94aa41c3d63\",\"name\":\"CDU Kaarst\"}]}<\/script>\n<!-- \/ Yoast SEO plugin. -->","yoast_head_json":{"title":"Christian Horn-Heinemann to become mayor - CDU Kaarst relies on strong leadership - CDU Kaarst-B\u00fcttgen","robots":{"index":"index","follow":"follow","max-snippet":"max-snippet:-1","max-image-preview":"max-image-preview:large","max-video-preview":"max-video-preview:-1"},"canonical":"https:\/\/cdu-kaarst.de\/en\/cdu-kaarst\/christian-horn-heinemann-soll-burgermeister-werden-cdu-kaarst-setzt-auf-starke-fuhrung\/","og_locale":"en_GB","og_type":"article","og_title":"Christian Horn-Heinemann soll B\u00fcrgermeister werden \u2013 CDU Kaarst setzt auf starke F\u00fchrung - CDU Kaarst-B\u00fcttgen","og_description":"Horn-Heinemann will B\u00fcrgermeister werden \u2013 jetzt ist es offiziell! Die Nachricht, dass der CDU-Vorstand Christian Horn-Heinemann als Kandidaten f\u00fcr das B\u00fcrgermeisteramt vorschl\u00e4gt, hat schnell die Runde gemacht. Die Rheinische Post berichtete auf \u00fcber \u00bd Seite \u00fcber den Vorschlag und l\u00f6ste damit gro\u00dfes Interesse aus. Diese Nachricht verbreitet sich nun viral \u00fcber die sozialen Medien und [&hellip;]","og_url":"https:\/\/cdu-kaarst.de\/en\/cdu-kaarst\/christian-horn-heinemann-soll-burgermeister-werden-cdu-kaarst-setzt-auf-starke-fuhrung\/","og_site_name":"CDU Kaarst-B\u00fcttgen","article_published_time":"2024-09-09T08:47:59+00:00","article_modified_time":"2024-09-09T08:50:03+00:00","og_image":[{"width":1000,"height":667,"url":"https:\/\/cdu-kaarst.de\/wp-content\/uploads\/cdu-news-horn-heinemann-buergermeister.jpg","type":"image\/jpeg"}],"author":"CDU Kaarst","twitter_card":"summary_large_image","twitter_misc":{"Written by":"CDU Kaarst","Estimated reading time":"2 minutes"},"schema":{"@context":"https:\/\/schema.org","@graph":[{"@type":"Article","@id":"https:\/\/cdu-kaarst.de\/cdu-kaarst\/christian-horn-heinemann-soll-burgermeister-werden-cdu-kaarst-setzt-auf-starke-fuhrung\/#article","isPartOf":{"@id":"https:\/\/cdu-kaarst.de\/cdu-kaarst\/christian-horn-heinemann-soll-burgermeister-werden-cdu-kaarst-setzt-auf-starke-fuhrung\/"},"author":{"name":"CDU Kaarst","@id":"https:\/\/cdu-kaarst.de\/#\/schema\/person\/c92673bc9910fd1ccfa0c94aa41c3d63"},"headline":"Christian Horn-Heinemann soll B\u00fcrgermeister werden \u2013 CDU Kaarst setzt auf starke F\u00fchrung","datePublished":"2024-09-09T08:47:59+00:00","dateModified":"2024-09-09T08:50:03+00:00","mainEntityOfPage":{"@id":"https:\/\/cdu-kaarst.de\/cdu-kaarst\/christian-horn-heinemann-soll-burgermeister-werden-cdu-kaarst-setzt-auf-starke-fuhrung\/"},"wordCount":180,"publisher":{"@id":"https:\/\/cdu-kaarst.de\/#organization"},"image":{"@id":"https:\/\/cdu-kaarst.de\/cdu-kaarst\/christian-horn-heinemann-soll-burgermeister-werden-cdu-kaarst-setzt-auf-starke-fuhrung\/#primaryimage"},"thumbnailUrl":"https:\/\/cdu-kaarst.de\/wp-content\/uploads\/cdu-news-horn-heinemann-buergermeister.jpg","keywords":["B\u00fcrgermeisterkandidat"],"articleSection":["B\u00fcrgermeister Horn-Heinemann","CDU Kaarst"],"inLanguage":"en-GB"},{"@type":"WebPage","@id":"https:\/\/cdu-kaarst.de\/cdu-kaarst\/christian-horn-heinemann-soll-burgermeister-werden-cdu-kaarst-setzt-auf-starke-fuhrung\/","url":"https:\/\/cdu-kaarst.de\/cdu-kaarst\/christian-horn-heinemann-soll-burgermeister-werden-cdu-kaarst-setzt-auf-starke-fuhrung\/","name":"Christian Horn-Heinemann to become mayor - CDU Kaarst relies on strong leadership - CDU Kaarst-B\u00fcttgen","isPartOf":{"@id":"https:\/\/cdu-kaarst.de\/#website"},"primaryImageOfPage":{"@id":"https:\/\/cdu-kaarst.de\/cdu-kaarst\/christian-horn-heinemann-soll-burgermeister-werden-cdu-kaarst-setzt-auf-starke-fuhrung\/#primaryimage"},"image":{"@id":"https:\/\/cdu-kaarst.de\/cdu-kaarst\/christian-horn-heinemann-soll-burgermeister-werden-cdu-kaarst-setzt-auf-starke-fuhrung\/#primaryimage"},"thumbnailUrl":"https:\/\/cdu-kaarst.de\/wp-content\/uploads\/cdu-news-horn-heinemann-buergermeister.jpg","datePublished":"2024-09-09T08:47:59+00:00","dateModified":"2024-09-09T08:50:03+00:00","breadcrumb":{"@id":"https:\/\/cdu-kaarst.de\/cdu-kaarst\/christian-horn-heinemann-soll-burgermeister-werden-cdu-kaarst-setzt-auf-starke-fuhrung\/#breadcrumb"},"inLanguage":"en-GB","potentialAction":[{"@type":"ReadAction","target":["https:\/\/cdu-kaarst.de\/cdu-kaarst\/christian-horn-heinemann-soll-burgermeister-werden-cdu-kaarst-setzt-auf-starke-fuhrung\/"]}]},{"@type":"ImageObject","inLanguage":"en-GB","@id":"https:\/\/cdu-kaarst.de\/cdu-kaarst\/christian-horn-heinemann-soll-burgermeister-werden-cdu-kaarst-setzt-auf-starke-fuhrung\/#primaryimage","url":"https:\/\/cdu-kaarst.de\/wp-content\/uploads\/cdu-news-horn-heinemann-buergermeister.jpg","contentUrl":"https:\/\/cdu-kaarst.de\/wp-content\/uploads\/cdu-news-horn-heinemann-buergermeister.jpg","width":1000,"height":667},{"@type":"BreadcrumbList","@id":"https:\/\/cdu-kaarst.de\/cdu-kaarst\/christian-horn-heinemann-soll-burgermeister-werden-cdu-kaarst-setzt-auf-starke-fuhrung\/#breadcrumb","itemListElement":[{"@type":"ListItem","position":1,"name":"Startseite","item":"https:\/\/cdu-kaarst.de\/"},{"@type":"ListItem","position":2,"name":"Christian Horn-Heinemann soll B\u00fcrgermeister werden \u2013 CDU Kaarst setzt auf starke F\u00fchrung"}]},{"@type":"WebSite","@id":"https:\/\/cdu-kaarst.de\/#website","url":"https:\/\/cdu-kaarst.de\/","name":"CDU Kaarst-B\u00fcttgen","description":"living well in Kaarst","publisher":{"@id":"https:\/\/cdu-kaarst.de\/#organization"},"potentialAction":[{"@type":"SearchAction","target":{"@type":"EntryPoint","urlTemplate":"https:\/\/cdu-kaarst.de\/?s={search_term_string}"},"query-input":{"@type":"PropertyValueSpecification","valueRequired":true,"valueName":"search_term_string"}}],"inLanguage":"en-GB"},{"@type":"Organization","@id":"https:\/\/cdu-kaarst.de\/#organization","name":"CDU Kaarst-B\u00fcttgen","url":"https:\/\/cdu-kaarst.de\/","logo":{"@type":"ImageObject","inLanguage":"en-GB","@id":"https:\/\/cdu-kaarst.de\/#\/schema\/logo\/image\/","url":"https:\/\/cdu-kaarst.de\/wp-content\/uploads\/cdu-gesamtlogo.png","contentUrl":"https:\/\/cdu-kaarst.de\/wp-content\/uploads\/cdu-gesamtlogo.png","width":418,"height":120,"caption":"CDU Kaarst-B\u00fcttgen"},"image":{"@id":"https:\/\/cdu-kaarst.de\/#\/schema\/logo\/image\/"}},{"@type":"Person","@id":"https:\/\/cdu-kaarst.de\/#\/schema\/person\/c92673bc9910fd1ccfa0c94aa41c3d63","name":"CDU Kaarst"}]}},"_links":{"self":[{"href":"https:\/\/cdu-kaarst.de\/en\/wp-json\/wp\/v2\/posts\/4417","targetHints":{"allow":["GET"]}}],"collection":[{"href":"https:\/\/cdu-kaarst.de\/en\/wp-json\/wp\/v2\/posts"}],"about":[{"href":"https:\/\/cdu-kaarst.de\/en\/wp-json\/wp\/v2\/types\/post"}],"author":[{"embeddable":true,"href":"https:\/\/cdu-kaarst.de\/en\/wp-json\/wp\/v2\/users\/6"}],"replies":[{"embeddable":true,"href":"https:\/\/cdu-kaarst.de\/en\/wp-json\/wp\/v2\/comments?post=4417"}],"version-history":[{"count":15,"href":"https:\/\/cdu-kaarst.de\/en\/wp-json\/wp\/v2\/posts\/4417\/revisions"}],"predecessor-version":[{"id":4438,"href":"https:\/\/cdu-kaarst.de\/en\/wp-json\/wp\/v2\/posts\/4417\/revisions\/4438"}],"wp:featuredmedia":[{"embeddable":true,"href":"https:\/\/cdu-kaarst.de\/en\/wp-json\/wp\/v2\/media\/4419"}],"wp:attachment":[{"href":"https:\/\/cdu-kaarst.de\/en\/wp-json\/wp\/v2\/media?parent=4417"}],"wp:term":[{"taxonomy":"category","embeddable":true,"href":"https:\/\/cdu-kaarst.de\/en\/wp-json\/wp\/v2\/categories?post=4417"},{"taxonomy":"post_tag","embeddable":true,"href":"https:\/\/cdu-kaarst.de\/en\/wp-json\/wp\/v2\/tags?post=4417"}],"curies":[{"name":"wp","href":"https:\/\/api.w.org\/{rel}","templated":true}]}}