{"id":4440,"date":"2024-09-09T15:41:57","date_gmt":"2024-09-09T13:41:57","guid":{"rendered":"https:\/\/cdu-kaarst.de\/?p=4440"},"modified":"2024-09-09T15:41:57","modified_gmt":"2024-09-09T13:41:57","slug":"cdu-im-stadtrat-5-9-2024","status":"publish","type":"post","link":"https:\/\/cdu-kaarst.de\/en\/cdu-kaarst\/cdu-im-stadtrat-5-9-2024\/","title":{"rendered":"CDU in the city council 05.09.2024"},"content":{"rendered":"<p><strong>Public relations<\/strong><\/p>\n<p>At the request of the <strong>CDU<\/strong> decided the <strong>City Council on Thursday, 5 September 2024<\/strong>that in the <strong>Department 01 Public Relations\/New Media\/Internet<\/strong>who is the <strong>Mayor<\/strong> is subordinate, <strong>One position cancelled from 2025<\/strong> is to be realised. In the view of the CDU, this area is more than adequately staffed. Other areas of the administration, on the other hand, are not. It is essential that <strong>the municipal funds for communication and public relations are used in such a way that they exclusively serve the municipal tasks<\/strong>.<\/p>\n<p><strong>Finances<\/strong><br \/>\nAt the request of the <strong>CDU<\/strong> the mayor laid the foundation on Thursday <strong>5.9.2024<\/strong> in the Council the status of <strong>Trade tax revenue<\/strong> before. This confirmed the CDU's fears that the <strong>acute withdrawal of various companies<\/strong>The city's coffers are being torn a hole by the companies that actually wanted to relocate to Kaarst. Quote from Mayor Baum: <strong>\"For this reason, according to current planning, there will be around EUR 4 million less trade tax income in 2026 compared to the 2023 plan.\"<\/strong> After the parliamentary groups of <strong>CDU, B90, FDP, SPD and UWG\/Kaarst Aktiv<\/strong> The fact that the city council has set the course for a consolidation process, which unfortunately also involved unpleasant decisions at the expense of citizens, is a bitter setback. Here the <strong>Mayor and her team now more in demand than ever<\/strong>finally the <strong>to market vacant commercial properties<\/strong>in order to generate further income from property proceeds and additional trade tax.<\/p>\n<p><strong>Concerns of people with disabilities<\/strong><br \/>\nAt the request of the <strong>CDU<\/strong> the adoption of the <strong>Statutes to safeguard the interests of people with disabilities<\/strong> was postponed by the council on Thursday, although the mayor was keen to have it decided. <strong>Various representatives of people with disabilities<\/strong> were at the <strong>Council meeting<\/strong> came to express their displeasure with the administration. The administration had not, as promised, included them in the <strong>Counselling process<\/strong> which includes a <strong>Round table<\/strong> was planned. The application for <strong>Adjournment<\/strong> They were therefore pleased to note that they would have asked for it themselves. Until the <strong>Meeting in October<\/strong> is now to be published under <strong>Involvement of all relevant groups and politics<\/strong> a draft of the articles of association.<\/p>","protected":false},"excerpt":{"rendered":"<p>\u00d6ffentlichkeitsarbeit Auf Antrag der CDU beschloss der Stadtrat am Donnerstag, den 5.9.2024, dass im Fachbereich 01 \u00d6ffentlichkeitsarbeit\/Neue Medien\/Internet, der der B\u00fcrgermeisterin untersteht, ab 2025 eine Stelle gestrichen werden soll. Aus Sicht der CDU ist dieser Bereich personell mehr als ausreichend besetzt. Andere Bereiche der Verwaltung dagegen nicht. Wesentlich ist, dass die st\u00e4dtischen Mittel f\u00fcr Kommunikation [&hellip;]<\/p>\n","protected":false},"author":1,"featured_media":1132,"comment_status":"closed","ping_status":"closed","sticky":false,"template":"","format":"standard","meta":{"footnotes":""},"categories":[105,23],"tags":[106],"class_list":["post-4440","post","type-post","status-publish","format-standard","has-post-thumbnail","hentry","category-cdu-im-stadtrat","category-cdu-kaarst","tag-oeffentlichkeitsarbeit"],"yoast_head":"<!-- This site is optimized with the Yoast SEO plugin v27.4 - https:\/\/yoast.com\/product\/yoast-seo-wordpress\/ -->\n<title>CDU im Stadtrat 05.09.2024 - CDU Kaarst-B\u00fcttgen<\/title>\n<meta name=\"robots\" content=\"index, follow, max-snippet:-1, max-image-preview:large, max-video-preview:-1\" \/>\n<link rel=\"canonical\" href=\"https:\/\/cdu-kaarst.de\/en\/cdu-kaarst\/cdu-im-stadtrat-5-9-2024\/\" \/>\n<meta property=\"og:locale\" content=\"en_GB\" \/>\n<meta property=\"og:type\" content=\"article\" \/>\n<meta property=\"og:title\" content=\"CDU im Stadtrat 05.09.2024 - CDU Kaarst-B\u00fcttgen\" \/>\n<meta property=\"og:description\" content=\"\u00d6ffentlichkeitsarbeit Auf Antrag der CDU beschloss der Stadtrat am Donnerstag, den 5.9.2024, dass im Fachbereich 01 \u00d6ffentlichkeitsarbeit\/Neue Medien\/Internet, der der B\u00fcrgermeisterin untersteht, ab 2025 eine Stelle gestrichen werden soll. Aus Sicht der CDU ist dieser Bereich personell mehr als ausreichend besetzt. Andere Bereiche der Verwaltung dagegen nicht. Wesentlich ist, dass die st\u00e4dtischen Mittel f\u00fcr Kommunikation [&hellip;]\" \/>\n<meta property=\"og:url\" content=\"https:\/\/cdu-kaarst.de\/en\/cdu-kaarst\/cdu-im-stadtrat-5-9-2024\/\" \/>\n<meta property=\"og:site_name\" content=\"CDU Kaarst-B\u00fcttgen\" \/>\n<meta property=\"article:published_time\" content=\"2024-09-09T13:41:57+00:00\" \/>\n<meta property=\"og:image\" content=\"https:\/\/cdu-kaarst.de\/wp-content\/uploads\/cdu-kaarst_pfosten.jpg\" \/>\n\t<meta property=\"og:image:width\" content=\"1000\" \/>\n\t<meta property=\"og:image:height\" content=\"667\" \/>\n\t<meta property=\"og:image:type\" content=\"image\/jpeg\" \/>\n<meta name=\"author\" content=\"@dm1n\" \/>\n<meta name=\"twitter:card\" content=\"summary_large_image\" \/>\n<meta name=\"twitter:label1\" content=\"Written by\" \/>\n\t<meta name=\"twitter:data1\" content=\"@dm1n\" \/>\n\t<meta name=\"twitter:label2\" content=\"Estimated reading time\" \/>\n\t<meta name=\"twitter:data2\" content=\"2 minutes\" \/>\n<script type=\"application\/ld+json\" class=\"yoast-schema-graph\">{\"@context\":\"https:\\\/\\\/schema.org\",\"@graph\":[{\"@type\":\"Article\",\"@id\":\"https:\\\/\\\/cdu-kaarst.de\\\/cdu-kaarst\\\/cdu-im-stadtrat-5-9-2024\\\/#article\",\"isPartOf\":{\"@id\":\"https:\\\/\\\/cdu-kaarst.de\\\/cdu-kaarst\\\/cdu-im-stadtrat-5-9-2024\\\/\"},\"author\":{\"name\":\"@dm1n\",\"@id\":\"https:\\\/\\\/cdu-kaarst.de\\\/#\\\/schema\\\/person\\\/05876a2bd7865609f2946e82cbc73476\"},\"headline\":\"CDU im Stadtrat 05.09.2024\",\"datePublished\":\"2024-09-09T13:41:57+00:00\",\"mainEntityOfPage\":{\"@id\":\"https:\\\/\\\/cdu-kaarst.de\\\/cdu-kaarst\\\/cdu-im-stadtrat-5-9-2024\\\/\"},\"wordCount\":334,\"publisher\":{\"@id\":\"https:\\\/\\\/cdu-kaarst.de\\\/#organization\"},\"image\":{\"@id\":\"https:\\\/\\\/cdu-kaarst.de\\\/cdu-kaarst\\\/cdu-im-stadtrat-5-9-2024\\\/#primaryimage\"},\"thumbnailUrl\":\"https:\\\/\\\/cdu-kaarst.de\\\/wp-content\\\/uploads\\\/cdu-kaarst_pfosten.jpg\",\"keywords\":[\"\u00d6ffentlichkeitsarbeit\"],\"articleSection\":[\"CDU im Stadtrat\",\"CDU Kaarst\"],\"inLanguage\":\"en-GB\"},{\"@type\":\"WebPage\",\"@id\":\"https:\\\/\\\/cdu-kaarst.de\\\/cdu-kaarst\\\/cdu-im-stadtrat-5-9-2024\\\/\",\"url\":\"https:\\\/\\\/cdu-kaarst.de\\\/cdu-kaarst\\\/cdu-im-stadtrat-5-9-2024\\\/\",\"name\":\"CDU im Stadtrat 05.09.2024 - CDU Kaarst-B\u00fcttgen\",\"isPartOf\":{\"@id\":\"https:\\\/\\\/cdu-kaarst.de\\\/#website\"},\"primaryImageOfPage\":{\"@id\":\"https:\\\/\\\/cdu-kaarst.de\\\/cdu-kaarst\\\/cdu-im-stadtrat-5-9-2024\\\/#primaryimage\"},\"image\":{\"@id\":\"https:\\\/\\\/cdu-kaarst.de\\\/cdu-kaarst\\\/cdu-im-stadtrat-5-9-2024\\\/#primaryimage\"},\"thumbnailUrl\":\"https:\\\/\\\/cdu-kaarst.de\\\/wp-content\\\/uploads\\\/cdu-kaarst_pfosten.jpg\",\"datePublished\":\"2024-09-09T13:41:57+00:00\",\"breadcrumb\":{\"@id\":\"https:\\\/\\\/cdu-kaarst.de\\\/cdu-kaarst\\\/cdu-im-stadtrat-5-9-2024\\\/#breadcrumb\"},\"inLanguage\":\"en-GB\",\"potentialAction\":[{\"@type\":\"ReadAction\",\"target\":[\"https:\\\/\\\/cdu-kaarst.de\\\/cdu-kaarst\\\/cdu-im-stadtrat-5-9-2024\\\/\"]}]},{\"@type\":\"ImageObject\",\"inLanguage\":\"en-GB\",\"@id\":\"https:\\\/\\\/cdu-kaarst.de\\\/cdu-kaarst\\\/cdu-im-stadtrat-5-9-2024\\\/#primaryimage\",\"url\":\"https:\\\/\\\/cdu-kaarst.de\\\/wp-content\\\/uploads\\\/cdu-kaarst_pfosten.jpg\",\"contentUrl\":\"https:\\\/\\\/cdu-kaarst.de\\\/wp-content\\\/uploads\\\/cdu-kaarst_pfosten.jpg\",\"width\":1000,\"height\":667,\"caption\":\"CDU Kaarst | Wappen\"},{\"@type\":\"BreadcrumbList\",\"@id\":\"https:\\\/\\\/cdu-kaarst.de\\\/cdu-kaarst\\\/cdu-im-stadtrat-5-9-2024\\\/#breadcrumb\",\"itemListElement\":[{\"@type\":\"ListItem\",\"position\":1,\"name\":\"Startseite\",\"item\":\"https:\\\/\\\/cdu-kaarst.de\\\/\"},{\"@type\":\"ListItem\",\"position\":2,\"name\":\"CDU im Stadtrat 05.09.2024\"}]},{\"@type\":\"WebSite\",\"@id\":\"https:\\\/\\\/cdu-kaarst.de\\\/#website\",\"url\":\"https:\\\/\\\/cdu-kaarst.de\\\/\",\"name\":\"CDU Kaarst-B\u00fcttgen\",\"description\":\"gut Leben in Kaarst\",\"publisher\":{\"@id\":\"https:\\\/\\\/cdu-kaarst.de\\\/#organization\"},\"potentialAction\":[{\"@type\":\"SearchAction\",\"target\":{\"@type\":\"EntryPoint\",\"urlTemplate\":\"https:\\\/\\\/cdu-kaarst.de\\\/?s={search_term_string}\"},\"query-input\":{\"@type\":\"PropertyValueSpecification\",\"valueRequired\":true,\"valueName\":\"search_term_string\"}}],\"inLanguage\":\"en-GB\"},{\"@type\":\"Organization\",\"@id\":\"https:\\\/\\\/cdu-kaarst.de\\\/#organization\",\"name\":\"CDU Kaarst-B\u00fcttgen\",\"url\":\"https:\\\/\\\/cdu-kaarst.de\\\/\",\"logo\":{\"@type\":\"ImageObject\",\"inLanguage\":\"en-GB\",\"@id\":\"https:\\\/\\\/cdu-kaarst.de\\\/#\\\/schema\\\/logo\\\/image\\\/\",\"url\":\"https:\\\/\\\/cdu-kaarst.de\\\/wp-content\\\/uploads\\\/cdu-gesamtlogo.png\",\"contentUrl\":\"https:\\\/\\\/cdu-kaarst.de\\\/wp-content\\\/uploads\\\/cdu-gesamtlogo.png\",\"width\":418,\"height\":120,\"caption\":\"CDU Kaarst-B\u00fcttgen\"},\"image\":{\"@id\":\"https:\\\/\\\/cdu-kaarst.de\\\/#\\\/schema\\\/logo\\\/image\\\/\"}},{\"@type\":\"Person\",\"@id\":\"https:\\\/\\\/cdu-kaarst.de\\\/#\\\/schema\\\/person\\\/05876a2bd7865609f2946e82cbc73476\",\"name\":\"@dm1n\",\"sameAs\":[\"http:\\\/\\\/cdu-kaarst.de\"]}]}<\/script>\n<!-- \/ Yoast SEO plugin. -->","yoast_head_json":{"title":"CDU in the city council 05.09.2024 - CDU Kaarst-B\u00fcttgen","robots":{"index":"index","follow":"follow","max-snippet":"max-snippet:-1","max-image-preview":"max-image-preview:large","max-video-preview":"max-video-preview:-1"},"canonical":"https:\/\/cdu-kaarst.de\/en\/cdu-kaarst\/cdu-im-stadtrat-5-9-2024\/","og_locale":"en_GB","og_type":"article","og_title":"CDU im Stadtrat 05.09.2024 - CDU Kaarst-B\u00fcttgen","og_description":"\u00d6ffentlichkeitsarbeit Auf Antrag der CDU beschloss der Stadtrat am Donnerstag, den 5.9.2024, dass im Fachbereich 01 \u00d6ffentlichkeitsarbeit\/Neue Medien\/Internet, der der B\u00fcrgermeisterin untersteht, ab 2025 eine Stelle gestrichen werden soll. Aus Sicht der CDU ist dieser Bereich personell mehr als ausreichend besetzt. Andere Bereiche der Verwaltung dagegen nicht. Wesentlich ist, dass die st\u00e4dtischen Mittel f\u00fcr Kommunikation [&hellip;]","og_url":"https:\/\/cdu-kaarst.de\/en\/cdu-kaarst\/cdu-im-stadtrat-5-9-2024\/","og_site_name":"CDU Kaarst-B\u00fcttgen","article_published_time":"2024-09-09T13:41:57+00:00","og_image":[{"width":1000,"height":667,"url":"https:\/\/cdu-kaarst.de\/wp-content\/uploads\/cdu-kaarst_pfosten.jpg","type":"image\/jpeg"}],"author":"@dm1n","twitter_card":"summary_large_image","twitter_misc":{"Written by":"@dm1n","Estimated reading time":"2 minutes"},"schema":{"@context":"https:\/\/schema.org","@graph":[{"@type":"Article","@id":"https:\/\/cdu-kaarst.de\/cdu-kaarst\/cdu-im-stadtrat-5-9-2024\/#article","isPartOf":{"@id":"https:\/\/cdu-kaarst.de\/cdu-kaarst\/cdu-im-stadtrat-5-9-2024\/"},"author":{"name":"@dm1n","@id":"https:\/\/cdu-kaarst.de\/#\/schema\/person\/05876a2bd7865609f2946e82cbc73476"},"headline":"CDU im Stadtrat 05.09.2024","datePublished":"2024-09-09T13:41:57+00:00","mainEntityOfPage":{"@id":"https:\/\/cdu-kaarst.de\/cdu-kaarst\/cdu-im-stadtrat-5-9-2024\/"},"wordCount":334,"publisher":{"@id":"https:\/\/cdu-kaarst.de\/#organization"},"image":{"@id":"https:\/\/cdu-kaarst.de\/cdu-kaarst\/cdu-im-stadtrat-5-9-2024\/#primaryimage"},"thumbnailUrl":"https:\/\/cdu-kaarst.de\/wp-content\/uploads\/cdu-kaarst_pfosten.jpg","keywords":["\u00d6ffentlichkeitsarbeit"],"articleSection":["CDU im Stadtrat","CDU Kaarst"],"inLanguage":"en-GB"},{"@type":"WebPage","@id":"https:\/\/cdu-kaarst.de\/cdu-kaarst\/cdu-im-stadtrat-5-9-2024\/","url":"https:\/\/cdu-kaarst.de\/cdu-kaarst\/cdu-im-stadtrat-5-9-2024\/","name":"CDU in the city council 05.09.2024 - CDU Kaarst-B\u00fcttgen","isPartOf":{"@id":"https:\/\/cdu-kaarst.de\/#website"},"primaryImageOfPage":{"@id":"https:\/\/cdu-kaarst.de\/cdu-kaarst\/cdu-im-stadtrat-5-9-2024\/#primaryimage"},"image":{"@id":"https:\/\/cdu-kaarst.de\/cdu-kaarst\/cdu-im-stadtrat-5-9-2024\/#primaryimage"},"thumbnailUrl":"https:\/\/cdu-kaarst.de\/wp-content\/uploads\/cdu-kaarst_pfosten.jpg","datePublished":"2024-09-09T13:41:57+00:00","breadcrumb":{"@id":"https:\/\/cdu-kaarst.de\/cdu-kaarst\/cdu-im-stadtrat-5-9-2024\/#breadcrumb"},"inLanguage":"en-GB","potentialAction":[{"@type":"ReadAction","target":["https:\/\/cdu-kaarst.de\/cdu-kaarst\/cdu-im-stadtrat-5-9-2024\/"]}]},{"@type":"ImageObject","inLanguage":"en-GB","@id":"https:\/\/cdu-kaarst.de\/cdu-kaarst\/cdu-im-stadtrat-5-9-2024\/#primaryimage","url":"https:\/\/cdu-kaarst.de\/wp-content\/uploads\/cdu-kaarst_pfosten.jpg","contentUrl":"https:\/\/cdu-kaarst.de\/wp-content\/uploads\/cdu-kaarst_pfosten.jpg","width":1000,"height":667,"caption":"CDU Kaarst | Wappen"},{"@type":"BreadcrumbList","@id":"https:\/\/cdu-kaarst.de\/cdu-kaarst\/cdu-im-stadtrat-5-9-2024\/#breadcrumb","itemListElement":[{"@type":"ListItem","position":1,"name":"Startseite","item":"https:\/\/cdu-kaarst.de\/"},{"@type":"ListItem","position":2,"name":"CDU im Stadtrat 05.09.2024"}]},{"@type":"WebSite","@id":"https:\/\/cdu-kaarst.de\/#website","url":"https:\/\/cdu-kaarst.de\/","name":"CDU Kaarst-B\u00fcttgen","description":"living well in Kaarst","publisher":{"@id":"https:\/\/cdu-kaarst.de\/#organization"},"potentialAction":[{"@type":"SearchAction","target":{"@type":"EntryPoint","urlTemplate":"https:\/\/cdu-kaarst.de\/?s={search_term_string}"},"query-input":{"@type":"PropertyValueSpecification","valueRequired":true,"valueName":"search_term_string"}}],"inLanguage":"en-GB"},{"@type":"Organization","@id":"https:\/\/cdu-kaarst.de\/#organization","name":"CDU Kaarst-B\u00fcttgen","url":"https:\/\/cdu-kaarst.de\/","logo":{"@type":"ImageObject","inLanguage":"en-GB","@id":"https:\/\/cdu-kaarst.de\/#\/schema\/logo\/image\/","url":"https:\/\/cdu-kaarst.de\/wp-content\/uploads\/cdu-gesamtlogo.png","contentUrl":"https:\/\/cdu-kaarst.de\/wp-content\/uploads\/cdu-gesamtlogo.png","width":418,"height":120,"caption":"CDU Kaarst-B\u00fcttgen"},"image":{"@id":"https:\/\/cdu-kaarst.de\/#\/schema\/logo\/image\/"}},{"@type":"Person","@id":"https:\/\/cdu-kaarst.de\/#\/schema\/person\/05876a2bd7865609f2946e82cbc73476","name":"@dm1n","sameAs":["http:\/\/cdu-kaarst.de"]}]}},"_links":{"self":[{"href":"https:\/\/cdu-kaarst.de\/en\/wp-json\/wp\/v2\/posts\/4440","targetHints":{"allow":["GET"]}}],"collection":[{"href":"https:\/\/cdu-kaarst.de\/en\/wp-json\/wp\/v2\/posts"}],"about":[{"href":"https:\/\/cdu-kaarst.de\/en\/wp-json\/wp\/v2\/types\/post"}],"author":[{"embeddable":true,"href":"https:\/\/cdu-kaarst.de\/en\/wp-json\/wp\/v2\/users\/1"}],"replies":[{"embeddable":true,"href":"https:\/\/cdu-kaarst.de\/en\/wp-json\/wp\/v2\/comments?post=4440"}],"version-history":[{"count":1,"href":"https:\/\/cdu-kaarst.de\/en\/wp-json\/wp\/v2\/posts\/4440\/revisions"}],"predecessor-version":[{"id":4441,"href":"https:\/\/cdu-kaarst.de\/en\/wp-json\/wp\/v2\/posts\/4440\/revisions\/4441"}],"wp:featuredmedia":[{"embeddable":true,"href":"https:\/\/cdu-kaarst.de\/en\/wp-json\/wp\/v2\/media\/1132"}],"wp:attachment":[{"href":"https:\/\/cdu-kaarst.de\/en\/wp-json\/wp\/v2\/media?parent=4440"}],"wp:term":[{"taxonomy":"category","embeddable":true,"href":"https:\/\/cdu-kaarst.de\/en\/wp-json\/wp\/v2\/categories?post=4440"},{"taxonomy":"post_tag","embeddable":true,"href":"https:\/\/cdu-kaarst.de\/en\/wp-json\/wp\/v2\/tags?post=4440"}],"curies":[{"name":"wp","href":"https:\/\/api.w.org\/{rel}","templated":true}]}}