{"id":4505,"date":"2024-09-13T14:49:38","date_gmt":"2024-09-13T12:49:38","guid":{"rendered":"https:\/\/cdu-kaarst.de\/?p=4505"},"modified":"2024-09-16T08:30:49","modified_gmt":"2024-09-16T06:30:49","slug":"cdu-kaarst-christian-horn-heinemann-als-buergermeisterkandidat-nominiert-eine-entscheidung-fuer-kaarsts-zukunft","status":"publish","type":"post","link":"https:\/\/cdu-kaarst.de\/en\/buergermeister-horn-heinemann\/cdu-kaarst-christian-horn-heinemann-als-buergermeisterkandidat-nominiert-eine-entscheidung-fuer-kaarsts-zukunft\/","title":{"rendered":"CDU Kaarst: Christian Horn-Heinemann nominated as candidate for mayor - a decision for Kaarst's future"},"content":{"rendered":"<h2>CDU Kaarst: A clear decision for the future of the city<\/h2>\n<p>With the nomination of <a href=\"https:\/\/cdu-kaarst.de\/en\/personen\/christian-horn-heinemann\/\">Christian Horn-Heinemann<\/a> As a candidate for mayor, Horn-Heinemann has made a landmark decision. Horn-Heinemann has all the necessary qualifications to not only administer the city, but to actively shape it in a future-oriented manner. His clear goal is to lead Kaarst professionally again and to successfully realise the numerous upcoming projects.<\/p>\n<p>It is regrettable that the SPD criticised our decision and had hoped for a joint candidacy with the Greens and the CDU. But as the CDU, it was important to us from the outset to have a <strong>to send candidates from its own ranks into the race<\/strong>who has the trust of our members and the necessary skills for this office.<\/p>\n<h3>Why Christian Horn-Heinemann is the best candidate<\/h3>\n<p>The CDU Executive Committee is convinced that in Christian Horn-Heinemann it has found the best candidate for the challenges ahead. In his role as a strong leader and team player, he will set the course for the positive development of our city. The CDU Chairman <a href=\"https:\/\/cdu-kaarst.de\/en\/personen\/dennis-oscheja\/\">Dennis Oscheja<\/a> emphasised that Horn-Heinemann brings the qualities urgently needed for Kaarst to the mayoral office: \"What counts for him is the result for Kaarst.\"<\/p>\n<h4>Advantages of Christian Horn-Heinemann as a candidate for mayor:<\/h4>\n<ul>\n<li>Extensive administrative experience<\/li>\n<li>Future-orientated thinking<\/li>\n<li>Strong leadership and ability to work in a team<\/li>\n<li>Focus on concrete results for Kaarst<\/li>\n<\/ul>\n<h3>Reactions from the opposition: criticism from the SPD<\/h3>\n<p>While the SPD has different positions on the candidate selection, the CDU Kaarst remains determined to focus on a professional and responsible leadership of the city. The SPD had hoped to put forward a joint candidate, but the CDU decided in favour of an independent nomination.<\/p>\n<h3>Looking ahead: The vision for Kaarst's future<\/h3>\n<p>Together with our members, we look to the future with confidence and are convinced that Christian Horn-Heinemann is the right man for the job.<\/p>\n<p>You can read the full article on current developments at <a href=\"https:\/\/rp-epaper.s4p-iapps.com\/artikel\/1256026\/32498111#\" target=\"_blank\" rel=\"noopener\">read here<\/a>.<\/p>","protected":false},"excerpt":{"rendered":"<p>CDU Kaarst: Eine klare Entscheidung f\u00fcr die Zukunft der Stadt Die CDU Kaarst hat mit der Nominierung von Christian Horn-Heinemann als B\u00fcrgermeisterkandidat eine richtungsweisende Entscheidung getroffen. Horn-Heinemann bringt alle erforderlichen Qualifikationen mit, um die Stadt nicht nur zu verwalten, sondern aktiv und zukunftsorientiert zu gestalten. Sein klares Ziel ist es, Kaarst wieder professionell zu f\u00fchren [&hellip;]<\/p>\n","protected":false},"author":1,"featured_media":4419,"comment_status":"closed","ping_status":"closed","sticky":false,"template":"","format":"standard","meta":{"footnotes":""},"categories":[102],"tags":[],"class_list":["post-4505","post","type-post","status-publish","format-standard","has-post-thumbnail","hentry","category-buergermeister-horn-heinemann"],"yoast_head":"<!-- This site is optimized with the Yoast SEO plugin v27.4 - https:\/\/yoast.com\/product\/yoast-seo-wordpress\/ -->\n<title>CDU Kaarst: Christian Horn-Heinemann als B\u00fcrgermeisterkandidat nominiert \u2013 eine Entscheidung f\u00fcr Kaarsts Zukunft - CDU Kaarst-B\u00fcttgen<\/title>\n<meta name=\"robots\" content=\"index, follow, max-snippet:-1, max-image-preview:large, max-video-preview:-1\" \/>\n<link rel=\"canonical\" href=\"https:\/\/cdu-kaarst.de\/en\/buergermeister-horn-heinemann\/cdu-kaarst-christian-horn-heinemann-als-buergermeisterkandidat-nominiert-eine-entscheidung-fuer-kaarsts-zukunft\/\" \/>\n<meta property=\"og:locale\" content=\"en_GB\" \/>\n<meta property=\"og:type\" content=\"article\" \/>\n<meta property=\"og:title\" content=\"CDU Kaarst: Christian Horn-Heinemann als B\u00fcrgermeisterkandidat nominiert \u2013 eine Entscheidung f\u00fcr Kaarsts Zukunft - CDU Kaarst-B\u00fcttgen\" \/>\n<meta property=\"og:description\" content=\"CDU Kaarst: Eine klare Entscheidung f\u00fcr die Zukunft der Stadt Die CDU Kaarst hat mit der Nominierung von Christian Horn-Heinemann als B\u00fcrgermeisterkandidat eine richtungsweisende Entscheidung getroffen. Horn-Heinemann bringt alle erforderlichen Qualifikationen mit, um die Stadt nicht nur zu verwalten, sondern aktiv und zukunftsorientiert zu gestalten. Sein klares Ziel ist es, Kaarst wieder professionell zu f\u00fchren [&hellip;]\" \/>\n<meta property=\"og:url\" content=\"https:\/\/cdu-kaarst.de\/en\/buergermeister-horn-heinemann\/cdu-kaarst-christian-horn-heinemann-als-buergermeisterkandidat-nominiert-eine-entscheidung-fuer-kaarsts-zukunft\/\" \/>\n<meta property=\"og:site_name\" content=\"CDU Kaarst-B\u00fcttgen\" \/>\n<meta property=\"article:published_time\" content=\"2024-09-13T12:49:38+00:00\" \/>\n<meta property=\"article:modified_time\" content=\"2024-09-16T06:30:49+00:00\" \/>\n<meta property=\"og:image\" content=\"https:\/\/cdu-kaarst.de\/wp-content\/uploads\/cdu-news-horn-heinemann-buergermeister.jpg\" \/>\n\t<meta property=\"og:image:width\" content=\"1000\" \/>\n\t<meta property=\"og:image:height\" content=\"667\" \/>\n\t<meta property=\"og:image:type\" content=\"image\/jpeg\" \/>\n<meta name=\"author\" content=\"@dm1n\" \/>\n<meta name=\"twitter:card\" content=\"summary_large_image\" \/>\n<meta name=\"twitter:label1\" content=\"Written by\" \/>\n\t<meta name=\"twitter:data1\" content=\"@dm1n\" \/>\n\t<meta name=\"twitter:label2\" content=\"Estimated reading time\" \/>\n\t<meta name=\"twitter:data2\" content=\"2 minutes\" \/>\n<script type=\"application\/ld+json\" class=\"yoast-schema-graph\">{\"@context\":\"https:\\\/\\\/schema.org\",\"@graph\":[{\"@type\":\"Article\",\"@id\":\"https:\\\/\\\/cdu-kaarst.de\\\/buergermeister-horn-heinemann\\\/cdu-kaarst-christian-horn-heinemann-als-buergermeisterkandidat-nominiert-eine-entscheidung-fuer-kaarsts-zukunft\\\/#article\",\"isPartOf\":{\"@id\":\"https:\\\/\\\/cdu-kaarst.de\\\/buergermeister-horn-heinemann\\\/cdu-kaarst-christian-horn-heinemann-als-buergermeisterkandidat-nominiert-eine-entscheidung-fuer-kaarsts-zukunft\\\/\"},\"author\":{\"name\":\"@dm1n\",\"@id\":\"https:\\\/\\\/cdu-kaarst.de\\\/#\\\/schema\\\/person\\\/05876a2bd7865609f2946e82cbc73476\"},\"headline\":\"CDU Kaarst: Christian Horn-Heinemann als B\u00fcrgermeisterkandidat nominiert \u2013 eine Entscheidung f\u00fcr Kaarsts Zukunft\",\"datePublished\":\"2024-09-13T12:49:38+00:00\",\"dateModified\":\"2024-09-16T06:30:49+00:00\",\"mainEntityOfPage\":{\"@id\":\"https:\\\/\\\/cdu-kaarst.de\\\/buergermeister-horn-heinemann\\\/cdu-kaarst-christian-horn-heinemann-als-buergermeisterkandidat-nominiert-eine-entscheidung-fuer-kaarsts-zukunft\\\/\"},\"wordCount\":335,\"publisher\":{\"@id\":\"https:\\\/\\\/cdu-kaarst.de\\\/#organization\"},\"image\":{\"@id\":\"https:\\\/\\\/cdu-kaarst.de\\\/buergermeister-horn-heinemann\\\/cdu-kaarst-christian-horn-heinemann-als-buergermeisterkandidat-nominiert-eine-entscheidung-fuer-kaarsts-zukunft\\\/#primaryimage\"},\"thumbnailUrl\":\"https:\\\/\\\/cdu-kaarst.de\\\/wp-content\\\/uploads\\\/cdu-news-horn-heinemann-buergermeister.jpg\",\"articleSection\":[\"B\u00fcrgermeister Horn-Heinemann\"],\"inLanguage\":\"en-GB\"},{\"@type\":\"WebPage\",\"@id\":\"https:\\\/\\\/cdu-kaarst.de\\\/buergermeister-horn-heinemann\\\/cdu-kaarst-christian-horn-heinemann-als-buergermeisterkandidat-nominiert-eine-entscheidung-fuer-kaarsts-zukunft\\\/\",\"url\":\"https:\\\/\\\/cdu-kaarst.de\\\/buergermeister-horn-heinemann\\\/cdu-kaarst-christian-horn-heinemann-als-buergermeisterkandidat-nominiert-eine-entscheidung-fuer-kaarsts-zukunft\\\/\",\"name\":\"CDU Kaarst: Christian Horn-Heinemann als B\u00fcrgermeisterkandidat nominiert \u2013 eine Entscheidung f\u00fcr Kaarsts Zukunft - CDU Kaarst-B\u00fcttgen\",\"isPartOf\":{\"@id\":\"https:\\\/\\\/cdu-kaarst.de\\\/#website\"},\"primaryImageOfPage\":{\"@id\":\"https:\\\/\\\/cdu-kaarst.de\\\/buergermeister-horn-heinemann\\\/cdu-kaarst-christian-horn-heinemann-als-buergermeisterkandidat-nominiert-eine-entscheidung-fuer-kaarsts-zukunft\\\/#primaryimage\"},\"image\":{\"@id\":\"https:\\\/\\\/cdu-kaarst.de\\\/buergermeister-horn-heinemann\\\/cdu-kaarst-christian-horn-heinemann-als-buergermeisterkandidat-nominiert-eine-entscheidung-fuer-kaarsts-zukunft\\\/#primaryimage\"},\"thumbnailUrl\":\"https:\\\/\\\/cdu-kaarst.de\\\/wp-content\\\/uploads\\\/cdu-news-horn-heinemann-buergermeister.jpg\",\"datePublished\":\"2024-09-13T12:49:38+00:00\",\"dateModified\":\"2024-09-16T06:30:49+00:00\",\"breadcrumb\":{\"@id\":\"https:\\\/\\\/cdu-kaarst.de\\\/buergermeister-horn-heinemann\\\/cdu-kaarst-christian-horn-heinemann-als-buergermeisterkandidat-nominiert-eine-entscheidung-fuer-kaarsts-zukunft\\\/#breadcrumb\"},\"inLanguage\":\"en-GB\",\"potentialAction\":[{\"@type\":\"ReadAction\",\"target\":[\"https:\\\/\\\/cdu-kaarst.de\\\/buergermeister-horn-heinemann\\\/cdu-kaarst-christian-horn-heinemann-als-buergermeisterkandidat-nominiert-eine-entscheidung-fuer-kaarsts-zukunft\\\/\"]}]},{\"@type\":\"ImageObject\",\"inLanguage\":\"en-GB\",\"@id\":\"https:\\\/\\\/cdu-kaarst.de\\\/buergermeister-horn-heinemann\\\/cdu-kaarst-christian-horn-heinemann-als-buergermeisterkandidat-nominiert-eine-entscheidung-fuer-kaarsts-zukunft\\\/#primaryimage\",\"url\":\"https:\\\/\\\/cdu-kaarst.de\\\/wp-content\\\/uploads\\\/cdu-news-horn-heinemann-buergermeister.jpg\",\"contentUrl\":\"https:\\\/\\\/cdu-kaarst.de\\\/wp-content\\\/uploads\\\/cdu-news-horn-heinemann-buergermeister.jpg\",\"width\":1000,\"height\":667},{\"@type\":\"BreadcrumbList\",\"@id\":\"https:\\\/\\\/cdu-kaarst.de\\\/buergermeister-horn-heinemann\\\/cdu-kaarst-christian-horn-heinemann-als-buergermeisterkandidat-nominiert-eine-entscheidung-fuer-kaarsts-zukunft\\\/#breadcrumb\",\"itemListElement\":[{\"@type\":\"ListItem\",\"position\":1,\"name\":\"Startseite\",\"item\":\"https:\\\/\\\/cdu-kaarst.de\\\/\"},{\"@type\":\"ListItem\",\"position\":2,\"name\":\"CDU Kaarst: Christian Horn-Heinemann als B\u00fcrgermeisterkandidat nominiert \u2013 eine Entscheidung f\u00fcr Kaarsts Zukunft\"}]},{\"@type\":\"WebSite\",\"@id\":\"https:\\\/\\\/cdu-kaarst.de\\\/#website\",\"url\":\"https:\\\/\\\/cdu-kaarst.de\\\/\",\"name\":\"CDU Kaarst-B\u00fcttgen\",\"description\":\"gut Leben in Kaarst\",\"publisher\":{\"@id\":\"https:\\\/\\\/cdu-kaarst.de\\\/#organization\"},\"potentialAction\":[{\"@type\":\"SearchAction\",\"target\":{\"@type\":\"EntryPoint\",\"urlTemplate\":\"https:\\\/\\\/cdu-kaarst.de\\\/?s={search_term_string}\"},\"query-input\":{\"@type\":\"PropertyValueSpecification\",\"valueRequired\":true,\"valueName\":\"search_term_string\"}}],\"inLanguage\":\"en-GB\"},{\"@type\":\"Organization\",\"@id\":\"https:\\\/\\\/cdu-kaarst.de\\\/#organization\",\"name\":\"CDU Kaarst-B\u00fcttgen\",\"url\":\"https:\\\/\\\/cdu-kaarst.de\\\/\",\"logo\":{\"@type\":\"ImageObject\",\"inLanguage\":\"en-GB\",\"@id\":\"https:\\\/\\\/cdu-kaarst.de\\\/#\\\/schema\\\/logo\\\/image\\\/\",\"url\":\"https:\\\/\\\/cdu-kaarst.de\\\/wp-content\\\/uploads\\\/cdu-gesamtlogo.png\",\"contentUrl\":\"https:\\\/\\\/cdu-kaarst.de\\\/wp-content\\\/uploads\\\/cdu-gesamtlogo.png\",\"width\":418,\"height\":120,\"caption\":\"CDU Kaarst-B\u00fcttgen\"},\"image\":{\"@id\":\"https:\\\/\\\/cdu-kaarst.de\\\/#\\\/schema\\\/logo\\\/image\\\/\"}},{\"@type\":\"Person\",\"@id\":\"https:\\\/\\\/cdu-kaarst.de\\\/#\\\/schema\\\/person\\\/05876a2bd7865609f2946e82cbc73476\",\"name\":\"@dm1n\",\"sameAs\":[\"http:\\\/\\\/cdu-kaarst.de\"]}]}<\/script>\n<!-- \/ Yoast SEO plugin. -->","yoast_head_json":{"title":"CDU Kaarst: Christian Horn-Heinemann nominated as mayoral candidate - a decision for Kaarst's future - CDU Kaarst-B\u00fcttgen","robots":{"index":"index","follow":"follow","max-snippet":"max-snippet:-1","max-image-preview":"max-image-preview:large","max-video-preview":"max-video-preview:-1"},"canonical":"https:\/\/cdu-kaarst.de\/en\/buergermeister-horn-heinemann\/cdu-kaarst-christian-horn-heinemann-als-buergermeisterkandidat-nominiert-eine-entscheidung-fuer-kaarsts-zukunft\/","og_locale":"en_GB","og_type":"article","og_title":"CDU Kaarst: Christian Horn-Heinemann als B\u00fcrgermeisterkandidat nominiert \u2013 eine Entscheidung f\u00fcr Kaarsts Zukunft - CDU Kaarst-B\u00fcttgen","og_description":"CDU Kaarst: Eine klare Entscheidung f\u00fcr die Zukunft der Stadt Die CDU Kaarst hat mit der Nominierung von Christian Horn-Heinemann als B\u00fcrgermeisterkandidat eine richtungsweisende Entscheidung getroffen. Horn-Heinemann bringt alle erforderlichen Qualifikationen mit, um die Stadt nicht nur zu verwalten, sondern aktiv und zukunftsorientiert zu gestalten. Sein klares Ziel ist es, Kaarst wieder professionell zu f\u00fchren [&hellip;]","og_url":"https:\/\/cdu-kaarst.de\/en\/buergermeister-horn-heinemann\/cdu-kaarst-christian-horn-heinemann-als-buergermeisterkandidat-nominiert-eine-entscheidung-fuer-kaarsts-zukunft\/","og_site_name":"CDU Kaarst-B\u00fcttgen","article_published_time":"2024-09-13T12:49:38+00:00","article_modified_time":"2024-09-16T06:30:49+00:00","og_image":[{"width":1000,"height":667,"url":"https:\/\/cdu-kaarst.de\/wp-content\/uploads\/cdu-news-horn-heinemann-buergermeister.jpg","type":"image\/jpeg"}],"author":"@dm1n","twitter_card":"summary_large_image","twitter_misc":{"Written by":"@dm1n","Estimated reading time":"2 minutes"},"schema":{"@context":"https:\/\/schema.org","@graph":[{"@type":"Article","@id":"https:\/\/cdu-kaarst.de\/buergermeister-horn-heinemann\/cdu-kaarst-christian-horn-heinemann-als-buergermeisterkandidat-nominiert-eine-entscheidung-fuer-kaarsts-zukunft\/#article","isPartOf":{"@id":"https:\/\/cdu-kaarst.de\/buergermeister-horn-heinemann\/cdu-kaarst-christian-horn-heinemann-als-buergermeisterkandidat-nominiert-eine-entscheidung-fuer-kaarsts-zukunft\/"},"author":{"name":"@dm1n","@id":"https:\/\/cdu-kaarst.de\/#\/schema\/person\/05876a2bd7865609f2946e82cbc73476"},"headline":"CDU Kaarst: Christian Horn-Heinemann als B\u00fcrgermeisterkandidat nominiert \u2013 eine Entscheidung f\u00fcr Kaarsts Zukunft","datePublished":"2024-09-13T12:49:38+00:00","dateModified":"2024-09-16T06:30:49+00:00","mainEntityOfPage":{"@id":"https:\/\/cdu-kaarst.de\/buergermeister-horn-heinemann\/cdu-kaarst-christian-horn-heinemann-als-buergermeisterkandidat-nominiert-eine-entscheidung-fuer-kaarsts-zukunft\/"},"wordCount":335,"publisher":{"@id":"https:\/\/cdu-kaarst.de\/#organization"},"image":{"@id":"https:\/\/cdu-kaarst.de\/buergermeister-horn-heinemann\/cdu-kaarst-christian-horn-heinemann-als-buergermeisterkandidat-nominiert-eine-entscheidung-fuer-kaarsts-zukunft\/#primaryimage"},"thumbnailUrl":"https:\/\/cdu-kaarst.de\/wp-content\/uploads\/cdu-news-horn-heinemann-buergermeister.jpg","articleSection":["B\u00fcrgermeister Horn-Heinemann"],"inLanguage":"en-GB"},{"@type":"WebPage","@id":"https:\/\/cdu-kaarst.de\/buergermeister-horn-heinemann\/cdu-kaarst-christian-horn-heinemann-als-buergermeisterkandidat-nominiert-eine-entscheidung-fuer-kaarsts-zukunft\/","url":"https:\/\/cdu-kaarst.de\/buergermeister-horn-heinemann\/cdu-kaarst-christian-horn-heinemann-als-buergermeisterkandidat-nominiert-eine-entscheidung-fuer-kaarsts-zukunft\/","name":"CDU Kaarst: Christian Horn-Heinemann nominated as mayoral candidate - a decision for Kaarst's future - CDU Kaarst-B\u00fcttgen","isPartOf":{"@id":"https:\/\/cdu-kaarst.de\/#website"},"primaryImageOfPage":{"@id":"https:\/\/cdu-kaarst.de\/buergermeister-horn-heinemann\/cdu-kaarst-christian-horn-heinemann-als-buergermeisterkandidat-nominiert-eine-entscheidung-fuer-kaarsts-zukunft\/#primaryimage"},"image":{"@id":"https:\/\/cdu-kaarst.de\/buergermeister-horn-heinemann\/cdu-kaarst-christian-horn-heinemann-als-buergermeisterkandidat-nominiert-eine-entscheidung-fuer-kaarsts-zukunft\/#primaryimage"},"thumbnailUrl":"https:\/\/cdu-kaarst.de\/wp-content\/uploads\/cdu-news-horn-heinemann-buergermeister.jpg","datePublished":"2024-09-13T12:49:38+00:00","dateModified":"2024-09-16T06:30:49+00:00","breadcrumb":{"@id":"https:\/\/cdu-kaarst.de\/buergermeister-horn-heinemann\/cdu-kaarst-christian-horn-heinemann-als-buergermeisterkandidat-nominiert-eine-entscheidung-fuer-kaarsts-zukunft\/#breadcrumb"},"inLanguage":"en-GB","potentialAction":[{"@type":"ReadAction","target":["https:\/\/cdu-kaarst.de\/buergermeister-horn-heinemann\/cdu-kaarst-christian-horn-heinemann-als-buergermeisterkandidat-nominiert-eine-entscheidung-fuer-kaarsts-zukunft\/"]}]},{"@type":"ImageObject","inLanguage":"en-GB","@id":"https:\/\/cdu-kaarst.de\/buergermeister-horn-heinemann\/cdu-kaarst-christian-horn-heinemann-als-buergermeisterkandidat-nominiert-eine-entscheidung-fuer-kaarsts-zukunft\/#primaryimage","url":"https:\/\/cdu-kaarst.de\/wp-content\/uploads\/cdu-news-horn-heinemann-buergermeister.jpg","contentUrl":"https:\/\/cdu-kaarst.de\/wp-content\/uploads\/cdu-news-horn-heinemann-buergermeister.jpg","width":1000,"height":667},{"@type":"BreadcrumbList","@id":"https:\/\/cdu-kaarst.de\/buergermeister-horn-heinemann\/cdu-kaarst-christian-horn-heinemann-als-buergermeisterkandidat-nominiert-eine-entscheidung-fuer-kaarsts-zukunft\/#breadcrumb","itemListElement":[{"@type":"ListItem","position":1,"name":"Startseite","item":"https:\/\/cdu-kaarst.de\/"},{"@type":"ListItem","position":2,"name":"CDU Kaarst: Christian Horn-Heinemann als B\u00fcrgermeisterkandidat nominiert \u2013 eine Entscheidung f\u00fcr Kaarsts Zukunft"}]},{"@type":"WebSite","@id":"https:\/\/cdu-kaarst.de\/#website","url":"https:\/\/cdu-kaarst.de\/","name":"CDU Kaarst-B\u00fcttgen","description":"living well in Kaarst","publisher":{"@id":"https:\/\/cdu-kaarst.de\/#organization"},"potentialAction":[{"@type":"SearchAction","target":{"@type":"EntryPoint","urlTemplate":"https:\/\/cdu-kaarst.de\/?s={search_term_string}"},"query-input":{"@type":"PropertyValueSpecification","valueRequired":true,"valueName":"search_term_string"}}],"inLanguage":"en-GB"},{"@type":"Organization","@id":"https:\/\/cdu-kaarst.de\/#organization","name":"CDU Kaarst-B\u00fcttgen","url":"https:\/\/cdu-kaarst.de\/","logo":{"@type":"ImageObject","inLanguage":"en-GB","@id":"https:\/\/cdu-kaarst.de\/#\/schema\/logo\/image\/","url":"https:\/\/cdu-kaarst.de\/wp-content\/uploads\/cdu-gesamtlogo.png","contentUrl":"https:\/\/cdu-kaarst.de\/wp-content\/uploads\/cdu-gesamtlogo.png","width":418,"height":120,"caption":"CDU Kaarst-B\u00fcttgen"},"image":{"@id":"https:\/\/cdu-kaarst.de\/#\/schema\/logo\/image\/"}},{"@type":"Person","@id":"https:\/\/cdu-kaarst.de\/#\/schema\/person\/05876a2bd7865609f2946e82cbc73476","name":"@dm1n","sameAs":["http:\/\/cdu-kaarst.de"]}]}},"_links":{"self":[{"href":"https:\/\/cdu-kaarst.de\/en\/wp-json\/wp\/v2\/posts\/4505","targetHints":{"allow":["GET"]}}],"collection":[{"href":"https:\/\/cdu-kaarst.de\/en\/wp-json\/wp\/v2\/posts"}],"about":[{"href":"https:\/\/cdu-kaarst.de\/en\/wp-json\/wp\/v2\/types\/post"}],"author":[{"embeddable":true,"href":"https:\/\/cdu-kaarst.de\/en\/wp-json\/wp\/v2\/users\/1"}],"replies":[{"embeddable":true,"href":"https:\/\/cdu-kaarst.de\/en\/wp-json\/wp\/v2\/comments?post=4505"}],"version-history":[{"count":6,"href":"https:\/\/cdu-kaarst.de\/en\/wp-json\/wp\/v2\/posts\/4505\/revisions"}],"predecessor-version":[{"id":4511,"href":"https:\/\/cdu-kaarst.de\/en\/wp-json\/wp\/v2\/posts\/4505\/revisions\/4511"}],"wp:featuredmedia":[{"embeddable":true,"href":"https:\/\/cdu-kaarst.de\/en\/wp-json\/wp\/v2\/media\/4419"}],"wp:attachment":[{"href":"https:\/\/cdu-kaarst.de\/en\/wp-json\/wp\/v2\/media?parent=4505"}],"wp:term":[{"taxonomy":"category","embeddable":true,"href":"https:\/\/cdu-kaarst.de\/en\/wp-json\/wp\/v2\/categories?post=4505"},{"taxonomy":"post_tag","embeddable":true,"href":"https:\/\/cdu-kaarst.de\/en\/wp-json\/wp\/v2\/tags?post=4505"}],"curies":[{"name":"wp","href":"https:\/\/api.w.org\/{rel}","templated":true}]}}