{"id":4517,"date":"2024-09-16T10:25:58","date_gmt":"2024-09-16T08:25:58","guid":{"rendered":"https:\/\/cdu-kaarst.de\/?p=4517"},"modified":"2024-09-16T12:14:39","modified_gmt":"2024-09-16T10:14:39","slug":"heimatverbundenheit-ausgezeichnet-jan-van-werth-ehrenplakette-an-ehepaar-toepel-verliehen","status":"publish","type":"post","link":"https:\/\/cdu-kaarst.de\/en\/cdu-vor-ort\/heimatverbundenheit-ausgezeichnet-jan-van-werth-ehrenplakette-an-ehepaar-toepel-verliehen\/","title":{"rendered":"Honoured for their attachment to their homeland: Jan van Werth plaque of honour awarded to Toepel couple"},"content":{"rendered":"<h2>Participation in the commemoration of Jan von Werth<\/h2>\n<p>The deputy chairwoman of the CDU city association <a href=\"https:\/\/cdu-kaarst.de\/en\/personen\/elke-bong\/\">Elke Bong<\/a> took part in the high mass with wreath-laying ceremony in memory of the cavalry general <a href=\"https:\/\/de.wikipedia.org\/wiki\/Jan_von_Werth\" target=\"_new\" rel=\"noopener\">Jan von Werth<\/a> and his family. This was followed by the presentation of the Jan von Werth badge of honour.<\/p>\n<h3>Jan van Werth plaque of honour awarded to the Toepel couple<\/h3>\n<p>The CDU Kaarst-B\u00fcttgen congratulates Birgit and Rolf Toepel on being awarded the Jan van Werth badge of honour. This second highest honour of the <a href=\"https:\/\/www.schuetzenbruderschaft-buettgen.de\" target=\"_new\" rel=\"noopener\">St Sebastianus shooting fraternity B\u00fcttgen<\/a> is awarded annually in remembrance of the close ties to B\u00fcttgen.<\/p>\n<h3>CDU congratulates Birgit and Rolf Toepel for their commitment<\/h3>\n<p>The Toepel couple have been organising various events in B\u00fcttgen for years, most recently \"B\u00fcttgen kulinarisch\". Among other things, they promote the community of the citizens of B\u00fcttgen. The CDU congratulates them on the Jan van Werth badge of honour!<\/p>\n<h3>The Toepel couple's commitment to B\u00fcttgen<\/h3>\n<p>The Toepel couple have been committed to the community in B\u00fcttgen for years and organise various local events. Here is an overview of the most important events they have organised in the past:<\/p>\n<h4><strong>Events organised by the Toepel couple:<\/strong><\/h4>\n<ul>\n<li>\"Easter market\"<\/li>\n<li>\"Kaarst Autal\"<\/li>\n<li>\"Culinary B\u00fcttgen\"<\/li>\n<li>\"Children's flea market\"<\/li>\n<li>\"B\u00fcttger speculoos market \"<\/li>\n<\/ul>","protected":false},"excerpt":{"rendered":"<p>Teilnahme am Gedenken an Jan von Werth Die stellvertretende CDU Stadtverbandsvorsitzende Elke Bong nahm am Hochamt mit Kranzniederlegung zu Gedenken an den Reitergeneral Jan von Werth und seiner Familie teil. Anschlie\u00dfend erfolgte die \u00dcbergabe der Jan-von-Werth-Ehrenplakette. Verleihung der Jan-van-Werth-Ehrenplakette an das Ehepaar Toepel Die CDU Kaarst-B\u00fcttgen gratuliert den Eheleuten Birgit und Rolf Toepel zur Verleihung [&hellip;]<\/p>\n","protected":false},"author":1,"featured_media":4524,"comment_status":"closed","ping_status":"closed","sticky":false,"template":"","format":"standard","meta":{"footnotes":""},"categories":[81],"tags":[],"class_list":["post-4517","post","type-post","status-publish","format-standard","has-post-thumbnail","hentry","category-cdu-vor-ort"],"yoast_head":"<!-- This site is optimized with the Yoast SEO plugin v27.4 - https:\/\/yoast.com\/product\/yoast-seo-wordpress\/ -->\n<title>Heimatverbundenheit ausgezeichnet: Jan-van-Werth-Ehrenplakette an Ehepaar Toepel verliehen - CDU Kaarst-B\u00fcttgen<\/title>\n<meta name=\"description\" content=\"CDU Kaarst-B\u00fcttgen gratuliert Birgit und Rolf Toepel zur Jan-van-Werth-Ehrenplakette. Eine Auszeichnung f\u00fcr ihr Engagement in B\u00fcttgen!\" \/>\n<meta name=\"robots\" content=\"index, follow, max-snippet:-1, max-image-preview:large, max-video-preview:-1\" \/>\n<link rel=\"canonical\" href=\"https:\/\/cdu-kaarst.de\/en\/cdu-vor-ort\/heimatverbundenheit-ausgezeichnet-jan-van-werth-ehrenplakette-an-ehepaar-toepel-verliehen\/\" \/>\n<meta property=\"og:locale\" content=\"en_GB\" \/>\n<meta property=\"og:type\" content=\"article\" \/>\n<meta property=\"og:title\" content=\"Heimatverbundenheit ausgezeichnet: Jan-van-Werth-Ehrenplakette an Ehepaar Toepel verliehen - CDU Kaarst-B\u00fcttgen\" \/>\n<meta property=\"og:description\" content=\"CDU Kaarst-B\u00fcttgen gratuliert Birgit und Rolf Toepel zur Jan-van-Werth-Ehrenplakette. Eine Auszeichnung f\u00fcr ihr Engagement in B\u00fcttgen!\" \/>\n<meta property=\"og:url\" content=\"https:\/\/cdu-kaarst.de\/en\/cdu-vor-ort\/heimatverbundenheit-ausgezeichnet-jan-van-werth-ehrenplakette-an-ehepaar-toepel-verliehen\/\" \/>\n<meta property=\"og:site_name\" content=\"CDU Kaarst-B\u00fcttgen\" \/>\n<meta property=\"article:published_time\" content=\"2024-09-16T08:25:58+00:00\" \/>\n<meta property=\"article:modified_time\" content=\"2024-09-16T10:14:39+00:00\" \/>\n<meta property=\"og:image\" content=\"https:\/\/cdu-kaarst.de\/wp-content\/uploads\/Kopie-von-Vorlage-11.jpg\" \/>\n\t<meta property=\"og:image:width\" content=\"1080\" \/>\n\t<meta property=\"og:image:height\" content=\"1080\" \/>\n\t<meta property=\"og:image:type\" content=\"image\/jpeg\" \/>\n<meta name=\"author\" content=\"@dm1n\" \/>\n<meta name=\"twitter:card\" content=\"summary_large_image\" \/>\n<meta name=\"twitter:label1\" content=\"Written by\" \/>\n\t<meta name=\"twitter:data1\" content=\"@dm1n\" \/>\n\t<meta name=\"twitter:label2\" content=\"Estimated reading time\" \/>\n\t<meta name=\"twitter:data2\" content=\"2 minutes\" \/>\n<script type=\"application\/ld+json\" class=\"yoast-schema-graph\">{\"@context\":\"https:\\\/\\\/schema.org\",\"@graph\":[{\"@type\":\"Article\",\"@id\":\"https:\\\/\\\/cdu-kaarst.de\\\/cdu-vor-ort\\\/heimatverbundenheit-ausgezeichnet-jan-van-werth-ehrenplakette-an-ehepaar-toepel-verliehen\\\/#article\",\"isPartOf\":{\"@id\":\"https:\\\/\\\/cdu-kaarst.de\\\/cdu-vor-ort\\\/heimatverbundenheit-ausgezeichnet-jan-van-werth-ehrenplakette-an-ehepaar-toepel-verliehen\\\/\"},\"author\":{\"name\":\"@dm1n\",\"@id\":\"https:\\\/\\\/cdu-kaarst.de\\\/#\\\/schema\\\/person\\\/05876a2bd7865609f2946e82cbc73476\"},\"headline\":\"Heimatverbundenheit ausgezeichnet: Jan-van-Werth-Ehrenplakette an Ehepaar Toepel verliehen\",\"datePublished\":\"2024-09-16T08:25:58+00:00\",\"dateModified\":\"2024-09-16T10:14:39+00:00\",\"mainEntityOfPage\":{\"@id\":\"https:\\\/\\\/cdu-kaarst.de\\\/cdu-vor-ort\\\/heimatverbundenheit-ausgezeichnet-jan-van-werth-ehrenplakette-an-ehepaar-toepel-verliehen\\\/\"},\"wordCount\":189,\"publisher\":{\"@id\":\"https:\\\/\\\/cdu-kaarst.de\\\/#organization\"},\"image\":{\"@id\":\"https:\\\/\\\/cdu-kaarst.de\\\/cdu-vor-ort\\\/heimatverbundenheit-ausgezeichnet-jan-van-werth-ehrenplakette-an-ehepaar-toepel-verliehen\\\/#primaryimage\"},\"thumbnailUrl\":\"https:\\\/\\\/cdu-kaarst.de\\\/wp-content\\\/uploads\\\/Kopie-von-Vorlage-11.jpg\",\"articleSection\":[\"CDU vor Ort\"],\"inLanguage\":\"en-GB\"},{\"@type\":\"WebPage\",\"@id\":\"https:\\\/\\\/cdu-kaarst.de\\\/cdu-vor-ort\\\/heimatverbundenheit-ausgezeichnet-jan-van-werth-ehrenplakette-an-ehepaar-toepel-verliehen\\\/\",\"url\":\"https:\\\/\\\/cdu-kaarst.de\\\/cdu-vor-ort\\\/heimatverbundenheit-ausgezeichnet-jan-van-werth-ehrenplakette-an-ehepaar-toepel-verliehen\\\/\",\"name\":\"Heimatverbundenheit ausgezeichnet: Jan-van-Werth-Ehrenplakette an Ehepaar Toepel verliehen - CDU Kaarst-B\u00fcttgen\",\"isPartOf\":{\"@id\":\"https:\\\/\\\/cdu-kaarst.de\\\/#website\"},\"primaryImageOfPage\":{\"@id\":\"https:\\\/\\\/cdu-kaarst.de\\\/cdu-vor-ort\\\/heimatverbundenheit-ausgezeichnet-jan-van-werth-ehrenplakette-an-ehepaar-toepel-verliehen\\\/#primaryimage\"},\"image\":{\"@id\":\"https:\\\/\\\/cdu-kaarst.de\\\/cdu-vor-ort\\\/heimatverbundenheit-ausgezeichnet-jan-van-werth-ehrenplakette-an-ehepaar-toepel-verliehen\\\/#primaryimage\"},\"thumbnailUrl\":\"https:\\\/\\\/cdu-kaarst.de\\\/wp-content\\\/uploads\\\/Kopie-von-Vorlage-11.jpg\",\"datePublished\":\"2024-09-16T08:25:58+00:00\",\"dateModified\":\"2024-09-16T10:14:39+00:00\",\"description\":\"CDU Kaarst-B\u00fcttgen gratuliert Birgit und Rolf Toepel zur Jan-van-Werth-Ehrenplakette. Eine Auszeichnung f\u00fcr ihr Engagement in B\u00fcttgen!\",\"breadcrumb\":{\"@id\":\"https:\\\/\\\/cdu-kaarst.de\\\/cdu-vor-ort\\\/heimatverbundenheit-ausgezeichnet-jan-van-werth-ehrenplakette-an-ehepaar-toepel-verliehen\\\/#breadcrumb\"},\"inLanguage\":\"en-GB\",\"potentialAction\":[{\"@type\":\"ReadAction\",\"target\":[\"https:\\\/\\\/cdu-kaarst.de\\\/cdu-vor-ort\\\/heimatverbundenheit-ausgezeichnet-jan-van-werth-ehrenplakette-an-ehepaar-toepel-verliehen\\\/\"]}]},{\"@type\":\"ImageObject\",\"inLanguage\":\"en-GB\",\"@id\":\"https:\\\/\\\/cdu-kaarst.de\\\/cdu-vor-ort\\\/heimatverbundenheit-ausgezeichnet-jan-van-werth-ehrenplakette-an-ehepaar-toepel-verliehen\\\/#primaryimage\",\"url\":\"https:\\\/\\\/cdu-kaarst.de\\\/wp-content\\\/uploads\\\/Kopie-von-Vorlage-11.jpg\",\"contentUrl\":\"https:\\\/\\\/cdu-kaarst.de\\\/wp-content\\\/uploads\\\/Kopie-von-Vorlage-11.jpg\",\"width\":1080,\"height\":1080},{\"@type\":\"BreadcrumbList\",\"@id\":\"https:\\\/\\\/cdu-kaarst.de\\\/cdu-vor-ort\\\/heimatverbundenheit-ausgezeichnet-jan-van-werth-ehrenplakette-an-ehepaar-toepel-verliehen\\\/#breadcrumb\",\"itemListElement\":[{\"@type\":\"ListItem\",\"position\":1,\"name\":\"Startseite\",\"item\":\"https:\\\/\\\/cdu-kaarst.de\\\/\"},{\"@type\":\"ListItem\",\"position\":2,\"name\":\"Heimatverbundenheit ausgezeichnet: Jan-van-Werth-Ehrenplakette an Ehepaar Toepel verliehen\"}]},{\"@type\":\"WebSite\",\"@id\":\"https:\\\/\\\/cdu-kaarst.de\\\/#website\",\"url\":\"https:\\\/\\\/cdu-kaarst.de\\\/\",\"name\":\"CDU Kaarst-B\u00fcttgen\",\"description\":\"gut Leben in Kaarst\",\"publisher\":{\"@id\":\"https:\\\/\\\/cdu-kaarst.de\\\/#organization\"},\"potentialAction\":[{\"@type\":\"SearchAction\",\"target\":{\"@type\":\"EntryPoint\",\"urlTemplate\":\"https:\\\/\\\/cdu-kaarst.de\\\/?s={search_term_string}\"},\"query-input\":{\"@type\":\"PropertyValueSpecification\",\"valueRequired\":true,\"valueName\":\"search_term_string\"}}],\"inLanguage\":\"en-GB\"},{\"@type\":\"Organization\",\"@id\":\"https:\\\/\\\/cdu-kaarst.de\\\/#organization\",\"name\":\"CDU Kaarst-B\u00fcttgen\",\"url\":\"https:\\\/\\\/cdu-kaarst.de\\\/\",\"logo\":{\"@type\":\"ImageObject\",\"inLanguage\":\"en-GB\",\"@id\":\"https:\\\/\\\/cdu-kaarst.de\\\/#\\\/schema\\\/logo\\\/image\\\/\",\"url\":\"https:\\\/\\\/cdu-kaarst.de\\\/wp-content\\\/uploads\\\/cdu-gesamtlogo.png\",\"contentUrl\":\"https:\\\/\\\/cdu-kaarst.de\\\/wp-content\\\/uploads\\\/cdu-gesamtlogo.png\",\"width\":418,\"height\":120,\"caption\":\"CDU Kaarst-B\u00fcttgen\"},\"image\":{\"@id\":\"https:\\\/\\\/cdu-kaarst.de\\\/#\\\/schema\\\/logo\\\/image\\\/\"}},{\"@type\":\"Person\",\"@id\":\"https:\\\/\\\/cdu-kaarst.de\\\/#\\\/schema\\\/person\\\/05876a2bd7865609f2946e82cbc73476\",\"name\":\"@dm1n\",\"sameAs\":[\"http:\\\/\\\/cdu-kaarst.de\"]}]}<\/script>\n<!-- \/ Yoast SEO plugin. -->","yoast_head_json":{"title":"Honoured for their attachment to their homeland: Jan van Werth plaque of honour awarded to Toepel couple - CDU Kaarst-B\u00fcttgen","description":"CDU Kaarst-B\u00fcttgen congratulates Birgit and Rolf Toepel on their Jan van Werth badge of honour. An honour for their commitment to B\u00fcttgen!","robots":{"index":"index","follow":"follow","max-snippet":"max-snippet:-1","max-image-preview":"max-image-preview:large","max-video-preview":"max-video-preview:-1"},"canonical":"https:\/\/cdu-kaarst.de\/en\/cdu-vor-ort\/heimatverbundenheit-ausgezeichnet-jan-van-werth-ehrenplakette-an-ehepaar-toepel-verliehen\/","og_locale":"en_GB","og_type":"article","og_title":"Heimatverbundenheit ausgezeichnet: Jan-van-Werth-Ehrenplakette an Ehepaar Toepel verliehen - CDU Kaarst-B\u00fcttgen","og_description":"CDU Kaarst-B\u00fcttgen gratuliert Birgit und Rolf Toepel zur Jan-van-Werth-Ehrenplakette. Eine Auszeichnung f\u00fcr ihr Engagement in B\u00fcttgen!","og_url":"https:\/\/cdu-kaarst.de\/en\/cdu-vor-ort\/heimatverbundenheit-ausgezeichnet-jan-van-werth-ehrenplakette-an-ehepaar-toepel-verliehen\/","og_site_name":"CDU Kaarst-B\u00fcttgen","article_published_time":"2024-09-16T08:25:58+00:00","article_modified_time":"2024-09-16T10:14:39+00:00","og_image":[{"width":1080,"height":1080,"url":"https:\/\/cdu-kaarst.de\/wp-content\/uploads\/Kopie-von-Vorlage-11.jpg","type":"image\/jpeg"}],"author":"@dm1n","twitter_card":"summary_large_image","twitter_misc":{"Written by":"@dm1n","Estimated reading time":"2 minutes"},"schema":{"@context":"https:\/\/schema.org","@graph":[{"@type":"Article","@id":"https:\/\/cdu-kaarst.de\/cdu-vor-ort\/heimatverbundenheit-ausgezeichnet-jan-van-werth-ehrenplakette-an-ehepaar-toepel-verliehen\/#article","isPartOf":{"@id":"https:\/\/cdu-kaarst.de\/cdu-vor-ort\/heimatverbundenheit-ausgezeichnet-jan-van-werth-ehrenplakette-an-ehepaar-toepel-verliehen\/"},"author":{"name":"@dm1n","@id":"https:\/\/cdu-kaarst.de\/#\/schema\/person\/05876a2bd7865609f2946e82cbc73476"},"headline":"Heimatverbundenheit ausgezeichnet: Jan-van-Werth-Ehrenplakette an Ehepaar Toepel verliehen","datePublished":"2024-09-16T08:25:58+00:00","dateModified":"2024-09-16T10:14:39+00:00","mainEntityOfPage":{"@id":"https:\/\/cdu-kaarst.de\/cdu-vor-ort\/heimatverbundenheit-ausgezeichnet-jan-van-werth-ehrenplakette-an-ehepaar-toepel-verliehen\/"},"wordCount":189,"publisher":{"@id":"https:\/\/cdu-kaarst.de\/#organization"},"image":{"@id":"https:\/\/cdu-kaarst.de\/cdu-vor-ort\/heimatverbundenheit-ausgezeichnet-jan-van-werth-ehrenplakette-an-ehepaar-toepel-verliehen\/#primaryimage"},"thumbnailUrl":"https:\/\/cdu-kaarst.de\/wp-content\/uploads\/Kopie-von-Vorlage-11.jpg","articleSection":["CDU vor Ort"],"inLanguage":"en-GB"},{"@type":"WebPage","@id":"https:\/\/cdu-kaarst.de\/cdu-vor-ort\/heimatverbundenheit-ausgezeichnet-jan-van-werth-ehrenplakette-an-ehepaar-toepel-verliehen\/","url":"https:\/\/cdu-kaarst.de\/cdu-vor-ort\/heimatverbundenheit-ausgezeichnet-jan-van-werth-ehrenplakette-an-ehepaar-toepel-verliehen\/","name":"Honoured for their attachment to their homeland: Jan van Werth plaque of honour awarded to Toepel couple - CDU Kaarst-B\u00fcttgen","isPartOf":{"@id":"https:\/\/cdu-kaarst.de\/#website"},"primaryImageOfPage":{"@id":"https:\/\/cdu-kaarst.de\/cdu-vor-ort\/heimatverbundenheit-ausgezeichnet-jan-van-werth-ehrenplakette-an-ehepaar-toepel-verliehen\/#primaryimage"},"image":{"@id":"https:\/\/cdu-kaarst.de\/cdu-vor-ort\/heimatverbundenheit-ausgezeichnet-jan-van-werth-ehrenplakette-an-ehepaar-toepel-verliehen\/#primaryimage"},"thumbnailUrl":"https:\/\/cdu-kaarst.de\/wp-content\/uploads\/Kopie-von-Vorlage-11.jpg","datePublished":"2024-09-16T08:25:58+00:00","dateModified":"2024-09-16T10:14:39+00:00","description":"CDU Kaarst-B\u00fcttgen congratulates Birgit and Rolf Toepel on their Jan van Werth badge of honour. An honour for their commitment to B\u00fcttgen!","breadcrumb":{"@id":"https:\/\/cdu-kaarst.de\/cdu-vor-ort\/heimatverbundenheit-ausgezeichnet-jan-van-werth-ehrenplakette-an-ehepaar-toepel-verliehen\/#breadcrumb"},"inLanguage":"en-GB","potentialAction":[{"@type":"ReadAction","target":["https:\/\/cdu-kaarst.de\/cdu-vor-ort\/heimatverbundenheit-ausgezeichnet-jan-van-werth-ehrenplakette-an-ehepaar-toepel-verliehen\/"]}]},{"@type":"ImageObject","inLanguage":"en-GB","@id":"https:\/\/cdu-kaarst.de\/cdu-vor-ort\/heimatverbundenheit-ausgezeichnet-jan-van-werth-ehrenplakette-an-ehepaar-toepel-verliehen\/#primaryimage","url":"https:\/\/cdu-kaarst.de\/wp-content\/uploads\/Kopie-von-Vorlage-11.jpg","contentUrl":"https:\/\/cdu-kaarst.de\/wp-content\/uploads\/Kopie-von-Vorlage-11.jpg","width":1080,"height":1080},{"@type":"BreadcrumbList","@id":"https:\/\/cdu-kaarst.de\/cdu-vor-ort\/heimatverbundenheit-ausgezeichnet-jan-van-werth-ehrenplakette-an-ehepaar-toepel-verliehen\/#breadcrumb","itemListElement":[{"@type":"ListItem","position":1,"name":"Startseite","item":"https:\/\/cdu-kaarst.de\/"},{"@type":"ListItem","position":2,"name":"Heimatverbundenheit ausgezeichnet: Jan-van-Werth-Ehrenplakette an Ehepaar Toepel verliehen"}]},{"@type":"WebSite","@id":"https:\/\/cdu-kaarst.de\/#website","url":"https:\/\/cdu-kaarst.de\/","name":"CDU Kaarst-B\u00fcttgen","description":"living well in Kaarst","publisher":{"@id":"https:\/\/cdu-kaarst.de\/#organization"},"potentialAction":[{"@type":"SearchAction","target":{"@type":"EntryPoint","urlTemplate":"https:\/\/cdu-kaarst.de\/?s={search_term_string}"},"query-input":{"@type":"PropertyValueSpecification","valueRequired":true,"valueName":"search_term_string"}}],"inLanguage":"en-GB"},{"@type":"Organization","@id":"https:\/\/cdu-kaarst.de\/#organization","name":"CDU Kaarst-B\u00fcttgen","url":"https:\/\/cdu-kaarst.de\/","logo":{"@type":"ImageObject","inLanguage":"en-GB","@id":"https:\/\/cdu-kaarst.de\/#\/schema\/logo\/image\/","url":"https:\/\/cdu-kaarst.de\/wp-content\/uploads\/cdu-gesamtlogo.png","contentUrl":"https:\/\/cdu-kaarst.de\/wp-content\/uploads\/cdu-gesamtlogo.png","width":418,"height":120,"caption":"CDU Kaarst-B\u00fcttgen"},"image":{"@id":"https:\/\/cdu-kaarst.de\/#\/schema\/logo\/image\/"}},{"@type":"Person","@id":"https:\/\/cdu-kaarst.de\/#\/schema\/person\/05876a2bd7865609f2946e82cbc73476","name":"@dm1n","sameAs":["http:\/\/cdu-kaarst.de"]}]}},"_links":{"self":[{"href":"https:\/\/cdu-kaarst.de\/en\/wp-json\/wp\/v2\/posts\/4517","targetHints":{"allow":["GET"]}}],"collection":[{"href":"https:\/\/cdu-kaarst.de\/en\/wp-json\/wp\/v2\/posts"}],"about":[{"href":"https:\/\/cdu-kaarst.de\/en\/wp-json\/wp\/v2\/types\/post"}],"author":[{"embeddable":true,"href":"https:\/\/cdu-kaarst.de\/en\/wp-json\/wp\/v2\/users\/1"}],"replies":[{"embeddable":true,"href":"https:\/\/cdu-kaarst.de\/en\/wp-json\/wp\/v2\/comments?post=4517"}],"version-history":[{"count":2,"href":"https:\/\/cdu-kaarst.de\/en\/wp-json\/wp\/v2\/posts\/4517\/revisions"}],"predecessor-version":[{"id":4519,"href":"https:\/\/cdu-kaarst.de\/en\/wp-json\/wp\/v2\/posts\/4517\/revisions\/4519"}],"wp:featuredmedia":[{"embeddable":true,"href":"https:\/\/cdu-kaarst.de\/en\/wp-json\/wp\/v2\/media\/4524"}],"wp:attachment":[{"href":"https:\/\/cdu-kaarst.de\/en\/wp-json\/wp\/v2\/media?parent=4517"}],"wp:term":[{"taxonomy":"category","embeddable":true,"href":"https:\/\/cdu-kaarst.de\/en\/wp-json\/wp\/v2\/categories?post=4517"},{"taxonomy":"post_tag","embeddable":true,"href":"https:\/\/cdu-kaarst.de\/en\/wp-json\/wp\/v2\/tags?post=4517"}],"curies":[{"name":"wp","href":"https:\/\/api.w.org\/{rel}","templated":true}]}}