{"id":4522,"date":"2024-09-18T11:32:34","date_gmt":"2024-09-18T09:32:34","guid":{"rendered":"https:\/\/cdu-kaarst.de\/?p=4522"},"modified":"2024-09-18T12:17:36","modified_gmt":"2024-09-18T10:17:36","slug":"umweltmarkt-neuss-cdu-kaarst-wirbt-fuer-gesunde-ernaehrung-und-umweltschutz","status":"publish","type":"post","link":"https:\/\/cdu-kaarst.de\/en\/ortsverband-kaarst\/umweltmarkt-neuss-cdu-kaarst-wirbt-fuer-gesunde-ernaehrung-und-umweltschutz\/","title":{"rendered":"Environmental market Neuss: CDU Kaarst promotes healthy eating and environmental protection"},"content":{"rendered":"<h2>Johannes K\u00fcppers: Commitment to sustainable agriculture<\/h2>\n<p>Our Kaarst farmer and chairman of the Kaarst branch of the CDU, <a href=\"https:\/\/cdu-kaarst.de\/en\/personen\/johannes-kueppers\/\">Johannes K\u00fcppers<\/a>was at work for agriculture and for healthy and sustainable nutrition on the weekend of 14\/15 September at the <a href=\"https:\/\/www.neuss.de\" target=\"_new\" rel=\"noopener\">Environmental market of the city of Neuss<\/a>. The environmental market offers a good opportunity to engage in dialogue with colleagues and citizens and to focus on the importance of comprehensive agriculture in harmony with environmental protection. The preservation of agricultural land is the basis of our food supply.<\/p>\n<h3>Environmental market Neuss: Platform for dialogue between citizens and farmers<\/h3>\n<p>Regional products are not only particularly sustainable, but, according to the <a href=\"https:\/\/cdu-kaarst.de\/en\/personen\/christian-horn-heinemann\/\" target=\"_new\" rel=\"noopener\">CDU mayoral candidate Christian Horn-Heinemann<\/a>\"Essential for many areas: regional supply, landscape conservation and jobs.\" The environmental market is therefore an ideal platform to familiarise citizens with the importance of agriculture in the region and to highlight the link between sustainable production and environmental protection.<\/p>\n<h3>Christian Horn-Heinemann: Regional products as the key to a sustainable future<\/h3>\n<p>In his talks, Christian Horn-Heinemann emphasised the importance of regional products for the future of our region. \"Sustainable agriculture is the key to a stable and healthy diet - especially here in Kaarst and the surrounding area,\" said Horn-Heinemann. He pointed out that maintaining regional agriculture secures jobs and at the same time actively contributes to landscape conservation.<\/p>\n<h4><strong>Why regional products are so important:<\/strong><\/h4>\n<ul>\n<li>They strengthen the regional economy and create jobs.<\/li>\n<li>Regional products reduce transport distances and protect the climate.<\/li>\n<li>They promote the preservation of the landscape and biodiversity.<\/li>\n<li>Consumers benefit from fresh and healthy food.<\/li>\n<\/ul>\n<p>The commitment of Johannes K\u00fcppers and Christian Horn-Heinemann clearly shows how important it is for agriculture, environmental protection and regional supply to join forces. You can find more information on the aims of the CDU Kaarst on the official website of the <a href=\"https:\/\/cdu-kaarst.de\/en\/partei\/ortsverbaende\/ortsverband-kaarst\/\" target=\"_new\" rel=\"noopener\">CDU local association Kaarst<\/a>.<\/p>","protected":false},"excerpt":{"rendered":"<p>Johannes K\u00fcppers: Einsatz f\u00fcr eine nachhaltige Landwirtschaft Unser Kaarster Landwirt und Vorsitzender des CDU Ortsverbands Kaarst, Johannes K\u00fcppers, war am Wochenende 14.\/15.09. im Einsatz f\u00fcr die Landwirtschaft und f\u00fcr eine gesunde und nachhaltige Ern\u00e4hrung auf dem Umweltmarkt der Stadt Neuss. Der Umweltmarkt bietet eine gute Gelegenheit, mit Kollegen und B\u00fcrgern ins Gespr\u00e4ch zu kommen und [&hellip;]<\/p>\n","protected":false},"author":1,"featured_media":4583,"comment_status":"closed","ping_status":"closed","sticky":false,"template":"","format":"standard","meta":{"footnotes":""},"categories":[94],"tags":[],"class_list":["post-4522","post","type-post","status-publish","format-standard","has-post-thumbnail","hentry","category-ortsverband-kaarst"],"yoast_head":"<!-- This site is optimized with the Yoast SEO plugin v27.4 - https:\/\/yoast.com\/product\/yoast-seo-wordpress\/ -->\n<title>Umweltmarkt Neuss: CDU Kaarst wirbt f\u00fcr gesunde Ern\u00e4hrung und Umweltschutz - CDU Kaarst-B\u00fcttgen<\/title>\n<meta name=\"description\" content=\"Kaarster Landwirt Johannes K\u00fcppers und CDU-Kandidat Horn-Heinemann werben auf dem Neusser Umweltmarkt f\u00fcr regionale, nachhaltige Landwirtschaft.\" \/>\n<meta name=\"robots\" content=\"index, follow, max-snippet:-1, max-image-preview:large, max-video-preview:-1\" \/>\n<link rel=\"canonical\" href=\"https:\/\/cdu-kaarst.de\/en\/ortsverband-kaarst\/umweltmarkt-neuss-cdu-kaarst-wirbt-fuer-gesunde-ernaehrung-und-umweltschutz\/\" \/>\n<meta property=\"og:locale\" content=\"en_GB\" \/>\n<meta property=\"og:type\" content=\"article\" \/>\n<meta property=\"og:title\" content=\"Umweltmarkt Neuss: CDU Kaarst wirbt f\u00fcr gesunde Ern\u00e4hrung und Umweltschutz - CDU Kaarst-B\u00fcttgen\" \/>\n<meta property=\"og:description\" content=\"Kaarster Landwirt Johannes K\u00fcppers und CDU-Kandidat Horn-Heinemann werben auf dem Neusser Umweltmarkt f\u00fcr regionale, nachhaltige Landwirtschaft.\" \/>\n<meta property=\"og:url\" content=\"https:\/\/cdu-kaarst.de\/en\/ortsverband-kaarst\/umweltmarkt-neuss-cdu-kaarst-wirbt-fuer-gesunde-ernaehrung-und-umweltschutz\/\" \/>\n<meta property=\"og:site_name\" content=\"CDU Kaarst-B\u00fcttgen\" \/>\n<meta property=\"article:published_time\" content=\"2024-09-18T09:32:34+00:00\" \/>\n<meta property=\"article:modified_time\" content=\"2024-09-18T10:17:36+00:00\" \/>\n<meta property=\"og:image\" content=\"https:\/\/cdu-kaarst.de\/wp-content\/uploads\/CDU-Einsatz-fuer-die-Landwirtschaft.jpg\" \/>\n\t<meta property=\"og:image:width\" content=\"1080\" \/>\n\t<meta property=\"og:image:height\" content=\"1080\" \/>\n\t<meta property=\"og:image:type\" content=\"image\/jpeg\" \/>\n<meta name=\"author\" content=\"@dm1n\" \/>\n<meta name=\"twitter:card\" content=\"summary_large_image\" \/>\n<meta name=\"twitter:label1\" content=\"Written by\" \/>\n\t<meta name=\"twitter:data1\" content=\"@dm1n\" \/>\n\t<meta name=\"twitter:label2\" content=\"Estimated reading time\" \/>\n\t<meta name=\"twitter:data2\" content=\"2 minutes\" \/>\n<script type=\"application\/ld+json\" class=\"yoast-schema-graph\">{\"@context\":\"https:\\\/\\\/schema.org\",\"@graph\":[{\"@type\":\"Article\",\"@id\":\"https:\\\/\\\/cdu-kaarst.de\\\/ortsverband-kaarst\\\/umweltmarkt-neuss-cdu-kaarst-wirbt-fuer-gesunde-ernaehrung-und-umweltschutz\\\/#article\",\"isPartOf\":{\"@id\":\"https:\\\/\\\/cdu-kaarst.de\\\/ortsverband-kaarst\\\/umweltmarkt-neuss-cdu-kaarst-wirbt-fuer-gesunde-ernaehrung-und-umweltschutz\\\/\"},\"author\":{\"name\":\"@dm1n\",\"@id\":\"https:\\\/\\\/cdu-kaarst.de\\\/#\\\/schema\\\/person\\\/05876a2bd7865609f2946e82cbc73476\"},\"headline\":\"Umweltmarkt Neuss: CDU Kaarst wirbt f\u00fcr gesunde Ern\u00e4hrung und Umweltschutz\",\"datePublished\":\"2024-09-18T09:32:34+00:00\",\"dateModified\":\"2024-09-18T10:17:36+00:00\",\"mainEntityOfPage\":{\"@id\":\"https:\\\/\\\/cdu-kaarst.de\\\/ortsverband-kaarst\\\/umweltmarkt-neuss-cdu-kaarst-wirbt-fuer-gesunde-ernaehrung-und-umweltschutz\\\/\"},\"wordCount\":331,\"publisher\":{\"@id\":\"https:\\\/\\\/cdu-kaarst.de\\\/#organization\"},\"image\":{\"@id\":\"https:\\\/\\\/cdu-kaarst.de\\\/ortsverband-kaarst\\\/umweltmarkt-neuss-cdu-kaarst-wirbt-fuer-gesunde-ernaehrung-und-umweltschutz\\\/#primaryimage\"},\"thumbnailUrl\":\"https:\\\/\\\/cdu-kaarst.de\\\/wp-content\\\/uploads\\\/CDU-Einsatz-fuer-die-Landwirtschaft.jpg\",\"articleSection\":[\"Ortsverband Kaarst\"],\"inLanguage\":\"en-GB\"},{\"@type\":\"WebPage\",\"@id\":\"https:\\\/\\\/cdu-kaarst.de\\\/ortsverband-kaarst\\\/umweltmarkt-neuss-cdu-kaarst-wirbt-fuer-gesunde-ernaehrung-und-umweltschutz\\\/\",\"url\":\"https:\\\/\\\/cdu-kaarst.de\\\/ortsverband-kaarst\\\/umweltmarkt-neuss-cdu-kaarst-wirbt-fuer-gesunde-ernaehrung-und-umweltschutz\\\/\",\"name\":\"Umweltmarkt Neuss: CDU Kaarst wirbt f\u00fcr gesunde Ern\u00e4hrung und Umweltschutz - CDU Kaarst-B\u00fcttgen\",\"isPartOf\":{\"@id\":\"https:\\\/\\\/cdu-kaarst.de\\\/#website\"},\"primaryImageOfPage\":{\"@id\":\"https:\\\/\\\/cdu-kaarst.de\\\/ortsverband-kaarst\\\/umweltmarkt-neuss-cdu-kaarst-wirbt-fuer-gesunde-ernaehrung-und-umweltschutz\\\/#primaryimage\"},\"image\":{\"@id\":\"https:\\\/\\\/cdu-kaarst.de\\\/ortsverband-kaarst\\\/umweltmarkt-neuss-cdu-kaarst-wirbt-fuer-gesunde-ernaehrung-und-umweltschutz\\\/#primaryimage\"},\"thumbnailUrl\":\"https:\\\/\\\/cdu-kaarst.de\\\/wp-content\\\/uploads\\\/CDU-Einsatz-fuer-die-Landwirtschaft.jpg\",\"datePublished\":\"2024-09-18T09:32:34+00:00\",\"dateModified\":\"2024-09-18T10:17:36+00:00\",\"description\":\"Kaarster Landwirt Johannes K\u00fcppers und CDU-Kandidat Horn-Heinemann werben auf dem Neusser Umweltmarkt f\u00fcr regionale, nachhaltige Landwirtschaft.\",\"breadcrumb\":{\"@id\":\"https:\\\/\\\/cdu-kaarst.de\\\/ortsverband-kaarst\\\/umweltmarkt-neuss-cdu-kaarst-wirbt-fuer-gesunde-ernaehrung-und-umweltschutz\\\/#breadcrumb\"},\"inLanguage\":\"en-GB\",\"potentialAction\":[{\"@type\":\"ReadAction\",\"target\":[\"https:\\\/\\\/cdu-kaarst.de\\\/ortsverband-kaarst\\\/umweltmarkt-neuss-cdu-kaarst-wirbt-fuer-gesunde-ernaehrung-und-umweltschutz\\\/\"]}]},{\"@type\":\"ImageObject\",\"inLanguage\":\"en-GB\",\"@id\":\"https:\\\/\\\/cdu-kaarst.de\\\/ortsverband-kaarst\\\/umweltmarkt-neuss-cdu-kaarst-wirbt-fuer-gesunde-ernaehrung-und-umweltschutz\\\/#primaryimage\",\"url\":\"https:\\\/\\\/cdu-kaarst.de\\\/wp-content\\\/uploads\\\/CDU-Einsatz-fuer-die-Landwirtschaft.jpg\",\"contentUrl\":\"https:\\\/\\\/cdu-kaarst.de\\\/wp-content\\\/uploads\\\/CDU-Einsatz-fuer-die-Landwirtschaft.jpg\",\"width\":1080,\"height\":1080},{\"@type\":\"BreadcrumbList\",\"@id\":\"https:\\\/\\\/cdu-kaarst.de\\\/ortsverband-kaarst\\\/umweltmarkt-neuss-cdu-kaarst-wirbt-fuer-gesunde-ernaehrung-und-umweltschutz\\\/#breadcrumb\",\"itemListElement\":[{\"@type\":\"ListItem\",\"position\":1,\"name\":\"Startseite\",\"item\":\"https:\\\/\\\/cdu-kaarst.de\\\/\"},{\"@type\":\"ListItem\",\"position\":2,\"name\":\"Umweltmarkt Neuss: CDU Kaarst wirbt f\u00fcr gesunde Ern\u00e4hrung und Umweltschutz\"}]},{\"@type\":\"WebSite\",\"@id\":\"https:\\\/\\\/cdu-kaarst.de\\\/#website\",\"url\":\"https:\\\/\\\/cdu-kaarst.de\\\/\",\"name\":\"CDU Kaarst-B\u00fcttgen\",\"description\":\"gut Leben in Kaarst\",\"publisher\":{\"@id\":\"https:\\\/\\\/cdu-kaarst.de\\\/#organization\"},\"potentialAction\":[{\"@type\":\"SearchAction\",\"target\":{\"@type\":\"EntryPoint\",\"urlTemplate\":\"https:\\\/\\\/cdu-kaarst.de\\\/?s={search_term_string}\"},\"query-input\":{\"@type\":\"PropertyValueSpecification\",\"valueRequired\":true,\"valueName\":\"search_term_string\"}}],\"inLanguage\":\"en-GB\"},{\"@type\":\"Organization\",\"@id\":\"https:\\\/\\\/cdu-kaarst.de\\\/#organization\",\"name\":\"CDU Kaarst-B\u00fcttgen\",\"url\":\"https:\\\/\\\/cdu-kaarst.de\\\/\",\"logo\":{\"@type\":\"ImageObject\",\"inLanguage\":\"en-GB\",\"@id\":\"https:\\\/\\\/cdu-kaarst.de\\\/#\\\/schema\\\/logo\\\/image\\\/\",\"url\":\"https:\\\/\\\/cdu-kaarst.de\\\/wp-content\\\/uploads\\\/cdu-gesamtlogo.png\",\"contentUrl\":\"https:\\\/\\\/cdu-kaarst.de\\\/wp-content\\\/uploads\\\/cdu-gesamtlogo.png\",\"width\":418,\"height\":120,\"caption\":\"CDU Kaarst-B\u00fcttgen\"},\"image\":{\"@id\":\"https:\\\/\\\/cdu-kaarst.de\\\/#\\\/schema\\\/logo\\\/image\\\/\"}},{\"@type\":\"Person\",\"@id\":\"https:\\\/\\\/cdu-kaarst.de\\\/#\\\/schema\\\/person\\\/05876a2bd7865609f2946e82cbc73476\",\"name\":\"@dm1n\",\"sameAs\":[\"http:\\\/\\\/cdu-kaarst.de\"]}]}<\/script>\n<!-- \/ Yoast SEO plugin. -->","yoast_head_json":{"title":"Environmental market Neuss: CDU Kaarst promotes healthy eating and environmental protection - CDU Kaarst-B\u00fcttgen","description":"Kaarst farmer Johannes K\u00fcppers and CDU candidate Horn-Heinemann promote regional, sustainable agriculture at the Neuss environmental market.","robots":{"index":"index","follow":"follow","max-snippet":"max-snippet:-1","max-image-preview":"max-image-preview:large","max-video-preview":"max-video-preview:-1"},"canonical":"https:\/\/cdu-kaarst.de\/en\/ortsverband-kaarst\/umweltmarkt-neuss-cdu-kaarst-wirbt-fuer-gesunde-ernaehrung-und-umweltschutz\/","og_locale":"en_GB","og_type":"article","og_title":"Umweltmarkt Neuss: CDU Kaarst wirbt f\u00fcr gesunde Ern\u00e4hrung und Umweltschutz - CDU Kaarst-B\u00fcttgen","og_description":"Kaarster Landwirt Johannes K\u00fcppers und CDU-Kandidat Horn-Heinemann werben auf dem Neusser Umweltmarkt f\u00fcr regionale, nachhaltige Landwirtschaft.","og_url":"https:\/\/cdu-kaarst.de\/en\/ortsverband-kaarst\/umweltmarkt-neuss-cdu-kaarst-wirbt-fuer-gesunde-ernaehrung-und-umweltschutz\/","og_site_name":"CDU Kaarst-B\u00fcttgen","article_published_time":"2024-09-18T09:32:34+00:00","article_modified_time":"2024-09-18T10:17:36+00:00","og_image":[{"width":1080,"height":1080,"url":"https:\/\/cdu-kaarst.de\/wp-content\/uploads\/CDU-Einsatz-fuer-die-Landwirtschaft.jpg","type":"image\/jpeg"}],"author":"@dm1n","twitter_card":"summary_large_image","twitter_misc":{"Written by":"@dm1n","Estimated reading time":"2 minutes"},"schema":{"@context":"https:\/\/schema.org","@graph":[{"@type":"Article","@id":"https:\/\/cdu-kaarst.de\/ortsverband-kaarst\/umweltmarkt-neuss-cdu-kaarst-wirbt-fuer-gesunde-ernaehrung-und-umweltschutz\/#article","isPartOf":{"@id":"https:\/\/cdu-kaarst.de\/ortsverband-kaarst\/umweltmarkt-neuss-cdu-kaarst-wirbt-fuer-gesunde-ernaehrung-und-umweltschutz\/"},"author":{"name":"@dm1n","@id":"https:\/\/cdu-kaarst.de\/#\/schema\/person\/05876a2bd7865609f2946e82cbc73476"},"headline":"Umweltmarkt Neuss: CDU Kaarst wirbt f\u00fcr gesunde Ern\u00e4hrung und Umweltschutz","datePublished":"2024-09-18T09:32:34+00:00","dateModified":"2024-09-18T10:17:36+00:00","mainEntityOfPage":{"@id":"https:\/\/cdu-kaarst.de\/ortsverband-kaarst\/umweltmarkt-neuss-cdu-kaarst-wirbt-fuer-gesunde-ernaehrung-und-umweltschutz\/"},"wordCount":331,"publisher":{"@id":"https:\/\/cdu-kaarst.de\/#organization"},"image":{"@id":"https:\/\/cdu-kaarst.de\/ortsverband-kaarst\/umweltmarkt-neuss-cdu-kaarst-wirbt-fuer-gesunde-ernaehrung-und-umweltschutz\/#primaryimage"},"thumbnailUrl":"https:\/\/cdu-kaarst.de\/wp-content\/uploads\/CDU-Einsatz-fuer-die-Landwirtschaft.jpg","articleSection":["Ortsverband Kaarst"],"inLanguage":"en-GB"},{"@type":"WebPage","@id":"https:\/\/cdu-kaarst.de\/ortsverband-kaarst\/umweltmarkt-neuss-cdu-kaarst-wirbt-fuer-gesunde-ernaehrung-und-umweltschutz\/","url":"https:\/\/cdu-kaarst.de\/ortsverband-kaarst\/umweltmarkt-neuss-cdu-kaarst-wirbt-fuer-gesunde-ernaehrung-und-umweltschutz\/","name":"Environmental market Neuss: CDU Kaarst promotes healthy eating and environmental protection - CDU Kaarst-B\u00fcttgen","isPartOf":{"@id":"https:\/\/cdu-kaarst.de\/#website"},"primaryImageOfPage":{"@id":"https:\/\/cdu-kaarst.de\/ortsverband-kaarst\/umweltmarkt-neuss-cdu-kaarst-wirbt-fuer-gesunde-ernaehrung-und-umweltschutz\/#primaryimage"},"image":{"@id":"https:\/\/cdu-kaarst.de\/ortsverband-kaarst\/umweltmarkt-neuss-cdu-kaarst-wirbt-fuer-gesunde-ernaehrung-und-umweltschutz\/#primaryimage"},"thumbnailUrl":"https:\/\/cdu-kaarst.de\/wp-content\/uploads\/CDU-Einsatz-fuer-die-Landwirtschaft.jpg","datePublished":"2024-09-18T09:32:34+00:00","dateModified":"2024-09-18T10:17:36+00:00","description":"Kaarst farmer Johannes K\u00fcppers and CDU candidate Horn-Heinemann promote regional, sustainable agriculture at the Neuss environmental market.","breadcrumb":{"@id":"https:\/\/cdu-kaarst.de\/ortsverband-kaarst\/umweltmarkt-neuss-cdu-kaarst-wirbt-fuer-gesunde-ernaehrung-und-umweltschutz\/#breadcrumb"},"inLanguage":"en-GB","potentialAction":[{"@type":"ReadAction","target":["https:\/\/cdu-kaarst.de\/ortsverband-kaarst\/umweltmarkt-neuss-cdu-kaarst-wirbt-fuer-gesunde-ernaehrung-und-umweltschutz\/"]}]},{"@type":"ImageObject","inLanguage":"en-GB","@id":"https:\/\/cdu-kaarst.de\/ortsverband-kaarst\/umweltmarkt-neuss-cdu-kaarst-wirbt-fuer-gesunde-ernaehrung-und-umweltschutz\/#primaryimage","url":"https:\/\/cdu-kaarst.de\/wp-content\/uploads\/CDU-Einsatz-fuer-die-Landwirtschaft.jpg","contentUrl":"https:\/\/cdu-kaarst.de\/wp-content\/uploads\/CDU-Einsatz-fuer-die-Landwirtschaft.jpg","width":1080,"height":1080},{"@type":"BreadcrumbList","@id":"https:\/\/cdu-kaarst.de\/ortsverband-kaarst\/umweltmarkt-neuss-cdu-kaarst-wirbt-fuer-gesunde-ernaehrung-und-umweltschutz\/#breadcrumb","itemListElement":[{"@type":"ListItem","position":1,"name":"Startseite","item":"https:\/\/cdu-kaarst.de\/"},{"@type":"ListItem","position":2,"name":"Umweltmarkt Neuss: CDU Kaarst wirbt f\u00fcr gesunde Ern\u00e4hrung und Umweltschutz"}]},{"@type":"WebSite","@id":"https:\/\/cdu-kaarst.de\/#website","url":"https:\/\/cdu-kaarst.de\/","name":"CDU Kaarst-B\u00fcttgen","description":"living well in Kaarst","publisher":{"@id":"https:\/\/cdu-kaarst.de\/#organization"},"potentialAction":[{"@type":"SearchAction","target":{"@type":"EntryPoint","urlTemplate":"https:\/\/cdu-kaarst.de\/?s={search_term_string}"},"query-input":{"@type":"PropertyValueSpecification","valueRequired":true,"valueName":"search_term_string"}}],"inLanguage":"en-GB"},{"@type":"Organization","@id":"https:\/\/cdu-kaarst.de\/#organization","name":"CDU Kaarst-B\u00fcttgen","url":"https:\/\/cdu-kaarst.de\/","logo":{"@type":"ImageObject","inLanguage":"en-GB","@id":"https:\/\/cdu-kaarst.de\/#\/schema\/logo\/image\/","url":"https:\/\/cdu-kaarst.de\/wp-content\/uploads\/cdu-gesamtlogo.png","contentUrl":"https:\/\/cdu-kaarst.de\/wp-content\/uploads\/cdu-gesamtlogo.png","width":418,"height":120,"caption":"CDU Kaarst-B\u00fcttgen"},"image":{"@id":"https:\/\/cdu-kaarst.de\/#\/schema\/logo\/image\/"}},{"@type":"Person","@id":"https:\/\/cdu-kaarst.de\/#\/schema\/person\/05876a2bd7865609f2946e82cbc73476","name":"@dm1n","sameAs":["http:\/\/cdu-kaarst.de"]}]}},"_links":{"self":[{"href":"https:\/\/cdu-kaarst.de\/en\/wp-json\/wp\/v2\/posts\/4522","targetHints":{"allow":["GET"]}}],"collection":[{"href":"https:\/\/cdu-kaarst.de\/en\/wp-json\/wp\/v2\/posts"}],"about":[{"href":"https:\/\/cdu-kaarst.de\/en\/wp-json\/wp\/v2\/types\/post"}],"author":[{"embeddable":true,"href":"https:\/\/cdu-kaarst.de\/en\/wp-json\/wp\/v2\/users\/1"}],"replies":[{"embeddable":true,"href":"https:\/\/cdu-kaarst.de\/en\/wp-json\/wp\/v2\/comments?post=4522"}],"version-history":[{"count":1,"href":"https:\/\/cdu-kaarst.de\/en\/wp-json\/wp\/v2\/posts\/4522\/revisions"}],"predecessor-version":[{"id":4523,"href":"https:\/\/cdu-kaarst.de\/en\/wp-json\/wp\/v2\/posts\/4522\/revisions\/4523"}],"wp:featuredmedia":[{"embeddable":true,"href":"https:\/\/cdu-kaarst.de\/en\/wp-json\/wp\/v2\/media\/4583"}],"wp:attachment":[{"href":"https:\/\/cdu-kaarst.de\/en\/wp-json\/wp\/v2\/media?parent=4522"}],"wp:term":[{"taxonomy":"category","embeddable":true,"href":"https:\/\/cdu-kaarst.de\/en\/wp-json\/wp\/v2\/categories?post=4522"},{"taxonomy":"post_tag","embeddable":true,"href":"https:\/\/cdu-kaarst.de\/en\/wp-json\/wp\/v2\/tags?post=4522"}],"curies":[{"name":"wp","href":"https:\/\/api.w.org\/{rel}","templated":true}]}}