{"id":4616,"date":"2024-09-21T10:45:17","date_gmt":"2024-09-21T08:45:17","guid":{"rendered":"https:\/\/cdu-kaarst.de\/?p=4616"},"modified":"2024-09-26T10:29:45","modified_gmt":"2024-09-26T08:29:45","slug":"cdu-vor-ort-erfolgreicher-ausbau-der-kinderbetreuung-in-kaarst","status":"publish","type":"post","link":"https:\/\/cdu-kaarst.de\/en\/kinderbetreuung\/cdu-vor-ort-erfolgreicher-ausbau-der-kinderbetreuung-in-kaarst\/","title":{"rendered":"CDU on site: Successful expansion of childcare in Kaarst"},"content":{"rendered":"<div data-elementor-type=\"wp-post\" data-elementor-id=\"4616\" class=\"elementor elementor-4616\" data-elementor-post-type=\"post\">\n\t\t\t\t\t\t<section class=\"elementor-section elementor-top-section elementor-element elementor-element-39e5aee elementor-section-boxed elementor-section-height-default elementor-section-height-default\" data-id=\"39e5aee\" data-element_type=\"section\" data-e-type=\"section\" data-settings=\"{&quot;jet_parallax_layout_list&quot;:[]}\">\n\t\t\t\t\t\t<div class=\"elementor-container elementor-column-gap-default\">\n\t\t\t\t\t<div class=\"elementor-column elementor-col-100 elementor-top-column elementor-element elementor-element-d7b201d\" data-id=\"d7b201d\" data-element_type=\"column\" data-e-type=\"column\">\n\t\t\t<div class=\"elementor-widget-wrap elementor-element-populated\">\n\t\t\t\t\t\t<div class=\"elementor-element elementor-element-f5aa723 elementor-widget elementor-widget-text-editor\" data-id=\"f5aa723\" data-element_type=\"widget\" data-e-type=\"widget\" data-widget_type=\"text-editor.default\">\n\t\t\t\t<div class=\"elementor-widget-container\">\n\t\t\t\t\t\t\t\t\t<h2><strong>CDU in favour of the continuous expansion of childcare<\/strong><strong> in Kaarst<\/strong><strong> a<\/strong><\/h2><p>The CDU Kaarst has been committed to high-quality and comprehensive childcare in the city for many years. Since 2009, the number of childcare places has almost doubled - a great success for Kaarst families. This is primarily due to the continuous work of the CDU, which has been a strong advocate for the expansion of childcare facilities.<\/p><h3><strong>Doubling of daycare places since 2009: <\/strong><strong>Good<\/strong><strong> for Kaarst families<\/strong><\/h3><p>Thanks to the strong initiative of the CDU, the number of childcare places on offer has been significantly increased in order to meet the growing demand for childcare in Kaarst. In addition to the expansion of the daycare centre offer, the childcare options for children under the age of three are also being steadily improved.<\/p><h3><strong>Support for childminders and U3 childcare in Kaarst<\/strong><\/h3><p>The CDU is also paying particular attention to the promotion of U3 childcare by childminders. In recent years, targeted measures have been taken to support the work of childminders and create high-quality childcare options. A big thank you goes to the dedicated nursery teachers and childminders who put their heart and soul into looking after our little ones.<\/p><p>The Interessengemeinschaft Kindertagespflege Kaarst (IG KTP) supports and informs parents and childminders in Kaarst, providing a link between parents and qualified childcare services. Around 30 childminders offer childcare in small groups with a maximum of 5 children with a constant carer and attachment figure for children aged 0-3 years. This service is particularly important for children under 3 in terms of developmental psychology. Further information and a list of all childminders can be found at <a href=\"http:\/\/www.kaarst.de\/kindertagespflege\" target=\"_blank\" rel=\"noopener\">www.kaarst.de\/kindertagespflege.<\/a><\/p><h4><strong>Advantages of the expansion of daycare centres and daycare facilities:<\/strong><\/h4><ul><li><strong>More childcare places<\/strong>Doubling of capacities since 2009.<\/li><li><strong>Support for working parents<\/strong> through flexible childcare models.<\/li><li><strong>Wide range of childcare options<\/strong>Daycare centres, childminders and large daycare facilities.<\/li><li><strong>Promoting early childhood development<\/strong> in qualified childcare facilities.<\/li><\/ul><h3><strong>Large daycare centres in Kaarst: Kids Club and Kita Wolkenland<\/strong><\/h3><p>In Kaarst, in addition to the traditional daycare centres, there are also two large daycare centres that play an important role in U3 care. These facilities also offer a family childcare environment and ideally complement the daycare centre offer:<\/p><ul><li><strong>Kids Club in B\u00fcttgen<\/strong> - A caring and professional childcare centre in a family atmosphere.<\/li><li><strong>Wolkenland day care centre in Kaarst<\/strong> - A modern large day care centre with a variety of play and learning opportunities for the little ones. You can find further information <a href=\"https:\/\/www.kita-wolkenland.de\">here<\/a>.<\/li><\/ul><p><strong>The CDU will continue to work to ensure that families in Kaarst can count on strong childcare in the future!<\/strong><\/p>\t\t\t\t\t\t\t\t<\/div>\n\t\t\t\t<\/div>\n\t\t\t\t<div class=\"elementor-element elementor-element-f150a9a elementor-widget elementor-widget-gallery\" data-id=\"f150a9a\" data-element_type=\"widget\" data-e-type=\"widget\" data-settings=\"{&quot;aspect_ratio&quot;:&quot;1:1&quot;,&quot;columns&quot;:3,&quot;lazyload&quot;:&quot;yes&quot;,&quot;gallery_layout&quot;:&quot;grid&quot;,&quot;columns_tablet&quot;:2,&quot;columns_mobile&quot;:1,&quot;gap&quot;:{&quot;unit&quot;:&quot;px&quot;,&quot;size&quot;:10,&quot;sizes&quot;:[]},&quot;gap_tablet&quot;:{&quot;unit&quot;:&quot;px&quot;,&quot;size&quot;:10,&quot;sizes&quot;:[]},&quot;gap_mobile&quot;:{&quot;unit&quot;:&quot;px&quot;,&quot;size&quot;:10,&quot;sizes&quot;:[]},&quot;link_to&quot;:&quot;file&quot;,&quot;overlay_background&quot;:&quot;yes&quot;,&quot;content_hover_animation&quot;:&quot;fade-in&quot;}\" data-widget_type=\"gallery.default\">\n\t\t\t\t<div class=\"elementor-widget-container\">\n\t\t\t\t\t\t\t<div class=\"elementor-gallery__container\">\n\t\t\t\t\t\t\t<a class=\"e-gallery-item elementor-gallery-item elementor-animated-content\" href=\"https:\/\/cdu-kaarst.de\/wp-content\/uploads\/cdu-kaarst-ausbau-kinderbereuung-02.jpg\" data-elementor-open-lightbox=\"yes\" data-elementor-lightbox-slideshow=\"f150a9a\" data-e-action-hash=\"#elementor-action%3Aaction%3Dlightbox%26settings%3DeyJpZCI6NDYxOSwidXJsIjoiaHR0cHM6XC9cL2NkdS1rYWFyc3QuZGVcL3dwLWNvbnRlbnRcL3VwbG9hZHNcL2NkdS1rYWFyc3QtYXVzYmF1LWtpbmRlcmJlcmV1dW5nLTAyLmpwZyIsInNsaWRlc2hvdyI6ImYxNTBhOWEifQ%3D%3D\">\n\t\t\t\t\t<div class=\"e-gallery-image elementor-gallery-item__image\" data-thumbnail=\"https:\/\/cdu-kaarst.de\/wp-content\/uploads\/cdu-kaarst-ausbau-kinderbereuung-02-300x300.jpg\" data-width=\"300\" data-height=\"300\" aria-label=\"\" role=\"img\" ><\/div>\n\t\t\t\t\t\t\t\t\t\t\t<div class=\"elementor-gallery-item__overlay\"><\/div>\n\t\t\t\t\t\t\t\t\t\t\t\t\t\t<\/a>\n\t\t\t\t\t\t\t<a class=\"e-gallery-item elementor-gallery-item elementor-animated-content\" href=\"https:\/\/cdu-kaarst.de\/wp-content\/uploads\/cdu-kaarst-ausbau-kinderbereuung-03.jpg\" data-elementor-open-lightbox=\"yes\" data-elementor-lightbox-slideshow=\"f150a9a\" data-e-action-hash=\"#elementor-action%3Aaction%3Dlightbox%26settings%3DeyJpZCI6NDYyMCwidXJsIjoiaHR0cHM6XC9cL2NkdS1rYWFyc3QuZGVcL3dwLWNvbnRlbnRcL3VwbG9hZHNcL2NkdS1rYWFyc3QtYXVzYmF1LWtpbmRlcmJlcmV1dW5nLTAzLmpwZyIsInNsaWRlc2hvdyI6ImYxNTBhOWEifQ%3D%3D\">\n\t\t\t\t\t<div class=\"e-gallery-image elementor-gallery-item__image\" data-thumbnail=\"https:\/\/cdu-kaarst.de\/wp-content\/uploads\/cdu-kaarst-ausbau-kinderbereuung-03-300x300.jpg\" data-width=\"300\" data-height=\"300\" aria-label=\"\" role=\"img\" ><\/div>\n\t\t\t\t\t\t\t\t\t\t\t<div class=\"elementor-gallery-item__overlay\"><\/div>\n\t\t\t\t\t\t\t\t\t\t\t\t\t\t<\/a>\n\t\t\t\t\t<\/div>\n\t\t\t\t\t<\/div>\n\t\t\t\t<\/div>\n\t\t\t\t\t<\/div>\n\t\t<\/div>\n\t\t\t\t\t<\/div>\n\t\t<\/section>\n\t\t\t\t<\/div>","protected":false},"excerpt":{"rendered":"<p>CDU setzt sich f\u00fcr den kontinuierlichen Ausbau der Kinderbetreuung in Kaarst ein Die CDU Kaarst engagiert sich seit vielen Jahren f\u00fcr eine hochwertige und umfassende Kinderbetreuung in der Stadt. Seit 2009 hat sich die Anzahl der Betreuungspl\u00e4tze nahezu verdoppelt \u2013 ein gro\u00dfer Erfolg f\u00fcr Kaarster Familien. Dies ist vor allem der kontinuierlichen Arbeit der CDU [&hellip;]<\/p>\n","protected":false},"author":1,"featured_media":4618,"comment_status":"closed","ping_status":"closed","sticky":false,"template":"","format":"standard","meta":{"footnotes":""},"categories":[81,108],"tags":[],"class_list":["post-4616","post","type-post","status-publish","format-standard","has-post-thumbnail","hentry","category-cdu-vor-ort","category-kinderbetreuung"],"yoast_head":"<!-- This site is optimized with the Yoast SEO plugin v27.4 - https:\/\/yoast.com\/product\/yoast-seo-wordpress\/ -->\n<title>CDU vor Ort: Erfolgreicher Ausbau der Kinderbetreuung in Kaarst - CDU Kaarst-B\u00fcttgen<\/title>\n<meta name=\"robots\" content=\"index, follow, max-snippet:-1, max-image-preview:large, max-video-preview:-1\" \/>\n<link rel=\"canonical\" href=\"https:\/\/cdu-kaarst.de\/en\/cdu-vor-ort\/cdu-vor-ort-erfolgreicher-ausbau-der-kinderbetreuung-in-kaarst\/\" \/>\n<meta property=\"og:locale\" content=\"en_GB\" \/>\n<meta property=\"og:type\" content=\"article\" \/>\n<meta property=\"og:title\" content=\"CDU vor Ort: Erfolgreicher Ausbau der Kinderbetreuung in Kaarst - CDU Kaarst-B\u00fcttgen\" \/>\n<meta property=\"og:description\" content=\"CDU setzt sich f\u00fcr den kontinuierlichen Ausbau der Kinderbetreuung in Kaarst ein Die CDU Kaarst engagiert sich seit vielen Jahren f\u00fcr eine hochwertige und umfassende Kinderbetreuung in der Stadt. Seit 2009 hat sich die Anzahl der Betreuungspl\u00e4tze nahezu verdoppelt \u2013 ein gro\u00dfer Erfolg f\u00fcr Kaarster Familien. Dies ist vor allem der kontinuierlichen Arbeit der CDU [&hellip;]\" \/>\n<meta property=\"og:url\" content=\"https:\/\/cdu-kaarst.de\/en\/cdu-vor-ort\/cdu-vor-ort-erfolgreicher-ausbau-der-kinderbetreuung-in-kaarst\/\" \/>\n<meta property=\"og:site_name\" content=\"CDU Kaarst-B\u00fcttgen\" \/>\n<meta property=\"article:published_time\" content=\"2024-09-21T08:45:17+00:00\" \/>\n<meta property=\"article:modified_time\" content=\"2024-09-26T08:29:45+00:00\" \/>\n<meta property=\"og:image\" content=\"https:\/\/cdu-kaarst.de\/wp-content\/uploads\/cdu-kaarst-ausbau-kinderbereuung-01.jpg\" \/>\n\t<meta property=\"og:image:width\" content=\"1080\" \/>\n\t<meta property=\"og:image:height\" content=\"1080\" \/>\n\t<meta property=\"og:image:type\" content=\"image\/jpeg\" \/>\n<meta name=\"author\" content=\"@dm1n\" \/>\n<meta name=\"twitter:card\" content=\"summary_large_image\" \/>\n<meta name=\"twitter:label1\" content=\"Written by\" \/>\n\t<meta name=\"twitter:data1\" content=\"@dm1n\" \/>\n\t<meta name=\"twitter:label2\" content=\"Estimated reading time\" \/>\n\t<meta name=\"twitter:data2\" content=\"3 minutes\" \/>\n<script type=\"application\/ld+json\" class=\"yoast-schema-graph\">{\"@context\":\"https:\\\/\\\/schema.org\",\"@graph\":[{\"@type\":\"Article\",\"@id\":\"https:\\\/\\\/cdu-kaarst.de\\\/cdu-vor-ort\\\/cdu-vor-ort-erfolgreicher-ausbau-der-kinderbetreuung-in-kaarst\\\/#article\",\"isPartOf\":{\"@id\":\"https:\\\/\\\/cdu-kaarst.de\\\/cdu-vor-ort\\\/cdu-vor-ort-erfolgreicher-ausbau-der-kinderbetreuung-in-kaarst\\\/\"},\"author\":{\"name\":\"@dm1n\",\"@id\":\"https:\\\/\\\/cdu-kaarst.de\\\/#\\\/schema\\\/person\\\/05876a2bd7865609f2946e82cbc73476\"},\"headline\":\"CDU vor Ort: Erfolgreicher Ausbau der Kinderbetreuung in Kaarst\",\"datePublished\":\"2024-09-21T08:45:17+00:00\",\"dateModified\":\"2024-09-26T08:29:45+00:00\",\"mainEntityOfPage\":{\"@id\":\"https:\\\/\\\/cdu-kaarst.de\\\/cdu-vor-ort\\\/cdu-vor-ort-erfolgreicher-ausbau-der-kinderbetreuung-in-kaarst\\\/\"},\"wordCount\":438,\"publisher\":{\"@id\":\"https:\\\/\\\/cdu-kaarst.de\\\/#organization\"},\"image\":{\"@id\":\"https:\\\/\\\/cdu-kaarst.de\\\/cdu-vor-ort\\\/cdu-vor-ort-erfolgreicher-ausbau-der-kinderbetreuung-in-kaarst\\\/#primaryimage\"},\"thumbnailUrl\":\"https:\\\/\\\/cdu-kaarst.de\\\/wp-content\\\/uploads\\\/cdu-kaarst-ausbau-kinderbereuung-01.jpg\",\"articleSection\":[\"CDU vor Ort\",\"Kinderbetreuung\"],\"inLanguage\":\"en-GB\"},{\"@type\":\"WebPage\",\"@id\":\"https:\\\/\\\/cdu-kaarst.de\\\/cdu-vor-ort\\\/cdu-vor-ort-erfolgreicher-ausbau-der-kinderbetreuung-in-kaarst\\\/\",\"url\":\"https:\\\/\\\/cdu-kaarst.de\\\/cdu-vor-ort\\\/cdu-vor-ort-erfolgreicher-ausbau-der-kinderbetreuung-in-kaarst\\\/\",\"name\":\"CDU vor Ort: Erfolgreicher Ausbau der Kinderbetreuung in Kaarst - CDU Kaarst-B\u00fcttgen\",\"isPartOf\":{\"@id\":\"https:\\\/\\\/cdu-kaarst.de\\\/#website\"},\"primaryImageOfPage\":{\"@id\":\"https:\\\/\\\/cdu-kaarst.de\\\/cdu-vor-ort\\\/cdu-vor-ort-erfolgreicher-ausbau-der-kinderbetreuung-in-kaarst\\\/#primaryimage\"},\"image\":{\"@id\":\"https:\\\/\\\/cdu-kaarst.de\\\/cdu-vor-ort\\\/cdu-vor-ort-erfolgreicher-ausbau-der-kinderbetreuung-in-kaarst\\\/#primaryimage\"},\"thumbnailUrl\":\"https:\\\/\\\/cdu-kaarst.de\\\/wp-content\\\/uploads\\\/cdu-kaarst-ausbau-kinderbereuung-01.jpg\",\"datePublished\":\"2024-09-21T08:45:17+00:00\",\"dateModified\":\"2024-09-26T08:29:45+00:00\",\"breadcrumb\":{\"@id\":\"https:\\\/\\\/cdu-kaarst.de\\\/cdu-vor-ort\\\/cdu-vor-ort-erfolgreicher-ausbau-der-kinderbetreuung-in-kaarst\\\/#breadcrumb\"},\"inLanguage\":\"en-GB\",\"potentialAction\":[{\"@type\":\"ReadAction\",\"target\":[\"https:\\\/\\\/cdu-kaarst.de\\\/cdu-vor-ort\\\/cdu-vor-ort-erfolgreicher-ausbau-der-kinderbetreuung-in-kaarst\\\/\"]}]},{\"@type\":\"ImageObject\",\"inLanguage\":\"en-GB\",\"@id\":\"https:\\\/\\\/cdu-kaarst.de\\\/cdu-vor-ort\\\/cdu-vor-ort-erfolgreicher-ausbau-der-kinderbetreuung-in-kaarst\\\/#primaryimage\",\"url\":\"https:\\\/\\\/cdu-kaarst.de\\\/wp-content\\\/uploads\\\/cdu-kaarst-ausbau-kinderbereuung-01.jpg\",\"contentUrl\":\"https:\\\/\\\/cdu-kaarst.de\\\/wp-content\\\/uploads\\\/cdu-kaarst-ausbau-kinderbereuung-01.jpg\",\"width\":1080,\"height\":1080},{\"@type\":\"BreadcrumbList\",\"@id\":\"https:\\\/\\\/cdu-kaarst.de\\\/cdu-vor-ort\\\/cdu-vor-ort-erfolgreicher-ausbau-der-kinderbetreuung-in-kaarst\\\/#breadcrumb\",\"itemListElement\":[{\"@type\":\"ListItem\",\"position\":1,\"name\":\"Startseite\",\"item\":\"https:\\\/\\\/cdu-kaarst.de\\\/\"},{\"@type\":\"ListItem\",\"position\":2,\"name\":\"CDU vor Ort: Erfolgreicher Ausbau der Kinderbetreuung in Kaarst\"}]},{\"@type\":\"WebSite\",\"@id\":\"https:\\\/\\\/cdu-kaarst.de\\\/#website\",\"url\":\"https:\\\/\\\/cdu-kaarst.de\\\/\",\"name\":\"CDU Kaarst-B\u00fcttgen\",\"description\":\"gut Leben in Kaarst\",\"publisher\":{\"@id\":\"https:\\\/\\\/cdu-kaarst.de\\\/#organization\"},\"potentialAction\":[{\"@type\":\"SearchAction\",\"target\":{\"@type\":\"EntryPoint\",\"urlTemplate\":\"https:\\\/\\\/cdu-kaarst.de\\\/?s={search_term_string}\"},\"query-input\":{\"@type\":\"PropertyValueSpecification\",\"valueRequired\":true,\"valueName\":\"search_term_string\"}}],\"inLanguage\":\"en-GB\"},{\"@type\":\"Organization\",\"@id\":\"https:\\\/\\\/cdu-kaarst.de\\\/#organization\",\"name\":\"CDU Kaarst-B\u00fcttgen\",\"url\":\"https:\\\/\\\/cdu-kaarst.de\\\/\",\"logo\":{\"@type\":\"ImageObject\",\"inLanguage\":\"en-GB\",\"@id\":\"https:\\\/\\\/cdu-kaarst.de\\\/#\\\/schema\\\/logo\\\/image\\\/\",\"url\":\"https:\\\/\\\/cdu-kaarst.de\\\/wp-content\\\/uploads\\\/cdu-gesamtlogo.png\",\"contentUrl\":\"https:\\\/\\\/cdu-kaarst.de\\\/wp-content\\\/uploads\\\/cdu-gesamtlogo.png\",\"width\":418,\"height\":120,\"caption\":\"CDU Kaarst-B\u00fcttgen\"},\"image\":{\"@id\":\"https:\\\/\\\/cdu-kaarst.de\\\/#\\\/schema\\\/logo\\\/image\\\/\"}},{\"@type\":\"Person\",\"@id\":\"https:\\\/\\\/cdu-kaarst.de\\\/#\\\/schema\\\/person\\\/05876a2bd7865609f2946e82cbc73476\",\"name\":\"@dm1n\",\"sameAs\":[\"http:\\\/\\\/cdu-kaarst.de\"]}]}<\/script>\n<!-- \/ Yoast SEO plugin. -->","yoast_head_json":{"title":"CDU on site: Successful expansion of childcare in Kaarst - CDU Kaarst-B\u00fcttgen","robots":{"index":"index","follow":"follow","max-snippet":"max-snippet:-1","max-image-preview":"max-image-preview:large","max-video-preview":"max-video-preview:-1"},"canonical":"https:\/\/cdu-kaarst.de\/en\/cdu-vor-ort\/cdu-vor-ort-erfolgreicher-ausbau-der-kinderbetreuung-in-kaarst\/","og_locale":"en_GB","og_type":"article","og_title":"CDU vor Ort: Erfolgreicher Ausbau der Kinderbetreuung in Kaarst - CDU Kaarst-B\u00fcttgen","og_description":"CDU setzt sich f\u00fcr den kontinuierlichen Ausbau der Kinderbetreuung in Kaarst ein Die CDU Kaarst engagiert sich seit vielen Jahren f\u00fcr eine hochwertige und umfassende Kinderbetreuung in der Stadt. Seit 2009 hat sich die Anzahl der Betreuungspl\u00e4tze nahezu verdoppelt \u2013 ein gro\u00dfer Erfolg f\u00fcr Kaarster Familien. Dies ist vor allem der kontinuierlichen Arbeit der CDU [&hellip;]","og_url":"https:\/\/cdu-kaarst.de\/en\/cdu-vor-ort\/cdu-vor-ort-erfolgreicher-ausbau-der-kinderbetreuung-in-kaarst\/","og_site_name":"CDU Kaarst-B\u00fcttgen","article_published_time":"2024-09-21T08:45:17+00:00","article_modified_time":"2024-09-26T08:29:45+00:00","og_image":[{"width":1080,"height":1080,"url":"https:\/\/cdu-kaarst.de\/wp-content\/uploads\/cdu-kaarst-ausbau-kinderbereuung-01.jpg","type":"image\/jpeg"}],"author":"@dm1n","twitter_card":"summary_large_image","twitter_misc":{"Written by":"@dm1n","Estimated reading time":"3 minutes"},"schema":{"@context":"https:\/\/schema.org","@graph":[{"@type":"Article","@id":"https:\/\/cdu-kaarst.de\/cdu-vor-ort\/cdu-vor-ort-erfolgreicher-ausbau-der-kinderbetreuung-in-kaarst\/#article","isPartOf":{"@id":"https:\/\/cdu-kaarst.de\/cdu-vor-ort\/cdu-vor-ort-erfolgreicher-ausbau-der-kinderbetreuung-in-kaarst\/"},"author":{"name":"@dm1n","@id":"https:\/\/cdu-kaarst.de\/#\/schema\/person\/05876a2bd7865609f2946e82cbc73476"},"headline":"CDU vor Ort: Erfolgreicher Ausbau der Kinderbetreuung in Kaarst","datePublished":"2024-09-21T08:45:17+00:00","dateModified":"2024-09-26T08:29:45+00:00","mainEntityOfPage":{"@id":"https:\/\/cdu-kaarst.de\/cdu-vor-ort\/cdu-vor-ort-erfolgreicher-ausbau-der-kinderbetreuung-in-kaarst\/"},"wordCount":438,"publisher":{"@id":"https:\/\/cdu-kaarst.de\/#organization"},"image":{"@id":"https:\/\/cdu-kaarst.de\/cdu-vor-ort\/cdu-vor-ort-erfolgreicher-ausbau-der-kinderbetreuung-in-kaarst\/#primaryimage"},"thumbnailUrl":"https:\/\/cdu-kaarst.de\/wp-content\/uploads\/cdu-kaarst-ausbau-kinderbereuung-01.jpg","articleSection":["CDU vor Ort","Kinderbetreuung"],"inLanguage":"en-GB"},{"@type":"WebPage","@id":"https:\/\/cdu-kaarst.de\/cdu-vor-ort\/cdu-vor-ort-erfolgreicher-ausbau-der-kinderbetreuung-in-kaarst\/","url":"https:\/\/cdu-kaarst.de\/cdu-vor-ort\/cdu-vor-ort-erfolgreicher-ausbau-der-kinderbetreuung-in-kaarst\/","name":"CDU on site: Successful expansion of childcare in Kaarst - CDU Kaarst-B\u00fcttgen","isPartOf":{"@id":"https:\/\/cdu-kaarst.de\/#website"},"primaryImageOfPage":{"@id":"https:\/\/cdu-kaarst.de\/cdu-vor-ort\/cdu-vor-ort-erfolgreicher-ausbau-der-kinderbetreuung-in-kaarst\/#primaryimage"},"image":{"@id":"https:\/\/cdu-kaarst.de\/cdu-vor-ort\/cdu-vor-ort-erfolgreicher-ausbau-der-kinderbetreuung-in-kaarst\/#primaryimage"},"thumbnailUrl":"https:\/\/cdu-kaarst.de\/wp-content\/uploads\/cdu-kaarst-ausbau-kinderbereuung-01.jpg","datePublished":"2024-09-21T08:45:17+00:00","dateModified":"2024-09-26T08:29:45+00:00","breadcrumb":{"@id":"https:\/\/cdu-kaarst.de\/cdu-vor-ort\/cdu-vor-ort-erfolgreicher-ausbau-der-kinderbetreuung-in-kaarst\/#breadcrumb"},"inLanguage":"en-GB","potentialAction":[{"@type":"ReadAction","target":["https:\/\/cdu-kaarst.de\/cdu-vor-ort\/cdu-vor-ort-erfolgreicher-ausbau-der-kinderbetreuung-in-kaarst\/"]}]},{"@type":"ImageObject","inLanguage":"en-GB","@id":"https:\/\/cdu-kaarst.de\/cdu-vor-ort\/cdu-vor-ort-erfolgreicher-ausbau-der-kinderbetreuung-in-kaarst\/#primaryimage","url":"https:\/\/cdu-kaarst.de\/wp-content\/uploads\/cdu-kaarst-ausbau-kinderbereuung-01.jpg","contentUrl":"https:\/\/cdu-kaarst.de\/wp-content\/uploads\/cdu-kaarst-ausbau-kinderbereuung-01.jpg","width":1080,"height":1080},{"@type":"BreadcrumbList","@id":"https:\/\/cdu-kaarst.de\/cdu-vor-ort\/cdu-vor-ort-erfolgreicher-ausbau-der-kinderbetreuung-in-kaarst\/#breadcrumb","itemListElement":[{"@type":"ListItem","position":1,"name":"Startseite","item":"https:\/\/cdu-kaarst.de\/"},{"@type":"ListItem","position":2,"name":"CDU vor Ort: Erfolgreicher Ausbau der Kinderbetreuung in Kaarst"}]},{"@type":"WebSite","@id":"https:\/\/cdu-kaarst.de\/#website","url":"https:\/\/cdu-kaarst.de\/","name":"CDU Kaarst-B\u00fcttgen","description":"living well in Kaarst","publisher":{"@id":"https:\/\/cdu-kaarst.de\/#organization"},"potentialAction":[{"@type":"SearchAction","target":{"@type":"EntryPoint","urlTemplate":"https:\/\/cdu-kaarst.de\/?s={search_term_string}"},"query-input":{"@type":"PropertyValueSpecification","valueRequired":true,"valueName":"search_term_string"}}],"inLanguage":"en-GB"},{"@type":"Organization","@id":"https:\/\/cdu-kaarst.de\/#organization","name":"CDU Kaarst-B\u00fcttgen","url":"https:\/\/cdu-kaarst.de\/","logo":{"@type":"ImageObject","inLanguage":"en-GB","@id":"https:\/\/cdu-kaarst.de\/#\/schema\/logo\/image\/","url":"https:\/\/cdu-kaarst.de\/wp-content\/uploads\/cdu-gesamtlogo.png","contentUrl":"https:\/\/cdu-kaarst.de\/wp-content\/uploads\/cdu-gesamtlogo.png","width":418,"height":120,"caption":"CDU Kaarst-B\u00fcttgen"},"image":{"@id":"https:\/\/cdu-kaarst.de\/#\/schema\/logo\/image\/"}},{"@type":"Person","@id":"https:\/\/cdu-kaarst.de\/#\/schema\/person\/05876a2bd7865609f2946e82cbc73476","name":"@dm1n","sameAs":["http:\/\/cdu-kaarst.de"]}]}},"_links":{"self":[{"href":"https:\/\/cdu-kaarst.de\/en\/wp-json\/wp\/v2\/posts\/4616","targetHints":{"allow":["GET"]}}],"collection":[{"href":"https:\/\/cdu-kaarst.de\/en\/wp-json\/wp\/v2\/posts"}],"about":[{"href":"https:\/\/cdu-kaarst.de\/en\/wp-json\/wp\/v2\/types\/post"}],"author":[{"embeddable":true,"href":"https:\/\/cdu-kaarst.de\/en\/wp-json\/wp\/v2\/users\/1"}],"replies":[{"embeddable":true,"href":"https:\/\/cdu-kaarst.de\/en\/wp-json\/wp\/v2\/comments?post=4616"}],"version-history":[{"count":28,"href":"https:\/\/cdu-kaarst.de\/en\/wp-json\/wp\/v2\/posts\/4616\/revisions"}],"predecessor-version":[{"id":4769,"href":"https:\/\/cdu-kaarst.de\/en\/wp-json\/wp\/v2\/posts\/4616\/revisions\/4769"}],"wp:featuredmedia":[{"embeddable":true,"href":"https:\/\/cdu-kaarst.de\/en\/wp-json\/wp\/v2\/media\/4618"}],"wp:attachment":[{"href":"https:\/\/cdu-kaarst.de\/en\/wp-json\/wp\/v2\/media?parent=4616"}],"wp:term":[{"taxonomy":"category","embeddable":true,"href":"https:\/\/cdu-kaarst.de\/en\/wp-json\/wp\/v2\/categories?post=4616"},{"taxonomy":"post_tag","embeddable":true,"href":"https:\/\/cdu-kaarst.de\/en\/wp-json\/wp\/v2\/tags?post=4616"}],"curies":[{"name":"wp","href":"https:\/\/api.w.org\/{rel}","templated":true}]}}