{"id":4637,"date":"2024-09-23T12:20:34","date_gmt":"2024-09-23T10:20:34","guid":{"rendered":"https:\/\/cdu-kaarst.de\/?p=4637"},"modified":"2024-09-23T12:26:12","modified_gmt":"2024-09-23T10:26:12","slug":"schwebende-kita-geplant-kaarst-setzt-auf-naturverbundenheit","status":"publish","type":"post","link":"https:\/\/cdu-kaarst.de\/en\/kinderbetreuung\/schwebende-kita-geplant-kaarst-setzt-auf-naturverbundenheit\/","title":{"rendered":"Floating daycare centre planned: Kaarst focusses on closeness to nature"},"content":{"rendered":"<h2><strong>Neues Kita-Projekt im Rottfeld<\/strong><\/h2>\n<p>Im Kaarster Osten wird eine neue Kindertageseinrichtung geplant. Der Jugendhilfeausschuss der Stadt Kaarst hat einstimmig das Interessenbekundungsverfahren f\u00fcr den Bau einer Kita im Rottfeld beschlossen. Nun wird ein Tr\u00e4ger f\u00fcr die viergruppige Kita gesucht. Die Bewerbungsfrist endet am 31. Oktober 2024.<\/p>\n<h3><strong>Schwebende Kita aus Holz: Einzigartige Architektur im Gr\u00fcnen<\/strong><\/h3>\n<p>Besonders spannend sind die Pl\u00e4ne f\u00fcr die Architektur: Die Kita soll aus mehreren einst\u00f6ckigen Geb\u00e4uden in Holzbauweise bestehen, wobei B\u00e4ume als Tragwerk in die Baukonstruktion integriert werden. Diese innovative Holzbauweise schafft die Illusion einer \u201eschwebenden\u201c Kita, die den Kindern einen einzigartigen Raum bietet, um Natur hautnah zu erleben. Geplant wird die Kita vom Kaarster B\u00fcro [Caspar Indenhuck Architektur].<\/p>\n<h3><strong>Tr\u00e4gersuche f\u00fcr neue Kita<\/strong><\/h3>\n<p>Die Stadt sucht einen erfahrenen Tr\u00e4ger f\u00fcr die geplante Einrichtung. Eine Voraussetzung ist, dass der Tr\u00e4ger fr\u00fchkindliche Bildungskonzepte umsetzen kann und bereit ist, mit zwei Gruppen im Kindergartenjahr 2025\/2026 zu starten. Die Bewerbungsfrist l\u00e4uft bis zum 31. Oktober 2024.<\/p>\n<h3><strong>Start des Kita-Betriebs f\u00fcr 2025\/2026 geplant<\/strong><\/h3>\n<p>Die neue Kita soll p\u00fcnktlich zum Beginn des Kindergartenjahres 2025\/2026 er\u00f6ffnet werden. Die Verwaltung ist zuversichtlich, dass die Frist zur Tr\u00e4gersuche ausreicht und hofft auf eine schnelle Umsetzung des spannenden Projekts.<\/p>\n<h3><strong>Vorteile der neuen Kita im Rottfeld:<\/strong><\/h3>\n<ul>\n<li><strong>Naturnahes Konzept<\/strong> durch Integration von B\u00e4umen in die Architektur.<\/li>\n<li><strong>Innovative Holzbauweise<\/strong> f\u00fcr nachhaltige und umweltfreundliche Bauweise.<\/li>\n<li><strong>Vielf\u00e4ltige Bildungsangebote<\/strong> f\u00fcr Kinder von 0 bis 3 Jahren.<\/li>\n<li><strong>Flexibilit\u00e4t<\/strong> durch Betreuung auch bei krankheitsbedingten Ausf\u00e4llen.<\/li>\n<\/ul>\n<p><strong>Die CDU unterst\u00fctzt das Projekt, w\u00e4hrend weitere Herausforderungen wie der Personalbedarf thematisiert wurden.<\/strong><\/p>\n<p>Weitere Informationen finden Sie im <strong><a href=\"https:\/\/rp-epaper.s4p-iapps.com\/artikel\/1257358\/32578407#\" target=\"_new\" rel=\"noopener\">RP-Artikel<\/a><\/strong>.<\/p>\n","protected":false},"excerpt":{"rendered":"<p>Neues Kita-Projekt im Rottfeld Im Kaarster Osten wird eine neue Kindertageseinrichtung geplant. Der Jugendhilfeausschuss der Stadt Kaarst hat einstimmig das Interessenbekundungsverfahren f\u00fcr den Bau einer Kita im Rottfeld beschlossen. Nun wird ein Tr\u00e4ger f\u00fcr die viergruppige Kita gesucht. Die Bewerbungsfrist endet am 31. Oktober 2024. Schwebende Kita aus Holz: Einzigartige Architektur im Gr\u00fcnen Besonders spannend [&hellip;]<\/p>\n","protected":false},"author":1,"featured_media":4641,"comment_status":"closed","ping_status":"closed","sticky":false,"template":"","format":"standard","meta":{"footnotes":""},"categories":[108],"tags":[],"class_list":["post-4637","post","type-post","status-publish","format-standard","has-post-thumbnail","hentry","category-kinderbetreuung"],"yoast_head":"<!-- This site is optimized with the Yoast SEO plugin v27.4 - https:\/\/yoast.com\/product\/yoast-seo-wordpress\/ -->\n<title>Schwebende Kita geplant: Kaarst setzt auf Naturverbundenheit - CDU Kaarst-B\u00fcttgen<\/title>\n<meta name=\"robots\" content=\"index, follow, max-snippet:-1, max-image-preview:large, max-video-preview:-1\" \/>\n<link rel=\"canonical\" href=\"https:\/\/cdu-kaarst.de\/en\/kinderbetreuung\/schwebende-kita-geplant-kaarst-setzt-auf-naturverbundenheit\/\" \/>\n<meta property=\"og:locale\" content=\"en_GB\" \/>\n<meta property=\"og:type\" content=\"article\" \/>\n<meta property=\"og:title\" content=\"Schwebende Kita geplant: Kaarst setzt auf Naturverbundenheit - CDU Kaarst-B\u00fcttgen\" \/>\n<meta property=\"og:description\" content=\"Neues Kita-Projekt im Rottfeld Im Kaarster Osten wird eine neue Kindertageseinrichtung geplant. Der Jugendhilfeausschuss der Stadt Kaarst hat einstimmig das Interessenbekundungsverfahren f\u00fcr den Bau einer Kita im Rottfeld beschlossen. Nun wird ein Tr\u00e4ger f\u00fcr die viergruppige Kita gesucht. Die Bewerbungsfrist endet am 31. Oktober 2024. Schwebende Kita aus Holz: Einzigartige Architektur im Gr\u00fcnen Besonders spannend [&hellip;]\" \/>\n<meta property=\"og:url\" content=\"https:\/\/cdu-kaarst.de\/en\/kinderbetreuung\/schwebende-kita-geplant-kaarst-setzt-auf-naturverbundenheit\/\" \/>\n<meta property=\"og:site_name\" content=\"CDU Kaarst-B\u00fcttgen\" \/>\n<meta property=\"article:published_time\" content=\"2024-09-23T10:20:34+00:00\" \/>\n<meta property=\"article:modified_time\" content=\"2024-09-23T10:26:12+00:00\" \/>\n<meta property=\"og:image\" content=\"https:\/\/cdu-kaarst.de\/wp-content\/uploads\/cdu-kaarst-kinderbetreuung-schwebende-kita.jpg\" \/>\n\t<meta property=\"og:image:width\" content=\"1080\" \/>\n\t<meta property=\"og:image:height\" content=\"1080\" \/>\n\t<meta property=\"og:image:type\" content=\"image\/jpeg\" \/>\n<meta name=\"author\" content=\"@dm1n\" \/>\n<meta name=\"twitter:card\" content=\"summary_large_image\" \/>\n<meta name=\"twitter:label1\" content=\"Written by\" \/>\n\t<meta name=\"twitter:data1\" content=\"@dm1n\" \/>\n\t<meta name=\"twitter:label2\" content=\"Estimated reading time\" \/>\n\t<meta name=\"twitter:data2\" content=\"2 minutes\" \/>\n<script type=\"application\/ld+json\" class=\"yoast-schema-graph\">{\"@context\":\"https:\\\/\\\/schema.org\",\"@graph\":[{\"@type\":\"Article\",\"@id\":\"https:\\\/\\\/cdu-kaarst.de\\\/kinderbetreuung\\\/schwebende-kita-geplant-kaarst-setzt-auf-naturverbundenheit\\\/#article\",\"isPartOf\":{\"@id\":\"https:\\\/\\\/cdu-kaarst.de\\\/kinderbetreuung\\\/schwebende-kita-geplant-kaarst-setzt-auf-naturverbundenheit\\\/\"},\"author\":{\"name\":\"@dm1n\",\"@id\":\"https:\\\/\\\/cdu-kaarst.de\\\/#\\\/schema\\\/person\\\/05876a2bd7865609f2946e82cbc73476\"},\"headline\":\"Schwebende Kita geplant: Kaarst setzt auf Naturverbundenheit\",\"datePublished\":\"2024-09-23T10:20:34+00:00\",\"dateModified\":\"2024-09-23T10:26:12+00:00\",\"mainEntityOfPage\":{\"@id\":\"https:\\\/\\\/cdu-kaarst.de\\\/kinderbetreuung\\\/schwebende-kita-geplant-kaarst-setzt-auf-naturverbundenheit\\\/\"},\"wordCount\":275,\"publisher\":{\"@id\":\"https:\\\/\\\/cdu-kaarst.de\\\/#organization\"},\"image\":{\"@id\":\"https:\\\/\\\/cdu-kaarst.de\\\/kinderbetreuung\\\/schwebende-kita-geplant-kaarst-setzt-auf-naturverbundenheit\\\/#primaryimage\"},\"thumbnailUrl\":\"https:\\\/\\\/cdu-kaarst.de\\\/wp-content\\\/uploads\\\/cdu-kaarst-kinderbetreuung-schwebende-kita.jpg\",\"articleSection\":[\"Kinderbetreuung\"],\"inLanguage\":\"en-GB\"},{\"@type\":\"WebPage\",\"@id\":\"https:\\\/\\\/cdu-kaarst.de\\\/kinderbetreuung\\\/schwebende-kita-geplant-kaarst-setzt-auf-naturverbundenheit\\\/\",\"url\":\"https:\\\/\\\/cdu-kaarst.de\\\/kinderbetreuung\\\/schwebende-kita-geplant-kaarst-setzt-auf-naturverbundenheit\\\/\",\"name\":\"Schwebende Kita geplant: Kaarst setzt auf Naturverbundenheit - CDU Kaarst-B\u00fcttgen\",\"isPartOf\":{\"@id\":\"https:\\\/\\\/cdu-kaarst.de\\\/#website\"},\"primaryImageOfPage\":{\"@id\":\"https:\\\/\\\/cdu-kaarst.de\\\/kinderbetreuung\\\/schwebende-kita-geplant-kaarst-setzt-auf-naturverbundenheit\\\/#primaryimage\"},\"image\":{\"@id\":\"https:\\\/\\\/cdu-kaarst.de\\\/kinderbetreuung\\\/schwebende-kita-geplant-kaarst-setzt-auf-naturverbundenheit\\\/#primaryimage\"},\"thumbnailUrl\":\"https:\\\/\\\/cdu-kaarst.de\\\/wp-content\\\/uploads\\\/cdu-kaarst-kinderbetreuung-schwebende-kita.jpg\",\"datePublished\":\"2024-09-23T10:20:34+00:00\",\"dateModified\":\"2024-09-23T10:26:12+00:00\",\"breadcrumb\":{\"@id\":\"https:\\\/\\\/cdu-kaarst.de\\\/kinderbetreuung\\\/schwebende-kita-geplant-kaarst-setzt-auf-naturverbundenheit\\\/#breadcrumb\"},\"inLanguage\":\"en-GB\",\"potentialAction\":[{\"@type\":\"ReadAction\",\"target\":[\"https:\\\/\\\/cdu-kaarst.de\\\/kinderbetreuung\\\/schwebende-kita-geplant-kaarst-setzt-auf-naturverbundenheit\\\/\"]}]},{\"@type\":\"ImageObject\",\"inLanguage\":\"en-GB\",\"@id\":\"https:\\\/\\\/cdu-kaarst.de\\\/kinderbetreuung\\\/schwebende-kita-geplant-kaarst-setzt-auf-naturverbundenheit\\\/#primaryimage\",\"url\":\"https:\\\/\\\/cdu-kaarst.de\\\/wp-content\\\/uploads\\\/cdu-kaarst-kinderbetreuung-schwebende-kita.jpg\",\"contentUrl\":\"https:\\\/\\\/cdu-kaarst.de\\\/wp-content\\\/uploads\\\/cdu-kaarst-kinderbetreuung-schwebende-kita.jpg\",\"width\":1080,\"height\":1080},{\"@type\":\"BreadcrumbList\",\"@id\":\"https:\\\/\\\/cdu-kaarst.de\\\/kinderbetreuung\\\/schwebende-kita-geplant-kaarst-setzt-auf-naturverbundenheit\\\/#breadcrumb\",\"itemListElement\":[{\"@type\":\"ListItem\",\"position\":1,\"name\":\"Startseite\",\"item\":\"https:\\\/\\\/cdu-kaarst.de\\\/\"},{\"@type\":\"ListItem\",\"position\":2,\"name\":\"Schwebende Kita geplant: Kaarst setzt auf Naturverbundenheit\"}]},{\"@type\":\"WebSite\",\"@id\":\"https:\\\/\\\/cdu-kaarst.de\\\/#website\",\"url\":\"https:\\\/\\\/cdu-kaarst.de\\\/\",\"name\":\"CDU Kaarst-B\u00fcttgen\",\"description\":\"gut Leben in Kaarst\",\"publisher\":{\"@id\":\"https:\\\/\\\/cdu-kaarst.de\\\/#organization\"},\"potentialAction\":[{\"@type\":\"SearchAction\",\"target\":{\"@type\":\"EntryPoint\",\"urlTemplate\":\"https:\\\/\\\/cdu-kaarst.de\\\/?s={search_term_string}\"},\"query-input\":{\"@type\":\"PropertyValueSpecification\",\"valueRequired\":true,\"valueName\":\"search_term_string\"}}],\"inLanguage\":\"en-GB\"},{\"@type\":\"Organization\",\"@id\":\"https:\\\/\\\/cdu-kaarst.de\\\/#organization\",\"name\":\"CDU Kaarst-B\u00fcttgen\",\"url\":\"https:\\\/\\\/cdu-kaarst.de\\\/\",\"logo\":{\"@type\":\"ImageObject\",\"inLanguage\":\"en-GB\",\"@id\":\"https:\\\/\\\/cdu-kaarst.de\\\/#\\\/schema\\\/logo\\\/image\\\/\",\"url\":\"https:\\\/\\\/cdu-kaarst.de\\\/wp-content\\\/uploads\\\/cdu-gesamtlogo.png\",\"contentUrl\":\"https:\\\/\\\/cdu-kaarst.de\\\/wp-content\\\/uploads\\\/cdu-gesamtlogo.png\",\"width\":418,\"height\":120,\"caption\":\"CDU Kaarst-B\u00fcttgen\"},\"image\":{\"@id\":\"https:\\\/\\\/cdu-kaarst.de\\\/#\\\/schema\\\/logo\\\/image\\\/\"}},{\"@type\":\"Person\",\"@id\":\"https:\\\/\\\/cdu-kaarst.de\\\/#\\\/schema\\\/person\\\/05876a2bd7865609f2946e82cbc73476\",\"name\":\"@dm1n\",\"sameAs\":[\"http:\\\/\\\/cdu-kaarst.de\"]}]}<\/script>\n<!-- \/ Yoast SEO plugin. -->","yoast_head_json":{"title":"Floating day-care centre planned: Kaarst focusses on closeness to nature - CDU Kaarst-B\u00fcttgen","robots":{"index":"index","follow":"follow","max-snippet":"max-snippet:-1","max-image-preview":"max-image-preview:large","max-video-preview":"max-video-preview:-1"},"canonical":"https:\/\/cdu-kaarst.de\/en\/kinderbetreuung\/schwebende-kita-geplant-kaarst-setzt-auf-naturverbundenheit\/","og_locale":"en_GB","og_type":"article","og_title":"Schwebende Kita geplant: Kaarst setzt auf Naturverbundenheit - CDU Kaarst-B\u00fcttgen","og_description":"Neues Kita-Projekt im Rottfeld Im Kaarster Osten wird eine neue Kindertageseinrichtung geplant. Der Jugendhilfeausschuss der Stadt Kaarst hat einstimmig das Interessenbekundungsverfahren f\u00fcr den Bau einer Kita im Rottfeld beschlossen. Nun wird ein Tr\u00e4ger f\u00fcr die viergruppige Kita gesucht. Die Bewerbungsfrist endet am 31. Oktober 2024. Schwebende Kita aus Holz: Einzigartige Architektur im Gr\u00fcnen Besonders spannend [&hellip;]","og_url":"https:\/\/cdu-kaarst.de\/en\/kinderbetreuung\/schwebende-kita-geplant-kaarst-setzt-auf-naturverbundenheit\/","og_site_name":"CDU Kaarst-B\u00fcttgen","article_published_time":"2024-09-23T10:20:34+00:00","article_modified_time":"2024-09-23T10:26:12+00:00","og_image":[{"width":1080,"height":1080,"url":"https:\/\/cdu-kaarst.de\/wp-content\/uploads\/cdu-kaarst-kinderbetreuung-schwebende-kita.jpg","type":"image\/jpeg"}],"author":"@dm1n","twitter_card":"summary_large_image","twitter_misc":{"Written by":"@dm1n","Estimated reading time":"2 minutes"},"schema":{"@context":"https:\/\/schema.org","@graph":[{"@type":"Article","@id":"https:\/\/cdu-kaarst.de\/kinderbetreuung\/schwebende-kita-geplant-kaarst-setzt-auf-naturverbundenheit\/#article","isPartOf":{"@id":"https:\/\/cdu-kaarst.de\/kinderbetreuung\/schwebende-kita-geplant-kaarst-setzt-auf-naturverbundenheit\/"},"author":{"name":"@dm1n","@id":"https:\/\/cdu-kaarst.de\/#\/schema\/person\/05876a2bd7865609f2946e82cbc73476"},"headline":"Schwebende Kita geplant: Kaarst setzt auf Naturverbundenheit","datePublished":"2024-09-23T10:20:34+00:00","dateModified":"2024-09-23T10:26:12+00:00","mainEntityOfPage":{"@id":"https:\/\/cdu-kaarst.de\/kinderbetreuung\/schwebende-kita-geplant-kaarst-setzt-auf-naturverbundenheit\/"},"wordCount":275,"publisher":{"@id":"https:\/\/cdu-kaarst.de\/#organization"},"image":{"@id":"https:\/\/cdu-kaarst.de\/kinderbetreuung\/schwebende-kita-geplant-kaarst-setzt-auf-naturverbundenheit\/#primaryimage"},"thumbnailUrl":"https:\/\/cdu-kaarst.de\/wp-content\/uploads\/cdu-kaarst-kinderbetreuung-schwebende-kita.jpg","articleSection":["Kinderbetreuung"],"inLanguage":"en-GB"},{"@type":"WebPage","@id":"https:\/\/cdu-kaarst.de\/kinderbetreuung\/schwebende-kita-geplant-kaarst-setzt-auf-naturverbundenheit\/","url":"https:\/\/cdu-kaarst.de\/kinderbetreuung\/schwebende-kita-geplant-kaarst-setzt-auf-naturverbundenheit\/","name":"Floating day-care centre planned: Kaarst focusses on closeness to nature - CDU Kaarst-B\u00fcttgen","isPartOf":{"@id":"https:\/\/cdu-kaarst.de\/#website"},"primaryImageOfPage":{"@id":"https:\/\/cdu-kaarst.de\/kinderbetreuung\/schwebende-kita-geplant-kaarst-setzt-auf-naturverbundenheit\/#primaryimage"},"image":{"@id":"https:\/\/cdu-kaarst.de\/kinderbetreuung\/schwebende-kita-geplant-kaarst-setzt-auf-naturverbundenheit\/#primaryimage"},"thumbnailUrl":"https:\/\/cdu-kaarst.de\/wp-content\/uploads\/cdu-kaarst-kinderbetreuung-schwebende-kita.jpg","datePublished":"2024-09-23T10:20:34+00:00","dateModified":"2024-09-23T10:26:12+00:00","breadcrumb":{"@id":"https:\/\/cdu-kaarst.de\/kinderbetreuung\/schwebende-kita-geplant-kaarst-setzt-auf-naturverbundenheit\/#breadcrumb"},"inLanguage":"en-GB","potentialAction":[{"@type":"ReadAction","target":["https:\/\/cdu-kaarst.de\/kinderbetreuung\/schwebende-kita-geplant-kaarst-setzt-auf-naturverbundenheit\/"]}]},{"@type":"ImageObject","inLanguage":"en-GB","@id":"https:\/\/cdu-kaarst.de\/kinderbetreuung\/schwebende-kita-geplant-kaarst-setzt-auf-naturverbundenheit\/#primaryimage","url":"https:\/\/cdu-kaarst.de\/wp-content\/uploads\/cdu-kaarst-kinderbetreuung-schwebende-kita.jpg","contentUrl":"https:\/\/cdu-kaarst.de\/wp-content\/uploads\/cdu-kaarst-kinderbetreuung-schwebende-kita.jpg","width":1080,"height":1080},{"@type":"BreadcrumbList","@id":"https:\/\/cdu-kaarst.de\/kinderbetreuung\/schwebende-kita-geplant-kaarst-setzt-auf-naturverbundenheit\/#breadcrumb","itemListElement":[{"@type":"ListItem","position":1,"name":"Startseite","item":"https:\/\/cdu-kaarst.de\/"},{"@type":"ListItem","position":2,"name":"Schwebende Kita geplant: Kaarst setzt auf Naturverbundenheit"}]},{"@type":"WebSite","@id":"https:\/\/cdu-kaarst.de\/#website","url":"https:\/\/cdu-kaarst.de\/","name":"CDU Kaarst-B\u00fcttgen","description":"living well in Kaarst","publisher":{"@id":"https:\/\/cdu-kaarst.de\/#organization"},"potentialAction":[{"@type":"SearchAction","target":{"@type":"EntryPoint","urlTemplate":"https:\/\/cdu-kaarst.de\/?s={search_term_string}"},"query-input":{"@type":"PropertyValueSpecification","valueRequired":true,"valueName":"search_term_string"}}],"inLanguage":"en-GB"},{"@type":"Organization","@id":"https:\/\/cdu-kaarst.de\/#organization","name":"CDU Kaarst-B\u00fcttgen","url":"https:\/\/cdu-kaarst.de\/","logo":{"@type":"ImageObject","inLanguage":"en-GB","@id":"https:\/\/cdu-kaarst.de\/#\/schema\/logo\/image\/","url":"https:\/\/cdu-kaarst.de\/wp-content\/uploads\/cdu-gesamtlogo.png","contentUrl":"https:\/\/cdu-kaarst.de\/wp-content\/uploads\/cdu-gesamtlogo.png","width":418,"height":120,"caption":"CDU Kaarst-B\u00fcttgen"},"image":{"@id":"https:\/\/cdu-kaarst.de\/#\/schema\/logo\/image\/"}},{"@type":"Person","@id":"https:\/\/cdu-kaarst.de\/#\/schema\/person\/05876a2bd7865609f2946e82cbc73476","name":"@dm1n","sameAs":["http:\/\/cdu-kaarst.de"]}]}},"_links":{"self":[{"href":"https:\/\/cdu-kaarst.de\/en\/wp-json\/wp\/v2\/posts\/4637","targetHints":{"allow":["GET"]}}],"collection":[{"href":"https:\/\/cdu-kaarst.de\/en\/wp-json\/wp\/v2\/posts"}],"about":[{"href":"https:\/\/cdu-kaarst.de\/en\/wp-json\/wp\/v2\/types\/post"}],"author":[{"embeddable":true,"href":"https:\/\/cdu-kaarst.de\/en\/wp-json\/wp\/v2\/users\/1"}],"replies":[{"embeddable":true,"href":"https:\/\/cdu-kaarst.de\/en\/wp-json\/wp\/v2\/comments?post=4637"}],"version-history":[{"count":2,"href":"https:\/\/cdu-kaarst.de\/en\/wp-json\/wp\/v2\/posts\/4637\/revisions"}],"predecessor-version":[{"id":4640,"href":"https:\/\/cdu-kaarst.de\/en\/wp-json\/wp\/v2\/posts\/4637\/revisions\/4640"}],"wp:featuredmedia":[{"embeddable":true,"href":"https:\/\/cdu-kaarst.de\/en\/wp-json\/wp\/v2\/media\/4641"}],"wp:attachment":[{"href":"https:\/\/cdu-kaarst.de\/en\/wp-json\/wp\/v2\/media?parent=4637"}],"wp:term":[{"taxonomy":"category","embeddable":true,"href":"https:\/\/cdu-kaarst.de\/en\/wp-json\/wp\/v2\/categories?post=4637"},{"taxonomy":"post_tag","embeddable":true,"href":"https:\/\/cdu-kaarst.de\/en\/wp-json\/wp\/v2\/tags?post=4637"}],"curies":[{"name":"wp","href":"https:\/\/api.w.org\/{rel}","templated":true}]}}