{"id":4782,"date":"2024-09-27T09:08:10","date_gmt":"2024-09-27T07:08:10","guid":{"rendered":"https:\/\/cdu-kaarst.de\/?p=4782"},"modified":"2024-09-27T12:04:45","modified_gmt":"2024-09-27T10:04:45","slug":"cdu-kaarst-waehlt-christian-horn-heinemann-mit-klarer-mehrheit-zum-buergermeisterkandidaten-fuer-2025","status":"publish","type":"post","link":"https:\/\/cdu-kaarst.de\/en\/buergermeister-horn-heinemann\/cdu-kaarst-waehlt-christian-horn-heinemann-mit-klarer-mehrheit-zum-buergermeisterkandidaten-fuer-2025\/","title":{"rendered":"CDU Kaarst elects Christian Horn-Heinemann as mayoral candidate for 2025 with a clear majority"},"content":{"rendered":"<div data-elementor-type=\"wp-post\" data-elementor-id=\"4782\" class=\"elementor elementor-4782\" data-elementor-post-type=\"post\">\n\t\t\t\t\t\t<section class=\"elementor-section elementor-top-section elementor-element elementor-element-57c47223 elementor-section-boxed elementor-section-height-default elementor-section-height-default\" data-id=\"57c47223\" data-element_type=\"section\" data-e-type=\"section\" data-settings=\"{&quot;jet_parallax_layout_list&quot;:[]}\">\n\t\t\t\t\t\t<div class=\"elementor-container elementor-column-gap-default\">\n\t\t\t\t\t<div class=\"elementor-column elementor-col-100 elementor-top-column elementor-element elementor-element-60641d9\" data-id=\"60641d9\" data-element_type=\"column\" data-e-type=\"column\">\n\t\t\t<div class=\"elementor-widget-wrap elementor-element-populated\">\n\t\t\t\t\t\t<div class=\"elementor-element elementor-element-2d69ab41 elementor-widget elementor-widget-text-editor\" data-id=\"2d69ab41\" data-element_type=\"widget\" data-e-type=\"widget\" data-widget_type=\"text-editor.default\">\n\t\t\t\t<div class=\"elementor-widget-container\">\n\t\t\t\t\t\t\t\t\tAt its general meeting on 26 September 2024, the CDU Kaarst <strong><a href=\"https:\/\/cdu-kaarst.de\/en\/buergermeister-horn-heinemann\/cdu-kaarst-christian-horn-heinemann-als-buergermeisterkandidat-nominiert-eine-entscheidung-fuer-kaarsts-zukunft\/\">Christian Horn-Heinemann<\/a> with a large majority as candidate for mayor<\/strong> elected for the 2025 municipal elections. <strong>Around 93 per cent<\/strong> of the voting members present voted in favour of Horn-Heinemann, who has been involved in local politics in Kaarst for many years.\r\n\r\nThe meeting, which was attended by around 100 members and guests in the <a href=\"https:\/\/www.twentysevenkaarst.de\/\" target=\"_blank\" rel=\"noopener\">\"twenty seven\" event location<\/a> The fact that so many people came to see Horn-Heinemann shows the broad support he enjoys in his party. After his election, the newly nominated candidate thanked and <strong>promised a committed election campaign<\/strong>. \"I am looking forward to working together with the citizens on the future of Kaarst,\" he emphasised. His campaign will focus on topics such as the <strong>Social cohesion<\/strong> and the <strong>Economic and social development of the city<\/strong>.\r\n\r\nThe central themes of his election programme also include the<strong> Financial stability of the city<\/strong>which <strong>Support for families and young people<\/strong> and the<strong> Improving the quality of life in Kaarst<\/strong>. He attaches great importance to an open dialogue with citizens: \"A transparent exchange is the basis for trust and successful cooperation.\"\r\nThe CDU Kaarst is united behind its candidate and is optimistic about the election campaign for 2025.\r\n\r\nFind out more about the mayoral candidate for Kaarst, Christian Horn-Heinemann, on the website: <a href=\"https:\/\/buergermeisterkandidat-horn-heinemann.de\/\" target=\"_new\" rel=\"noopener\">https:\/\/buergermeisterkandidat-horn-heinemann.de\/<\/a>\t\t\t\t\t\t\t\t<\/div>\n\t\t\t\t<\/div>\n\t\t\t\t<div class=\"elementor-element elementor-element-c2acb65 elementor-widget elementor-widget-gallery\" data-id=\"c2acb65\" data-element_type=\"widget\" data-e-type=\"widget\" data-settings=\"{&quot;aspect_ratio&quot;:&quot;1:1&quot;,&quot;columns&quot;:3,&quot;lazyload&quot;:&quot;yes&quot;,&quot;gallery_layout&quot;:&quot;grid&quot;,&quot;columns_tablet&quot;:2,&quot;columns_mobile&quot;:1,&quot;gap&quot;:{&quot;unit&quot;:&quot;px&quot;,&quot;size&quot;:10,&quot;sizes&quot;:[]},&quot;gap_tablet&quot;:{&quot;unit&quot;:&quot;px&quot;,&quot;size&quot;:10,&quot;sizes&quot;:[]},&quot;gap_mobile&quot;:{&quot;unit&quot;:&quot;px&quot;,&quot;size&quot;:10,&quot;sizes&quot;:[]},&quot;link_to&quot;:&quot;file&quot;,&quot;overlay_background&quot;:&quot;yes&quot;,&quot;content_hover_animation&quot;:&quot;fade-in&quot;}\" data-widget_type=\"gallery.default\">\n\t\t\t\t<div class=\"elementor-widget-container\">\n\t\t\t\t\t\t\t<div class=\"elementor-gallery__container\">\n\t\t\t\t\t\t\t<a class=\"e-gallery-item elementor-gallery-item elementor-animated-content\" href=\"https:\/\/cdu-kaarst.de\/wp-content\/uploads\/christian-horn-heinemann-buergermeister-03.jpg\" data-elementor-open-lightbox=\"yes\" data-elementor-lightbox-slideshow=\"c2acb65\" data-elementor-lightbox-description=\"Foto: Harry Flint, linkinstinct.com\" data-e-action-hash=\"#elementor-action%3Aaction%3Dlightbox%26settings%3DeyJpZCI6NDc5MSwidXJsIjoiaHR0cHM6XC9cL2NkdS1rYWFyc3QuZGVcL3dwLWNvbnRlbnRcL3VwbG9hZHNcL2NocmlzdGlhbi1ob3JuLWhlaW5lbWFubi1idWVyZ2VybWVpc3Rlci0wMy5qcGciLCJzbGlkZXNob3ciOiJjMmFjYjY1In0%3D\">\n\t\t\t\t\t<div class=\"e-gallery-image elementor-gallery-item__image\" data-thumbnail=\"https:\/\/cdu-kaarst.de\/wp-content\/uploads\/christian-horn-heinemann-buergermeister-03-300x169.jpg\" data-width=\"300\" data-height=\"169\" aria-label=\"\" role=\"img\" ><\/div>\n\t\t\t\t\t\t\t\t\t\t\t<div class=\"elementor-gallery-item__overlay\"><\/div>\n\t\t\t\t\t\t\t\t\t\t\t\t\t\t<\/a>\n\t\t\t\t\t\t\t<a class=\"e-gallery-item elementor-gallery-item elementor-animated-content\" href=\"https:\/\/cdu-kaarst.de\/wp-content\/uploads\/christian-horn-heinemann-buergermeister-07.jpg\" data-elementor-open-lightbox=\"yes\" data-elementor-lightbox-slideshow=\"c2acb65\" data-elementor-lightbox-description=\"Foto: Harry Flint, linkinstinct.com\" data-e-action-hash=\"#elementor-action%3Aaction%3Dlightbox%26settings%3DeyJpZCI6NDc5NSwidXJsIjoiaHR0cHM6XC9cL2NkdS1rYWFyc3QuZGVcL3dwLWNvbnRlbnRcL3VwbG9hZHNcL2NocmlzdGlhbi1ob3JuLWhlaW5lbWFubi1idWVyZ2VybWVpc3Rlci0wNy5qcGciLCJzbGlkZXNob3ciOiJjMmFjYjY1In0%3D\">\n\t\t\t\t\t<div class=\"e-gallery-image elementor-gallery-item__image\" data-thumbnail=\"https:\/\/cdu-kaarst.de\/wp-content\/uploads\/christian-horn-heinemann-buergermeister-07-300x169.jpg\" data-width=\"300\" data-height=\"169\" aria-label=\"\" role=\"img\" ><\/div>\n\t\t\t\t\t\t\t\t\t\t\t<div class=\"elementor-gallery-item__overlay\"><\/div>\n\t\t\t\t\t\t\t\t\t\t\t\t\t\t<\/a>\n\t\t\t\t\t\t\t<a class=\"e-gallery-item elementor-gallery-item elementor-animated-content\" href=\"https:\/\/cdu-kaarst.de\/wp-content\/uploads\/christian-horn-heinemann-buergermeister-01.jpg\" data-elementor-open-lightbox=\"yes\" data-elementor-lightbox-slideshow=\"c2acb65\" data-elementor-lightbox-description=\"Foto: Harry Flint, linkinstinct.com\" data-e-action-hash=\"#elementor-action%3Aaction%3Dlightbox%26settings%3DeyJpZCI6NDc4OSwidXJsIjoiaHR0cHM6XC9cL2NkdS1rYWFyc3QuZGVcL3dwLWNvbnRlbnRcL3VwbG9hZHNcL2NocmlzdGlhbi1ob3JuLWhlaW5lbWFubi1idWVyZ2VybWVpc3Rlci0wMS5qcGciLCJzbGlkZXNob3ciOiJjMmFjYjY1In0%3D\">\n\t\t\t\t\t<div class=\"e-gallery-image elementor-gallery-item__image\" data-thumbnail=\"https:\/\/cdu-kaarst.de\/wp-content\/uploads\/christian-horn-heinemann-buergermeister-01-300x169.jpg\" data-width=\"300\" data-height=\"169\" aria-label=\"\" role=\"img\" ><\/div>\n\t\t\t\t\t\t\t\t\t\t\t<div class=\"elementor-gallery-item__overlay\"><\/div>\n\t\t\t\t\t\t\t\t\t\t\t\t\t\t<\/a>\n\t\t\t\t\t\t\t<a class=\"e-gallery-item elementor-gallery-item elementor-animated-content\" href=\"https:\/\/cdu-kaarst.de\/wp-content\/uploads\/christian-horn-heinemann-buergermeister-02.jpg\" data-elementor-open-lightbox=\"yes\" data-elementor-lightbox-slideshow=\"c2acb65\" data-e-action-hash=\"#elementor-action%3Aaction%3Dlightbox%26settings%3DeyJpZCI6NDc5MCwidXJsIjoiaHR0cHM6XC9cL2NkdS1rYWFyc3QuZGVcL3dwLWNvbnRlbnRcL3VwbG9hZHNcL2NocmlzdGlhbi1ob3JuLWhlaW5lbWFubi1idWVyZ2VybWVpc3Rlci0wMi5qcGciLCJzbGlkZXNob3ciOiJjMmFjYjY1In0%3D\">\n\t\t\t\t\t<div class=\"e-gallery-image elementor-gallery-item__image\" data-thumbnail=\"https:\/\/cdu-kaarst.de\/wp-content\/uploads\/christian-horn-heinemann-buergermeister-02-300x169.jpg\" data-width=\"300\" data-height=\"169\" aria-label=\"\" role=\"img\" ><\/div>\n\t\t\t\t\t\t\t\t\t\t\t<div class=\"elementor-gallery-item__overlay\"><\/div>\n\t\t\t\t\t\t\t\t\t\t\t\t\t\t<\/a>\n\t\t\t\t\t\t\t<a class=\"e-gallery-item elementor-gallery-item elementor-animated-content\" href=\"https:\/\/cdu-kaarst.de\/wp-content\/uploads\/christian-horn-heinemann-buergermeister-04.jpg\" data-elementor-open-lightbox=\"yes\" data-elementor-lightbox-slideshow=\"c2acb65\" data-elementor-lightbox-description=\"Foto: Harry Flint, linkinstinct.com\" data-e-action-hash=\"#elementor-action%3Aaction%3Dlightbox%26settings%3DeyJpZCI6NDc5MiwidXJsIjoiaHR0cHM6XC9cL2NkdS1rYWFyc3QuZGVcL3dwLWNvbnRlbnRcL3VwbG9hZHNcL2NocmlzdGlhbi1ob3JuLWhlaW5lbWFubi1idWVyZ2VybWVpc3Rlci0wNC5qcGciLCJzbGlkZXNob3ciOiJjMmFjYjY1In0%3D\">\n\t\t\t\t\t<div class=\"e-gallery-image elementor-gallery-item__image\" data-thumbnail=\"https:\/\/cdu-kaarst.de\/wp-content\/uploads\/christian-horn-heinemann-buergermeister-04-300x169.jpg\" data-width=\"300\" data-height=\"169\" aria-label=\"\" role=\"img\" ><\/div>\n\t\t\t\t\t\t\t\t\t\t\t<div class=\"elementor-gallery-item__overlay\"><\/div>\n\t\t\t\t\t\t\t\t\t\t\t\t\t\t<\/a>\n\t\t\t\t\t\t\t<a class=\"e-gallery-item elementor-gallery-item elementor-animated-content\" href=\"https:\/\/cdu-kaarst.de\/wp-content\/uploads\/christian-horn-heinemann-buergermeister-05.jpg\" data-elementor-open-lightbox=\"yes\" data-elementor-lightbox-slideshow=\"c2acb65\" data-elementor-lightbox-description=\"Foto: Harry Flint, linkinstinct.com\" data-e-action-hash=\"#elementor-action%3Aaction%3Dlightbox%26settings%3DeyJpZCI6NDc5MywidXJsIjoiaHR0cHM6XC9cL2NkdS1rYWFyc3QuZGVcL3dwLWNvbnRlbnRcL3VwbG9hZHNcL2NocmlzdGlhbi1ob3JuLWhlaW5lbWFubi1idWVyZ2VybWVpc3Rlci0wNS5qcGciLCJzbGlkZXNob3ciOiJjMmFjYjY1In0%3D\">\n\t\t\t\t\t<div class=\"e-gallery-image elementor-gallery-item__image\" data-thumbnail=\"https:\/\/cdu-kaarst.de\/wp-content\/uploads\/christian-horn-heinemann-buergermeister-05-300x169.jpg\" data-width=\"300\" data-height=\"169\" aria-label=\"\" role=\"img\" ><\/div>\n\t\t\t\t\t\t\t\t\t\t\t<div class=\"elementor-gallery-item__overlay\"><\/div>\n\t\t\t\t\t\t\t\t\t\t\t\t\t\t<\/a>\n\t\t\t\t\t\t\t<a class=\"e-gallery-item elementor-gallery-item elementor-animated-content\" href=\"https:\/\/cdu-kaarst.de\/wp-content\/uploads\/christian-horn-heinemann-buergermeister-06.jpg\" data-elementor-open-lightbox=\"yes\" data-elementor-lightbox-slideshow=\"c2acb65\" data-elementor-lightbox-description=\"Foto: Harry Flint, linkinstinct.com\" data-e-action-hash=\"#elementor-action%3Aaction%3Dlightbox%26settings%3DeyJpZCI6NDc5NCwidXJsIjoiaHR0cHM6XC9cL2NkdS1rYWFyc3QuZGVcL3dwLWNvbnRlbnRcL3VwbG9hZHNcL2NocmlzdGlhbi1ob3JuLWhlaW5lbWFubi1idWVyZ2VybWVpc3Rlci0wNi5qcGciLCJzbGlkZXNob3ciOiJjMmFjYjY1In0%3D\">\n\t\t\t\t\t<div class=\"e-gallery-image elementor-gallery-item__image\" data-thumbnail=\"https:\/\/cdu-kaarst.de\/wp-content\/uploads\/christian-horn-heinemann-buergermeister-06-300x169.jpg\" data-width=\"300\" data-height=\"169\" aria-label=\"\" role=\"img\" ><\/div>\n\t\t\t\t\t\t\t\t\t\t\t<div class=\"elementor-gallery-item__overlay\"><\/div>\n\t\t\t\t\t\t\t\t\t\t\t\t\t\t<\/a>\n\t\t\t\t\t\t\t<a class=\"e-gallery-item elementor-gallery-item elementor-animated-content\" href=\"https:\/\/cdu-kaarst.de\/wp-content\/uploads\/christian-horn-heinemann-buergermeister-08.jpg\" data-elementor-open-lightbox=\"yes\" data-elementor-lightbox-slideshow=\"c2acb65\" data-elementor-lightbox-description=\"Foto: Harry Flint, linkinstinct.com\" data-e-action-hash=\"#elementor-action%3Aaction%3Dlightbox%26settings%3DeyJpZCI6NDc5NiwidXJsIjoiaHR0cHM6XC9cL2NkdS1rYWFyc3QuZGVcL3dwLWNvbnRlbnRcL3VwbG9hZHNcL2NocmlzdGlhbi1ob3JuLWhlaW5lbWFubi1idWVyZ2VybWVpc3Rlci0wOC5qcGciLCJzbGlkZXNob3ciOiJjMmFjYjY1In0%3D\">\n\t\t\t\t\t<div class=\"e-gallery-image elementor-gallery-item__image\" data-thumbnail=\"https:\/\/cdu-kaarst.de\/wp-content\/uploads\/christian-horn-heinemann-buergermeister-08-300x169.jpg\" data-width=\"300\" data-height=\"169\" aria-label=\"\" role=\"img\" ><\/div>\n\t\t\t\t\t\t\t\t\t\t\t<div class=\"elementor-gallery-item__overlay\"><\/div>\n\t\t\t\t\t\t\t\t\t\t\t\t\t\t<\/a>\n\t\t\t\t\t\t\t<a class=\"e-gallery-item elementor-gallery-item elementor-animated-content\" href=\"https:\/\/cdu-kaarst.de\/wp-content\/uploads\/christian-horn-heinemann-buergermeister-09.jpg\" data-elementor-open-lightbox=\"yes\" data-elementor-lightbox-slideshow=\"c2acb65\" data-elementor-lightbox-description=\"Foto: Harry Flint, linkinstinct.com\" data-e-action-hash=\"#elementor-action%3Aaction%3Dlightbox%26settings%3DeyJpZCI6NDc5NywidXJsIjoiaHR0cHM6XC9cL2NkdS1rYWFyc3QuZGVcL3dwLWNvbnRlbnRcL3VwbG9hZHNcL2NocmlzdGlhbi1ob3JuLWhlaW5lbWFubi1idWVyZ2VybWVpc3Rlci0wOS5qcGciLCJzbGlkZXNob3ciOiJjMmFjYjY1In0%3D\">\n\t\t\t\t\t<div class=\"e-gallery-image elementor-gallery-item__image\" data-thumbnail=\"https:\/\/cdu-kaarst.de\/wp-content\/uploads\/christian-horn-heinemann-buergermeister-09-300x169.jpg\" data-width=\"300\" data-height=\"169\" aria-label=\"\" role=\"img\" ><\/div>\n\t\t\t\t\t\t\t\t\t\t\t<div class=\"elementor-gallery-item__overlay\"><\/div>\n\t\t\t\t\t\t\t\t\t\t\t\t\t\t<\/a>\n\t\t\t\t\t<\/div>\n\t\t\t\t\t<\/div>\n\t\t\t\t<\/div>\n\t\t\t\t\t<\/div>\n\t\t<\/div>\n\t\t\t\t\t<\/div>\n\t\t<\/section>\n\t\t\t\t<\/div>","protected":false},"excerpt":{"rendered":"<p>Die CDU Kaarst hat auf ihrer Mitgliederversammlung am 26. September 2024 Christian Horn-Heinemann mit gro\u00dfer Mehrheit zum B\u00fcrgermeisterkandidaten f\u00fcr die Kommunalwahl 2025 gew\u00e4hlt. Rund 93 Prozent der anwesenden stimmberechtigten Mitglieder stimmten f\u00fcr Horn-Heinemann, der sich bereits seit vielen Jahren in der Kaarster Kommunalpolitik engagiert. Die Versammlung, zu der etwa 100 Mitglieder und G\u00e4ste in die [&hellip;]<\/p>\n","protected":false},"author":1,"featured_media":4785,"comment_status":"closed","ping_status":"closed","sticky":false,"template":"","format":"standard","meta":{"footnotes":""},"categories":[102],"tags":[103],"class_list":["post-4782","post","type-post","status-publish","format-standard","has-post-thumbnail","hentry","category-buergermeister-horn-heinemann","tag-buergermeisterkandidat"],"yoast_head":"<!-- This site is optimized with the Yoast SEO plugin v27.4 - https:\/\/yoast.com\/product\/yoast-seo-wordpress\/ -->\n<title>B\u00fcrgermeisterkandidat f\u00fcr 2025 - Christian Horn-Heinemann<\/title>\n<meta name=\"description\" content=\"CDU Kaarst w\u00e4hlt Christian Horn-Heinemann mit klarer Mehrheit zum B\u00fcrgermeisterkandidaten f\u00fcr 2025\" \/>\n<meta name=\"robots\" content=\"index, follow, max-snippet:-1, max-image-preview:large, max-video-preview:-1\" \/>\n<link rel=\"canonical\" href=\"https:\/\/cdu-kaarst.de\/en\/buergermeister-horn-heinemann\/cdu-kaarst-waehlt-christian-horn-heinemann-mit-klarer-mehrheit-zum-buergermeisterkandidaten-fuer-2025\/\" \/>\n<meta property=\"og:locale\" content=\"en_GB\" \/>\n<meta property=\"og:type\" content=\"article\" \/>\n<meta property=\"og:title\" content=\"B\u00fcrgermeisterkandidat f\u00fcr 2025 - Christian Horn-Heinemann\" \/>\n<meta property=\"og:description\" content=\"CDU Kaarst w\u00e4hlt Christian Horn-Heinemann mit klarer Mehrheit zum B\u00fcrgermeisterkandidaten f\u00fcr 2025\" \/>\n<meta property=\"og:url\" content=\"https:\/\/cdu-kaarst.de\/en\/buergermeister-horn-heinemann\/cdu-kaarst-waehlt-christian-horn-heinemann-mit-klarer-mehrheit-zum-buergermeisterkandidaten-fuer-2025\/\" \/>\n<meta property=\"og:site_name\" content=\"CDU Kaarst-B\u00fcttgen\" \/>\n<meta property=\"article:published_time\" content=\"2024-09-27T07:08:10+00:00\" \/>\n<meta property=\"article:modified_time\" content=\"2024-09-27T10:04:45+00:00\" \/>\n<meta property=\"og:image\" content=\"https:\/\/cdu-kaarst.de\/wp-content\/uploads\/cdu-kaarst-news-buergermeister-kandidat-horn-heinemann-2.jpg\" \/>\n\t<meta property=\"og:image:width\" content=\"666\" \/>\n\t<meta property=\"og:image:height\" content=\"666\" \/>\n\t<meta property=\"og:image:type\" content=\"image\/jpeg\" \/>\n<meta name=\"author\" content=\"@dm1n\" \/>\n<meta name=\"twitter:card\" content=\"summary_large_image\" \/>\n<meta name=\"twitter:label1\" content=\"Written by\" \/>\n\t<meta name=\"twitter:data1\" content=\"@dm1n\" \/>\n\t<meta name=\"twitter:label2\" content=\"Estimated reading time\" \/>\n\t<meta name=\"twitter:data2\" content=\"2 minutes\" \/>\n<script type=\"application\/ld+json\" class=\"yoast-schema-graph\">{\"@context\":\"https:\\\/\\\/schema.org\",\"@graph\":[{\"@type\":\"Article\",\"@id\":\"https:\\\/\\\/cdu-kaarst.de\\\/buergermeister-horn-heinemann\\\/cdu-kaarst-waehlt-christian-horn-heinemann-mit-klarer-mehrheit-zum-buergermeisterkandidaten-fuer-2025\\\/#article\",\"isPartOf\":{\"@id\":\"https:\\\/\\\/cdu-kaarst.de\\\/buergermeister-horn-heinemann\\\/cdu-kaarst-waehlt-christian-horn-heinemann-mit-klarer-mehrheit-zum-buergermeisterkandidaten-fuer-2025\\\/\"},\"author\":{\"name\":\"@dm1n\",\"@id\":\"https:\\\/\\\/cdu-kaarst.de\\\/#\\\/schema\\\/person\\\/05876a2bd7865609f2946e82cbc73476\"},\"headline\":\"CDU Kaarst w\u00e4hlt Christian Horn-Heinemann mit klarer Mehrheit zum B\u00fcrgermeisterkandidaten f\u00fcr 2025\",\"datePublished\":\"2024-09-27T07:08:10+00:00\",\"dateModified\":\"2024-09-27T10:04:45+00:00\",\"mainEntityOfPage\":{\"@id\":\"https:\\\/\\\/cdu-kaarst.de\\\/buergermeister-horn-heinemann\\\/cdu-kaarst-waehlt-christian-horn-heinemann-mit-klarer-mehrheit-zum-buergermeisterkandidaten-fuer-2025\\\/\"},\"wordCount\":232,\"publisher\":{\"@id\":\"https:\\\/\\\/cdu-kaarst.de\\\/#organization\"},\"image\":{\"@id\":\"https:\\\/\\\/cdu-kaarst.de\\\/buergermeister-horn-heinemann\\\/cdu-kaarst-waehlt-christian-horn-heinemann-mit-klarer-mehrheit-zum-buergermeisterkandidaten-fuer-2025\\\/#primaryimage\"},\"thumbnailUrl\":\"https:\\\/\\\/cdu-kaarst.de\\\/wp-content\\\/uploads\\\/cdu-kaarst-news-buergermeister-kandidat-horn-heinemann-2.jpg\",\"keywords\":[\"B\u00fcrgermeisterkandidat\"],\"articleSection\":[\"B\u00fcrgermeister Horn-Heinemann\"],\"inLanguage\":\"en-GB\"},{\"@type\":\"WebPage\",\"@id\":\"https:\\\/\\\/cdu-kaarst.de\\\/buergermeister-horn-heinemann\\\/cdu-kaarst-waehlt-christian-horn-heinemann-mit-klarer-mehrheit-zum-buergermeisterkandidaten-fuer-2025\\\/\",\"url\":\"https:\\\/\\\/cdu-kaarst.de\\\/buergermeister-horn-heinemann\\\/cdu-kaarst-waehlt-christian-horn-heinemann-mit-klarer-mehrheit-zum-buergermeisterkandidaten-fuer-2025\\\/\",\"name\":\"B\u00fcrgermeisterkandidat f\u00fcr 2025 - Christian Horn-Heinemann\",\"isPartOf\":{\"@id\":\"https:\\\/\\\/cdu-kaarst.de\\\/#website\"},\"primaryImageOfPage\":{\"@id\":\"https:\\\/\\\/cdu-kaarst.de\\\/buergermeister-horn-heinemann\\\/cdu-kaarst-waehlt-christian-horn-heinemann-mit-klarer-mehrheit-zum-buergermeisterkandidaten-fuer-2025\\\/#primaryimage\"},\"image\":{\"@id\":\"https:\\\/\\\/cdu-kaarst.de\\\/buergermeister-horn-heinemann\\\/cdu-kaarst-waehlt-christian-horn-heinemann-mit-klarer-mehrheit-zum-buergermeisterkandidaten-fuer-2025\\\/#primaryimage\"},\"thumbnailUrl\":\"https:\\\/\\\/cdu-kaarst.de\\\/wp-content\\\/uploads\\\/cdu-kaarst-news-buergermeister-kandidat-horn-heinemann-2.jpg\",\"datePublished\":\"2024-09-27T07:08:10+00:00\",\"dateModified\":\"2024-09-27T10:04:45+00:00\",\"description\":\"CDU Kaarst w\u00e4hlt Christian Horn-Heinemann mit klarer Mehrheit zum B\u00fcrgermeisterkandidaten f\u00fcr 2025\",\"breadcrumb\":{\"@id\":\"https:\\\/\\\/cdu-kaarst.de\\\/buergermeister-horn-heinemann\\\/cdu-kaarst-waehlt-christian-horn-heinemann-mit-klarer-mehrheit-zum-buergermeisterkandidaten-fuer-2025\\\/#breadcrumb\"},\"inLanguage\":\"en-GB\",\"potentialAction\":[{\"@type\":\"ReadAction\",\"target\":[\"https:\\\/\\\/cdu-kaarst.de\\\/buergermeister-horn-heinemann\\\/cdu-kaarst-waehlt-christian-horn-heinemann-mit-klarer-mehrheit-zum-buergermeisterkandidaten-fuer-2025\\\/\"]}]},{\"@type\":\"ImageObject\",\"inLanguage\":\"en-GB\",\"@id\":\"https:\\\/\\\/cdu-kaarst.de\\\/buergermeister-horn-heinemann\\\/cdu-kaarst-waehlt-christian-horn-heinemann-mit-klarer-mehrheit-zum-buergermeisterkandidaten-fuer-2025\\\/#primaryimage\",\"url\":\"https:\\\/\\\/cdu-kaarst.de\\\/wp-content\\\/uploads\\\/cdu-kaarst-news-buergermeister-kandidat-horn-heinemann-2.jpg\",\"contentUrl\":\"https:\\\/\\\/cdu-kaarst.de\\\/wp-content\\\/uploads\\\/cdu-kaarst-news-buergermeister-kandidat-horn-heinemann-2.jpg\",\"width\":666,\"height\":666},{\"@type\":\"BreadcrumbList\",\"@id\":\"https:\\\/\\\/cdu-kaarst.de\\\/buergermeister-horn-heinemann\\\/cdu-kaarst-waehlt-christian-horn-heinemann-mit-klarer-mehrheit-zum-buergermeisterkandidaten-fuer-2025\\\/#breadcrumb\",\"itemListElement\":[{\"@type\":\"ListItem\",\"position\":1,\"name\":\"Startseite\",\"item\":\"https:\\\/\\\/cdu-kaarst.de\\\/\"},{\"@type\":\"ListItem\",\"position\":2,\"name\":\"CDU Kaarst w\u00e4hlt Christian Horn-Heinemann mit klarer Mehrheit zum B\u00fcrgermeisterkandidaten f\u00fcr 2025\"}]},{\"@type\":\"WebSite\",\"@id\":\"https:\\\/\\\/cdu-kaarst.de\\\/#website\",\"url\":\"https:\\\/\\\/cdu-kaarst.de\\\/\",\"name\":\"CDU Kaarst-B\u00fcttgen\",\"description\":\"gut Leben in Kaarst\",\"publisher\":{\"@id\":\"https:\\\/\\\/cdu-kaarst.de\\\/#organization\"},\"potentialAction\":[{\"@type\":\"SearchAction\",\"target\":{\"@type\":\"EntryPoint\",\"urlTemplate\":\"https:\\\/\\\/cdu-kaarst.de\\\/?s={search_term_string}\"},\"query-input\":{\"@type\":\"PropertyValueSpecification\",\"valueRequired\":true,\"valueName\":\"search_term_string\"}}],\"inLanguage\":\"en-GB\"},{\"@type\":\"Organization\",\"@id\":\"https:\\\/\\\/cdu-kaarst.de\\\/#organization\",\"name\":\"CDU Kaarst-B\u00fcttgen\",\"url\":\"https:\\\/\\\/cdu-kaarst.de\\\/\",\"logo\":{\"@type\":\"ImageObject\",\"inLanguage\":\"en-GB\",\"@id\":\"https:\\\/\\\/cdu-kaarst.de\\\/#\\\/schema\\\/logo\\\/image\\\/\",\"url\":\"https:\\\/\\\/cdu-kaarst.de\\\/wp-content\\\/uploads\\\/cdu-gesamtlogo.png\",\"contentUrl\":\"https:\\\/\\\/cdu-kaarst.de\\\/wp-content\\\/uploads\\\/cdu-gesamtlogo.png\",\"width\":418,\"height\":120,\"caption\":\"CDU Kaarst-B\u00fcttgen\"},\"image\":{\"@id\":\"https:\\\/\\\/cdu-kaarst.de\\\/#\\\/schema\\\/logo\\\/image\\\/\"}},{\"@type\":\"Person\",\"@id\":\"https:\\\/\\\/cdu-kaarst.de\\\/#\\\/schema\\\/person\\\/05876a2bd7865609f2946e82cbc73476\",\"name\":\"@dm1n\",\"sameAs\":[\"http:\\\/\\\/cdu-kaarst.de\"]}]}<\/script>\n<!-- \/ Yoast SEO plugin. -->","yoast_head_json":{"title":"Mayoral candidate for 2025 - Christian Horn-Heinemann","description":"CDU Kaarst elects Christian Horn-Heinemann as mayoral candidate for 2025 with a clear majority","robots":{"index":"index","follow":"follow","max-snippet":"max-snippet:-1","max-image-preview":"max-image-preview:large","max-video-preview":"max-video-preview:-1"},"canonical":"https:\/\/cdu-kaarst.de\/en\/buergermeister-horn-heinemann\/cdu-kaarst-waehlt-christian-horn-heinemann-mit-klarer-mehrheit-zum-buergermeisterkandidaten-fuer-2025\/","og_locale":"en_GB","og_type":"article","og_title":"B\u00fcrgermeisterkandidat f\u00fcr 2025 - Christian Horn-Heinemann","og_description":"CDU Kaarst w\u00e4hlt Christian Horn-Heinemann mit klarer Mehrheit zum B\u00fcrgermeisterkandidaten f\u00fcr 2025","og_url":"https:\/\/cdu-kaarst.de\/en\/buergermeister-horn-heinemann\/cdu-kaarst-waehlt-christian-horn-heinemann-mit-klarer-mehrheit-zum-buergermeisterkandidaten-fuer-2025\/","og_site_name":"CDU Kaarst-B\u00fcttgen","article_published_time":"2024-09-27T07:08:10+00:00","article_modified_time":"2024-09-27T10:04:45+00:00","og_image":[{"width":666,"height":666,"url":"https:\/\/cdu-kaarst.de\/wp-content\/uploads\/cdu-kaarst-news-buergermeister-kandidat-horn-heinemann-2.jpg","type":"image\/jpeg"}],"author":"@dm1n","twitter_card":"summary_large_image","twitter_misc":{"Written by":"@dm1n","Estimated reading time":"2 minutes"},"schema":{"@context":"https:\/\/schema.org","@graph":[{"@type":"Article","@id":"https:\/\/cdu-kaarst.de\/buergermeister-horn-heinemann\/cdu-kaarst-waehlt-christian-horn-heinemann-mit-klarer-mehrheit-zum-buergermeisterkandidaten-fuer-2025\/#article","isPartOf":{"@id":"https:\/\/cdu-kaarst.de\/buergermeister-horn-heinemann\/cdu-kaarst-waehlt-christian-horn-heinemann-mit-klarer-mehrheit-zum-buergermeisterkandidaten-fuer-2025\/"},"author":{"name":"@dm1n","@id":"https:\/\/cdu-kaarst.de\/#\/schema\/person\/05876a2bd7865609f2946e82cbc73476"},"headline":"CDU Kaarst w\u00e4hlt Christian Horn-Heinemann mit klarer Mehrheit zum B\u00fcrgermeisterkandidaten f\u00fcr 2025","datePublished":"2024-09-27T07:08:10+00:00","dateModified":"2024-09-27T10:04:45+00:00","mainEntityOfPage":{"@id":"https:\/\/cdu-kaarst.de\/buergermeister-horn-heinemann\/cdu-kaarst-waehlt-christian-horn-heinemann-mit-klarer-mehrheit-zum-buergermeisterkandidaten-fuer-2025\/"},"wordCount":232,"publisher":{"@id":"https:\/\/cdu-kaarst.de\/#organization"},"image":{"@id":"https:\/\/cdu-kaarst.de\/buergermeister-horn-heinemann\/cdu-kaarst-waehlt-christian-horn-heinemann-mit-klarer-mehrheit-zum-buergermeisterkandidaten-fuer-2025\/#primaryimage"},"thumbnailUrl":"https:\/\/cdu-kaarst.de\/wp-content\/uploads\/cdu-kaarst-news-buergermeister-kandidat-horn-heinemann-2.jpg","keywords":["B\u00fcrgermeisterkandidat"],"articleSection":["B\u00fcrgermeister Horn-Heinemann"],"inLanguage":"en-GB"},{"@type":"WebPage","@id":"https:\/\/cdu-kaarst.de\/buergermeister-horn-heinemann\/cdu-kaarst-waehlt-christian-horn-heinemann-mit-klarer-mehrheit-zum-buergermeisterkandidaten-fuer-2025\/","url":"https:\/\/cdu-kaarst.de\/buergermeister-horn-heinemann\/cdu-kaarst-waehlt-christian-horn-heinemann-mit-klarer-mehrheit-zum-buergermeisterkandidaten-fuer-2025\/","name":"Mayoral candidate for 2025 - Christian Horn-Heinemann","isPartOf":{"@id":"https:\/\/cdu-kaarst.de\/#website"},"primaryImageOfPage":{"@id":"https:\/\/cdu-kaarst.de\/buergermeister-horn-heinemann\/cdu-kaarst-waehlt-christian-horn-heinemann-mit-klarer-mehrheit-zum-buergermeisterkandidaten-fuer-2025\/#primaryimage"},"image":{"@id":"https:\/\/cdu-kaarst.de\/buergermeister-horn-heinemann\/cdu-kaarst-waehlt-christian-horn-heinemann-mit-klarer-mehrheit-zum-buergermeisterkandidaten-fuer-2025\/#primaryimage"},"thumbnailUrl":"https:\/\/cdu-kaarst.de\/wp-content\/uploads\/cdu-kaarst-news-buergermeister-kandidat-horn-heinemann-2.jpg","datePublished":"2024-09-27T07:08:10+00:00","dateModified":"2024-09-27T10:04:45+00:00","description":"CDU Kaarst elects Christian Horn-Heinemann as mayoral candidate for 2025 with a clear majority","breadcrumb":{"@id":"https:\/\/cdu-kaarst.de\/buergermeister-horn-heinemann\/cdu-kaarst-waehlt-christian-horn-heinemann-mit-klarer-mehrheit-zum-buergermeisterkandidaten-fuer-2025\/#breadcrumb"},"inLanguage":"en-GB","potentialAction":[{"@type":"ReadAction","target":["https:\/\/cdu-kaarst.de\/buergermeister-horn-heinemann\/cdu-kaarst-waehlt-christian-horn-heinemann-mit-klarer-mehrheit-zum-buergermeisterkandidaten-fuer-2025\/"]}]},{"@type":"ImageObject","inLanguage":"en-GB","@id":"https:\/\/cdu-kaarst.de\/buergermeister-horn-heinemann\/cdu-kaarst-waehlt-christian-horn-heinemann-mit-klarer-mehrheit-zum-buergermeisterkandidaten-fuer-2025\/#primaryimage","url":"https:\/\/cdu-kaarst.de\/wp-content\/uploads\/cdu-kaarst-news-buergermeister-kandidat-horn-heinemann-2.jpg","contentUrl":"https:\/\/cdu-kaarst.de\/wp-content\/uploads\/cdu-kaarst-news-buergermeister-kandidat-horn-heinemann-2.jpg","width":666,"height":666},{"@type":"BreadcrumbList","@id":"https:\/\/cdu-kaarst.de\/buergermeister-horn-heinemann\/cdu-kaarst-waehlt-christian-horn-heinemann-mit-klarer-mehrheit-zum-buergermeisterkandidaten-fuer-2025\/#breadcrumb","itemListElement":[{"@type":"ListItem","position":1,"name":"Startseite","item":"https:\/\/cdu-kaarst.de\/"},{"@type":"ListItem","position":2,"name":"CDU Kaarst w\u00e4hlt Christian Horn-Heinemann mit klarer Mehrheit zum B\u00fcrgermeisterkandidaten f\u00fcr 2025"}]},{"@type":"WebSite","@id":"https:\/\/cdu-kaarst.de\/#website","url":"https:\/\/cdu-kaarst.de\/","name":"CDU Kaarst-B\u00fcttgen","description":"living well in Kaarst","publisher":{"@id":"https:\/\/cdu-kaarst.de\/#organization"},"potentialAction":[{"@type":"SearchAction","target":{"@type":"EntryPoint","urlTemplate":"https:\/\/cdu-kaarst.de\/?s={search_term_string}"},"query-input":{"@type":"PropertyValueSpecification","valueRequired":true,"valueName":"search_term_string"}}],"inLanguage":"en-GB"},{"@type":"Organization","@id":"https:\/\/cdu-kaarst.de\/#organization","name":"CDU Kaarst-B\u00fcttgen","url":"https:\/\/cdu-kaarst.de\/","logo":{"@type":"ImageObject","inLanguage":"en-GB","@id":"https:\/\/cdu-kaarst.de\/#\/schema\/logo\/image\/","url":"https:\/\/cdu-kaarst.de\/wp-content\/uploads\/cdu-gesamtlogo.png","contentUrl":"https:\/\/cdu-kaarst.de\/wp-content\/uploads\/cdu-gesamtlogo.png","width":418,"height":120,"caption":"CDU Kaarst-B\u00fcttgen"},"image":{"@id":"https:\/\/cdu-kaarst.de\/#\/schema\/logo\/image\/"}},{"@type":"Person","@id":"https:\/\/cdu-kaarst.de\/#\/schema\/person\/05876a2bd7865609f2946e82cbc73476","name":"@dm1n","sameAs":["http:\/\/cdu-kaarst.de"]}]}},"_links":{"self":[{"href":"https:\/\/cdu-kaarst.de\/en\/wp-json\/wp\/v2\/posts\/4782","targetHints":{"allow":["GET"]}}],"collection":[{"href":"https:\/\/cdu-kaarst.de\/en\/wp-json\/wp\/v2\/posts"}],"about":[{"href":"https:\/\/cdu-kaarst.de\/en\/wp-json\/wp\/v2\/types\/post"}],"author":[{"embeddable":true,"href":"https:\/\/cdu-kaarst.de\/en\/wp-json\/wp\/v2\/users\/1"}],"replies":[{"embeddable":true,"href":"https:\/\/cdu-kaarst.de\/en\/wp-json\/wp\/v2\/comments?post=4782"}],"version-history":[{"count":19,"href":"https:\/\/cdu-kaarst.de\/en\/wp-json\/wp\/v2\/posts\/4782\/revisions"}],"predecessor-version":[{"id":4816,"href":"https:\/\/cdu-kaarst.de\/en\/wp-json\/wp\/v2\/posts\/4782\/revisions\/4816"}],"wp:featuredmedia":[{"embeddable":true,"href":"https:\/\/cdu-kaarst.de\/en\/wp-json\/wp\/v2\/media\/4785"}],"wp:attachment":[{"href":"https:\/\/cdu-kaarst.de\/en\/wp-json\/wp\/v2\/media?parent=4782"}],"wp:term":[{"taxonomy":"category","embeddable":true,"href":"https:\/\/cdu-kaarst.de\/en\/wp-json\/wp\/v2\/categories?post=4782"},{"taxonomy":"post_tag","embeddable":true,"href":"https:\/\/cdu-kaarst.de\/en\/wp-json\/wp\/v2\/tags?post=4782"}],"curies":[{"name":"wp","href":"https:\/\/api.w.org\/{rel}","templated":true}]}}