{"id":4874,"date":"2024-09-30T13:46:02","date_gmt":"2024-09-30T11:46:02","guid":{"rendered":"https:\/\/cdu-kaarst.de\/?p=4874"},"modified":"2024-10-02T12:22:32","modified_gmt":"2024-10-02T10:22:32","slug":"cdu-vor-ort-30-jahre-seniorenunion-kaarst","status":"publish","type":"post","link":"https:\/\/cdu-kaarst.de\/en\/allgemein\/cdu-vor-ort-30-jahre-seniorenunion-kaarst\/","title":{"rendered":"CDU on site: 30 years of the Kaarst Seniors' Union"},"content":{"rendered":"<div data-elementor-type=\"wp-post\" data-elementor-id=\"4874\" class=\"elementor elementor-4874\" data-elementor-post-type=\"post\">\n\t\t\t\t\t\t<section class=\"elementor-section elementor-top-section elementor-element elementor-element-c9153a3 elementor-section-boxed elementor-section-height-default elementor-section-height-default\" data-id=\"c9153a3\" data-element_type=\"section\" data-e-type=\"section\" data-settings=\"{&quot;jet_parallax_layout_list&quot;:[]}\">\n\t\t\t\t\t\t<div class=\"elementor-container elementor-column-gap-default\">\n\t\t\t\t\t<div class=\"elementor-column elementor-col-100 elementor-top-column elementor-element elementor-element-79c9b5f\" data-id=\"79c9b5f\" data-element_type=\"column\" data-e-type=\"column\">\n\t\t\t<div class=\"elementor-widget-wrap elementor-element-populated\">\n\t\t\t\t\t\t<div class=\"elementor-element elementor-element-ed1becb elementor-widget elementor-widget-text-editor\" data-id=\"ed1becb\" data-element_type=\"widget\" data-e-type=\"widget\" data-widget_type=\"text-editor.default\">\n\t\t\t\t<div class=\"elementor-widget-container\">\n\t\t\t\t\t\t\t\t\t<p dir=\"auto\">On 23 September 1994, the <a href=\"https:\/\/cdu-kaarst.de\/en\/partei\/vereinigungen\/senioren-union\/\">Seniors' Union<\/a> (SU) Kaarst was founded with 21 members - today the association has almost 250 members. To mark its 30th anniversary, around 150 members and guests attended a ceremony on 28 September 2024 at the <a href=\"https:\/\/www.mercure-hotel-duesseldorf-kaarst.de\/\" target=\"_blank\" rel=\"noopener\">Mercure Hotel Kaarst<\/a> together.<\/p><p dir=\"auto\"><a href=\"https:\/\/cdu-kaarst.de\/en\/personen\/theo-thissen\/\">Theo Thissen<\/a>Chairman of the SU and Deputy Mayor of the City of Kaarst, welcomed numerous guests of honour together with his board team, including: <a href=\"https:\/\/cdu-kaarst.de\/en\/personen\/christian-horn-heinemann\/\">Christian Horn-Heinemann<\/a> (Chairman of the city association, CDU mayoral candidate and chairman of the Protestant <a href=\"https:\/\/evangelisch-in-kaarst.de\/\" target=\"_blank\" rel=\"noopener\">Kaarst parish<\/a>), District Administrator Hans-J\u00fcrgen Petrauschke, <a href=\"https:\/\/cdu-kaarst.de\/en\/personen\/sven-ladeck\/\">Sven Ladeck<\/a> (Chairman of the CDU district parliamentary group), Mayor Ursula Baum, former CDU Mayor Dr Ulrike Nienhaus, Ursel Meis (Chairwoman of the district SU) and Helge Benda (SU State Chairman NRW).<\/p><p dir=\"auto\">Christian Horn-Heinemann recognised the commitment of the entire Kaarst SU team and thanked all members who support the work of the Seniors' Union through their active participation. The SU Kaarst is not only committed to the interests of the older generation, but also attaches great importance to lively interaction and dialogue with young people.<\/p><p dir=\"auto\">With the joint canon \"Good luck and many blessings\", sung by Christian Horn-Heinemann and cantor Wolfgang Weber, the ballroom was brought to life.<\/p><p dir=\"auto\">We would like to congratulate them on their 30th anniversary and look forward to many more successful years of cohesion and community!<\/p><p dir=\"auto\">Many thanks also to the photographer <a href=\"https:\/\/www.linkinstinct.com\/\" target=\"_blank\" rel=\"noopener\">Harry Flint<\/a> for the image material.<\/p><p data-pm-slice=\"1 1 []\">Anniversary issue of the Seniors' Union<\/p><p><a href=\"https:\/\/cdu-kaarst.de\/wp-content\/uploads\/30-jahre_senioren-union_web.pdf\">Download PDF<\/a><\/p>\t\t\t\t\t\t\t\t<\/div>\n\t\t\t\t<\/div>\n\t\t\t\t<div class=\"elementor-element elementor-element-5f60c19 elementor-widget elementor-widget-gallery\" data-id=\"5f60c19\" data-element_type=\"widget\" data-e-type=\"widget\" data-settings=\"{&quot;aspect_ratio&quot;:&quot;1:1&quot;,&quot;columns&quot;:3,&quot;lazyload&quot;:&quot;yes&quot;,&quot;gallery_layout&quot;:&quot;grid&quot;,&quot;columns_tablet&quot;:2,&quot;columns_mobile&quot;:1,&quot;gap&quot;:{&quot;unit&quot;:&quot;px&quot;,&quot;size&quot;:10,&quot;sizes&quot;:[]},&quot;gap_tablet&quot;:{&quot;unit&quot;:&quot;px&quot;,&quot;size&quot;:10,&quot;sizes&quot;:[]},&quot;gap_mobile&quot;:{&quot;unit&quot;:&quot;px&quot;,&quot;size&quot;:10,&quot;sizes&quot;:[]},&quot;link_to&quot;:&quot;file&quot;,&quot;overlay_background&quot;:&quot;yes&quot;,&quot;content_hover_animation&quot;:&quot;fade-in&quot;}\" data-widget_type=\"gallery.default\">\n\t\t\t\t<div class=\"elementor-widget-container\">\n\t\t\t\t\t\t\t<div class=\"elementor-gallery__container\">\n\t\t\t\t\t\t\t<a class=\"e-gallery-item elementor-gallery-item elementor-animated-content\" href=\"https:\/\/cdu-kaarst.de\/wp-content\/uploads\/8-1.jpg\" data-elementor-open-lightbox=\"yes\" data-elementor-lightbox-slideshow=\"5f60c19\" data-elementor-lightbox-description=\"Foto: Harry Flint, linkinstinct.com\" data-e-action-hash=\"#elementor-action%3Aaction%3Dlightbox%26settings%3DeyJpZCI6NDg4MiwidXJsIjoiaHR0cHM6XC9cL2NkdS1rYWFyc3QuZGVcL3dwLWNvbnRlbnRcL3VwbG9hZHNcLzgtMS5qcGciLCJzbGlkZXNob3ciOiI1ZjYwYzE5In0%3D\">\n\t\t\t\t\t<div class=\"e-gallery-image elementor-gallery-item__image\" data-thumbnail=\"https:\/\/cdu-kaarst.de\/wp-content\/uploads\/8-1-300x300.jpg\" data-width=\"300\" data-height=\"300\" aria-label=\"\" role=\"img\" ><\/div>\n\t\t\t\t\t\t\t\t\t\t\t<div class=\"elementor-gallery-item__overlay\"><\/div>\n\t\t\t\t\t\t\t\t\t\t\t\t\t\t<\/a>\n\t\t\t\t\t\t\t<a class=\"e-gallery-item elementor-gallery-item elementor-animated-content\" href=\"https:\/\/cdu-kaarst.de\/wp-content\/uploads\/7-1.jpg\" data-elementor-open-lightbox=\"yes\" data-elementor-lightbox-slideshow=\"5f60c19\" data-elementor-lightbox-description=\"Foto: Harry Flint, linkinstinct.com\" data-e-action-hash=\"#elementor-action%3Aaction%3Dlightbox%26settings%3DeyJpZCI6NDg4MSwidXJsIjoiaHR0cHM6XC9cL2NkdS1rYWFyc3QuZGVcL3dwLWNvbnRlbnRcL3VwbG9hZHNcLzctMS5qcGciLCJzbGlkZXNob3ciOiI1ZjYwYzE5In0%3D\">\n\t\t\t\t\t<div class=\"e-gallery-image elementor-gallery-item__image\" data-thumbnail=\"https:\/\/cdu-kaarst.de\/wp-content\/uploads\/7-1-300x300.jpg\" data-width=\"300\" data-height=\"300\" aria-label=\"\" role=\"img\" ><\/div>\n\t\t\t\t\t\t\t\t\t\t\t<div class=\"elementor-gallery-item__overlay\"><\/div>\n\t\t\t\t\t\t\t\t\t\t\t\t\t\t<\/a>\n\t\t\t\t\t\t\t<a class=\"e-gallery-item elementor-gallery-item elementor-animated-content\" href=\"https:\/\/cdu-kaarst.de\/wp-content\/uploads\/6-2.jpg\" data-elementor-open-lightbox=\"yes\" data-elementor-lightbox-slideshow=\"5f60c19\" data-elementor-lightbox-description=\"Foto: Harry Flint, linkinstinct.com\" data-e-action-hash=\"#elementor-action%3Aaction%3Dlightbox%26settings%3DeyJpZCI6NDg4MCwidXJsIjoiaHR0cHM6XC9cL2NkdS1rYWFyc3QuZGVcL3dwLWNvbnRlbnRcL3VwbG9hZHNcLzYtMi5qcGciLCJzbGlkZXNob3ciOiI1ZjYwYzE5In0%3D\">\n\t\t\t\t\t<div class=\"e-gallery-image elementor-gallery-item__image\" data-thumbnail=\"https:\/\/cdu-kaarst.de\/wp-content\/uploads\/6-2-300x300.jpg\" data-width=\"300\" data-height=\"300\" aria-label=\"\" role=\"img\" ><\/div>\n\t\t\t\t\t\t\t\t\t\t\t<div class=\"elementor-gallery-item__overlay\"><\/div>\n\t\t\t\t\t\t\t\t\t\t\t\t\t\t<\/a>\n\t\t\t\t\t\t\t<a class=\"e-gallery-item elementor-gallery-item elementor-animated-content\" href=\"https:\/\/cdu-kaarst.de\/wp-content\/uploads\/2-3.jpg\" data-elementor-open-lightbox=\"yes\" data-elementor-lightbox-slideshow=\"5f60c19\" data-elementor-lightbox-description=\"Foto: Harry Flint, linkinstinct.com\" data-e-action-hash=\"#elementor-action%3Aaction%3Dlightbox%26settings%3DeyJpZCI6NDg3NiwidXJsIjoiaHR0cHM6XC9cL2NkdS1rYWFyc3QuZGVcL3dwLWNvbnRlbnRcL3VwbG9hZHNcLzItMy5qcGciLCJzbGlkZXNob3ciOiI1ZjYwYzE5In0%3D\">\n\t\t\t\t\t<div class=\"e-gallery-image elementor-gallery-item__image\" data-thumbnail=\"https:\/\/cdu-kaarst.de\/wp-content\/uploads\/2-3-300x300.jpg\" data-width=\"300\" data-height=\"300\" aria-label=\"\" role=\"img\" ><\/div>\n\t\t\t\t\t\t\t\t\t\t\t<div class=\"elementor-gallery-item__overlay\"><\/div>\n\t\t\t\t\t\t\t\t\t\t\t\t\t\t<\/a>\n\t\t\t\t\t\t\t<a class=\"e-gallery-item elementor-gallery-item elementor-animated-content\" href=\"https:\/\/cdu-kaarst.de\/wp-content\/uploads\/3-3.jpg\" data-elementor-open-lightbox=\"yes\" data-elementor-lightbox-slideshow=\"5f60c19\" data-elementor-lightbox-description=\"Foto: Harry Flint, linkinstinct.com\" data-e-action-hash=\"#elementor-action%3Aaction%3Dlightbox%26settings%3DeyJpZCI6NDg3NywidXJsIjoiaHR0cHM6XC9cL2NkdS1rYWFyc3QuZGVcL3dwLWNvbnRlbnRcL3VwbG9hZHNcLzMtMy5qcGciLCJzbGlkZXNob3ciOiI1ZjYwYzE5In0%3D\">\n\t\t\t\t\t<div class=\"e-gallery-image elementor-gallery-item__image\" data-thumbnail=\"https:\/\/cdu-kaarst.de\/wp-content\/uploads\/3-3-300x300.jpg\" data-width=\"300\" data-height=\"300\" aria-label=\"\" role=\"img\" ><\/div>\n\t\t\t\t\t\t\t\t\t\t\t<div class=\"elementor-gallery-item__overlay\"><\/div>\n\t\t\t\t\t\t\t\t\t\t\t\t\t\t<\/a>\n\t\t\t\t\t\t\t<a class=\"e-gallery-item elementor-gallery-item elementor-animated-content\" href=\"https:\/\/cdu-kaarst.de\/wp-content\/uploads\/4-2.jpg\" data-elementor-open-lightbox=\"yes\" data-elementor-lightbox-slideshow=\"5f60c19\" data-elementor-lightbox-description=\"Foto: Harry Flint, linkinstinct.com\" data-e-action-hash=\"#elementor-action%3Aaction%3Dlightbox%26settings%3DeyJpZCI6NDg3OCwidXJsIjoiaHR0cHM6XC9cL2NkdS1rYWFyc3QuZGVcL3dwLWNvbnRlbnRcL3VwbG9hZHNcLzQtMi5qcGciLCJzbGlkZXNob3ciOiI1ZjYwYzE5In0%3D\">\n\t\t\t\t\t<div class=\"e-gallery-image elementor-gallery-item__image\" data-thumbnail=\"https:\/\/cdu-kaarst.de\/wp-content\/uploads\/4-2-300x300.jpg\" data-width=\"300\" data-height=\"300\" aria-label=\"\" role=\"img\" ><\/div>\n\t\t\t\t\t\t\t\t\t\t\t<div class=\"elementor-gallery-item__overlay\"><\/div>\n\t\t\t\t\t\t\t\t\t\t\t\t\t\t<\/a>\n\t\t\t\t\t\t\t<a class=\"e-gallery-item elementor-gallery-item elementor-animated-content\" href=\"https:\/\/cdu-kaarst.de\/wp-content\/uploads\/5-2.jpg\" data-elementor-open-lightbox=\"yes\" data-elementor-lightbox-slideshow=\"5f60c19\" data-elementor-lightbox-description=\"Foto: Harry Flint, linkinstinct.com\" data-e-action-hash=\"#elementor-action%3Aaction%3Dlightbox%26settings%3DeyJpZCI6NDg3OSwidXJsIjoiaHR0cHM6XC9cL2NkdS1rYWFyc3QuZGVcL3dwLWNvbnRlbnRcL3VwbG9hZHNcLzUtMi5qcGciLCJzbGlkZXNob3ciOiI1ZjYwYzE5In0%3D\">\n\t\t\t\t\t<div class=\"e-gallery-image elementor-gallery-item__image\" data-thumbnail=\"https:\/\/cdu-kaarst.de\/wp-content\/uploads\/5-2-300x300.jpg\" data-width=\"300\" data-height=\"300\" aria-label=\"\" role=\"img\" ><\/div>\n\t\t\t\t\t\t\t\t\t\t\t<div class=\"elementor-gallery-item__overlay\"><\/div>\n\t\t\t\t\t\t\t\t\t\t\t\t\t\t<\/a>\n\t\t\t\t\t<\/div>\n\t\t\t\t\t<\/div>\n\t\t\t\t<\/div>\n\t\t\t\t\t<\/div>\n\t\t<\/div>\n\t\t\t\t\t<\/div>\n\t\t<\/section>\n\t\t\t\t<\/div>","protected":false},"excerpt":{"rendered":"<p>Am 23. September 1994 wurde die Senioren-Union (SU) Kaarst mit 21 Mitgliedern ins Leben gerufen \u2013 heute z\u00e4hlt die Vereinigung fast 250 Mitglieder. Anl\u00e4sslich des 30-j\u00e4hrigen Jubil\u00e4ums kamen am 28. September 2024 rund 150 Mitglieder und G\u00e4ste zu einem Festakt im Mercure Hotel Kaarst zusammen. Theo Thissen, Vorsitzender der SU und stellvertretender B\u00fcrgermeister der Stadt [&hellip;]<\/p>\n","protected":false},"author":1,"featured_media":4875,"comment_status":"closed","ping_status":"closed","sticky":false,"template":"","format":"standard","meta":{"footnotes":""},"categories":[1],"tags":[],"class_list":["post-4874","post","type-post","status-publish","format-standard","has-post-thumbnail","hentry","category-allgemein"],"yoast_head":"<!-- This site is optimized with the Yoast SEO plugin v27.4 - https:\/\/yoast.com\/product\/yoast-seo-wordpress\/ -->\n<title>CDU vor Ort: 30 Jahre SeniorenUnion Kaarst - CDU Kaarst-B\u00fcttgen<\/title>\n<meta name=\"robots\" content=\"index, follow, max-snippet:-1, max-image-preview:large, max-video-preview:-1\" \/>\n<link rel=\"canonical\" href=\"https:\/\/cdu-kaarst.de\/en\/allgemein\/cdu-vor-ort-30-jahre-seniorenunion-kaarst\/\" \/>\n<meta property=\"og:locale\" content=\"en_GB\" \/>\n<meta property=\"og:type\" content=\"article\" \/>\n<meta property=\"og:title\" content=\"CDU vor Ort: 30 Jahre SeniorenUnion Kaarst - CDU Kaarst-B\u00fcttgen\" \/>\n<meta property=\"og:description\" content=\"Am 23. September 1994 wurde die Senioren-Union (SU) Kaarst mit 21 Mitgliedern ins Leben gerufen \u2013 heute z\u00e4hlt die Vereinigung fast 250 Mitglieder. Anl\u00e4sslich des 30-j\u00e4hrigen Jubil\u00e4ums kamen am 28. September 2024 rund 150 Mitglieder und G\u00e4ste zu einem Festakt im Mercure Hotel Kaarst zusammen. Theo Thissen, Vorsitzender der SU und stellvertretender B\u00fcrgermeister der Stadt [&hellip;]\" \/>\n<meta property=\"og:url\" content=\"https:\/\/cdu-kaarst.de\/en\/allgemein\/cdu-vor-ort-30-jahre-seniorenunion-kaarst\/\" \/>\n<meta property=\"og:site_name\" content=\"CDU Kaarst-B\u00fcttgen\" \/>\n<meta property=\"article:published_time\" content=\"2024-09-30T11:46:02+00:00\" \/>\n<meta property=\"article:modified_time\" content=\"2024-10-02T10:22:32+00:00\" \/>\n<meta property=\"og:image\" content=\"https:\/\/cdu-kaarst.de\/wp-content\/uploads\/1-4.jpg\" \/>\n\t<meta property=\"og:image:width\" content=\"1080\" \/>\n\t<meta property=\"og:image:height\" content=\"1080\" \/>\n\t<meta property=\"og:image:type\" content=\"image\/jpeg\" \/>\n<meta name=\"author\" content=\"@dm1n\" \/>\n<meta name=\"twitter:card\" content=\"summary_large_image\" \/>\n<meta name=\"twitter:label1\" content=\"Written by\" \/>\n\t<meta name=\"twitter:data1\" content=\"@dm1n\" \/>\n\t<meta name=\"twitter:label2\" content=\"Estimated reading time\" \/>\n\t<meta name=\"twitter:data2\" content=\"2 minutes\" \/>\n<script type=\"application\/ld+json\" class=\"yoast-schema-graph\">{\"@context\":\"https:\\\/\\\/schema.org\",\"@graph\":[{\"@type\":\"Article\",\"@id\":\"https:\\\/\\\/cdu-kaarst.de\\\/allgemein\\\/cdu-vor-ort-30-jahre-seniorenunion-kaarst\\\/#article\",\"isPartOf\":{\"@id\":\"https:\\\/\\\/cdu-kaarst.de\\\/allgemein\\\/cdu-vor-ort-30-jahre-seniorenunion-kaarst\\\/\"},\"author\":{\"name\":\"@dm1n\",\"@id\":\"https:\\\/\\\/cdu-kaarst.de\\\/#\\\/schema\\\/person\\\/05876a2bd7865609f2946e82cbc73476\"},\"headline\":\"CDU vor Ort: 30 Jahre SeniorenUnion Kaarst\",\"datePublished\":\"2024-09-30T11:46:02+00:00\",\"dateModified\":\"2024-10-02T10:22:32+00:00\",\"mainEntityOfPage\":{\"@id\":\"https:\\\/\\\/cdu-kaarst.de\\\/allgemein\\\/cdu-vor-ort-30-jahre-seniorenunion-kaarst\\\/\"},\"wordCount\":233,\"publisher\":{\"@id\":\"https:\\\/\\\/cdu-kaarst.de\\\/#organization\"},\"image\":{\"@id\":\"https:\\\/\\\/cdu-kaarst.de\\\/allgemein\\\/cdu-vor-ort-30-jahre-seniorenunion-kaarst\\\/#primaryimage\"},\"thumbnailUrl\":\"https:\\\/\\\/cdu-kaarst.de\\\/wp-content\\\/uploads\\\/1-4.jpg\",\"articleSection\":[\"Allgemein\"],\"inLanguage\":\"en-GB\"},{\"@type\":\"WebPage\",\"@id\":\"https:\\\/\\\/cdu-kaarst.de\\\/allgemein\\\/cdu-vor-ort-30-jahre-seniorenunion-kaarst\\\/\",\"url\":\"https:\\\/\\\/cdu-kaarst.de\\\/allgemein\\\/cdu-vor-ort-30-jahre-seniorenunion-kaarst\\\/\",\"name\":\"CDU vor Ort: 30 Jahre SeniorenUnion Kaarst - CDU Kaarst-B\u00fcttgen\",\"isPartOf\":{\"@id\":\"https:\\\/\\\/cdu-kaarst.de\\\/#website\"},\"primaryImageOfPage\":{\"@id\":\"https:\\\/\\\/cdu-kaarst.de\\\/allgemein\\\/cdu-vor-ort-30-jahre-seniorenunion-kaarst\\\/#primaryimage\"},\"image\":{\"@id\":\"https:\\\/\\\/cdu-kaarst.de\\\/allgemein\\\/cdu-vor-ort-30-jahre-seniorenunion-kaarst\\\/#primaryimage\"},\"thumbnailUrl\":\"https:\\\/\\\/cdu-kaarst.de\\\/wp-content\\\/uploads\\\/1-4.jpg\",\"datePublished\":\"2024-09-30T11:46:02+00:00\",\"dateModified\":\"2024-10-02T10:22:32+00:00\",\"breadcrumb\":{\"@id\":\"https:\\\/\\\/cdu-kaarst.de\\\/allgemein\\\/cdu-vor-ort-30-jahre-seniorenunion-kaarst\\\/#breadcrumb\"},\"inLanguage\":\"en-GB\",\"potentialAction\":[{\"@type\":\"ReadAction\",\"target\":[\"https:\\\/\\\/cdu-kaarst.de\\\/allgemein\\\/cdu-vor-ort-30-jahre-seniorenunion-kaarst\\\/\"]}]},{\"@type\":\"ImageObject\",\"inLanguage\":\"en-GB\",\"@id\":\"https:\\\/\\\/cdu-kaarst.de\\\/allgemein\\\/cdu-vor-ort-30-jahre-seniorenunion-kaarst\\\/#primaryimage\",\"url\":\"https:\\\/\\\/cdu-kaarst.de\\\/wp-content\\\/uploads\\\/1-4.jpg\",\"contentUrl\":\"https:\\\/\\\/cdu-kaarst.de\\\/wp-content\\\/uploads\\\/1-4.jpg\",\"width\":1080,\"height\":1080,\"caption\":\"Foto: Harry Flint, linkinstinct.com\"},{\"@type\":\"BreadcrumbList\",\"@id\":\"https:\\\/\\\/cdu-kaarst.de\\\/allgemein\\\/cdu-vor-ort-30-jahre-seniorenunion-kaarst\\\/#breadcrumb\",\"itemListElement\":[{\"@type\":\"ListItem\",\"position\":1,\"name\":\"Startseite\",\"item\":\"https:\\\/\\\/cdu-kaarst.de\\\/\"},{\"@type\":\"ListItem\",\"position\":2,\"name\":\"CDU vor Ort: 30 Jahre SeniorenUnion Kaarst\"}]},{\"@type\":\"WebSite\",\"@id\":\"https:\\\/\\\/cdu-kaarst.de\\\/#website\",\"url\":\"https:\\\/\\\/cdu-kaarst.de\\\/\",\"name\":\"CDU Kaarst-B\u00fcttgen\",\"description\":\"gut Leben in Kaarst\",\"publisher\":{\"@id\":\"https:\\\/\\\/cdu-kaarst.de\\\/#organization\"},\"potentialAction\":[{\"@type\":\"SearchAction\",\"target\":{\"@type\":\"EntryPoint\",\"urlTemplate\":\"https:\\\/\\\/cdu-kaarst.de\\\/?s={search_term_string}\"},\"query-input\":{\"@type\":\"PropertyValueSpecification\",\"valueRequired\":true,\"valueName\":\"search_term_string\"}}],\"inLanguage\":\"en-GB\"},{\"@type\":\"Organization\",\"@id\":\"https:\\\/\\\/cdu-kaarst.de\\\/#organization\",\"name\":\"CDU Kaarst-B\u00fcttgen\",\"url\":\"https:\\\/\\\/cdu-kaarst.de\\\/\",\"logo\":{\"@type\":\"ImageObject\",\"inLanguage\":\"en-GB\",\"@id\":\"https:\\\/\\\/cdu-kaarst.de\\\/#\\\/schema\\\/logo\\\/image\\\/\",\"url\":\"https:\\\/\\\/cdu-kaarst.de\\\/wp-content\\\/uploads\\\/cdu-gesamtlogo.png\",\"contentUrl\":\"https:\\\/\\\/cdu-kaarst.de\\\/wp-content\\\/uploads\\\/cdu-gesamtlogo.png\",\"width\":418,\"height\":120,\"caption\":\"CDU Kaarst-B\u00fcttgen\"},\"image\":{\"@id\":\"https:\\\/\\\/cdu-kaarst.de\\\/#\\\/schema\\\/logo\\\/image\\\/\"}},{\"@type\":\"Person\",\"@id\":\"https:\\\/\\\/cdu-kaarst.de\\\/#\\\/schema\\\/person\\\/05876a2bd7865609f2946e82cbc73476\",\"name\":\"@dm1n\",\"sameAs\":[\"http:\\\/\\\/cdu-kaarst.de\"]}]}<\/script>\n<!-- \/ Yoast SEO plugin. -->","yoast_head_json":{"title":"CDU on site: 30 years of the Kaarst Seniors' Union - CDU Kaarst-B\u00fcttgen","robots":{"index":"index","follow":"follow","max-snippet":"max-snippet:-1","max-image-preview":"max-image-preview:large","max-video-preview":"max-video-preview:-1"},"canonical":"https:\/\/cdu-kaarst.de\/en\/allgemein\/cdu-vor-ort-30-jahre-seniorenunion-kaarst\/","og_locale":"en_GB","og_type":"article","og_title":"CDU vor Ort: 30 Jahre SeniorenUnion Kaarst - CDU Kaarst-B\u00fcttgen","og_description":"Am 23. September 1994 wurde die Senioren-Union (SU) Kaarst mit 21 Mitgliedern ins Leben gerufen \u2013 heute z\u00e4hlt die Vereinigung fast 250 Mitglieder. Anl\u00e4sslich des 30-j\u00e4hrigen Jubil\u00e4ums kamen am 28. September 2024 rund 150 Mitglieder und G\u00e4ste zu einem Festakt im Mercure Hotel Kaarst zusammen. Theo Thissen, Vorsitzender der SU und stellvertretender B\u00fcrgermeister der Stadt [&hellip;]","og_url":"https:\/\/cdu-kaarst.de\/en\/allgemein\/cdu-vor-ort-30-jahre-seniorenunion-kaarst\/","og_site_name":"CDU Kaarst-B\u00fcttgen","article_published_time":"2024-09-30T11:46:02+00:00","article_modified_time":"2024-10-02T10:22:32+00:00","og_image":[{"width":1080,"height":1080,"url":"https:\/\/cdu-kaarst.de\/wp-content\/uploads\/1-4.jpg","type":"image\/jpeg"}],"author":"@dm1n","twitter_card":"summary_large_image","twitter_misc":{"Written by":"@dm1n","Estimated reading time":"2 minutes"},"schema":{"@context":"https:\/\/schema.org","@graph":[{"@type":"Article","@id":"https:\/\/cdu-kaarst.de\/allgemein\/cdu-vor-ort-30-jahre-seniorenunion-kaarst\/#article","isPartOf":{"@id":"https:\/\/cdu-kaarst.de\/allgemein\/cdu-vor-ort-30-jahre-seniorenunion-kaarst\/"},"author":{"name":"@dm1n","@id":"https:\/\/cdu-kaarst.de\/#\/schema\/person\/05876a2bd7865609f2946e82cbc73476"},"headline":"CDU vor Ort: 30 Jahre SeniorenUnion Kaarst","datePublished":"2024-09-30T11:46:02+00:00","dateModified":"2024-10-02T10:22:32+00:00","mainEntityOfPage":{"@id":"https:\/\/cdu-kaarst.de\/allgemein\/cdu-vor-ort-30-jahre-seniorenunion-kaarst\/"},"wordCount":233,"publisher":{"@id":"https:\/\/cdu-kaarst.de\/#organization"},"image":{"@id":"https:\/\/cdu-kaarst.de\/allgemein\/cdu-vor-ort-30-jahre-seniorenunion-kaarst\/#primaryimage"},"thumbnailUrl":"https:\/\/cdu-kaarst.de\/wp-content\/uploads\/1-4.jpg","articleSection":["Allgemein"],"inLanguage":"en-GB"},{"@type":"WebPage","@id":"https:\/\/cdu-kaarst.de\/allgemein\/cdu-vor-ort-30-jahre-seniorenunion-kaarst\/","url":"https:\/\/cdu-kaarst.de\/allgemein\/cdu-vor-ort-30-jahre-seniorenunion-kaarst\/","name":"CDU on site: 30 years of the Kaarst Seniors' Union - CDU Kaarst-B\u00fcttgen","isPartOf":{"@id":"https:\/\/cdu-kaarst.de\/#website"},"primaryImageOfPage":{"@id":"https:\/\/cdu-kaarst.de\/allgemein\/cdu-vor-ort-30-jahre-seniorenunion-kaarst\/#primaryimage"},"image":{"@id":"https:\/\/cdu-kaarst.de\/allgemein\/cdu-vor-ort-30-jahre-seniorenunion-kaarst\/#primaryimage"},"thumbnailUrl":"https:\/\/cdu-kaarst.de\/wp-content\/uploads\/1-4.jpg","datePublished":"2024-09-30T11:46:02+00:00","dateModified":"2024-10-02T10:22:32+00:00","breadcrumb":{"@id":"https:\/\/cdu-kaarst.de\/allgemein\/cdu-vor-ort-30-jahre-seniorenunion-kaarst\/#breadcrumb"},"inLanguage":"en-GB","potentialAction":[{"@type":"ReadAction","target":["https:\/\/cdu-kaarst.de\/allgemein\/cdu-vor-ort-30-jahre-seniorenunion-kaarst\/"]}]},{"@type":"ImageObject","inLanguage":"en-GB","@id":"https:\/\/cdu-kaarst.de\/allgemein\/cdu-vor-ort-30-jahre-seniorenunion-kaarst\/#primaryimage","url":"https:\/\/cdu-kaarst.de\/wp-content\/uploads\/1-4.jpg","contentUrl":"https:\/\/cdu-kaarst.de\/wp-content\/uploads\/1-4.jpg","width":1080,"height":1080,"caption":"Foto: Harry Flint, linkinstinct.com"},{"@type":"BreadcrumbList","@id":"https:\/\/cdu-kaarst.de\/allgemein\/cdu-vor-ort-30-jahre-seniorenunion-kaarst\/#breadcrumb","itemListElement":[{"@type":"ListItem","position":1,"name":"Startseite","item":"https:\/\/cdu-kaarst.de\/"},{"@type":"ListItem","position":2,"name":"CDU vor Ort: 30 Jahre SeniorenUnion Kaarst"}]},{"@type":"WebSite","@id":"https:\/\/cdu-kaarst.de\/#website","url":"https:\/\/cdu-kaarst.de\/","name":"CDU Kaarst-B\u00fcttgen","description":"living well in Kaarst","publisher":{"@id":"https:\/\/cdu-kaarst.de\/#organization"},"potentialAction":[{"@type":"SearchAction","target":{"@type":"EntryPoint","urlTemplate":"https:\/\/cdu-kaarst.de\/?s={search_term_string}"},"query-input":{"@type":"PropertyValueSpecification","valueRequired":true,"valueName":"search_term_string"}}],"inLanguage":"en-GB"},{"@type":"Organization","@id":"https:\/\/cdu-kaarst.de\/#organization","name":"CDU Kaarst-B\u00fcttgen","url":"https:\/\/cdu-kaarst.de\/","logo":{"@type":"ImageObject","inLanguage":"en-GB","@id":"https:\/\/cdu-kaarst.de\/#\/schema\/logo\/image\/","url":"https:\/\/cdu-kaarst.de\/wp-content\/uploads\/cdu-gesamtlogo.png","contentUrl":"https:\/\/cdu-kaarst.de\/wp-content\/uploads\/cdu-gesamtlogo.png","width":418,"height":120,"caption":"CDU Kaarst-B\u00fcttgen"},"image":{"@id":"https:\/\/cdu-kaarst.de\/#\/schema\/logo\/image\/"}},{"@type":"Person","@id":"https:\/\/cdu-kaarst.de\/#\/schema\/person\/05876a2bd7865609f2946e82cbc73476","name":"@dm1n","sameAs":["http:\/\/cdu-kaarst.de"]}]}},"_links":{"self":[{"href":"https:\/\/cdu-kaarst.de\/en\/wp-json\/wp\/v2\/posts\/4874","targetHints":{"allow":["GET"]}}],"collection":[{"href":"https:\/\/cdu-kaarst.de\/en\/wp-json\/wp\/v2\/posts"}],"about":[{"href":"https:\/\/cdu-kaarst.de\/en\/wp-json\/wp\/v2\/types\/post"}],"author":[{"embeddable":true,"href":"https:\/\/cdu-kaarst.de\/en\/wp-json\/wp\/v2\/users\/1"}],"replies":[{"embeddable":true,"href":"https:\/\/cdu-kaarst.de\/en\/wp-json\/wp\/v2\/comments?post=4874"}],"version-history":[{"count":38,"href":"https:\/\/cdu-kaarst.de\/en\/wp-json\/wp\/v2\/posts\/4874\/revisions"}],"predecessor-version":[{"id":4948,"href":"https:\/\/cdu-kaarst.de\/en\/wp-json\/wp\/v2\/posts\/4874\/revisions\/4948"}],"wp:featuredmedia":[{"embeddable":true,"href":"https:\/\/cdu-kaarst.de\/en\/wp-json\/wp\/v2\/media\/4875"}],"wp:attachment":[{"href":"https:\/\/cdu-kaarst.de\/en\/wp-json\/wp\/v2\/media?parent=4874"}],"wp:term":[{"taxonomy":"category","embeddable":true,"href":"https:\/\/cdu-kaarst.de\/en\/wp-json\/wp\/v2\/categories?post=4874"},{"taxonomy":"post_tag","embeddable":true,"href":"https:\/\/cdu-kaarst.de\/en\/wp-json\/wp\/v2\/tags?post=4874"}],"curies":[{"name":"wp","href":"https:\/\/api.w.org\/{rel}","templated":true}]}}