{"id":4989,"date":"2024-10-07T13:46:15","date_gmt":"2024-10-07T11:46:15","guid":{"rendered":"https:\/\/cdu-kaarst.de\/?p=4989"},"modified":"2024-10-15T10:59:02","modified_gmt":"2024-10-15T08:59:02","slug":"einweihung-der-neu-gestalteten-rathausstrasse-und-des-bereichs-um-st-martinus","status":"publish","type":"post","link":"https:\/\/cdu-kaarst.de\/en\/allgemein\/einweihung-der-neu-gestalteten-rathausstrasse-und-des-bereichs-um-st-martinus\/","title":{"rendered":"Inauguration of the redesigned Rathausstra\u00dfe and the area around St Martinus"},"content":{"rendered":"<div data-elementor-type=\"wp-post\" data-elementor-id=\"4989\" class=\"elementor elementor-4989\" data-elementor-post-type=\"post\">\n\t\t\t\t\t\t<section class=\"elementor-section elementor-top-section elementor-element elementor-element-3f7f7ad elementor-section-boxed elementor-section-height-default elementor-section-height-default\" data-id=\"3f7f7ad\" data-element_type=\"section\" data-e-type=\"section\" data-settings=\"{&quot;jet_parallax_layout_list&quot;:[]}\">\n\t\t\t\t\t\t<div class=\"elementor-container elementor-column-gap-default\">\n\t\t\t\t\t<div class=\"elementor-column elementor-col-100 elementor-top-column elementor-element elementor-element-bee6d5b\" data-id=\"bee6d5b\" data-element_type=\"column\" data-e-type=\"column\">\n\t\t\t<div class=\"elementor-widget-wrap elementor-element-populated\">\n\t\t\t\t\t\t<div class=\"elementor-element elementor-element-22d3e14 elementor-widget elementor-widget-text-editor\" data-id=\"22d3e14\" data-element_type=\"widget\" data-e-type=\"widget\" data-widget_type=\"text-editor.default\">\n\t\t\t\t<div class=\"elementor-widget-container\">\n\t\t\t\t\t\t\t\t\t<p data-pm-slice=\"1 1 []\"><strong>On 5 October 2024<\/strong> the city of Kaarst officially opened the<strong> newly designed area <\/strong>around the <strong>Rathausstra\u00dfe<\/strong> and the <strong>St Martinus church building<\/strong>. In glorious weather and in the presence of <strong>numerous citizens<\/strong> the <strong>Project successful<\/strong> inaugurated.<\/p><p>Numerous members of the <strong>CDU Kaarst<\/strong>including <strong>Mayoral candidate Christian Horn-Heinemann<\/strong>were on the spot to <strong>direct exchange<\/strong> with the citizens. The <strong>Technical Officer Helmut Droste<\/strong> with his team and <strong>Ursula Tree<\/strong> welcomed together with the responsible <strong>Pastor Gregor Ottersbach<\/strong>the Chairman of the <strong>Church Council<\/strong> and the <strong>deputy<\/strong> <strong>CDU mayor Theo<\/strong> <strong>Thissen<\/strong> numerous guests: Among them were the <strong>State Minister Ina Scharrenbach<\/strong> and many representatives of the parties and society, including <strong>Former mayor<\/strong> <strong>Franz-Josef Moormann<\/strong> and <strong>Reverend Dr Maike Neumann<\/strong>. The event was musically framed by the <strong>Music school Mark Koll<\/strong>.<\/p><p>The <strong>Plans for the redesign<\/strong> of the site, including the <strong>Creation of a green corridor<\/strong>have already been published under <strong>Mayor Franz-Josef Moormann<\/strong> initiated and significantly supported by the <strong>CDU Kaarst<\/strong> in co-operation with the other parties <strong>Alliance 90\/The Greens<\/strong>, <strong>SPD<\/strong> and <strong>FDP<\/strong> realised. The project is a <strong>Benefits for all road users<\/strong> and creates new <strong>Quality of stay<\/strong>.<\/p><p>In just under <strong>three years construction time<\/strong> has the <strong>Rathausstra\u00dfe<\/strong>including the <strong>Church forecourt<\/strong>a completely <strong>New appearance<\/strong> received. One <strong>Green axis<\/strong> leads from the <strong>Rathausstra\u00dfe<\/strong> from the old village centre across the road <strong>Am Siepbach<\/strong> up to the <strong>redesigned square<\/strong> around <strong>St Martinus<\/strong>. The surrounding <strong>Gastronomy<\/strong> was integrated into the concept, which <strong>Attractiveness<\/strong> <strong>of the historic town centre<\/strong> contributes.<\/p><p>The measure is part of the <strong>Integrated Development and Action Concept (IEHK)<\/strong> the <strong>City<\/strong> <strong>Kaarst<\/strong>. Round <strong>2.9 million euros<\/strong> were estimated for the remodelling, with a large part of the costs being covered by <strong>Federal and state subsidies<\/strong> is covered. The <strong>Municipal own contribution<\/strong> amounts to around <strong>620,000 euros<\/strong>.<\/p><p>The <strong>redesigned Rathausstra\u00dfe<\/strong> and the area around <strong>St Martinus<\/strong> load now <strong>Citizens and visitors<\/strong> to the <strong>Linger<\/strong> and offer a <strong>Attractive connection<\/strong> between the <strong>old town centre<\/strong> and the <strong>modern city life<\/strong>.<\/p>\t\t\t\t\t\t\t\t<\/div>\n\t\t\t\t<\/div>\n\t\t\t\t<div class=\"elementor-element elementor-element-d55e7c9 elementor-widget elementor-widget-gallery\" data-id=\"d55e7c9\" data-element_type=\"widget\" data-e-type=\"widget\" data-settings=\"{&quot;aspect_ratio&quot;:&quot;1:1&quot;,&quot;lazyload&quot;:&quot;yes&quot;,&quot;gallery_layout&quot;:&quot;grid&quot;,&quot;columns&quot;:4,&quot;columns_tablet&quot;:2,&quot;columns_mobile&quot;:1,&quot;gap&quot;:{&quot;unit&quot;:&quot;px&quot;,&quot;size&quot;:10,&quot;sizes&quot;:[]},&quot;gap_tablet&quot;:{&quot;unit&quot;:&quot;px&quot;,&quot;size&quot;:10,&quot;sizes&quot;:[]},&quot;gap_mobile&quot;:{&quot;unit&quot;:&quot;px&quot;,&quot;size&quot;:10,&quot;sizes&quot;:[]},&quot;link_to&quot;:&quot;file&quot;,&quot;overlay_background&quot;:&quot;yes&quot;,&quot;content_hover_animation&quot;:&quot;fade-in&quot;}\" data-widget_type=\"gallery.default\">\n\t\t\t\t<div class=\"elementor-widget-container\">\n\t\t\t\t\t\t\t<div class=\"elementor-gallery__container\">\n\t\t\t\t\t\t\t<a class=\"e-gallery-item elementor-gallery-item elementor-animated-content\" href=\"https:\/\/cdu-kaarst.de\/wp-content\/uploads\/cdu-vor-ort-rathausstrasse-07.jpg\" data-elementor-open-lightbox=\"yes\" data-elementor-lightbox-slideshow=\"d55e7c9\" data-e-action-hash=\"#elementor-action%3Aaction%3Dlightbox%26settings%3DeyJpZCI6NTAyOCwidXJsIjoiaHR0cHM6XC9cL2NkdS1rYWFyc3QuZGVcL3dwLWNvbnRlbnRcL3VwbG9hZHNcL2NkdS12b3Itb3J0LXJhdGhhdXNzdHJhc3NlLTA3LmpwZyIsInNsaWRlc2hvdyI6ImQ1NWU3YzkifQ%3D%3D\">\n\t\t\t\t\t<div class=\"e-gallery-image elementor-gallery-item__image\" data-thumbnail=\"https:\/\/cdu-kaarst.de\/wp-content\/uploads\/cdu-vor-ort-rathausstrasse-07-300x300.jpg\" data-width=\"300\" data-height=\"300\" aria-label=\"\" role=\"img\" ><\/div>\n\t\t\t\t\t\t\t\t\t\t\t<div class=\"elementor-gallery-item__overlay\"><\/div>\n\t\t\t\t\t\t\t\t\t\t\t\t\t\t<\/a>\n\t\t\t\t\t\t\t<a class=\"e-gallery-item elementor-gallery-item elementor-animated-content\" href=\"https:\/\/cdu-kaarst.de\/wp-content\/uploads\/cdu-vor-ort-rathausstrasse-05.jpg\" data-elementor-open-lightbox=\"yes\" data-elementor-lightbox-slideshow=\"d55e7c9\" data-e-action-hash=\"#elementor-action%3Aaction%3Dlightbox%26settings%3DeyJpZCI6NTAyNiwidXJsIjoiaHR0cHM6XC9cL2NkdS1rYWFyc3QuZGVcL3dwLWNvbnRlbnRcL3VwbG9hZHNcL2NkdS12b3Itb3J0LXJhdGhhdXNzdHJhc3NlLTA1LmpwZyIsInNsaWRlc2hvdyI6ImQ1NWU3YzkifQ%3D%3D\">\n\t\t\t\t\t<div class=\"e-gallery-image elementor-gallery-item__image\" data-thumbnail=\"https:\/\/cdu-kaarst.de\/wp-content\/uploads\/cdu-vor-ort-rathausstrasse-05-300x300.jpg\" data-width=\"300\" data-height=\"300\" aria-label=\"\" role=\"img\" ><\/div>\n\t\t\t\t\t\t\t\t\t\t\t<div class=\"elementor-gallery-item__overlay\"><\/div>\n\t\t\t\t\t\t\t\t\t\t\t\t\t\t<\/a>\n\t\t\t\t\t\t\t<a class=\"e-gallery-item elementor-gallery-item elementor-animated-content\" href=\"https:\/\/cdu-kaarst.de\/wp-content\/uploads\/cdu-vor-ort-rathausstrasse-06.jpg\" data-elementor-open-lightbox=\"yes\" data-elementor-lightbox-slideshow=\"d55e7c9\" data-e-action-hash=\"#elementor-action%3Aaction%3Dlightbox%26settings%3DeyJpZCI6NTAyNywidXJsIjoiaHR0cHM6XC9cL2NkdS1rYWFyc3QuZGVcL3dwLWNvbnRlbnRcL3VwbG9hZHNcL2NkdS12b3Itb3J0LXJhdGhhdXNzdHJhc3NlLTA2LmpwZyIsInNsaWRlc2hvdyI6ImQ1NWU3YzkifQ%3D%3D\">\n\t\t\t\t\t<div class=\"e-gallery-image elementor-gallery-item__image\" data-thumbnail=\"https:\/\/cdu-kaarst.de\/wp-content\/uploads\/cdu-vor-ort-rathausstrasse-06-300x300.jpg\" data-width=\"300\" data-height=\"300\" aria-label=\"\" role=\"img\" ><\/div>\n\t\t\t\t\t\t\t\t\t\t\t<div class=\"elementor-gallery-item__overlay\"><\/div>\n\t\t\t\t\t\t\t\t\t\t\t\t\t\t<\/a>\n\t\t\t\t\t\t\t<a class=\"e-gallery-item elementor-gallery-item elementor-animated-content\" href=\"https:\/\/cdu-kaarst.de\/wp-content\/uploads\/cdu-vor-ort-rathausstrasse-03.jpg\" data-elementor-open-lightbox=\"yes\" data-elementor-lightbox-slideshow=\"d55e7c9\" data-e-action-hash=\"#elementor-action%3Aaction%3Dlightbox%26settings%3DeyJpZCI6NTAyNCwidXJsIjoiaHR0cHM6XC9cL2NkdS1rYWFyc3QuZGVcL3dwLWNvbnRlbnRcL3VwbG9hZHNcL2NkdS12b3Itb3J0LXJhdGhhdXNzdHJhc3NlLTAzLmpwZyIsInNsaWRlc2hvdyI6ImQ1NWU3YzkifQ%3D%3D\">\n\t\t\t\t\t<div class=\"e-gallery-image elementor-gallery-item__image\" data-thumbnail=\"https:\/\/cdu-kaarst.de\/wp-content\/uploads\/cdu-vor-ort-rathausstrasse-03-300x300.jpg\" data-width=\"300\" data-height=\"300\" aria-label=\"\" role=\"img\" ><\/div>\n\t\t\t\t\t\t\t\t\t\t\t<div class=\"elementor-gallery-item__overlay\"><\/div>\n\t\t\t\t\t\t\t\t\t\t\t\t\t\t<\/a>\n\t\t\t\t\t\t\t<a class=\"e-gallery-item elementor-gallery-item elementor-animated-content\" href=\"https:\/\/cdu-kaarst.de\/wp-content\/uploads\/cdu-vor-ort-rathausstrasse-09.jpg\" data-elementor-open-lightbox=\"yes\" data-elementor-lightbox-slideshow=\"d55e7c9\" data-e-action-hash=\"#elementor-action%3Aaction%3Dlightbox%26settings%3DeyJpZCI6NTAzMCwidXJsIjoiaHR0cHM6XC9cL2NkdS1rYWFyc3QuZGVcL3dwLWNvbnRlbnRcL3VwbG9hZHNcL2NkdS12b3Itb3J0LXJhdGhhdXNzdHJhc3NlLTA5LmpwZyIsInNsaWRlc2hvdyI6ImQ1NWU3YzkifQ%3D%3D\">\n\t\t\t\t\t<div class=\"e-gallery-image elementor-gallery-item__image\" data-thumbnail=\"https:\/\/cdu-kaarst.de\/wp-content\/uploads\/cdu-vor-ort-rathausstrasse-09-300x300.jpg\" data-width=\"300\" data-height=\"300\" aria-label=\"\" role=\"img\" ><\/div>\n\t\t\t\t\t\t\t\t\t\t\t<div class=\"elementor-gallery-item__overlay\"><\/div>\n\t\t\t\t\t\t\t\t\t\t\t\t\t\t<\/a>\n\t\t\t\t\t\t\t<a class=\"e-gallery-item elementor-gallery-item elementor-animated-content\" href=\"https:\/\/cdu-kaarst.de\/wp-content\/uploads\/cdu-vor-ort-rathausstrasse-08.jpg\" data-elementor-open-lightbox=\"yes\" data-elementor-lightbox-slideshow=\"d55e7c9\" data-e-action-hash=\"#elementor-action%3Aaction%3Dlightbox%26settings%3DeyJpZCI6NTAyOSwidXJsIjoiaHR0cHM6XC9cL2NkdS1rYWFyc3QuZGVcL3dwLWNvbnRlbnRcL3VwbG9hZHNcL2NkdS12b3Itb3J0LXJhdGhhdXNzdHJhc3NlLTA4LmpwZyIsInNsaWRlc2hvdyI6ImQ1NWU3YzkifQ%3D%3D\">\n\t\t\t\t\t<div class=\"e-gallery-image elementor-gallery-item__image\" data-thumbnail=\"https:\/\/cdu-kaarst.de\/wp-content\/uploads\/cdu-vor-ort-rathausstrasse-08-300x300.jpg\" data-width=\"300\" data-height=\"300\" aria-label=\"\" role=\"img\" ><\/div>\n\t\t\t\t\t\t\t\t\t\t\t<div class=\"elementor-gallery-item__overlay\"><\/div>\n\t\t\t\t\t\t\t\t\t\t\t\t\t\t<\/a>\n\t\t\t\t\t\t\t<a class=\"e-gallery-item elementor-gallery-item elementor-animated-content\" href=\"https:\/\/cdu-kaarst.de\/wp-content\/uploads\/cdu-vor-ort-rathausstrasse-10.jpg\" data-elementor-open-lightbox=\"yes\" data-elementor-lightbox-slideshow=\"d55e7c9\" data-e-action-hash=\"#elementor-action%3Aaction%3Dlightbox%26settings%3DeyJpZCI6NTAzMSwidXJsIjoiaHR0cHM6XC9cL2NkdS1rYWFyc3QuZGVcL3dwLWNvbnRlbnRcL3VwbG9hZHNcL2NkdS12b3Itb3J0LXJhdGhhdXNzdHJhc3NlLTEwLmpwZyIsInNsaWRlc2hvdyI6ImQ1NWU3YzkifQ%3D%3D\">\n\t\t\t\t\t<div class=\"e-gallery-image elementor-gallery-item__image\" data-thumbnail=\"https:\/\/cdu-kaarst.de\/wp-content\/uploads\/cdu-vor-ort-rathausstrasse-10-300x300.jpg\" data-width=\"300\" data-height=\"300\" aria-label=\"\" role=\"img\" ><\/div>\n\t\t\t\t\t\t\t\t\t\t\t<div class=\"elementor-gallery-item__overlay\"><\/div>\n\t\t\t\t\t\t\t\t\t\t\t\t\t\t<\/a>\n\t\t\t\t\t\t\t<a class=\"e-gallery-item elementor-gallery-item elementor-animated-content\" href=\"https:\/\/cdu-kaarst.de\/wp-content\/uploads\/cdu-vor-ort-rathausstrasse-04.jpg\" data-elementor-open-lightbox=\"yes\" data-elementor-lightbox-slideshow=\"d55e7c9\" data-e-action-hash=\"#elementor-action%3Aaction%3Dlightbox%26settings%3DeyJpZCI6NTAyNSwidXJsIjoiaHR0cHM6XC9cL2NkdS1rYWFyc3QuZGVcL3dwLWNvbnRlbnRcL3VwbG9hZHNcL2NkdS12b3Itb3J0LXJhdGhhdXNzdHJhc3NlLTA0LmpwZyIsInNsaWRlc2hvdyI6ImQ1NWU3YzkifQ%3D%3D\">\n\t\t\t\t\t<div class=\"e-gallery-image elementor-gallery-item__image\" data-thumbnail=\"https:\/\/cdu-kaarst.de\/wp-content\/uploads\/cdu-vor-ort-rathausstrasse-04-300x300.jpg\" data-width=\"300\" data-height=\"300\" aria-label=\"\" role=\"img\" ><\/div>\n\t\t\t\t\t\t\t\t\t\t\t<div class=\"elementor-gallery-item__overlay\"><\/div>\n\t\t\t\t\t\t\t\t\t\t\t\t\t\t<\/a>\n\t\t\t\t\t<\/div>\n\t\t\t\t\t<\/div>\n\t\t\t\t<\/div>\n\t\t\t\t\t<\/div>\n\t\t<\/div>\n\t\t\t\t\t<\/div>\n\t\t<\/section>\n\t\t\t\t<\/div>","protected":false},"excerpt":{"rendered":"<p>Am 5. Oktober 2024 er\u00f6ffnete die Stadt Kaarst offiziell den neu gestalteten Bereich rund um die Rathausstra\u00dfe und das Kirchgeb\u00e4ude St. Martinus. Bei herrlichem Wetter und im Beisein zahlreicher B\u00fcrger wurde das Projekt erfolgreich eingeweiht. Zahlreiche Mitglieder der CDU Kaarst, darunter B\u00fcrgermeisterkandidat Christian Horn-Heinemann, waren vor Ort, um den direkten Austausch mit den B\u00fcrgern zu [&hellip;]<\/p>\n","protected":false},"author":1,"featured_media":5022,"comment_status":"closed","ping_status":"closed","sticky":false,"template":"","format":"standard","meta":{"footnotes":""},"categories":[1],"tags":[],"class_list":["post-4989","post","type-post","status-publish","format-standard","has-post-thumbnail","hentry","category-allgemein"],"yoast_head":"<!-- This site is optimized with the Yoast SEO plugin v27.4 - https:\/\/yoast.com\/product\/yoast-seo-wordpress\/ -->\n<title>Einweihung der neu gestalteten Rathausstra\u00dfe und des Bereichs um St. Martinus - CDU Kaarst-B\u00fcttgen<\/title>\n<meta name=\"robots\" content=\"index, follow, max-snippet:-1, max-image-preview:large, max-video-preview:-1\" \/>\n<link rel=\"canonical\" href=\"https:\/\/cdu-kaarst.de\/en\/allgemein\/einweihung-der-neu-gestalteten-rathausstrasse-und-des-bereichs-um-st-martinus\/\" \/>\n<meta property=\"og:locale\" content=\"en_GB\" \/>\n<meta property=\"og:type\" content=\"article\" \/>\n<meta property=\"og:title\" content=\"Einweihung der neu gestalteten Rathausstra\u00dfe und des Bereichs um St. Martinus - CDU Kaarst-B\u00fcttgen\" \/>\n<meta property=\"og:description\" content=\"Am 5. Oktober 2024 er\u00f6ffnete die Stadt Kaarst offiziell den neu gestalteten Bereich rund um die Rathausstra\u00dfe und das Kirchgeb\u00e4ude St. Martinus. Bei herrlichem Wetter und im Beisein zahlreicher B\u00fcrger wurde das Projekt erfolgreich eingeweiht. Zahlreiche Mitglieder der CDU Kaarst, darunter B\u00fcrgermeisterkandidat Christian Horn-Heinemann, waren vor Ort, um den direkten Austausch mit den B\u00fcrgern zu [&hellip;]\" \/>\n<meta property=\"og:url\" content=\"https:\/\/cdu-kaarst.de\/en\/allgemein\/einweihung-der-neu-gestalteten-rathausstrasse-und-des-bereichs-um-st-martinus\/\" \/>\n<meta property=\"og:site_name\" content=\"CDU Kaarst-B\u00fcttgen\" \/>\n<meta property=\"article:published_time\" content=\"2024-10-07T11:46:15+00:00\" \/>\n<meta property=\"article:modified_time\" content=\"2024-10-15T08:59:02+00:00\" \/>\n<meta property=\"og:image\" content=\"https:\/\/cdu-kaarst.de\/wp-content\/uploads\/cdu-vor-ort-rathausstrasse-01.jpg\" \/>\n\t<meta property=\"og:image:width\" content=\"1280\" \/>\n\t<meta property=\"og:image:height\" content=\"1706\" \/>\n\t<meta property=\"og:image:type\" content=\"image\/jpeg\" \/>\n<meta name=\"author\" content=\"@dm1n\" \/>\n<meta name=\"twitter:card\" content=\"summary_large_image\" \/>\n<meta name=\"twitter:label1\" content=\"Written by\" \/>\n\t<meta name=\"twitter:data1\" content=\"@dm1n\" \/>\n\t<meta name=\"twitter:label2\" content=\"Estimated reading time\" \/>\n\t<meta name=\"twitter:data2\" content=\"2 minutes\" \/>\n<script type=\"application\/ld+json\" class=\"yoast-schema-graph\">{\"@context\":\"https:\\\/\\\/schema.org\",\"@graph\":[{\"@type\":\"Article\",\"@id\":\"https:\\\/\\\/cdu-kaarst.de\\\/allgemein\\\/einweihung-der-neu-gestalteten-rathausstrasse-und-des-bereichs-um-st-martinus\\\/#article\",\"isPartOf\":{\"@id\":\"https:\\\/\\\/cdu-kaarst.de\\\/allgemein\\\/einweihung-der-neu-gestalteten-rathausstrasse-und-des-bereichs-um-st-martinus\\\/\"},\"author\":{\"name\":\"@dm1n\",\"@id\":\"https:\\\/\\\/cdu-kaarst.de\\\/#\\\/schema\\\/person\\\/05876a2bd7865609f2946e82cbc73476\"},\"headline\":\"Einweihung der neu gestalteten Rathausstra\u00dfe und des Bereichs um St. Martinus\",\"datePublished\":\"2024-10-07T11:46:15+00:00\",\"dateModified\":\"2024-10-15T08:59:02+00:00\",\"mainEntityOfPage\":{\"@id\":\"https:\\\/\\\/cdu-kaarst.de\\\/allgemein\\\/einweihung-der-neu-gestalteten-rathausstrasse-und-des-bereichs-um-st-martinus\\\/\"},\"wordCount\":343,\"publisher\":{\"@id\":\"https:\\\/\\\/cdu-kaarst.de\\\/#organization\"},\"image\":{\"@id\":\"https:\\\/\\\/cdu-kaarst.de\\\/allgemein\\\/einweihung-der-neu-gestalteten-rathausstrasse-und-des-bereichs-um-st-martinus\\\/#primaryimage\"},\"thumbnailUrl\":\"https:\\\/\\\/cdu-kaarst.de\\\/wp-content\\\/uploads\\\/cdu-vor-ort-rathausstrasse-01.jpg\",\"articleSection\":[\"Allgemein\"],\"inLanguage\":\"en-GB\"},{\"@type\":\"WebPage\",\"@id\":\"https:\\\/\\\/cdu-kaarst.de\\\/allgemein\\\/einweihung-der-neu-gestalteten-rathausstrasse-und-des-bereichs-um-st-martinus\\\/\",\"url\":\"https:\\\/\\\/cdu-kaarst.de\\\/allgemein\\\/einweihung-der-neu-gestalteten-rathausstrasse-und-des-bereichs-um-st-martinus\\\/\",\"name\":\"Einweihung der neu gestalteten Rathausstra\u00dfe und des Bereichs um St. Martinus - CDU Kaarst-B\u00fcttgen\",\"isPartOf\":{\"@id\":\"https:\\\/\\\/cdu-kaarst.de\\\/#website\"},\"primaryImageOfPage\":{\"@id\":\"https:\\\/\\\/cdu-kaarst.de\\\/allgemein\\\/einweihung-der-neu-gestalteten-rathausstrasse-und-des-bereichs-um-st-martinus\\\/#primaryimage\"},\"image\":{\"@id\":\"https:\\\/\\\/cdu-kaarst.de\\\/allgemein\\\/einweihung-der-neu-gestalteten-rathausstrasse-und-des-bereichs-um-st-martinus\\\/#primaryimage\"},\"thumbnailUrl\":\"https:\\\/\\\/cdu-kaarst.de\\\/wp-content\\\/uploads\\\/cdu-vor-ort-rathausstrasse-01.jpg\",\"datePublished\":\"2024-10-07T11:46:15+00:00\",\"dateModified\":\"2024-10-15T08:59:02+00:00\",\"breadcrumb\":{\"@id\":\"https:\\\/\\\/cdu-kaarst.de\\\/allgemein\\\/einweihung-der-neu-gestalteten-rathausstrasse-und-des-bereichs-um-st-martinus\\\/#breadcrumb\"},\"inLanguage\":\"en-GB\",\"potentialAction\":[{\"@type\":\"ReadAction\",\"target\":[\"https:\\\/\\\/cdu-kaarst.de\\\/allgemein\\\/einweihung-der-neu-gestalteten-rathausstrasse-und-des-bereichs-um-st-martinus\\\/\"]}]},{\"@type\":\"ImageObject\",\"inLanguage\":\"en-GB\",\"@id\":\"https:\\\/\\\/cdu-kaarst.de\\\/allgemein\\\/einweihung-der-neu-gestalteten-rathausstrasse-und-des-bereichs-um-st-martinus\\\/#primaryimage\",\"url\":\"https:\\\/\\\/cdu-kaarst.de\\\/wp-content\\\/uploads\\\/cdu-vor-ort-rathausstrasse-01.jpg\",\"contentUrl\":\"https:\\\/\\\/cdu-kaarst.de\\\/wp-content\\\/uploads\\\/cdu-vor-ort-rathausstrasse-01.jpg\",\"width\":1280,\"height\":1706},{\"@type\":\"BreadcrumbList\",\"@id\":\"https:\\\/\\\/cdu-kaarst.de\\\/allgemein\\\/einweihung-der-neu-gestalteten-rathausstrasse-und-des-bereichs-um-st-martinus\\\/#breadcrumb\",\"itemListElement\":[{\"@type\":\"ListItem\",\"position\":1,\"name\":\"Startseite\",\"item\":\"https:\\\/\\\/cdu-kaarst.de\\\/\"},{\"@type\":\"ListItem\",\"position\":2,\"name\":\"Einweihung der neu gestalteten Rathausstra\u00dfe und des Bereichs um St. Martinus\"}]},{\"@type\":\"WebSite\",\"@id\":\"https:\\\/\\\/cdu-kaarst.de\\\/#website\",\"url\":\"https:\\\/\\\/cdu-kaarst.de\\\/\",\"name\":\"CDU Kaarst-B\u00fcttgen\",\"description\":\"gut Leben in Kaarst\",\"publisher\":{\"@id\":\"https:\\\/\\\/cdu-kaarst.de\\\/#organization\"},\"potentialAction\":[{\"@type\":\"SearchAction\",\"target\":{\"@type\":\"EntryPoint\",\"urlTemplate\":\"https:\\\/\\\/cdu-kaarst.de\\\/?s={search_term_string}\"},\"query-input\":{\"@type\":\"PropertyValueSpecification\",\"valueRequired\":true,\"valueName\":\"search_term_string\"}}],\"inLanguage\":\"en-GB\"},{\"@type\":\"Organization\",\"@id\":\"https:\\\/\\\/cdu-kaarst.de\\\/#organization\",\"name\":\"CDU Kaarst-B\u00fcttgen\",\"url\":\"https:\\\/\\\/cdu-kaarst.de\\\/\",\"logo\":{\"@type\":\"ImageObject\",\"inLanguage\":\"en-GB\",\"@id\":\"https:\\\/\\\/cdu-kaarst.de\\\/#\\\/schema\\\/logo\\\/image\\\/\",\"url\":\"https:\\\/\\\/cdu-kaarst.de\\\/wp-content\\\/uploads\\\/cdu-gesamtlogo.png\",\"contentUrl\":\"https:\\\/\\\/cdu-kaarst.de\\\/wp-content\\\/uploads\\\/cdu-gesamtlogo.png\",\"width\":418,\"height\":120,\"caption\":\"CDU Kaarst-B\u00fcttgen\"},\"image\":{\"@id\":\"https:\\\/\\\/cdu-kaarst.de\\\/#\\\/schema\\\/logo\\\/image\\\/\"}},{\"@type\":\"Person\",\"@id\":\"https:\\\/\\\/cdu-kaarst.de\\\/#\\\/schema\\\/person\\\/05876a2bd7865609f2946e82cbc73476\",\"name\":\"@dm1n\",\"sameAs\":[\"http:\\\/\\\/cdu-kaarst.de\"]}]}<\/script>\n<!-- \/ Yoast SEO plugin. -->","yoast_head_json":{"title":"Inauguration of the redesigned Rathausstra\u00dfe and the area around St Martinus - CDU Kaarst-B\u00fcttgen","robots":{"index":"index","follow":"follow","max-snippet":"max-snippet:-1","max-image-preview":"max-image-preview:large","max-video-preview":"max-video-preview:-1"},"canonical":"https:\/\/cdu-kaarst.de\/en\/allgemein\/einweihung-der-neu-gestalteten-rathausstrasse-und-des-bereichs-um-st-martinus\/","og_locale":"en_GB","og_type":"article","og_title":"Einweihung der neu gestalteten Rathausstra\u00dfe und des Bereichs um St. Martinus - CDU Kaarst-B\u00fcttgen","og_description":"Am 5. Oktober 2024 er\u00f6ffnete die Stadt Kaarst offiziell den neu gestalteten Bereich rund um die Rathausstra\u00dfe und das Kirchgeb\u00e4ude St. Martinus. Bei herrlichem Wetter und im Beisein zahlreicher B\u00fcrger wurde das Projekt erfolgreich eingeweiht. Zahlreiche Mitglieder der CDU Kaarst, darunter B\u00fcrgermeisterkandidat Christian Horn-Heinemann, waren vor Ort, um den direkten Austausch mit den B\u00fcrgern zu [&hellip;]","og_url":"https:\/\/cdu-kaarst.de\/en\/allgemein\/einweihung-der-neu-gestalteten-rathausstrasse-und-des-bereichs-um-st-martinus\/","og_site_name":"CDU Kaarst-B\u00fcttgen","article_published_time":"2024-10-07T11:46:15+00:00","article_modified_time":"2024-10-15T08:59:02+00:00","og_image":[{"width":1280,"height":1706,"url":"https:\/\/cdu-kaarst.de\/wp-content\/uploads\/cdu-vor-ort-rathausstrasse-01.jpg","type":"image\/jpeg"}],"author":"@dm1n","twitter_card":"summary_large_image","twitter_misc":{"Written by":"@dm1n","Estimated reading time":"2 minutes"},"schema":{"@context":"https:\/\/schema.org","@graph":[{"@type":"Article","@id":"https:\/\/cdu-kaarst.de\/allgemein\/einweihung-der-neu-gestalteten-rathausstrasse-und-des-bereichs-um-st-martinus\/#article","isPartOf":{"@id":"https:\/\/cdu-kaarst.de\/allgemein\/einweihung-der-neu-gestalteten-rathausstrasse-und-des-bereichs-um-st-martinus\/"},"author":{"name":"@dm1n","@id":"https:\/\/cdu-kaarst.de\/#\/schema\/person\/05876a2bd7865609f2946e82cbc73476"},"headline":"Einweihung der neu gestalteten Rathausstra\u00dfe und des Bereichs um St. Martinus","datePublished":"2024-10-07T11:46:15+00:00","dateModified":"2024-10-15T08:59:02+00:00","mainEntityOfPage":{"@id":"https:\/\/cdu-kaarst.de\/allgemein\/einweihung-der-neu-gestalteten-rathausstrasse-und-des-bereichs-um-st-martinus\/"},"wordCount":343,"publisher":{"@id":"https:\/\/cdu-kaarst.de\/#organization"},"image":{"@id":"https:\/\/cdu-kaarst.de\/allgemein\/einweihung-der-neu-gestalteten-rathausstrasse-und-des-bereichs-um-st-martinus\/#primaryimage"},"thumbnailUrl":"https:\/\/cdu-kaarst.de\/wp-content\/uploads\/cdu-vor-ort-rathausstrasse-01.jpg","articleSection":["Allgemein"],"inLanguage":"en-GB"},{"@type":"WebPage","@id":"https:\/\/cdu-kaarst.de\/allgemein\/einweihung-der-neu-gestalteten-rathausstrasse-und-des-bereichs-um-st-martinus\/","url":"https:\/\/cdu-kaarst.de\/allgemein\/einweihung-der-neu-gestalteten-rathausstrasse-und-des-bereichs-um-st-martinus\/","name":"Inauguration of the redesigned Rathausstra\u00dfe and the area around St Martinus - CDU Kaarst-B\u00fcttgen","isPartOf":{"@id":"https:\/\/cdu-kaarst.de\/#website"},"primaryImageOfPage":{"@id":"https:\/\/cdu-kaarst.de\/allgemein\/einweihung-der-neu-gestalteten-rathausstrasse-und-des-bereichs-um-st-martinus\/#primaryimage"},"image":{"@id":"https:\/\/cdu-kaarst.de\/allgemein\/einweihung-der-neu-gestalteten-rathausstrasse-und-des-bereichs-um-st-martinus\/#primaryimage"},"thumbnailUrl":"https:\/\/cdu-kaarst.de\/wp-content\/uploads\/cdu-vor-ort-rathausstrasse-01.jpg","datePublished":"2024-10-07T11:46:15+00:00","dateModified":"2024-10-15T08:59:02+00:00","breadcrumb":{"@id":"https:\/\/cdu-kaarst.de\/allgemein\/einweihung-der-neu-gestalteten-rathausstrasse-und-des-bereichs-um-st-martinus\/#breadcrumb"},"inLanguage":"en-GB","potentialAction":[{"@type":"ReadAction","target":["https:\/\/cdu-kaarst.de\/allgemein\/einweihung-der-neu-gestalteten-rathausstrasse-und-des-bereichs-um-st-martinus\/"]}]},{"@type":"ImageObject","inLanguage":"en-GB","@id":"https:\/\/cdu-kaarst.de\/allgemein\/einweihung-der-neu-gestalteten-rathausstrasse-und-des-bereichs-um-st-martinus\/#primaryimage","url":"https:\/\/cdu-kaarst.de\/wp-content\/uploads\/cdu-vor-ort-rathausstrasse-01.jpg","contentUrl":"https:\/\/cdu-kaarst.de\/wp-content\/uploads\/cdu-vor-ort-rathausstrasse-01.jpg","width":1280,"height":1706},{"@type":"BreadcrumbList","@id":"https:\/\/cdu-kaarst.de\/allgemein\/einweihung-der-neu-gestalteten-rathausstrasse-und-des-bereichs-um-st-martinus\/#breadcrumb","itemListElement":[{"@type":"ListItem","position":1,"name":"Startseite","item":"https:\/\/cdu-kaarst.de\/"},{"@type":"ListItem","position":2,"name":"Einweihung der neu gestalteten Rathausstra\u00dfe und des Bereichs um St. Martinus"}]},{"@type":"WebSite","@id":"https:\/\/cdu-kaarst.de\/#website","url":"https:\/\/cdu-kaarst.de\/","name":"CDU Kaarst-B\u00fcttgen","description":"living well in Kaarst","publisher":{"@id":"https:\/\/cdu-kaarst.de\/#organization"},"potentialAction":[{"@type":"SearchAction","target":{"@type":"EntryPoint","urlTemplate":"https:\/\/cdu-kaarst.de\/?s={search_term_string}"},"query-input":{"@type":"PropertyValueSpecification","valueRequired":true,"valueName":"search_term_string"}}],"inLanguage":"en-GB"},{"@type":"Organization","@id":"https:\/\/cdu-kaarst.de\/#organization","name":"CDU Kaarst-B\u00fcttgen","url":"https:\/\/cdu-kaarst.de\/","logo":{"@type":"ImageObject","inLanguage":"en-GB","@id":"https:\/\/cdu-kaarst.de\/#\/schema\/logo\/image\/","url":"https:\/\/cdu-kaarst.de\/wp-content\/uploads\/cdu-gesamtlogo.png","contentUrl":"https:\/\/cdu-kaarst.de\/wp-content\/uploads\/cdu-gesamtlogo.png","width":418,"height":120,"caption":"CDU Kaarst-B\u00fcttgen"},"image":{"@id":"https:\/\/cdu-kaarst.de\/#\/schema\/logo\/image\/"}},{"@type":"Person","@id":"https:\/\/cdu-kaarst.de\/#\/schema\/person\/05876a2bd7865609f2946e82cbc73476","name":"@dm1n","sameAs":["http:\/\/cdu-kaarst.de"]}]}},"_links":{"self":[{"href":"https:\/\/cdu-kaarst.de\/en\/wp-json\/wp\/v2\/posts\/4989","targetHints":{"allow":["GET"]}}],"collection":[{"href":"https:\/\/cdu-kaarst.de\/en\/wp-json\/wp\/v2\/posts"}],"about":[{"href":"https:\/\/cdu-kaarst.de\/en\/wp-json\/wp\/v2\/types\/post"}],"author":[{"embeddable":true,"href":"https:\/\/cdu-kaarst.de\/en\/wp-json\/wp\/v2\/users\/1"}],"replies":[{"embeddable":true,"href":"https:\/\/cdu-kaarst.de\/en\/wp-json\/wp\/v2\/comments?post=4989"}],"version-history":[{"count":34,"href":"https:\/\/cdu-kaarst.de\/en\/wp-json\/wp\/v2\/posts\/4989\/revisions"}],"predecessor-version":[{"id":5148,"href":"https:\/\/cdu-kaarst.de\/en\/wp-json\/wp\/v2\/posts\/4989\/revisions\/5148"}],"wp:featuredmedia":[{"embeddable":true,"href":"https:\/\/cdu-kaarst.de\/en\/wp-json\/wp\/v2\/media\/5022"}],"wp:attachment":[{"href":"https:\/\/cdu-kaarst.de\/en\/wp-json\/wp\/v2\/media?parent=4989"}],"wp:term":[{"taxonomy":"category","embeddable":true,"href":"https:\/\/cdu-kaarst.de\/en\/wp-json\/wp\/v2\/categories?post=4989"},{"taxonomy":"post_tag","embeddable":true,"href":"https:\/\/cdu-kaarst.de\/en\/wp-json\/wp\/v2\/tags?post=4989"}],"curies":[{"name":"wp","href":"https:\/\/api.w.org\/{rel}","templated":true}]}}