{"id":505,"date":"2024-01-22T11:21:54","date_gmt":"2024-01-22T10:21:54","guid":{"rendered":"http:\/\/cdu-kaarst.de\/?p=505"},"modified":"2024-05-16T13:14:09","modified_gmt":"2024-05-16T11:14:09","slug":"erfolgreicher-neujahrsempfang","status":"publish","type":"post","link":"https:\/\/cdu-kaarst.de\/en\/cdu-kaarst\/erfolgreicher-neujahrsempfang\/","title":{"rendered":"Successful New Year's reception"},"content":{"rendered":"<div data-elementor-type=\"wp-post\" data-elementor-id=\"505\" class=\"elementor elementor-505\" data-elementor-post-type=\"post\">\n\t\t\t\t\t\t<section class=\"elementor-section elementor-top-section elementor-element elementor-element-8ca6186 elementor-section-boxed elementor-section-height-default elementor-section-height-default\" data-id=\"8ca6186\" data-element_type=\"section\" data-e-type=\"section\" data-settings=\"{&quot;jet_parallax_layout_list&quot;:[]}\">\n\t\t\t\t\t\t<div class=\"elementor-container elementor-column-gap-default\">\n\t\t\t\t\t<div class=\"elementor-column elementor-col-100 elementor-top-column elementor-element elementor-element-bf37331\" data-id=\"bf37331\" data-element_type=\"column\" data-e-type=\"column\">\n\t\t\t<div class=\"elementor-widget-wrap elementor-element-populated\">\n\t\t\t\t\t\t<div class=\"elementor-element elementor-element-ece7182 elementor-widget elementor-widget-text-editor\" data-id=\"ece7182\" data-element_type=\"widget\" data-e-type=\"widget\" data-widget_type=\"text-editor.default\">\n\t\t\t\t<div class=\"elementor-widget-container\">\n\t\t\t\t\t\t\t\t\t<p>At our New Year's reception yesterday, we welcomed around 350 guests in a hall that was filled to capacity.<\/p><p>Our city association chairman Christian Horn-Heinemann gave a speech at the beginning of the evening in which he warned of a division in society due to international crises and the centres of war. However, he also focussed on the municipal level and the disenchantment with politics and administration in Kaarst. A deficit of 15 million euros in the municipal budget and many construction tasks required sovereign leadership positions and joint action by all political parties.<\/p><p>We were delighted to welcome Ambassador Christoph Heusgen as our guest speaker. The head of the Munich Security Conference appealed to the strength of our constitutional state and the resulting obligations. Diplomat Heusgen believes that Germany and Europe have a duty to take on more international responsibility. He spoke impressively about the global political situation, not without expressing optimism in addition to referring to the many crises.<\/p>\t\t\t\t\t\t\t\t<\/div>\n\t\t\t\t<\/div>\n\t\t\t\t\t<\/div>\n\t\t<\/div>\n\t\t\t\t\t<\/div>\n\t\t<\/section>\n\t\t\t\t<section class=\"elementor-section elementor-top-section elementor-element elementor-element-e208866 elementor-section-boxed elementor-section-height-default elementor-section-height-default\" data-id=\"e208866\" data-element_type=\"section\" data-e-type=\"section\" data-settings=\"{&quot;jet_parallax_layout_list&quot;:[]}\">\n\t\t\t\t\t\t<div class=\"elementor-container elementor-column-gap-default\">\n\t\t\t\t\t<div class=\"elementor-column elementor-col-100 elementor-top-column elementor-element elementor-element-673a08d\" data-id=\"673a08d\" data-element_type=\"column\" data-e-type=\"column\">\n\t\t\t<div class=\"elementor-widget-wrap elementor-element-populated\">\n\t\t\t\t\t\t<div class=\"elementor-element elementor-element-b268196 elementor-widget elementor-widget-image\" data-id=\"b268196\" data-element_type=\"widget\" data-e-type=\"widget\" data-widget_type=\"image.default\">\n\t\t\t\t<div class=\"elementor-widget-container\">\n\t\t\t\t\t\t\t\t\t\t\t\t\t\t\t<img fetchpriority=\"high\" decoding=\"async\" width=\"768\" height=\"959\" src=\"https:\/\/cdu-kaarst.de\/wp-content\/uploads\/cdu-kaarst-neujahresempfang-2024-heusgen.jpg\" class=\"attachment-large size-large wp-image-521\" alt=\"\" srcset=\"https:\/\/cdu-kaarst.de\/wp-content\/uploads\/cdu-kaarst-neujahresempfang-2024-heusgen.jpg 768w, https:\/\/cdu-kaarst.de\/wp-content\/uploads\/cdu-kaarst-neujahresempfang-2024-heusgen-240x300.jpg 240w\" sizes=\"(max-width: 768px) 100vw, 768px\" \/>\t\t\t\t\t\t\t\t\t\t\t\t\t\t\t<\/div>\n\t\t\t\t<\/div>\n\t\t\t\t\t<\/div>\n\t\t<\/div>\n\t\t\t\t\t<\/div>\n\t\t<\/section>\n\t\t\t\t<section class=\"elementor-section elementor-top-section elementor-element elementor-element-cc15194 elementor-section-boxed elementor-section-height-default elementor-section-height-default\" data-id=\"cc15194\" data-element_type=\"section\" data-e-type=\"section\" data-settings=\"{&quot;jet_parallax_layout_list&quot;:[]}\">\n\t\t\t\t\t\t<div class=\"elementor-container elementor-column-gap-default\">\n\t\t\t\t\t<div class=\"elementor-column elementor-col-100 elementor-top-column elementor-element elementor-element-704cec8\" data-id=\"704cec8\" data-element_type=\"column\" data-e-type=\"column\">\n\t\t\t<div class=\"elementor-widget-wrap elementor-element-populated\">\n\t\t\t\t\t\t<div class=\"elementor-element elementor-element-659411d elementor-widget elementor-widget-text-editor\" data-id=\"659411d\" data-element_type=\"widget\" data-e-type=\"widget\" data-widget_type=\"text-editor.default\">\n\t\t\t\t<div class=\"elementor-widget-container\">\n\t\t\t\t\t\t\t\t\t<p>More information on Christoph Heusgen's speech can be found here: <a href=\"https:\/\/rp-online.de\/nrw\/staedte\/kaarst\/cdu-empfang-kaarst-heusgen-appelliert-an-staerke-des-rechtsstaates_aid-102926951\" target=\"_blank\" rel=\"noopener\">CDU reception in Kaarst: Heusgen appeals to the strength of the rule of law (rp-online.de)<\/a><\/p><p>The Ambassador's speech was followed by a lively discussion with numerous participants!<\/p><p>Not only was Christoph Heusgen's speech rousing, but also the musical highlight of the morning: the Ukrainian-Russian duo, consisting of Natalya Vetrova and Dmitry Lavrov, delighted the audience with a mix of classical music and Russian-Ukrainian folk songs.<\/p>\t\t\t\t\t\t\t\t<\/div>\n\t\t\t\t<\/div>\n\t\t\t\t\t<\/div>\n\t\t<\/div>\n\t\t\t\t\t<\/div>\n\t\t<\/section>\n\t\t\t\t<section class=\"elementor-section elementor-top-section elementor-element elementor-element-39e3d33 elementor-section-boxed elementor-section-height-default elementor-section-height-default\" data-id=\"39e3d33\" data-element_type=\"section\" data-e-type=\"section\" data-settings=\"{&quot;jet_parallax_layout_list&quot;:[]}\">\n\t\t\t\t\t\t<div class=\"elementor-container elementor-column-gap-default\">\n\t\t\t\t\t<div class=\"elementor-column elementor-col-100 elementor-top-column elementor-element elementor-element-3fae226\" data-id=\"3fae226\" data-element_type=\"column\" data-e-type=\"column\">\n\t\t\t<div class=\"elementor-widget-wrap elementor-element-populated\">\n\t\t\t\t\t\t<div class=\"elementor-element elementor-element-28ce775 elementor-widget elementor-widget-video\" data-id=\"28ce775\" data-element_type=\"widget\" data-e-type=\"widget\" data-settings=\"{&quot;video_type&quot;:&quot;hosted&quot;,&quot;controls&quot;:&quot;yes&quot;}\" data-widget_type=\"video.default\">\n\t\t\t\t<div class=\"elementor-widget-container\">\n\t\t\t\t\t\t\t<div class=\"e-hosted-video elementor-wrapper elementor-open-inline\">\n\t\t\t\t\t<video class=\"elementor-video\" src=\"https:\/\/cdu-kaarst.de\/wp-content\/uploads\/WhatsApp-Video-2024-01-22-at-12.21.29.mp4\" controls=\"\" preload=\"metadata\" controlslist=\"nodownload\"><\/video>\n\t\t\t\t<\/div>\n\t\t\t\t\t\t<\/div>\n\t\t\t\t<\/div>\n\t\t\t\t\t<\/div>\n\t\t<\/div>\n\t\t\t\t\t<\/div>\n\t\t<\/section>\n\t\t\t\t<section class=\"elementor-section elementor-top-section elementor-element elementor-element-f4146f2 elementor-section-boxed elementor-section-height-default elementor-section-height-default\" data-id=\"f4146f2\" data-element_type=\"section\" data-e-type=\"section\" data-settings=\"{&quot;jet_parallax_layout_list&quot;:[]}\">\n\t\t\t\t\t\t<div class=\"elementor-container elementor-column-gap-default\">\n\t\t\t\t\t<div class=\"elementor-column elementor-col-100 elementor-top-column elementor-element elementor-element-4ff11d6\" data-id=\"4ff11d6\" data-element_type=\"column\" data-e-type=\"column\">\n\t\t\t<div class=\"elementor-widget-wrap elementor-element-populated\">\n\t\t\t\t\t\t<div class=\"elementor-element elementor-element-84805dc elementor-widget elementor-widget-text-editor\" data-id=\"84805dc\" data-element_type=\"widget\" data-e-type=\"widget\" data-widget_type=\"text-editor.default\">\n\t\t\t\t<div class=\"elementor-widget-container\">\n\t\t\t\t\t\t\t\t\t<p>To summarise, it was a very successful morning and an outstanding start to the year 2024! We would like to thank all visitors, as well as our guest speaker and our music duo!<\/p>\t\t\t\t\t\t\t\t<\/div>\n\t\t\t\t<\/div>\n\t\t\t\t\t<\/div>\n\t\t<\/div>\n\t\t\t\t\t<\/div>\n\t\t<\/section>\n\t\t\t\t<\/div>","protected":false},"excerpt":{"rendered":"<p>Bei unserem gestrigen Neujahrsempfang durften wir in einem bis auf den letzten Platz besetzten Saal rund 350 G\u00e4sten begr\u00fc\u00dfen. Unser Stadtverbandsvorsitzender Christian Horn-Heinemann hielt zu Beginn des Abends eine Rede, in der er aufgrund von internationalen Krisen und Kriegsherden vor einer Spaltung der Gesellschaft warnte. Er richtete seinen Blick allerdings auch auf die kommunale Ebene [&hellip;]<\/p>\n","protected":false},"author":1,"featured_media":509,"comment_status":"closed","ping_status":"closed","sticky":false,"template":"","format":"standard","meta":{"footnotes":""},"categories":[23,25],"tags":[26,33,27,32],"class_list":["post-505","post","type-post","status-publish","format-standard","has-post-thumbnail","hentry","category-cdu-kaarst","category-stadtverband-kaarst-buettgen","tag-cdu-kaarst","tag-christoph-heusgen","tag-kaarst","tag-neujahrsempfang"],"yoast_head":"<!-- This site is optimized with the Yoast SEO plugin v27.4 - https:\/\/yoast.com\/product\/yoast-seo-wordpress\/ -->\n<title>Erfolgreicher Neujahrsempfang - CDU Kaarst-B\u00fcttgen<\/title>\n<meta name=\"robots\" content=\"index, follow, max-snippet:-1, max-image-preview:large, max-video-preview:-1\" \/>\n<link rel=\"canonical\" href=\"https:\/\/cdu-kaarst.de\/en\/cdu-kaarst\/erfolgreicher-neujahrsempfang\/\" \/>\n<meta property=\"og:locale\" content=\"en_GB\" \/>\n<meta property=\"og:type\" content=\"article\" \/>\n<meta property=\"og:title\" content=\"Erfolgreicher Neujahrsempfang - CDU Kaarst-B\u00fcttgen\" \/>\n<meta property=\"og:description\" content=\"Bei unserem gestrigen Neujahrsempfang durften wir in einem bis auf den letzten Platz besetzten Saal rund 350 G\u00e4sten begr\u00fc\u00dfen. Unser Stadtverbandsvorsitzender Christian Horn-Heinemann hielt zu Beginn des Abends eine Rede, in der er aufgrund von internationalen Krisen und Kriegsherden vor einer Spaltung der Gesellschaft warnte. Er richtete seinen Blick allerdings auch auf die kommunale Ebene [&hellip;]\" \/>\n<meta property=\"og:url\" content=\"https:\/\/cdu-kaarst.de\/en\/cdu-kaarst\/erfolgreicher-neujahrsempfang\/\" \/>\n<meta property=\"og:site_name\" content=\"CDU Kaarst-B\u00fcttgen\" \/>\n<meta property=\"article:published_time\" content=\"2024-01-22T10:21:54+00:00\" \/>\n<meta property=\"article:modified_time\" content=\"2024-05-16T11:14:09+00:00\" \/>\n<meta property=\"og:image\" content=\"https:\/\/cdu-kaarst.de\/wp-content\/uploads\/cdu-kaarst-neujahresempfang-2024.jpg\" \/>\n\t<meta property=\"og:image:width\" content=\"1001\" \/>\n\t<meta property=\"og:image:height\" content=\"1200\" \/>\n\t<meta property=\"og:image:type\" content=\"image\/jpeg\" \/>\n<meta name=\"author\" content=\"@dm1n\" \/>\n<meta name=\"twitter:card\" content=\"summary_large_image\" \/>\n<meta name=\"twitter:label1\" content=\"Written by\" \/>\n\t<meta name=\"twitter:data1\" content=\"@dm1n\" \/>\n\t<meta name=\"twitter:label2\" content=\"Estimated reading time\" \/>\n\t<meta name=\"twitter:data2\" content=\"1 minute\" \/>\n<script type=\"application\/ld+json\" class=\"yoast-schema-graph\">{\"@context\":\"https:\\\/\\\/schema.org\",\"@graph\":[{\"@type\":\"Article\",\"@id\":\"https:\\\/\\\/cdu-kaarst.de\\\/en\\\/cdu-kaarst\\\/erfolgreicher-neujahrsempfang\\\/#article\",\"isPartOf\":{\"@id\":\"https:\\\/\\\/cdu-kaarst.de\\\/en\\\/cdu-kaarst\\\/erfolgreicher-neujahrsempfang\\\/\"},\"author\":{\"name\":\"@dm1n\",\"@id\":\"https:\\\/\\\/cdu-kaarst.de\\\/#\\\/schema\\\/person\\\/05876a2bd7865609f2946e82cbc73476\"},\"headline\":\"Erfolgreicher Neujahrsempfang\",\"datePublished\":\"2024-01-22T10:21:54+00:00\",\"dateModified\":\"2024-05-16T11:14:09+00:00\",\"mainEntityOfPage\":{\"@id\":\"https:\\\/\\\/cdu-kaarst.de\\\/en\\\/cdu-kaarst\\\/erfolgreicher-neujahrsempfang\\\/\"},\"wordCount\":265,\"publisher\":{\"@id\":\"https:\\\/\\\/cdu-kaarst.de\\\/#organization\"},\"image\":{\"@id\":\"https:\\\/\\\/cdu-kaarst.de\\\/en\\\/cdu-kaarst\\\/erfolgreicher-neujahrsempfang\\\/#primaryimage\"},\"thumbnailUrl\":\"https:\\\/\\\/cdu-kaarst.de\\\/wp-content\\\/uploads\\\/cdu-kaarst-neujahresempfang-2024.jpg\",\"keywords\":[\"CDU Kaarst\",\"Christoph Heusgen\",\"Kaarst\",\"Neujahrsempfang\"],\"articleSection\":[\"CDU Kaarst\",\"Stadtverband Kaarst-B\u00fcttgen\"],\"inLanguage\":\"en-GB\"},{\"@type\":\"WebPage\",\"@id\":\"https:\\\/\\\/cdu-kaarst.de\\\/en\\\/cdu-kaarst\\\/erfolgreicher-neujahrsempfang\\\/\",\"url\":\"https:\\\/\\\/cdu-kaarst.de\\\/en\\\/cdu-kaarst\\\/erfolgreicher-neujahrsempfang\\\/\",\"name\":\"Erfolgreicher Neujahrsempfang - CDU Kaarst-B\u00fcttgen\",\"isPartOf\":{\"@id\":\"https:\\\/\\\/cdu-kaarst.de\\\/#website\"},\"primaryImageOfPage\":{\"@id\":\"https:\\\/\\\/cdu-kaarst.de\\\/en\\\/cdu-kaarst\\\/erfolgreicher-neujahrsempfang\\\/#primaryimage\"},\"image\":{\"@id\":\"https:\\\/\\\/cdu-kaarst.de\\\/en\\\/cdu-kaarst\\\/erfolgreicher-neujahrsempfang\\\/#primaryimage\"},\"thumbnailUrl\":\"https:\\\/\\\/cdu-kaarst.de\\\/wp-content\\\/uploads\\\/cdu-kaarst-neujahresempfang-2024.jpg\",\"datePublished\":\"2024-01-22T10:21:54+00:00\",\"dateModified\":\"2024-05-16T11:14:09+00:00\",\"breadcrumb\":{\"@id\":\"https:\\\/\\\/cdu-kaarst.de\\\/en\\\/cdu-kaarst\\\/erfolgreicher-neujahrsempfang\\\/#breadcrumb\"},\"inLanguage\":\"en-GB\",\"potentialAction\":[{\"@type\":\"ReadAction\",\"target\":[\"https:\\\/\\\/cdu-kaarst.de\\\/en\\\/cdu-kaarst\\\/erfolgreicher-neujahrsempfang\\\/\"]}]},{\"@type\":\"ImageObject\",\"inLanguage\":\"en-GB\",\"@id\":\"https:\\\/\\\/cdu-kaarst.de\\\/en\\\/cdu-kaarst\\\/erfolgreicher-neujahrsempfang\\\/#primaryimage\",\"url\":\"https:\\\/\\\/cdu-kaarst.de\\\/wp-content\\\/uploads\\\/cdu-kaarst-neujahresempfang-2024.jpg\",\"contentUrl\":\"https:\\\/\\\/cdu-kaarst.de\\\/wp-content\\\/uploads\\\/cdu-kaarst-neujahresempfang-2024.jpg\",\"width\":1001,\"height\":1200},{\"@type\":\"BreadcrumbList\",\"@id\":\"https:\\\/\\\/cdu-kaarst.de\\\/en\\\/cdu-kaarst\\\/erfolgreicher-neujahrsempfang\\\/#breadcrumb\",\"itemListElement\":[{\"@type\":\"ListItem\",\"position\":1,\"name\":\"Startseite\",\"item\":\"https:\\\/\\\/cdu-kaarst.de\\\/\"},{\"@type\":\"ListItem\",\"position\":2,\"name\":\"Erfolgreicher Neujahrsempfang\"}]},{\"@type\":\"WebSite\",\"@id\":\"https:\\\/\\\/cdu-kaarst.de\\\/#website\",\"url\":\"https:\\\/\\\/cdu-kaarst.de\\\/\",\"name\":\"CDU Kaarst-B\u00fcttgen\",\"description\":\"gut Leben in Kaarst\",\"publisher\":{\"@id\":\"https:\\\/\\\/cdu-kaarst.de\\\/#organization\"},\"potentialAction\":[{\"@type\":\"SearchAction\",\"target\":{\"@type\":\"EntryPoint\",\"urlTemplate\":\"https:\\\/\\\/cdu-kaarst.de\\\/?s={search_term_string}\"},\"query-input\":{\"@type\":\"PropertyValueSpecification\",\"valueRequired\":true,\"valueName\":\"search_term_string\"}}],\"inLanguage\":\"en-GB\"},{\"@type\":\"Organization\",\"@id\":\"https:\\\/\\\/cdu-kaarst.de\\\/#organization\",\"name\":\"CDU Kaarst-B\u00fcttgen\",\"url\":\"https:\\\/\\\/cdu-kaarst.de\\\/\",\"logo\":{\"@type\":\"ImageObject\",\"inLanguage\":\"en-GB\",\"@id\":\"https:\\\/\\\/cdu-kaarst.de\\\/#\\\/schema\\\/logo\\\/image\\\/\",\"url\":\"https:\\\/\\\/cdu-kaarst.de\\\/wp-content\\\/uploads\\\/cdu-gesamtlogo.png\",\"contentUrl\":\"https:\\\/\\\/cdu-kaarst.de\\\/wp-content\\\/uploads\\\/cdu-gesamtlogo.png\",\"width\":418,\"height\":120,\"caption\":\"CDU Kaarst-B\u00fcttgen\"},\"image\":{\"@id\":\"https:\\\/\\\/cdu-kaarst.de\\\/#\\\/schema\\\/logo\\\/image\\\/\"}},{\"@type\":\"Person\",\"@id\":\"https:\\\/\\\/cdu-kaarst.de\\\/#\\\/schema\\\/person\\\/05876a2bd7865609f2946e82cbc73476\",\"name\":\"@dm1n\",\"sameAs\":[\"http:\\\/\\\/cdu-kaarst.de\"]}]}<\/script>\n<!-- \/ Yoast SEO plugin. -->","yoast_head_json":{"title":"Erfolgreicher Neujahrsempfang - CDU Kaarst-B\u00fcttgen","robots":{"index":"index","follow":"follow","max-snippet":"max-snippet:-1","max-image-preview":"max-image-preview:large","max-video-preview":"max-video-preview:-1"},"canonical":"https:\/\/cdu-kaarst.de\/en\/cdu-kaarst\/erfolgreicher-neujahrsempfang\/","og_locale":"en_GB","og_type":"article","og_title":"Erfolgreicher Neujahrsempfang - CDU Kaarst-B\u00fcttgen","og_description":"Bei unserem gestrigen Neujahrsempfang durften wir in einem bis auf den letzten Platz besetzten Saal rund 350 G\u00e4sten begr\u00fc\u00dfen. Unser Stadtverbandsvorsitzender Christian Horn-Heinemann hielt zu Beginn des Abends eine Rede, in der er aufgrund von internationalen Krisen und Kriegsherden vor einer Spaltung der Gesellschaft warnte. Er richtete seinen Blick allerdings auch auf die kommunale Ebene [&hellip;]","og_url":"https:\/\/cdu-kaarst.de\/en\/cdu-kaarst\/erfolgreicher-neujahrsempfang\/","og_site_name":"CDU Kaarst-B\u00fcttgen","article_published_time":"2024-01-22T10:21:54+00:00","article_modified_time":"2024-05-16T11:14:09+00:00","og_image":[{"width":1001,"height":1200,"url":"https:\/\/cdu-kaarst.de\/wp-content\/uploads\/cdu-kaarst-neujahresempfang-2024.jpg","type":"image\/jpeg"}],"author":"@dm1n","twitter_card":"summary_large_image","twitter_misc":{"Written by":"@dm1n","Estimated reading time":"1 minute"},"schema":{"@context":"https:\/\/schema.org","@graph":[{"@type":"Article","@id":"https:\/\/cdu-kaarst.de\/en\/cdu-kaarst\/erfolgreicher-neujahrsempfang\/#article","isPartOf":{"@id":"https:\/\/cdu-kaarst.de\/en\/cdu-kaarst\/erfolgreicher-neujahrsempfang\/"},"author":{"name":"@dm1n","@id":"https:\/\/cdu-kaarst.de\/#\/schema\/person\/05876a2bd7865609f2946e82cbc73476"},"headline":"Erfolgreicher Neujahrsempfang","datePublished":"2024-01-22T10:21:54+00:00","dateModified":"2024-05-16T11:14:09+00:00","mainEntityOfPage":{"@id":"https:\/\/cdu-kaarst.de\/en\/cdu-kaarst\/erfolgreicher-neujahrsempfang\/"},"wordCount":265,"publisher":{"@id":"https:\/\/cdu-kaarst.de\/#organization"},"image":{"@id":"https:\/\/cdu-kaarst.de\/en\/cdu-kaarst\/erfolgreicher-neujahrsempfang\/#primaryimage"},"thumbnailUrl":"https:\/\/cdu-kaarst.de\/wp-content\/uploads\/cdu-kaarst-neujahresempfang-2024.jpg","keywords":["CDU Kaarst","Christoph Heusgen","Kaarst","Neujahrsempfang"],"articleSection":["CDU Kaarst","Stadtverband Kaarst-B\u00fcttgen"],"inLanguage":"en-GB"},{"@type":"WebPage","@id":"https:\/\/cdu-kaarst.de\/en\/cdu-kaarst\/erfolgreicher-neujahrsempfang\/","url":"https:\/\/cdu-kaarst.de\/en\/cdu-kaarst\/erfolgreicher-neujahrsempfang\/","name":"Erfolgreicher Neujahrsempfang - CDU Kaarst-B\u00fcttgen","isPartOf":{"@id":"https:\/\/cdu-kaarst.de\/#website"},"primaryImageOfPage":{"@id":"https:\/\/cdu-kaarst.de\/en\/cdu-kaarst\/erfolgreicher-neujahrsempfang\/#primaryimage"},"image":{"@id":"https:\/\/cdu-kaarst.de\/en\/cdu-kaarst\/erfolgreicher-neujahrsempfang\/#primaryimage"},"thumbnailUrl":"https:\/\/cdu-kaarst.de\/wp-content\/uploads\/cdu-kaarst-neujahresempfang-2024.jpg","datePublished":"2024-01-22T10:21:54+00:00","dateModified":"2024-05-16T11:14:09+00:00","breadcrumb":{"@id":"https:\/\/cdu-kaarst.de\/en\/cdu-kaarst\/erfolgreicher-neujahrsempfang\/#breadcrumb"},"inLanguage":"en-GB","potentialAction":[{"@type":"ReadAction","target":["https:\/\/cdu-kaarst.de\/en\/cdu-kaarst\/erfolgreicher-neujahrsempfang\/"]}]},{"@type":"ImageObject","inLanguage":"en-GB","@id":"https:\/\/cdu-kaarst.de\/en\/cdu-kaarst\/erfolgreicher-neujahrsempfang\/#primaryimage","url":"https:\/\/cdu-kaarst.de\/wp-content\/uploads\/cdu-kaarst-neujahresempfang-2024.jpg","contentUrl":"https:\/\/cdu-kaarst.de\/wp-content\/uploads\/cdu-kaarst-neujahresempfang-2024.jpg","width":1001,"height":1200},{"@type":"BreadcrumbList","@id":"https:\/\/cdu-kaarst.de\/en\/cdu-kaarst\/erfolgreicher-neujahrsempfang\/#breadcrumb","itemListElement":[{"@type":"ListItem","position":1,"name":"Startseite","item":"https:\/\/cdu-kaarst.de\/"},{"@type":"ListItem","position":2,"name":"Erfolgreicher Neujahrsempfang"}]},{"@type":"WebSite","@id":"https:\/\/cdu-kaarst.de\/#website","url":"https:\/\/cdu-kaarst.de\/","name":"CDU Kaarst-B\u00fcttgen","description":"living well in Kaarst","publisher":{"@id":"https:\/\/cdu-kaarst.de\/#organization"},"potentialAction":[{"@type":"SearchAction","target":{"@type":"EntryPoint","urlTemplate":"https:\/\/cdu-kaarst.de\/?s={search_term_string}"},"query-input":{"@type":"PropertyValueSpecification","valueRequired":true,"valueName":"search_term_string"}}],"inLanguage":"en-GB"},{"@type":"Organization","@id":"https:\/\/cdu-kaarst.de\/#organization","name":"CDU Kaarst-B\u00fcttgen","url":"https:\/\/cdu-kaarst.de\/","logo":{"@type":"ImageObject","inLanguage":"en-GB","@id":"https:\/\/cdu-kaarst.de\/#\/schema\/logo\/image\/","url":"https:\/\/cdu-kaarst.de\/wp-content\/uploads\/cdu-gesamtlogo.png","contentUrl":"https:\/\/cdu-kaarst.de\/wp-content\/uploads\/cdu-gesamtlogo.png","width":418,"height":120,"caption":"CDU Kaarst-B\u00fcttgen"},"image":{"@id":"https:\/\/cdu-kaarst.de\/#\/schema\/logo\/image\/"}},{"@type":"Person","@id":"https:\/\/cdu-kaarst.de\/#\/schema\/person\/05876a2bd7865609f2946e82cbc73476","name":"@dm1n","sameAs":["http:\/\/cdu-kaarst.de"]}]}},"_links":{"self":[{"href":"https:\/\/cdu-kaarst.de\/en\/wp-json\/wp\/v2\/posts\/505","targetHints":{"allow":["GET"]}}],"collection":[{"href":"https:\/\/cdu-kaarst.de\/en\/wp-json\/wp\/v2\/posts"}],"about":[{"href":"https:\/\/cdu-kaarst.de\/en\/wp-json\/wp\/v2\/types\/post"}],"author":[{"embeddable":true,"href":"https:\/\/cdu-kaarst.de\/en\/wp-json\/wp\/v2\/users\/1"}],"replies":[{"embeddable":true,"href":"https:\/\/cdu-kaarst.de\/en\/wp-json\/wp\/v2\/comments?post=505"}],"version-history":[{"count":17,"href":"https:\/\/cdu-kaarst.de\/en\/wp-json\/wp\/v2\/posts\/505\/revisions"}],"predecessor-version":[{"id":2385,"href":"https:\/\/cdu-kaarst.de\/en\/wp-json\/wp\/v2\/posts\/505\/revisions\/2385"}],"wp:featuredmedia":[{"embeddable":true,"href":"https:\/\/cdu-kaarst.de\/en\/wp-json\/wp\/v2\/media\/509"}],"wp:attachment":[{"href":"https:\/\/cdu-kaarst.de\/en\/wp-json\/wp\/v2\/media?parent=505"}],"wp:term":[{"taxonomy":"category","embeddable":true,"href":"https:\/\/cdu-kaarst.de\/en\/wp-json\/wp\/v2\/categories?post=505"},{"taxonomy":"post_tag","embeddable":true,"href":"https:\/\/cdu-kaarst.de\/en\/wp-json\/wp\/v2\/tags?post=505"}],"curies":[{"name":"wp","href":"https:\/\/api.w.org\/{rel}","templated":true}]}}