{"id":5077,"date":"2024-10-11T11:16:49","date_gmt":"2024-10-11T09:16:49","guid":{"rendered":"https:\/\/cdu-kaarst.de\/?p=5077"},"modified":"2024-10-11T11:22:24","modified_gmt":"2024-10-11T09:22:24","slug":"cdu-vor-ort-holzbuttgen-an-der-bismarckstrasse","status":"publish","type":"post","link":"https:\/\/cdu-kaarst.de\/en\/allgemein\/cdu-vor-ort-holzbuttgen-an-der-bismarckstrasse\/","title":{"rendered":"CDU on site: Holzb\u00fcttgen on Bismarckstra\u00dfe"},"content":{"rendered":"<div data-elementor-type=\"wp-post\" data-elementor-id=\"5077\" class=\"elementor elementor-5077\" data-elementor-post-type=\"post\">\n\t\t\t\t\t\t<section class=\"elementor-section elementor-top-section elementor-element elementor-element-1fdd157 elementor-section-boxed elementor-section-height-default elementor-section-height-default\" data-id=\"1fdd157\" data-element_type=\"section\" data-e-type=\"section\" data-settings=\"{&quot;jet_parallax_layout_list&quot;:[]}\">\n\t\t\t\t\t\t<div class=\"elementor-container elementor-column-gap-default\">\n\t\t\t\t\t<div class=\"elementor-column elementor-col-100 elementor-top-column elementor-element elementor-element-cff7932\" data-id=\"cff7932\" data-element_type=\"column\" data-e-type=\"column\">\n\t\t\t<div class=\"elementor-widget-wrap elementor-element-populated\">\n\t\t\t\t\t\t<div class=\"elementor-element elementor-element-4cd4673 elementor-widget elementor-widget-text-editor\" data-id=\"4cd4673\" data-element_type=\"widget\" data-e-type=\"widget\" data-widget_type=\"text-editor.default\">\n\t\t\t\t<div class=\"elementor-widget-container\">\n\t\t\t\t\t\t\t\t\t<p data-pm-slice=\"1 1 []\"><strong>The councillors<\/strong> and the <strong>CDU mayoral candidate Christian Horn-Heinemann<\/strong>, <strong>Lars Witte<\/strong> and <strong>Burghard Asche<\/strong> further planning as part of the implementation of the <strong>Mobility concept on Bismarckstrasse<\/strong> explained. Numerous questions from citizens were answered and suggestions received, but the lack of information and feedback from the city administration was also criticised.<\/p>\n<p data-pm-slice=\"1 1 []\">Key points of conflict are the elimination of scarce <strong>40 parking spaces<\/strong> and the relocation of parked cars to the surrounding streets, as well as the <strong>Cycle route guidance<\/strong> over a footpath and the current <strong>Overall traffic management<\/strong>. We are convinced that a changing world <strong>Mobility<\/strong> can only be <strong>Exchange with citizens<\/strong> and with a <strong>open, transparent information policy<\/strong> be successful.<\/p>\t\t\t\t\t\t\t\t<\/div>\n\t\t\t\t<\/div>\n\t\t\t\t<div class=\"elementor-element elementor-element-666445c elementor-widget elementor-widget-gallery\" data-id=\"666445c\" data-element_type=\"widget\" data-e-type=\"widget\" data-settings=\"{&quot;aspect_ratio&quot;:&quot;1:1&quot;,&quot;columns&quot;:2,&quot;lazyload&quot;:&quot;yes&quot;,&quot;gallery_layout&quot;:&quot;grid&quot;,&quot;columns_tablet&quot;:2,&quot;columns_mobile&quot;:1,&quot;gap&quot;:{&quot;unit&quot;:&quot;px&quot;,&quot;size&quot;:10,&quot;sizes&quot;:[]},&quot;gap_tablet&quot;:{&quot;unit&quot;:&quot;px&quot;,&quot;size&quot;:10,&quot;sizes&quot;:[]},&quot;gap_mobile&quot;:{&quot;unit&quot;:&quot;px&quot;,&quot;size&quot;:10,&quot;sizes&quot;:[]},&quot;link_to&quot;:&quot;file&quot;,&quot;overlay_background&quot;:&quot;yes&quot;,&quot;content_hover_animation&quot;:&quot;fade-in&quot;}\" data-widget_type=\"gallery.default\">\n\t\t\t\t<div class=\"elementor-widget-container\">\n\t\t\t\t\t\t\t<div class=\"elementor-gallery__container\">\n\t\t\t\t\t\t\t<a class=\"e-gallery-item elementor-gallery-item elementor-animated-content\" href=\"https:\/\/cdu-kaarst.de\/wp-content\/uploads\/cdu-vor-ort-in-holzbuettgen-an-der-bismarckstrasse-04.jpg\" data-elementor-open-lightbox=\"yes\" data-elementor-lightbox-slideshow=\"666445c\" data-e-action-hash=\"#elementor-action%3Aaction%3Dlightbox%26settings%3DeyJpZCI6NTA4MSwidXJsIjoiaHR0cHM6XC9cL2NkdS1rYWFyc3QuZGVcL3dwLWNvbnRlbnRcL3VwbG9hZHNcL2NkdS12b3Itb3J0LWluLWhvbHpidWV0dGdlbi1hbi1kZXItYmlzbWFyY2tzdHJhc3NlLTA0LmpwZyIsInNsaWRlc2hvdyI6IjY2NjQ0NWMifQ%3D%3D\">\n\t\t\t\t\t<div class=\"e-gallery-image elementor-gallery-item__image\" data-thumbnail=\"https:\/\/cdu-kaarst.de\/wp-content\/uploads\/cdu-vor-ort-in-holzbuettgen-an-der-bismarckstrasse-04-300x300.jpg\" data-width=\"300\" data-height=\"300\" aria-label=\"\" role=\"img\" ><\/div>\n\t\t\t\t\t\t\t\t\t\t\t<div class=\"elementor-gallery-item__overlay\"><\/div>\n\t\t\t\t\t\t\t\t\t\t\t\t\t\t<\/a>\n\t\t\t\t\t\t\t<a class=\"e-gallery-item elementor-gallery-item elementor-animated-content\" href=\"https:\/\/cdu-kaarst.de\/wp-content\/uploads\/cdu-vor-ort-in-holzbuettgen-an-der-bismarckstrasse-03.jpg\" data-elementor-open-lightbox=\"yes\" data-elementor-lightbox-slideshow=\"666445c\" data-e-action-hash=\"#elementor-action%3Aaction%3Dlightbox%26settings%3DeyJpZCI6NTA4MCwidXJsIjoiaHR0cHM6XC9cL2NkdS1rYWFyc3QuZGVcL3dwLWNvbnRlbnRcL3VwbG9hZHNcL2NkdS12b3Itb3J0LWluLWhvbHpidWV0dGdlbi1hbi1kZXItYmlzbWFyY2tzdHJhc3NlLTAzLmpwZyIsInNsaWRlc2hvdyI6IjY2NjQ0NWMifQ%3D%3D\">\n\t\t\t\t\t<div class=\"e-gallery-image elementor-gallery-item__image\" data-thumbnail=\"https:\/\/cdu-kaarst.de\/wp-content\/uploads\/cdu-vor-ort-in-holzbuettgen-an-der-bismarckstrasse-03-300x300.jpg\" data-width=\"300\" data-height=\"300\" aria-label=\"\" role=\"img\" ><\/div>\n\t\t\t\t\t\t\t\t\t\t\t<div class=\"elementor-gallery-item__overlay\"><\/div>\n\t\t\t\t\t\t\t\t\t\t\t\t\t\t<\/a>\n\t\t\t\t\t<\/div>\n\t\t\t\t\t<\/div>\n\t\t\t\t<\/div>\n\t\t\t\t\t<\/div>\n\t\t<\/div>\n\t\t\t\t\t<\/div>\n\t\t<\/section>\n\t\t\t\t<\/div>","protected":false},"excerpt":{"rendered":"<p>Die Ratsherren und der CDU B\u00fcrgermeisterkandidat Christian Horn-Heinemann, Lars Witte und Burghard Asche haben die weiteren Planungen im Rahmen der Umsetzung des Mobilit\u00e4tskonzepts an der Bismarckstra\u00dfe erl\u00e4utert. Dabei wurden zahlreiche Fragen von B\u00fcrgern beantwortet, Anregungen entgegengenommen, aber auch Kritik an der mangelnden Information und R\u00fcckmeldung der Stadtverwaltung. Zentrale Konfliktpunkte sind der Wegfall von knapp 40 [&hellip;]<\/p>\n","protected":false},"author":1,"featured_media":5078,"comment_status":"closed","ping_status":"closed","sticky":false,"template":"","format":"standard","meta":{"footnotes":""},"categories":[1],"tags":[],"class_list":["post-5077","post","type-post","status-publish","format-standard","has-post-thumbnail","hentry","category-allgemein"],"yoast_head":"<!-- This site is optimized with the Yoast SEO plugin v27.4 - https:\/\/yoast.com\/product\/yoast-seo-wordpress\/ -->\n<title>CDU vor Ort: Holzb\u00fcttgen an der Bismarckstra\u00dfe - CDU Kaarst-B\u00fcttgen<\/title>\n<meta name=\"robots\" content=\"index, follow, max-snippet:-1, max-image-preview:large, max-video-preview:-1\" \/>\n<link rel=\"canonical\" href=\"https:\/\/cdu-kaarst.de\/en\/allgemein\/cdu-vor-ort-holzbuttgen-an-der-bismarckstrasse\/\" \/>\n<meta property=\"og:locale\" content=\"en_GB\" \/>\n<meta property=\"og:type\" content=\"article\" \/>\n<meta property=\"og:title\" content=\"CDU vor Ort: Holzb\u00fcttgen an der Bismarckstra\u00dfe - CDU Kaarst-B\u00fcttgen\" \/>\n<meta property=\"og:description\" content=\"Die Ratsherren und der CDU B\u00fcrgermeisterkandidat Christian Horn-Heinemann, Lars Witte und Burghard Asche haben die weiteren Planungen im Rahmen der Umsetzung des Mobilit\u00e4tskonzepts an der Bismarckstra\u00dfe erl\u00e4utert. Dabei wurden zahlreiche Fragen von B\u00fcrgern beantwortet, Anregungen entgegengenommen, aber auch Kritik an der mangelnden Information und R\u00fcckmeldung der Stadtverwaltung. Zentrale Konfliktpunkte sind der Wegfall von knapp 40 [&hellip;]\" \/>\n<meta property=\"og:url\" content=\"https:\/\/cdu-kaarst.de\/en\/allgemein\/cdu-vor-ort-holzbuttgen-an-der-bismarckstrasse\/\" \/>\n<meta property=\"og:site_name\" content=\"CDU Kaarst-B\u00fcttgen\" \/>\n<meta property=\"article:published_time\" content=\"2024-10-11T09:16:49+00:00\" \/>\n<meta property=\"article:modified_time\" content=\"2024-10-11T09:22:24+00:00\" \/>\n<meta property=\"og:image\" content=\"https:\/\/cdu-kaarst.de\/wp-content\/uploads\/cdu-vor-ort-in-holzbuettgen-an-der-bismarckstrasse-01.jpg\" \/>\n\t<meta property=\"og:image:width\" content=\"667\" \/>\n\t<meta property=\"og:image:height\" content=\"750\" \/>\n\t<meta property=\"og:image:type\" content=\"image\/jpeg\" \/>\n<meta name=\"author\" content=\"@dm1n\" \/>\n<meta name=\"twitter:card\" content=\"summary_large_image\" \/>\n<meta name=\"twitter:label1\" content=\"Written by\" \/>\n\t<meta name=\"twitter:data1\" content=\"@dm1n\" \/>\n\t<meta name=\"twitter:label2\" content=\"Estimated reading time\" \/>\n\t<meta name=\"twitter:data2\" content=\"1 minute\" \/>\n<script type=\"application\/ld+json\" class=\"yoast-schema-graph\">{\"@context\":\"https:\\\/\\\/schema.org\",\"@graph\":[{\"@type\":\"Article\",\"@id\":\"https:\\\/\\\/cdu-kaarst.de\\\/allgemein\\\/cdu-vor-ort-holzbuttgen-an-der-bismarckstrasse\\\/#article\",\"isPartOf\":{\"@id\":\"https:\\\/\\\/cdu-kaarst.de\\\/allgemein\\\/cdu-vor-ort-holzbuttgen-an-der-bismarckstrasse\\\/\"},\"author\":{\"name\":\"@dm1n\",\"@id\":\"https:\\\/\\\/cdu-kaarst.de\\\/#\\\/schema\\\/person\\\/05876a2bd7865609f2946e82cbc73476\"},\"headline\":\"CDU vor Ort: Holzb\u00fcttgen an der Bismarckstra\u00dfe\",\"datePublished\":\"2024-10-11T09:16:49+00:00\",\"dateModified\":\"2024-10-11T09:22:24+00:00\",\"mainEntityOfPage\":{\"@id\":\"https:\\\/\\\/cdu-kaarst.de\\\/allgemein\\\/cdu-vor-ort-holzbuttgen-an-der-bismarckstrasse\\\/\"},\"wordCount\":119,\"publisher\":{\"@id\":\"https:\\\/\\\/cdu-kaarst.de\\\/#organization\"},\"image\":{\"@id\":\"https:\\\/\\\/cdu-kaarst.de\\\/allgemein\\\/cdu-vor-ort-holzbuttgen-an-der-bismarckstrasse\\\/#primaryimage\"},\"thumbnailUrl\":\"https:\\\/\\\/cdu-kaarst.de\\\/wp-content\\\/uploads\\\/cdu-vor-ort-in-holzbuettgen-an-der-bismarckstrasse-01.jpg\",\"articleSection\":[\"Allgemein\"],\"inLanguage\":\"en-GB\"},{\"@type\":\"WebPage\",\"@id\":\"https:\\\/\\\/cdu-kaarst.de\\\/allgemein\\\/cdu-vor-ort-holzbuttgen-an-der-bismarckstrasse\\\/\",\"url\":\"https:\\\/\\\/cdu-kaarst.de\\\/allgemein\\\/cdu-vor-ort-holzbuttgen-an-der-bismarckstrasse\\\/\",\"name\":\"CDU vor Ort: Holzb\u00fcttgen an der Bismarckstra\u00dfe - CDU Kaarst-B\u00fcttgen\",\"isPartOf\":{\"@id\":\"https:\\\/\\\/cdu-kaarst.de\\\/#website\"},\"primaryImageOfPage\":{\"@id\":\"https:\\\/\\\/cdu-kaarst.de\\\/allgemein\\\/cdu-vor-ort-holzbuttgen-an-der-bismarckstrasse\\\/#primaryimage\"},\"image\":{\"@id\":\"https:\\\/\\\/cdu-kaarst.de\\\/allgemein\\\/cdu-vor-ort-holzbuttgen-an-der-bismarckstrasse\\\/#primaryimage\"},\"thumbnailUrl\":\"https:\\\/\\\/cdu-kaarst.de\\\/wp-content\\\/uploads\\\/cdu-vor-ort-in-holzbuettgen-an-der-bismarckstrasse-01.jpg\",\"datePublished\":\"2024-10-11T09:16:49+00:00\",\"dateModified\":\"2024-10-11T09:22:24+00:00\",\"breadcrumb\":{\"@id\":\"https:\\\/\\\/cdu-kaarst.de\\\/allgemein\\\/cdu-vor-ort-holzbuttgen-an-der-bismarckstrasse\\\/#breadcrumb\"},\"inLanguage\":\"en-GB\",\"potentialAction\":[{\"@type\":\"ReadAction\",\"target\":[\"https:\\\/\\\/cdu-kaarst.de\\\/allgemein\\\/cdu-vor-ort-holzbuttgen-an-der-bismarckstrasse\\\/\"]}]},{\"@type\":\"ImageObject\",\"inLanguage\":\"en-GB\",\"@id\":\"https:\\\/\\\/cdu-kaarst.de\\\/allgemein\\\/cdu-vor-ort-holzbuttgen-an-der-bismarckstrasse\\\/#primaryimage\",\"url\":\"https:\\\/\\\/cdu-kaarst.de\\\/wp-content\\\/uploads\\\/cdu-vor-ort-in-holzbuettgen-an-der-bismarckstrasse-01.jpg\",\"contentUrl\":\"https:\\\/\\\/cdu-kaarst.de\\\/wp-content\\\/uploads\\\/cdu-vor-ort-in-holzbuettgen-an-der-bismarckstrasse-01.jpg\",\"width\":667,\"height\":750},{\"@type\":\"BreadcrumbList\",\"@id\":\"https:\\\/\\\/cdu-kaarst.de\\\/allgemein\\\/cdu-vor-ort-holzbuttgen-an-der-bismarckstrasse\\\/#breadcrumb\",\"itemListElement\":[{\"@type\":\"ListItem\",\"position\":1,\"name\":\"Startseite\",\"item\":\"https:\\\/\\\/cdu-kaarst.de\\\/\"},{\"@type\":\"ListItem\",\"position\":2,\"name\":\"CDU vor Ort: Holzb\u00fcttgen an der Bismarckstra\u00dfe\"}]},{\"@type\":\"WebSite\",\"@id\":\"https:\\\/\\\/cdu-kaarst.de\\\/#website\",\"url\":\"https:\\\/\\\/cdu-kaarst.de\\\/\",\"name\":\"CDU Kaarst-B\u00fcttgen\",\"description\":\"gut Leben in Kaarst\",\"publisher\":{\"@id\":\"https:\\\/\\\/cdu-kaarst.de\\\/#organization\"},\"potentialAction\":[{\"@type\":\"SearchAction\",\"target\":{\"@type\":\"EntryPoint\",\"urlTemplate\":\"https:\\\/\\\/cdu-kaarst.de\\\/?s={search_term_string}\"},\"query-input\":{\"@type\":\"PropertyValueSpecification\",\"valueRequired\":true,\"valueName\":\"search_term_string\"}}],\"inLanguage\":\"en-GB\"},{\"@type\":\"Organization\",\"@id\":\"https:\\\/\\\/cdu-kaarst.de\\\/#organization\",\"name\":\"CDU Kaarst-B\u00fcttgen\",\"url\":\"https:\\\/\\\/cdu-kaarst.de\\\/\",\"logo\":{\"@type\":\"ImageObject\",\"inLanguage\":\"en-GB\",\"@id\":\"https:\\\/\\\/cdu-kaarst.de\\\/#\\\/schema\\\/logo\\\/image\\\/\",\"url\":\"https:\\\/\\\/cdu-kaarst.de\\\/wp-content\\\/uploads\\\/cdu-gesamtlogo.png\",\"contentUrl\":\"https:\\\/\\\/cdu-kaarst.de\\\/wp-content\\\/uploads\\\/cdu-gesamtlogo.png\",\"width\":418,\"height\":120,\"caption\":\"CDU Kaarst-B\u00fcttgen\"},\"image\":{\"@id\":\"https:\\\/\\\/cdu-kaarst.de\\\/#\\\/schema\\\/logo\\\/image\\\/\"}},{\"@type\":\"Person\",\"@id\":\"https:\\\/\\\/cdu-kaarst.de\\\/#\\\/schema\\\/person\\\/05876a2bd7865609f2946e82cbc73476\",\"name\":\"@dm1n\",\"sameAs\":[\"http:\\\/\\\/cdu-kaarst.de\"]}]}<\/script>\n<!-- \/ Yoast SEO plugin. -->","yoast_head_json":{"title":"CDU on site: Holzb\u00fcttgen on Bismarckstra\u00dfe - CDU Kaarst-B\u00fcttgen","robots":{"index":"index","follow":"follow","max-snippet":"max-snippet:-1","max-image-preview":"max-image-preview:large","max-video-preview":"max-video-preview:-1"},"canonical":"https:\/\/cdu-kaarst.de\/en\/allgemein\/cdu-vor-ort-holzbuttgen-an-der-bismarckstrasse\/","og_locale":"en_GB","og_type":"article","og_title":"CDU vor Ort: Holzb\u00fcttgen an der Bismarckstra\u00dfe - CDU Kaarst-B\u00fcttgen","og_description":"Die Ratsherren und der CDU B\u00fcrgermeisterkandidat Christian Horn-Heinemann, Lars Witte und Burghard Asche haben die weiteren Planungen im Rahmen der Umsetzung des Mobilit\u00e4tskonzepts an der Bismarckstra\u00dfe erl\u00e4utert. Dabei wurden zahlreiche Fragen von B\u00fcrgern beantwortet, Anregungen entgegengenommen, aber auch Kritik an der mangelnden Information und R\u00fcckmeldung der Stadtverwaltung. Zentrale Konfliktpunkte sind der Wegfall von knapp 40 [&hellip;]","og_url":"https:\/\/cdu-kaarst.de\/en\/allgemein\/cdu-vor-ort-holzbuttgen-an-der-bismarckstrasse\/","og_site_name":"CDU Kaarst-B\u00fcttgen","article_published_time":"2024-10-11T09:16:49+00:00","article_modified_time":"2024-10-11T09:22:24+00:00","og_image":[{"width":667,"height":750,"url":"https:\/\/cdu-kaarst.de\/wp-content\/uploads\/cdu-vor-ort-in-holzbuettgen-an-der-bismarckstrasse-01.jpg","type":"image\/jpeg"}],"author":"@dm1n","twitter_card":"summary_large_image","twitter_misc":{"Written by":"@dm1n","Estimated reading time":"1 minute"},"schema":{"@context":"https:\/\/schema.org","@graph":[{"@type":"Article","@id":"https:\/\/cdu-kaarst.de\/allgemein\/cdu-vor-ort-holzbuttgen-an-der-bismarckstrasse\/#article","isPartOf":{"@id":"https:\/\/cdu-kaarst.de\/allgemein\/cdu-vor-ort-holzbuttgen-an-der-bismarckstrasse\/"},"author":{"name":"@dm1n","@id":"https:\/\/cdu-kaarst.de\/#\/schema\/person\/05876a2bd7865609f2946e82cbc73476"},"headline":"CDU vor Ort: Holzb\u00fcttgen an der Bismarckstra\u00dfe","datePublished":"2024-10-11T09:16:49+00:00","dateModified":"2024-10-11T09:22:24+00:00","mainEntityOfPage":{"@id":"https:\/\/cdu-kaarst.de\/allgemein\/cdu-vor-ort-holzbuttgen-an-der-bismarckstrasse\/"},"wordCount":119,"publisher":{"@id":"https:\/\/cdu-kaarst.de\/#organization"},"image":{"@id":"https:\/\/cdu-kaarst.de\/allgemein\/cdu-vor-ort-holzbuttgen-an-der-bismarckstrasse\/#primaryimage"},"thumbnailUrl":"https:\/\/cdu-kaarst.de\/wp-content\/uploads\/cdu-vor-ort-in-holzbuettgen-an-der-bismarckstrasse-01.jpg","articleSection":["Allgemein"],"inLanguage":"en-GB"},{"@type":"WebPage","@id":"https:\/\/cdu-kaarst.de\/allgemein\/cdu-vor-ort-holzbuttgen-an-der-bismarckstrasse\/","url":"https:\/\/cdu-kaarst.de\/allgemein\/cdu-vor-ort-holzbuttgen-an-der-bismarckstrasse\/","name":"CDU on site: Holzb\u00fcttgen on Bismarckstra\u00dfe - CDU Kaarst-B\u00fcttgen","isPartOf":{"@id":"https:\/\/cdu-kaarst.de\/#website"},"primaryImageOfPage":{"@id":"https:\/\/cdu-kaarst.de\/allgemein\/cdu-vor-ort-holzbuttgen-an-der-bismarckstrasse\/#primaryimage"},"image":{"@id":"https:\/\/cdu-kaarst.de\/allgemein\/cdu-vor-ort-holzbuttgen-an-der-bismarckstrasse\/#primaryimage"},"thumbnailUrl":"https:\/\/cdu-kaarst.de\/wp-content\/uploads\/cdu-vor-ort-in-holzbuettgen-an-der-bismarckstrasse-01.jpg","datePublished":"2024-10-11T09:16:49+00:00","dateModified":"2024-10-11T09:22:24+00:00","breadcrumb":{"@id":"https:\/\/cdu-kaarst.de\/allgemein\/cdu-vor-ort-holzbuttgen-an-der-bismarckstrasse\/#breadcrumb"},"inLanguage":"en-GB","potentialAction":[{"@type":"ReadAction","target":["https:\/\/cdu-kaarst.de\/allgemein\/cdu-vor-ort-holzbuttgen-an-der-bismarckstrasse\/"]}]},{"@type":"ImageObject","inLanguage":"en-GB","@id":"https:\/\/cdu-kaarst.de\/allgemein\/cdu-vor-ort-holzbuttgen-an-der-bismarckstrasse\/#primaryimage","url":"https:\/\/cdu-kaarst.de\/wp-content\/uploads\/cdu-vor-ort-in-holzbuettgen-an-der-bismarckstrasse-01.jpg","contentUrl":"https:\/\/cdu-kaarst.de\/wp-content\/uploads\/cdu-vor-ort-in-holzbuettgen-an-der-bismarckstrasse-01.jpg","width":667,"height":750},{"@type":"BreadcrumbList","@id":"https:\/\/cdu-kaarst.de\/allgemein\/cdu-vor-ort-holzbuttgen-an-der-bismarckstrasse\/#breadcrumb","itemListElement":[{"@type":"ListItem","position":1,"name":"Startseite","item":"https:\/\/cdu-kaarst.de\/"},{"@type":"ListItem","position":2,"name":"CDU vor Ort: Holzb\u00fcttgen an der Bismarckstra\u00dfe"}]},{"@type":"WebSite","@id":"https:\/\/cdu-kaarst.de\/#website","url":"https:\/\/cdu-kaarst.de\/","name":"CDU Kaarst-B\u00fcttgen","description":"living well in Kaarst","publisher":{"@id":"https:\/\/cdu-kaarst.de\/#organization"},"potentialAction":[{"@type":"SearchAction","target":{"@type":"EntryPoint","urlTemplate":"https:\/\/cdu-kaarst.de\/?s={search_term_string}"},"query-input":{"@type":"PropertyValueSpecification","valueRequired":true,"valueName":"search_term_string"}}],"inLanguage":"en-GB"},{"@type":"Organization","@id":"https:\/\/cdu-kaarst.de\/#organization","name":"CDU Kaarst-B\u00fcttgen","url":"https:\/\/cdu-kaarst.de\/","logo":{"@type":"ImageObject","inLanguage":"en-GB","@id":"https:\/\/cdu-kaarst.de\/#\/schema\/logo\/image\/","url":"https:\/\/cdu-kaarst.de\/wp-content\/uploads\/cdu-gesamtlogo.png","contentUrl":"https:\/\/cdu-kaarst.de\/wp-content\/uploads\/cdu-gesamtlogo.png","width":418,"height":120,"caption":"CDU Kaarst-B\u00fcttgen"},"image":{"@id":"https:\/\/cdu-kaarst.de\/#\/schema\/logo\/image\/"}},{"@type":"Person","@id":"https:\/\/cdu-kaarst.de\/#\/schema\/person\/05876a2bd7865609f2946e82cbc73476","name":"@dm1n","sameAs":["http:\/\/cdu-kaarst.de"]}]}},"_links":{"self":[{"href":"https:\/\/cdu-kaarst.de\/en\/wp-json\/wp\/v2\/posts\/5077","targetHints":{"allow":["GET"]}}],"collection":[{"href":"https:\/\/cdu-kaarst.de\/en\/wp-json\/wp\/v2\/posts"}],"about":[{"href":"https:\/\/cdu-kaarst.de\/en\/wp-json\/wp\/v2\/types\/post"}],"author":[{"embeddable":true,"href":"https:\/\/cdu-kaarst.de\/en\/wp-json\/wp\/v2\/users\/1"}],"replies":[{"embeddable":true,"href":"https:\/\/cdu-kaarst.de\/en\/wp-json\/wp\/v2\/comments?post=5077"}],"version-history":[{"count":9,"href":"https:\/\/cdu-kaarst.de\/en\/wp-json\/wp\/v2\/posts\/5077\/revisions"}],"predecessor-version":[{"id":5090,"href":"https:\/\/cdu-kaarst.de\/en\/wp-json\/wp\/v2\/posts\/5077\/revisions\/5090"}],"wp:featuredmedia":[{"embeddable":true,"href":"https:\/\/cdu-kaarst.de\/en\/wp-json\/wp\/v2\/media\/5078"}],"wp:attachment":[{"href":"https:\/\/cdu-kaarst.de\/en\/wp-json\/wp\/v2\/media?parent=5077"}],"wp:term":[{"taxonomy":"category","embeddable":true,"href":"https:\/\/cdu-kaarst.de\/en\/wp-json\/wp\/v2\/categories?post=5077"},{"taxonomy":"post_tag","embeddable":true,"href":"https:\/\/cdu-kaarst.de\/en\/wp-json\/wp\/v2\/tags?post=5077"}],"curies":[{"name":"wp","href":"https:\/\/api.w.org\/{rel}","templated":true}]}}