{"id":5114,"date":"2024-10-14T15:29:54","date_gmt":"2024-10-14T13:29:54","guid":{"rendered":"https:\/\/cdu-kaarst.de\/?p=5114"},"modified":"2024-10-14T15:29:54","modified_gmt":"2024-10-14T13:29:54","slug":"wichtiger-erfolg-fuer-eine-ausgewogene-stadtentwicklung-in-kaarst","status":"publish","type":"post","link":"https:\/\/cdu-kaarst.de\/en\/allgemein\/wichtiger-erfolg-fuer-eine-ausgewogene-stadtentwicklung-in-kaarst\/","title":{"rendered":"Important success for balanced urban development in Kaarst"},"content":{"rendered":"<p>At the meeting of the Building and Planning Committee on 9 October 2014, we were able to achieve an important goal: At the request of the CDU, the size of the development at Hoverkamp, which is intended to provide accommodation for refugees and people without shelter, was reduced by a third. Originally, three buildings for up to 80 people were planned - now there will be two buildings for around 55 people. The location of the buildings is also to be reconsidered and optimised in consultation with the city council.<\/p>\n<p>The CDU is thus fulfilling its social responsibility both for the people who will live there in the future and for the current residents. We are ensuring that appropriate accommodation for refugees and homeless people is possible without losing sight of the interests of local residents.<\/p>\n<p>We are pleased that the FDP has supported our motion, as the SPD and B\u00fcndnis 90\/Die Gr\u00fcnen would have agreed to the maximum utilisation in terms of buildings and number of people.<\/p>","protected":false},"excerpt":{"rendered":"<p>Auf der Tagung des Bau- und Planungsausschusses am 09.10.24 \u00a0konnten wir ein bedeutendes Ziel erreichen: Auf Antrag der CDU wurde das Ma\u00df Bebauung am Hoverkamp, die der Unterbringung von Fl\u00fcchtlingen und Menschen ohne Obdach dienen soll, um ein Drittel reduziert. Urspr\u00fcnglich waren drei Bauk\u00f6rper f\u00fcr bis zu 80 Personen geplant \u2013 nun werden dort zwei [&hellip;]<\/p>\n","protected":false},"author":1,"featured_media":5115,"comment_status":"closed","ping_status":"closed","sticky":false,"template":"","format":"standard","meta":{"footnotes":""},"categories":[1],"tags":[],"class_list":["post-5114","post","type-post","status-publish","format-standard","has-post-thumbnail","hentry","category-allgemein"],"yoast_head":"<!-- This site is optimized with the Yoast SEO plugin v27.4 - https:\/\/yoast.com\/product\/yoast-seo-wordpress\/ -->\n<title>Wichtiger Erfolg f\u00fcr eine ausgewogene Stadtentwicklung in Kaarst - CDU Kaarst-B\u00fcttgen<\/title>\n<meta name=\"robots\" content=\"index, follow, max-snippet:-1, max-image-preview:large, max-video-preview:-1\" \/>\n<link rel=\"canonical\" href=\"https:\/\/cdu-kaarst.de\/en\/allgemein\/wichtiger-erfolg-fuer-eine-ausgewogene-stadtentwicklung-in-kaarst\/\" \/>\n<meta property=\"og:locale\" content=\"en_GB\" \/>\n<meta property=\"og:type\" content=\"article\" \/>\n<meta property=\"og:title\" content=\"Wichtiger Erfolg f\u00fcr eine ausgewogene Stadtentwicklung in Kaarst - CDU Kaarst-B\u00fcttgen\" \/>\n<meta property=\"og:description\" content=\"Auf der Tagung des Bau- und Planungsausschusses am 09.10.24 \u00a0konnten wir ein bedeutendes Ziel erreichen: Auf Antrag der CDU wurde das Ma\u00df Bebauung am Hoverkamp, die der Unterbringung von Fl\u00fcchtlingen und Menschen ohne Obdach dienen soll, um ein Drittel reduziert. Urspr\u00fcnglich waren drei Bauk\u00f6rper f\u00fcr bis zu 80 Personen geplant \u2013 nun werden dort zwei [&hellip;]\" \/>\n<meta property=\"og:url\" content=\"https:\/\/cdu-kaarst.de\/en\/allgemein\/wichtiger-erfolg-fuer-eine-ausgewogene-stadtentwicklung-in-kaarst\/\" \/>\n<meta property=\"og:site_name\" content=\"CDU Kaarst-B\u00fcttgen\" \/>\n<meta property=\"article:published_time\" content=\"2024-10-14T13:29:54+00:00\" \/>\n<meta property=\"og:image\" content=\"https:\/\/cdu-kaarst.de\/wp-content\/uploads\/Bau-Planungsausschuss.jpg\" \/>\n\t<meta property=\"og:image:width\" content=\"1080\" \/>\n\t<meta property=\"og:image:height\" content=\"1080\" \/>\n\t<meta property=\"og:image:type\" content=\"image\/jpeg\" \/>\n<meta name=\"author\" content=\"@dm1n\" \/>\n<meta name=\"twitter:card\" content=\"summary_large_image\" \/>\n<meta name=\"twitter:label1\" content=\"Written by\" \/>\n\t<meta name=\"twitter:data1\" content=\"@dm1n\" \/>\n\t<meta name=\"twitter:label2\" content=\"Estimated reading time\" \/>\n\t<meta name=\"twitter:data2\" content=\"2 minutes\" \/>\n<script type=\"application\/ld+json\" class=\"yoast-schema-graph\">{\"@context\":\"https:\\\/\\\/schema.org\",\"@graph\":[{\"@type\":\"Article\",\"@id\":\"https:\\\/\\\/cdu-kaarst.de\\\/allgemein\\\/wichtiger-erfolg-fuer-eine-ausgewogene-stadtentwicklung-in-kaarst\\\/#article\",\"isPartOf\":{\"@id\":\"https:\\\/\\\/cdu-kaarst.de\\\/allgemein\\\/wichtiger-erfolg-fuer-eine-ausgewogene-stadtentwicklung-in-kaarst\\\/\"},\"author\":{\"name\":\"@dm1n\",\"@id\":\"https:\\\/\\\/cdu-kaarst.de\\\/#\\\/schema\\\/person\\\/05876a2bd7865609f2946e82cbc73476\"},\"headline\":\"Wichtiger Erfolg f\u00fcr eine ausgewogene Stadtentwicklung in Kaarst\",\"datePublished\":\"2024-10-14T13:29:54+00:00\",\"mainEntityOfPage\":{\"@id\":\"https:\\\/\\\/cdu-kaarst.de\\\/allgemein\\\/wichtiger-erfolg-fuer-eine-ausgewogene-stadtentwicklung-in-kaarst\\\/\"},\"wordCount\":172,\"publisher\":{\"@id\":\"https:\\\/\\\/cdu-kaarst.de\\\/#organization\"},\"image\":{\"@id\":\"https:\\\/\\\/cdu-kaarst.de\\\/allgemein\\\/wichtiger-erfolg-fuer-eine-ausgewogene-stadtentwicklung-in-kaarst\\\/#primaryimage\"},\"thumbnailUrl\":\"https:\\\/\\\/cdu-kaarst.de\\\/wp-content\\\/uploads\\\/Bau-Planungsausschuss.jpg\",\"articleSection\":[\"Allgemein\"],\"inLanguage\":\"en-GB\"},{\"@type\":\"WebPage\",\"@id\":\"https:\\\/\\\/cdu-kaarst.de\\\/allgemein\\\/wichtiger-erfolg-fuer-eine-ausgewogene-stadtentwicklung-in-kaarst\\\/\",\"url\":\"https:\\\/\\\/cdu-kaarst.de\\\/allgemein\\\/wichtiger-erfolg-fuer-eine-ausgewogene-stadtentwicklung-in-kaarst\\\/\",\"name\":\"Wichtiger Erfolg f\u00fcr eine ausgewogene Stadtentwicklung in Kaarst - CDU Kaarst-B\u00fcttgen\",\"isPartOf\":{\"@id\":\"https:\\\/\\\/cdu-kaarst.de\\\/#website\"},\"primaryImageOfPage\":{\"@id\":\"https:\\\/\\\/cdu-kaarst.de\\\/allgemein\\\/wichtiger-erfolg-fuer-eine-ausgewogene-stadtentwicklung-in-kaarst\\\/#primaryimage\"},\"image\":{\"@id\":\"https:\\\/\\\/cdu-kaarst.de\\\/allgemein\\\/wichtiger-erfolg-fuer-eine-ausgewogene-stadtentwicklung-in-kaarst\\\/#primaryimage\"},\"thumbnailUrl\":\"https:\\\/\\\/cdu-kaarst.de\\\/wp-content\\\/uploads\\\/Bau-Planungsausschuss.jpg\",\"datePublished\":\"2024-10-14T13:29:54+00:00\",\"breadcrumb\":{\"@id\":\"https:\\\/\\\/cdu-kaarst.de\\\/allgemein\\\/wichtiger-erfolg-fuer-eine-ausgewogene-stadtentwicklung-in-kaarst\\\/#breadcrumb\"},\"inLanguage\":\"en-GB\",\"potentialAction\":[{\"@type\":\"ReadAction\",\"target\":[\"https:\\\/\\\/cdu-kaarst.de\\\/allgemein\\\/wichtiger-erfolg-fuer-eine-ausgewogene-stadtentwicklung-in-kaarst\\\/\"]}]},{\"@type\":\"ImageObject\",\"inLanguage\":\"en-GB\",\"@id\":\"https:\\\/\\\/cdu-kaarst.de\\\/allgemein\\\/wichtiger-erfolg-fuer-eine-ausgewogene-stadtentwicklung-in-kaarst\\\/#primaryimage\",\"url\":\"https:\\\/\\\/cdu-kaarst.de\\\/wp-content\\\/uploads\\\/Bau-Planungsausschuss.jpg\",\"contentUrl\":\"https:\\\/\\\/cdu-kaarst.de\\\/wp-content\\\/uploads\\\/Bau-Planungsausschuss.jpg\",\"width\":1080,\"height\":1080},{\"@type\":\"BreadcrumbList\",\"@id\":\"https:\\\/\\\/cdu-kaarst.de\\\/allgemein\\\/wichtiger-erfolg-fuer-eine-ausgewogene-stadtentwicklung-in-kaarst\\\/#breadcrumb\",\"itemListElement\":[{\"@type\":\"ListItem\",\"position\":1,\"name\":\"Startseite\",\"item\":\"https:\\\/\\\/cdu-kaarst.de\\\/\"},{\"@type\":\"ListItem\",\"position\":2,\"name\":\"Wichtiger Erfolg f\u00fcr eine ausgewogene Stadtentwicklung in Kaarst\"}]},{\"@type\":\"WebSite\",\"@id\":\"https:\\\/\\\/cdu-kaarst.de\\\/#website\",\"url\":\"https:\\\/\\\/cdu-kaarst.de\\\/\",\"name\":\"CDU Kaarst-B\u00fcttgen\",\"description\":\"gut Leben in Kaarst\",\"publisher\":{\"@id\":\"https:\\\/\\\/cdu-kaarst.de\\\/#organization\"},\"potentialAction\":[{\"@type\":\"SearchAction\",\"target\":{\"@type\":\"EntryPoint\",\"urlTemplate\":\"https:\\\/\\\/cdu-kaarst.de\\\/?s={search_term_string}\"},\"query-input\":{\"@type\":\"PropertyValueSpecification\",\"valueRequired\":true,\"valueName\":\"search_term_string\"}}],\"inLanguage\":\"en-GB\"},{\"@type\":\"Organization\",\"@id\":\"https:\\\/\\\/cdu-kaarst.de\\\/#organization\",\"name\":\"CDU Kaarst-B\u00fcttgen\",\"url\":\"https:\\\/\\\/cdu-kaarst.de\\\/\",\"logo\":{\"@type\":\"ImageObject\",\"inLanguage\":\"en-GB\",\"@id\":\"https:\\\/\\\/cdu-kaarst.de\\\/#\\\/schema\\\/logo\\\/image\\\/\",\"url\":\"https:\\\/\\\/cdu-kaarst.de\\\/wp-content\\\/uploads\\\/cdu-gesamtlogo.png\",\"contentUrl\":\"https:\\\/\\\/cdu-kaarst.de\\\/wp-content\\\/uploads\\\/cdu-gesamtlogo.png\",\"width\":418,\"height\":120,\"caption\":\"CDU Kaarst-B\u00fcttgen\"},\"image\":{\"@id\":\"https:\\\/\\\/cdu-kaarst.de\\\/#\\\/schema\\\/logo\\\/image\\\/\"}},{\"@type\":\"Person\",\"@id\":\"https:\\\/\\\/cdu-kaarst.de\\\/#\\\/schema\\\/person\\\/05876a2bd7865609f2946e82cbc73476\",\"name\":\"@dm1n\",\"sameAs\":[\"http:\\\/\\\/cdu-kaarst.de\"]}]}<\/script>\n<!-- \/ Yoast SEO plugin. -->","yoast_head_json":{"title":"Important success for balanced urban development in Kaarst - CDU Kaarst-B\u00fcttgen","robots":{"index":"index","follow":"follow","max-snippet":"max-snippet:-1","max-image-preview":"max-image-preview:large","max-video-preview":"max-video-preview:-1"},"canonical":"https:\/\/cdu-kaarst.de\/en\/allgemein\/wichtiger-erfolg-fuer-eine-ausgewogene-stadtentwicklung-in-kaarst\/","og_locale":"en_GB","og_type":"article","og_title":"Wichtiger Erfolg f\u00fcr eine ausgewogene Stadtentwicklung in Kaarst - CDU Kaarst-B\u00fcttgen","og_description":"Auf der Tagung des Bau- und Planungsausschusses am 09.10.24 \u00a0konnten wir ein bedeutendes Ziel erreichen: Auf Antrag der CDU wurde das Ma\u00df Bebauung am Hoverkamp, die der Unterbringung von Fl\u00fcchtlingen und Menschen ohne Obdach dienen soll, um ein Drittel reduziert. Urspr\u00fcnglich waren drei Bauk\u00f6rper f\u00fcr bis zu 80 Personen geplant \u2013 nun werden dort zwei [&hellip;]","og_url":"https:\/\/cdu-kaarst.de\/en\/allgemein\/wichtiger-erfolg-fuer-eine-ausgewogene-stadtentwicklung-in-kaarst\/","og_site_name":"CDU Kaarst-B\u00fcttgen","article_published_time":"2024-10-14T13:29:54+00:00","og_image":[{"width":1080,"height":1080,"url":"https:\/\/cdu-kaarst.de\/wp-content\/uploads\/Bau-Planungsausschuss.jpg","type":"image\/jpeg"}],"author":"@dm1n","twitter_card":"summary_large_image","twitter_misc":{"Written by":"@dm1n","Estimated reading time":"2 minutes"},"schema":{"@context":"https:\/\/schema.org","@graph":[{"@type":"Article","@id":"https:\/\/cdu-kaarst.de\/allgemein\/wichtiger-erfolg-fuer-eine-ausgewogene-stadtentwicklung-in-kaarst\/#article","isPartOf":{"@id":"https:\/\/cdu-kaarst.de\/allgemein\/wichtiger-erfolg-fuer-eine-ausgewogene-stadtentwicklung-in-kaarst\/"},"author":{"name":"@dm1n","@id":"https:\/\/cdu-kaarst.de\/#\/schema\/person\/05876a2bd7865609f2946e82cbc73476"},"headline":"Wichtiger Erfolg f\u00fcr eine ausgewogene Stadtentwicklung in Kaarst","datePublished":"2024-10-14T13:29:54+00:00","mainEntityOfPage":{"@id":"https:\/\/cdu-kaarst.de\/allgemein\/wichtiger-erfolg-fuer-eine-ausgewogene-stadtentwicklung-in-kaarst\/"},"wordCount":172,"publisher":{"@id":"https:\/\/cdu-kaarst.de\/#organization"},"image":{"@id":"https:\/\/cdu-kaarst.de\/allgemein\/wichtiger-erfolg-fuer-eine-ausgewogene-stadtentwicklung-in-kaarst\/#primaryimage"},"thumbnailUrl":"https:\/\/cdu-kaarst.de\/wp-content\/uploads\/Bau-Planungsausschuss.jpg","articleSection":["Allgemein"],"inLanguage":"en-GB"},{"@type":"WebPage","@id":"https:\/\/cdu-kaarst.de\/allgemein\/wichtiger-erfolg-fuer-eine-ausgewogene-stadtentwicklung-in-kaarst\/","url":"https:\/\/cdu-kaarst.de\/allgemein\/wichtiger-erfolg-fuer-eine-ausgewogene-stadtentwicklung-in-kaarst\/","name":"Important success for balanced urban development in Kaarst - CDU Kaarst-B\u00fcttgen","isPartOf":{"@id":"https:\/\/cdu-kaarst.de\/#website"},"primaryImageOfPage":{"@id":"https:\/\/cdu-kaarst.de\/allgemein\/wichtiger-erfolg-fuer-eine-ausgewogene-stadtentwicklung-in-kaarst\/#primaryimage"},"image":{"@id":"https:\/\/cdu-kaarst.de\/allgemein\/wichtiger-erfolg-fuer-eine-ausgewogene-stadtentwicklung-in-kaarst\/#primaryimage"},"thumbnailUrl":"https:\/\/cdu-kaarst.de\/wp-content\/uploads\/Bau-Planungsausschuss.jpg","datePublished":"2024-10-14T13:29:54+00:00","breadcrumb":{"@id":"https:\/\/cdu-kaarst.de\/allgemein\/wichtiger-erfolg-fuer-eine-ausgewogene-stadtentwicklung-in-kaarst\/#breadcrumb"},"inLanguage":"en-GB","potentialAction":[{"@type":"ReadAction","target":["https:\/\/cdu-kaarst.de\/allgemein\/wichtiger-erfolg-fuer-eine-ausgewogene-stadtentwicklung-in-kaarst\/"]}]},{"@type":"ImageObject","inLanguage":"en-GB","@id":"https:\/\/cdu-kaarst.de\/allgemein\/wichtiger-erfolg-fuer-eine-ausgewogene-stadtentwicklung-in-kaarst\/#primaryimage","url":"https:\/\/cdu-kaarst.de\/wp-content\/uploads\/Bau-Planungsausschuss.jpg","contentUrl":"https:\/\/cdu-kaarst.de\/wp-content\/uploads\/Bau-Planungsausschuss.jpg","width":1080,"height":1080},{"@type":"BreadcrumbList","@id":"https:\/\/cdu-kaarst.de\/allgemein\/wichtiger-erfolg-fuer-eine-ausgewogene-stadtentwicklung-in-kaarst\/#breadcrumb","itemListElement":[{"@type":"ListItem","position":1,"name":"Startseite","item":"https:\/\/cdu-kaarst.de\/"},{"@type":"ListItem","position":2,"name":"Wichtiger Erfolg f\u00fcr eine ausgewogene Stadtentwicklung in Kaarst"}]},{"@type":"WebSite","@id":"https:\/\/cdu-kaarst.de\/#website","url":"https:\/\/cdu-kaarst.de\/","name":"CDU Kaarst-B\u00fcttgen","description":"living well in Kaarst","publisher":{"@id":"https:\/\/cdu-kaarst.de\/#organization"},"potentialAction":[{"@type":"SearchAction","target":{"@type":"EntryPoint","urlTemplate":"https:\/\/cdu-kaarst.de\/?s={search_term_string}"},"query-input":{"@type":"PropertyValueSpecification","valueRequired":true,"valueName":"search_term_string"}}],"inLanguage":"en-GB"},{"@type":"Organization","@id":"https:\/\/cdu-kaarst.de\/#organization","name":"CDU Kaarst-B\u00fcttgen","url":"https:\/\/cdu-kaarst.de\/","logo":{"@type":"ImageObject","inLanguage":"en-GB","@id":"https:\/\/cdu-kaarst.de\/#\/schema\/logo\/image\/","url":"https:\/\/cdu-kaarst.de\/wp-content\/uploads\/cdu-gesamtlogo.png","contentUrl":"https:\/\/cdu-kaarst.de\/wp-content\/uploads\/cdu-gesamtlogo.png","width":418,"height":120,"caption":"CDU Kaarst-B\u00fcttgen"},"image":{"@id":"https:\/\/cdu-kaarst.de\/#\/schema\/logo\/image\/"}},{"@type":"Person","@id":"https:\/\/cdu-kaarst.de\/#\/schema\/person\/05876a2bd7865609f2946e82cbc73476","name":"@dm1n","sameAs":["http:\/\/cdu-kaarst.de"]}]}},"_links":{"self":[{"href":"https:\/\/cdu-kaarst.de\/en\/wp-json\/wp\/v2\/posts\/5114","targetHints":{"allow":["GET"]}}],"collection":[{"href":"https:\/\/cdu-kaarst.de\/en\/wp-json\/wp\/v2\/posts"}],"about":[{"href":"https:\/\/cdu-kaarst.de\/en\/wp-json\/wp\/v2\/types\/post"}],"author":[{"embeddable":true,"href":"https:\/\/cdu-kaarst.de\/en\/wp-json\/wp\/v2\/users\/1"}],"replies":[{"embeddable":true,"href":"https:\/\/cdu-kaarst.de\/en\/wp-json\/wp\/v2\/comments?post=5114"}],"version-history":[{"count":1,"href":"https:\/\/cdu-kaarst.de\/en\/wp-json\/wp\/v2\/posts\/5114\/revisions"}],"predecessor-version":[{"id":5116,"href":"https:\/\/cdu-kaarst.de\/en\/wp-json\/wp\/v2\/posts\/5114\/revisions\/5116"}],"wp:featuredmedia":[{"embeddable":true,"href":"https:\/\/cdu-kaarst.de\/en\/wp-json\/wp\/v2\/media\/5115"}],"wp:attachment":[{"href":"https:\/\/cdu-kaarst.de\/en\/wp-json\/wp\/v2\/media?parent=5114"}],"wp:term":[{"taxonomy":"category","embeddable":true,"href":"https:\/\/cdu-kaarst.de\/en\/wp-json\/wp\/v2\/categories?post=5114"},{"taxonomy":"post_tag","embeddable":true,"href":"https:\/\/cdu-kaarst.de\/en\/wp-json\/wp\/v2\/tags?post=5114"}],"curies":[{"name":"wp","href":"https:\/\/api.w.org\/{rel}","templated":true}]}}