{"id":5173,"date":"2024-10-18T13:08:27","date_gmt":"2024-10-18T11:08:27","guid":{"rendered":"https:\/\/cdu-kaarst.de\/?p=5173"},"modified":"2024-10-18T13:38:04","modified_gmt":"2024-10-18T11:38:04","slug":"herzlichen-glueckwunsch-zum-50-jaehrigen-jubilaeum-von-ikea-deutschland","status":"publish","type":"post","link":"https:\/\/cdu-kaarst.de\/en\/cdu-vor-ort\/herzlichen-glueckwunsch-zum-50-jaehrigen-jubilaeum-von-ikea-deutschland\/","title":{"rendered":"Congratulations on the 50th anniversary of IKEA Germany!"},"content":{"rendered":"<h2>50 years of IKEA in Germany: A milestone for Kaarst<\/h2>\n<p>Today we are celebrating a very special occasion: 50 years of IKEA in Germany! As Kaarst residents, we are particularly proud to be part of this anniversary. Not only do we have one of the most modern IKEA shops in Germany here in Kaarst, but we have also made an important contribution to the economic strength of our region.<\/p>\n<h3>Kaarst as an important business location: IKEA as a magnet<\/h3>\n<p>The IKEA shop in Kaarst has established itself as a magnet for the business location. It not only attracts customers from all over the region, but also promotes economic development and creates jobs. All the more reason to be proud that IKEA is still firmly anchored here.<\/p>\n<h3>Political support for IKEA in Kaarst<\/h3>\n<p>The successful relocation of the IKEA shop was significantly supported by the CDU and the mayors Herbert Moormann and Dr Ulrike Nienhaus. Their constructive co-operation has helped to ensure that IKEA continues to be located in Kaarst and strengthens the region. The district administrator <a href=\"https:\/\/www.cdu-rheinkreisneuss.de\/fraktion\/landrat\/\" target=\"_blank\" rel=\"noopener\">Hans-J\u00fcrgen Petrauschke<\/a>together with other ambassadors, was always on site to provide positive support for the development.<\/p>\n<h3>What is happening on the old IKEA site?<\/h3>\n<p>Despite the positive development and the modern new shop, one question remains unanswered: What will happen to the old IKEA site? After more than four years without any construction activity on the old site, it is now time for something to happen. The CDU will continue to play an active role in the marketing of the site and ensure that a sustainable and future-orientated use is created.<\/p>\n<h4>Main points of the IKEA anniversary and its significance for Kaarst:<\/h4>\n<ul>\n<li>One of the most modern IKEA shops in Germany is located in Kaarst.<\/li>\n<li>IKEA contributes to the economic development of the region.<\/li>\n<li>Political support from the CDU and local leaders.<\/li>\n<li>Positive support for the move from CDU mayor.<\/li>\n<li>Future planning for the old IKEA site in Kaarst.<\/li>\n<\/ul>\n<p>Learn more about <a href=\"https:\/\/www.ikea.com\/de\/de\/\" target=\"_blank\" rel=\"noopener\">IKEA Germany<\/a>.<br \/>\nRead more on RP-Online: <a href=\"https:\/\/rp-epaper.s4p-iapps.com\/artikel\/1261848\/32930615#\">Ikea: Of drones in the self-service hall and much-loved wing chairs<\/a><\/p>\n<p>&nbsp;<\/p>","protected":false},"excerpt":{"rendered":"<p>50 Jahre IKEA in Deutschland: Ein Meilenstein f\u00fcr Kaarst Heute feiern wir einen ganz besonderen Anlass: 50 Jahre IKEA in Deutschland! Als Kaarster B\u00fcrger sind wir besonders stolz, ein Teil dieses Jubil\u00e4ums zu sein. Denn wir haben nicht nur eine der modernsten IKEA-Filialen Deutschlands hier in Kaarst, sondern auch einen wichtigen Beitrag zur wirtschaftlichen St\u00e4rke [&hellip;]<\/p>\n","protected":false},"author":1,"featured_media":5178,"comment_status":"closed","ping_status":"closed","sticky":false,"template":"","format":"standard","meta":{"footnotes":""},"categories":[81],"tags":[],"class_list":["post-5173","post","type-post","status-publish","format-standard","has-post-thumbnail","hentry","category-cdu-vor-ort"],"yoast_head":"<!-- This site is optimized with the Yoast SEO plugin v27.4 - https:\/\/yoast.com\/product\/yoast-seo-wordpress\/ -->\n<title>Herzlichen Gl\u00fcckwunsch zum 50-j\u00e4hrigen Jubil\u00e4um von IKEA Deutschland! - CDU Kaarst-B\u00fcttgen<\/title>\n<meta name=\"robots\" content=\"index, follow, max-snippet:-1, max-image-preview:large, max-video-preview:-1\" \/>\n<link rel=\"canonical\" href=\"https:\/\/cdu-kaarst.de\/en\/cdu-vor-ort\/herzlichen-glueckwunsch-zum-50-jaehrigen-jubilaeum-von-ikea-deutschland\/\" \/>\n<meta property=\"og:locale\" content=\"en_GB\" \/>\n<meta property=\"og:type\" content=\"article\" \/>\n<meta property=\"og:title\" content=\"Herzlichen Gl\u00fcckwunsch zum 50-j\u00e4hrigen Jubil\u00e4um von IKEA Deutschland! - CDU Kaarst-B\u00fcttgen\" \/>\n<meta property=\"og:description\" content=\"50 Jahre IKEA in Deutschland: Ein Meilenstein f\u00fcr Kaarst Heute feiern wir einen ganz besonderen Anlass: 50 Jahre IKEA in Deutschland! Als Kaarster B\u00fcrger sind wir besonders stolz, ein Teil dieses Jubil\u00e4ums zu sein. Denn wir haben nicht nur eine der modernsten IKEA-Filialen Deutschlands hier in Kaarst, sondern auch einen wichtigen Beitrag zur wirtschaftlichen St\u00e4rke [&hellip;]\" \/>\n<meta property=\"og:url\" content=\"https:\/\/cdu-kaarst.de\/en\/cdu-vor-ort\/herzlichen-glueckwunsch-zum-50-jaehrigen-jubilaeum-von-ikea-deutschland\/\" \/>\n<meta property=\"og:site_name\" content=\"CDU Kaarst-B\u00fcttgen\" \/>\n<meta property=\"article:published_time\" content=\"2024-10-18T11:08:27+00:00\" \/>\n<meta property=\"article:modified_time\" content=\"2024-10-18T11:38:04+00:00\" \/>\n<meta property=\"og:image\" content=\"https:\/\/cdu-kaarst.de\/wp-content\/uploads\/10182024-50-Jahre-IKEA.jpg\" \/>\n\t<meta property=\"og:image:width\" content=\"1080\" \/>\n\t<meta property=\"og:image:height\" content=\"1080\" \/>\n\t<meta property=\"og:image:type\" content=\"image\/jpeg\" \/>\n<meta name=\"author\" content=\"@dm1n\" \/>\n<meta name=\"twitter:card\" content=\"summary_large_image\" \/>\n<meta name=\"twitter:label1\" content=\"Written by\" \/>\n\t<meta name=\"twitter:data1\" content=\"@dm1n\" \/>\n\t<meta name=\"twitter:label2\" content=\"Estimated reading time\" \/>\n\t<meta name=\"twitter:data2\" content=\"2 minutes\" \/>\n<script type=\"application\/ld+json\" class=\"yoast-schema-graph\">{\"@context\":\"https:\\\/\\\/schema.org\",\"@graph\":[{\"@type\":\"Article\",\"@id\":\"https:\\\/\\\/cdu-kaarst.de\\\/cdu-vor-ort\\\/herzlichen-glueckwunsch-zum-50-jaehrigen-jubilaeum-von-ikea-deutschland\\\/#article\",\"isPartOf\":{\"@id\":\"https:\\\/\\\/cdu-kaarst.de\\\/cdu-vor-ort\\\/herzlichen-glueckwunsch-zum-50-jaehrigen-jubilaeum-von-ikea-deutschland\\\/\"},\"author\":{\"name\":\"@dm1n\",\"@id\":\"https:\\\/\\\/cdu-kaarst.de\\\/#\\\/schema\\\/person\\\/05876a2bd7865609f2946e82cbc73476\"},\"headline\":\"Herzlichen Gl\u00fcckwunsch zum 50-j\u00e4hrigen Jubil\u00e4um von IKEA Deutschland!\",\"datePublished\":\"2024-10-18T11:08:27+00:00\",\"dateModified\":\"2024-10-18T11:38:04+00:00\",\"mainEntityOfPage\":{\"@id\":\"https:\\\/\\\/cdu-kaarst.de\\\/cdu-vor-ort\\\/herzlichen-glueckwunsch-zum-50-jaehrigen-jubilaeum-von-ikea-deutschland\\\/\"},\"wordCount\":343,\"publisher\":{\"@id\":\"https:\\\/\\\/cdu-kaarst.de\\\/#organization\"},\"image\":{\"@id\":\"https:\\\/\\\/cdu-kaarst.de\\\/cdu-vor-ort\\\/herzlichen-glueckwunsch-zum-50-jaehrigen-jubilaeum-von-ikea-deutschland\\\/#primaryimage\"},\"thumbnailUrl\":\"https:\\\/\\\/cdu-kaarst.de\\\/wp-content\\\/uploads\\\/10182024-50-Jahre-IKEA.jpg\",\"articleSection\":[\"CDU vor Ort\"],\"inLanguage\":\"en-GB\"},{\"@type\":\"WebPage\",\"@id\":\"https:\\\/\\\/cdu-kaarst.de\\\/cdu-vor-ort\\\/herzlichen-glueckwunsch-zum-50-jaehrigen-jubilaeum-von-ikea-deutschland\\\/\",\"url\":\"https:\\\/\\\/cdu-kaarst.de\\\/cdu-vor-ort\\\/herzlichen-glueckwunsch-zum-50-jaehrigen-jubilaeum-von-ikea-deutschland\\\/\",\"name\":\"Herzlichen Gl\u00fcckwunsch zum 50-j\u00e4hrigen Jubil\u00e4um von IKEA Deutschland! - CDU Kaarst-B\u00fcttgen\",\"isPartOf\":{\"@id\":\"https:\\\/\\\/cdu-kaarst.de\\\/#website\"},\"primaryImageOfPage\":{\"@id\":\"https:\\\/\\\/cdu-kaarst.de\\\/cdu-vor-ort\\\/herzlichen-glueckwunsch-zum-50-jaehrigen-jubilaeum-von-ikea-deutschland\\\/#primaryimage\"},\"image\":{\"@id\":\"https:\\\/\\\/cdu-kaarst.de\\\/cdu-vor-ort\\\/herzlichen-glueckwunsch-zum-50-jaehrigen-jubilaeum-von-ikea-deutschland\\\/#primaryimage\"},\"thumbnailUrl\":\"https:\\\/\\\/cdu-kaarst.de\\\/wp-content\\\/uploads\\\/10182024-50-Jahre-IKEA.jpg\",\"datePublished\":\"2024-10-18T11:08:27+00:00\",\"dateModified\":\"2024-10-18T11:38:04+00:00\",\"breadcrumb\":{\"@id\":\"https:\\\/\\\/cdu-kaarst.de\\\/cdu-vor-ort\\\/herzlichen-glueckwunsch-zum-50-jaehrigen-jubilaeum-von-ikea-deutschland\\\/#breadcrumb\"},\"inLanguage\":\"en-GB\",\"potentialAction\":[{\"@type\":\"ReadAction\",\"target\":[\"https:\\\/\\\/cdu-kaarst.de\\\/cdu-vor-ort\\\/herzlichen-glueckwunsch-zum-50-jaehrigen-jubilaeum-von-ikea-deutschland\\\/\"]}]},{\"@type\":\"ImageObject\",\"inLanguage\":\"en-GB\",\"@id\":\"https:\\\/\\\/cdu-kaarst.de\\\/cdu-vor-ort\\\/herzlichen-glueckwunsch-zum-50-jaehrigen-jubilaeum-von-ikea-deutschland\\\/#primaryimage\",\"url\":\"https:\\\/\\\/cdu-kaarst.de\\\/wp-content\\\/uploads\\\/10182024-50-Jahre-IKEA.jpg\",\"contentUrl\":\"https:\\\/\\\/cdu-kaarst.de\\\/wp-content\\\/uploads\\\/10182024-50-Jahre-IKEA.jpg\",\"width\":1080,\"height\":1080},{\"@type\":\"BreadcrumbList\",\"@id\":\"https:\\\/\\\/cdu-kaarst.de\\\/cdu-vor-ort\\\/herzlichen-glueckwunsch-zum-50-jaehrigen-jubilaeum-von-ikea-deutschland\\\/#breadcrumb\",\"itemListElement\":[{\"@type\":\"ListItem\",\"position\":1,\"name\":\"Startseite\",\"item\":\"https:\\\/\\\/cdu-kaarst.de\\\/\"},{\"@type\":\"ListItem\",\"position\":2,\"name\":\"Herzlichen Gl\u00fcckwunsch zum 50-j\u00e4hrigen Jubil\u00e4um von IKEA Deutschland!\"}]},{\"@type\":\"WebSite\",\"@id\":\"https:\\\/\\\/cdu-kaarst.de\\\/#website\",\"url\":\"https:\\\/\\\/cdu-kaarst.de\\\/\",\"name\":\"CDU Kaarst-B\u00fcttgen\",\"description\":\"gut Leben in Kaarst\",\"publisher\":{\"@id\":\"https:\\\/\\\/cdu-kaarst.de\\\/#organization\"},\"potentialAction\":[{\"@type\":\"SearchAction\",\"target\":{\"@type\":\"EntryPoint\",\"urlTemplate\":\"https:\\\/\\\/cdu-kaarst.de\\\/?s={search_term_string}\"},\"query-input\":{\"@type\":\"PropertyValueSpecification\",\"valueRequired\":true,\"valueName\":\"search_term_string\"}}],\"inLanguage\":\"en-GB\"},{\"@type\":\"Organization\",\"@id\":\"https:\\\/\\\/cdu-kaarst.de\\\/#organization\",\"name\":\"CDU Kaarst-B\u00fcttgen\",\"url\":\"https:\\\/\\\/cdu-kaarst.de\\\/\",\"logo\":{\"@type\":\"ImageObject\",\"inLanguage\":\"en-GB\",\"@id\":\"https:\\\/\\\/cdu-kaarst.de\\\/#\\\/schema\\\/logo\\\/image\\\/\",\"url\":\"https:\\\/\\\/cdu-kaarst.de\\\/wp-content\\\/uploads\\\/cdu-gesamtlogo.png\",\"contentUrl\":\"https:\\\/\\\/cdu-kaarst.de\\\/wp-content\\\/uploads\\\/cdu-gesamtlogo.png\",\"width\":418,\"height\":120,\"caption\":\"CDU Kaarst-B\u00fcttgen\"},\"image\":{\"@id\":\"https:\\\/\\\/cdu-kaarst.de\\\/#\\\/schema\\\/logo\\\/image\\\/\"}},{\"@type\":\"Person\",\"@id\":\"https:\\\/\\\/cdu-kaarst.de\\\/#\\\/schema\\\/person\\\/05876a2bd7865609f2946e82cbc73476\",\"name\":\"@dm1n\",\"sameAs\":[\"http:\\\/\\\/cdu-kaarst.de\"]}]}<\/script>\n<!-- \/ Yoast SEO plugin. -->","yoast_head_json":{"title":"Congratulations on the 50th anniversary of IKEA Germany! - CDU Kaarst-B\u00fcttgen","robots":{"index":"index","follow":"follow","max-snippet":"max-snippet:-1","max-image-preview":"max-image-preview:large","max-video-preview":"max-video-preview:-1"},"canonical":"https:\/\/cdu-kaarst.de\/en\/cdu-vor-ort\/herzlichen-glueckwunsch-zum-50-jaehrigen-jubilaeum-von-ikea-deutschland\/","og_locale":"en_GB","og_type":"article","og_title":"Herzlichen Gl\u00fcckwunsch zum 50-j\u00e4hrigen Jubil\u00e4um von IKEA Deutschland! - CDU Kaarst-B\u00fcttgen","og_description":"50 Jahre IKEA in Deutschland: Ein Meilenstein f\u00fcr Kaarst Heute feiern wir einen ganz besonderen Anlass: 50 Jahre IKEA in Deutschland! Als Kaarster B\u00fcrger sind wir besonders stolz, ein Teil dieses Jubil\u00e4ums zu sein. Denn wir haben nicht nur eine der modernsten IKEA-Filialen Deutschlands hier in Kaarst, sondern auch einen wichtigen Beitrag zur wirtschaftlichen St\u00e4rke [&hellip;]","og_url":"https:\/\/cdu-kaarst.de\/en\/cdu-vor-ort\/herzlichen-glueckwunsch-zum-50-jaehrigen-jubilaeum-von-ikea-deutschland\/","og_site_name":"CDU Kaarst-B\u00fcttgen","article_published_time":"2024-10-18T11:08:27+00:00","article_modified_time":"2024-10-18T11:38:04+00:00","og_image":[{"width":1080,"height":1080,"url":"https:\/\/cdu-kaarst.de\/wp-content\/uploads\/10182024-50-Jahre-IKEA.jpg","type":"image\/jpeg"}],"author":"@dm1n","twitter_card":"summary_large_image","twitter_misc":{"Written by":"@dm1n","Estimated reading time":"2 minutes"},"schema":{"@context":"https:\/\/schema.org","@graph":[{"@type":"Article","@id":"https:\/\/cdu-kaarst.de\/cdu-vor-ort\/herzlichen-glueckwunsch-zum-50-jaehrigen-jubilaeum-von-ikea-deutschland\/#article","isPartOf":{"@id":"https:\/\/cdu-kaarst.de\/cdu-vor-ort\/herzlichen-glueckwunsch-zum-50-jaehrigen-jubilaeum-von-ikea-deutschland\/"},"author":{"name":"@dm1n","@id":"https:\/\/cdu-kaarst.de\/#\/schema\/person\/05876a2bd7865609f2946e82cbc73476"},"headline":"Herzlichen Gl\u00fcckwunsch zum 50-j\u00e4hrigen Jubil\u00e4um von IKEA Deutschland!","datePublished":"2024-10-18T11:08:27+00:00","dateModified":"2024-10-18T11:38:04+00:00","mainEntityOfPage":{"@id":"https:\/\/cdu-kaarst.de\/cdu-vor-ort\/herzlichen-glueckwunsch-zum-50-jaehrigen-jubilaeum-von-ikea-deutschland\/"},"wordCount":343,"publisher":{"@id":"https:\/\/cdu-kaarst.de\/#organization"},"image":{"@id":"https:\/\/cdu-kaarst.de\/cdu-vor-ort\/herzlichen-glueckwunsch-zum-50-jaehrigen-jubilaeum-von-ikea-deutschland\/#primaryimage"},"thumbnailUrl":"https:\/\/cdu-kaarst.de\/wp-content\/uploads\/10182024-50-Jahre-IKEA.jpg","articleSection":["CDU vor Ort"],"inLanguage":"en-GB"},{"@type":"WebPage","@id":"https:\/\/cdu-kaarst.de\/cdu-vor-ort\/herzlichen-glueckwunsch-zum-50-jaehrigen-jubilaeum-von-ikea-deutschland\/","url":"https:\/\/cdu-kaarst.de\/cdu-vor-ort\/herzlichen-glueckwunsch-zum-50-jaehrigen-jubilaeum-von-ikea-deutschland\/","name":"Congratulations on the 50th anniversary of IKEA Germany! - CDU Kaarst-B\u00fcttgen","isPartOf":{"@id":"https:\/\/cdu-kaarst.de\/#website"},"primaryImageOfPage":{"@id":"https:\/\/cdu-kaarst.de\/cdu-vor-ort\/herzlichen-glueckwunsch-zum-50-jaehrigen-jubilaeum-von-ikea-deutschland\/#primaryimage"},"image":{"@id":"https:\/\/cdu-kaarst.de\/cdu-vor-ort\/herzlichen-glueckwunsch-zum-50-jaehrigen-jubilaeum-von-ikea-deutschland\/#primaryimage"},"thumbnailUrl":"https:\/\/cdu-kaarst.de\/wp-content\/uploads\/10182024-50-Jahre-IKEA.jpg","datePublished":"2024-10-18T11:08:27+00:00","dateModified":"2024-10-18T11:38:04+00:00","breadcrumb":{"@id":"https:\/\/cdu-kaarst.de\/cdu-vor-ort\/herzlichen-glueckwunsch-zum-50-jaehrigen-jubilaeum-von-ikea-deutschland\/#breadcrumb"},"inLanguage":"en-GB","potentialAction":[{"@type":"ReadAction","target":["https:\/\/cdu-kaarst.de\/cdu-vor-ort\/herzlichen-glueckwunsch-zum-50-jaehrigen-jubilaeum-von-ikea-deutschland\/"]}]},{"@type":"ImageObject","inLanguage":"en-GB","@id":"https:\/\/cdu-kaarst.de\/cdu-vor-ort\/herzlichen-glueckwunsch-zum-50-jaehrigen-jubilaeum-von-ikea-deutschland\/#primaryimage","url":"https:\/\/cdu-kaarst.de\/wp-content\/uploads\/10182024-50-Jahre-IKEA.jpg","contentUrl":"https:\/\/cdu-kaarst.de\/wp-content\/uploads\/10182024-50-Jahre-IKEA.jpg","width":1080,"height":1080},{"@type":"BreadcrumbList","@id":"https:\/\/cdu-kaarst.de\/cdu-vor-ort\/herzlichen-glueckwunsch-zum-50-jaehrigen-jubilaeum-von-ikea-deutschland\/#breadcrumb","itemListElement":[{"@type":"ListItem","position":1,"name":"Startseite","item":"https:\/\/cdu-kaarst.de\/"},{"@type":"ListItem","position":2,"name":"Herzlichen Gl\u00fcckwunsch zum 50-j\u00e4hrigen Jubil\u00e4um von IKEA Deutschland!"}]},{"@type":"WebSite","@id":"https:\/\/cdu-kaarst.de\/#website","url":"https:\/\/cdu-kaarst.de\/","name":"CDU Kaarst-B\u00fcttgen","description":"living well in Kaarst","publisher":{"@id":"https:\/\/cdu-kaarst.de\/#organization"},"potentialAction":[{"@type":"SearchAction","target":{"@type":"EntryPoint","urlTemplate":"https:\/\/cdu-kaarst.de\/?s={search_term_string}"},"query-input":{"@type":"PropertyValueSpecification","valueRequired":true,"valueName":"search_term_string"}}],"inLanguage":"en-GB"},{"@type":"Organization","@id":"https:\/\/cdu-kaarst.de\/#organization","name":"CDU Kaarst-B\u00fcttgen","url":"https:\/\/cdu-kaarst.de\/","logo":{"@type":"ImageObject","inLanguage":"en-GB","@id":"https:\/\/cdu-kaarst.de\/#\/schema\/logo\/image\/","url":"https:\/\/cdu-kaarst.de\/wp-content\/uploads\/cdu-gesamtlogo.png","contentUrl":"https:\/\/cdu-kaarst.de\/wp-content\/uploads\/cdu-gesamtlogo.png","width":418,"height":120,"caption":"CDU Kaarst-B\u00fcttgen"},"image":{"@id":"https:\/\/cdu-kaarst.de\/#\/schema\/logo\/image\/"}},{"@type":"Person","@id":"https:\/\/cdu-kaarst.de\/#\/schema\/person\/05876a2bd7865609f2946e82cbc73476","name":"@dm1n","sameAs":["http:\/\/cdu-kaarst.de"]}]}},"_links":{"self":[{"href":"https:\/\/cdu-kaarst.de\/en\/wp-json\/wp\/v2\/posts\/5173","targetHints":{"allow":["GET"]}}],"collection":[{"href":"https:\/\/cdu-kaarst.de\/en\/wp-json\/wp\/v2\/posts"}],"about":[{"href":"https:\/\/cdu-kaarst.de\/en\/wp-json\/wp\/v2\/types\/post"}],"author":[{"embeddable":true,"href":"https:\/\/cdu-kaarst.de\/en\/wp-json\/wp\/v2\/users\/1"}],"replies":[{"embeddable":true,"href":"https:\/\/cdu-kaarst.de\/en\/wp-json\/wp\/v2\/comments?post=5173"}],"version-history":[{"count":3,"href":"https:\/\/cdu-kaarst.de\/en\/wp-json\/wp\/v2\/posts\/5173\/revisions"}],"predecessor-version":[{"id":5176,"href":"https:\/\/cdu-kaarst.de\/en\/wp-json\/wp\/v2\/posts\/5173\/revisions\/5176"}],"wp:featuredmedia":[{"embeddable":true,"href":"https:\/\/cdu-kaarst.de\/en\/wp-json\/wp\/v2\/media\/5178"}],"wp:attachment":[{"href":"https:\/\/cdu-kaarst.de\/en\/wp-json\/wp\/v2\/media?parent=5173"}],"wp:term":[{"taxonomy":"category","embeddable":true,"href":"https:\/\/cdu-kaarst.de\/en\/wp-json\/wp\/v2\/categories?post=5173"},{"taxonomy":"post_tag","embeddable":true,"href":"https:\/\/cdu-kaarst.de\/en\/wp-json\/wp\/v2\/tags?post=5173"}],"curies":[{"name":"wp","href":"https:\/\/api.w.org\/{rel}","templated":true}]}}