{"id":5215,"date":"2024-10-29T13:47:54","date_gmt":"2024-10-29T12:47:54","guid":{"rendered":"https:\/\/cdu-kaarst.de\/?p=5215"},"modified":"2024-10-29T13:56:57","modified_gmt":"2024-10-29T12:56:57","slug":"neue-lagerhallen-am-bruchweg-cdu-setzt-sich-fur-eingrunung-und-sicherheit-ein","status":"publish","type":"post","link":"https:\/\/cdu-kaarst.de\/en\/allgemein\/neue-lagerhallen-am-bruchweg-cdu-setzt-sich-fur-eingrunung-und-sicherheit-ein\/","title":{"rendered":"New warehouses on Bruchweg: CDU in favour of greenery and safety"},"content":{"rendered":"<div data-elementor-type=\"wp-post\" data-elementor-id=\"5215\" class=\"elementor elementor-5215\" data-elementor-post-type=\"post\">\n\t\t\t\t\t\t<section class=\"elementor-section elementor-top-section elementor-element elementor-element-c376d96 elementor-section-boxed elementor-section-height-default elementor-section-height-default\" data-id=\"c376d96\" data-element_type=\"section\" data-e-type=\"section\" data-settings=\"{&quot;jet_parallax_layout_list&quot;:[]}\">\n\t\t\t\t\t\t<div class=\"elementor-container elementor-column-gap-default\">\n\t\t\t\t\t<div class=\"elementor-column elementor-col-100 elementor-top-column elementor-element elementor-element-e238abf\" data-id=\"e238abf\" data-element_type=\"column\" data-e-type=\"column\">\n\t\t\t<div class=\"elementor-widget-wrap elementor-element-populated\">\n\t\t\t\t\t\t<div class=\"elementor-element elementor-element-b9a91d3 elementor-widget elementor-widget-text-editor\" data-id=\"b9a91d3\" data-element_type=\"widget\" data-e-type=\"widget\" data-widget_type=\"text-editor.default\">\n\t\t\t\t<div class=\"elementor-widget-container\">\n\t\t\t\t\t\t\t\t\t<p data-pm-slice=\"1 1 []\"><strong>Am Bruchweg in Holzb\u00fcttgen<\/strong>on the property next to the restaurant \"<strong>Old time<\/strong>\", is currently undergoing intensive construction. Where there used to be a wasteland, 39 warehouses are now being built, each with a floor area of 40 square metres. These units are aimed in particular at commercial tenants, especially local trades businesses, who will have the opportunity to store high-quality work materials and tools safely here from the autumn. The warehouses are equipped with roller shutters and the entire site will be fenced in and secured with video surveillance - a crucial security measure.<\/p><p><strong>The CDU Kaarst<\/strong> has actively supported the construction project and, above all, worked to ensure that the halls are optimally integrated into a green cityscape. This reflects the CDU's stance of ensuring the best possible adaptation to the cityscape in dialogue with the owners.<\/p><p><strong>Important here is<\/strong>The properties along Bruchweg are privately owned, meaning that the city of Kaarst has only limited influence on the type of businesses that settle here. Nevertheless, our aim is to work closely with the owners to achieve harmonious integration into the neighbourhood and strengthen local businesses.<\/p><p>This development shows the importance of playing an active role in shaping the city and also keeping the needs of the local economy in mind.<\/p>\t\t\t\t\t\t\t\t<\/div>\n\t\t\t\t<\/div>\n\t\t\t\t<div class=\"elementor-element elementor-element-0fc108a elementor-widget elementor-widget-gallery\" data-id=\"0fc108a\" data-element_type=\"widget\" data-e-type=\"widget\" data-settings=\"{&quot;aspect_ratio&quot;:&quot;1:1&quot;,&quot;columns&quot;:2,&quot;lazyload&quot;:&quot;yes&quot;,&quot;gallery_layout&quot;:&quot;grid&quot;,&quot;columns_tablet&quot;:2,&quot;columns_mobile&quot;:1,&quot;gap&quot;:{&quot;unit&quot;:&quot;px&quot;,&quot;size&quot;:10,&quot;sizes&quot;:[]},&quot;gap_tablet&quot;:{&quot;unit&quot;:&quot;px&quot;,&quot;size&quot;:10,&quot;sizes&quot;:[]},&quot;gap_mobile&quot;:{&quot;unit&quot;:&quot;px&quot;,&quot;size&quot;:10,&quot;sizes&quot;:[]},&quot;link_to&quot;:&quot;file&quot;,&quot;overlay_background&quot;:&quot;yes&quot;,&quot;content_hover_animation&quot;:&quot;fade-in&quot;}\" data-widget_type=\"gallery.default\">\n\t\t\t\t<div class=\"elementor-widget-container\">\n\t\t\t\t\t\t\t<div class=\"elementor-gallery__container\">\n\t\t\t\t\t\t\t<a class=\"e-gallery-item elementor-gallery-item elementor-animated-content\" href=\"https:\/\/cdu-kaarst.de\/wp-content\/uploads\/baustellenflaeche-mit-maschinen-und-schutthaufen-im-sonnenuntergang.jpg\" data-elementor-open-lightbox=\"yes\" data-elementor-lightbox-slideshow=\"0fc108a\" data-e-action-hash=\"#elementor-action%3Aaction%3Dlightbox%26settings%3DeyJpZCI6NTIxOSwidXJsIjoiaHR0cHM6XC9cL2NkdS1rYWFyc3QuZGVcL3dwLWNvbnRlbnRcL3VwbG9hZHNcL2JhdXN0ZWxsZW5mbGFlY2hlLW1pdC1tYXNjaGluZW4tdW5kLXNjaHV0dGhhdWZlbi1pbS1zb25uZW51bnRlcmdhbmcuanBnIiwic2xpZGVzaG93IjoiMGZjMTA4YSJ9\">\n\t\t\t\t\t<div class=\"e-gallery-image elementor-gallery-item__image\" data-thumbnail=\"https:\/\/cdu-kaarst.de\/wp-content\/uploads\/baustellenflaeche-mit-maschinen-und-schutthaufen-im-sonnenuntergang-225x300.jpg\" data-width=\"225\" data-height=\"300\" aria-label=\"\" role=\"img\" ><\/div>\n\t\t\t\t\t\t\t\t\t\t\t<div class=\"elementor-gallery-item__overlay\"><\/div>\n\t\t\t\t\t\t\t\t\t\t\t\t\t\t<\/a>\n\t\t\t\t\t\t\t<a class=\"e-gallery-item elementor-gallery-item elementor-animated-content\" href=\"https:\/\/cdu-kaarst.de\/wp-content\/uploads\/baustellen-szene-mit-planierraupe-und-sandboden-bei-sonnenuntergang.jpg\" data-elementor-open-lightbox=\"yes\" data-elementor-lightbox-slideshow=\"0fc108a\" data-e-action-hash=\"#elementor-action%3Aaction%3Dlightbox%26settings%3DeyJpZCI6NTIyMSwidXJsIjoiaHR0cHM6XC9cL2NkdS1rYWFyc3QuZGVcL3dwLWNvbnRlbnRcL3VwbG9hZHNcL2JhdXN0ZWxsZW4tc3plbmUtbWl0LXBsYW5pZXJyYXVwZS11bmQtc2FuZGJvZGVuLWJlaS1zb25uZW51bnRlcmdhbmcuanBnIiwic2xpZGVzaG93IjoiMGZjMTA4YSJ9\">\n\t\t\t\t\t<div class=\"e-gallery-image elementor-gallery-item__image\" data-thumbnail=\"https:\/\/cdu-kaarst.de\/wp-content\/uploads\/baustellen-szene-mit-planierraupe-und-sandboden-bei-sonnenuntergang-225x300.jpg\" data-width=\"225\" data-height=\"300\" aria-label=\"\" role=\"img\" ><\/div>\n\t\t\t\t\t\t\t\t\t\t\t<div class=\"elementor-gallery-item__overlay\"><\/div>\n\t\t\t\t\t\t\t\t\t\t\t\t\t\t<\/a>\n\t\t\t\t\t<\/div>\n\t\t\t\t\t<\/div>\n\t\t\t\t<\/div>\n\t\t\t\t\t<\/div>\n\t\t<\/div>\n\t\t\t\t\t<\/div>\n\t\t<\/section>\n\t\t\t\t<\/div>","protected":false},"excerpt":{"rendered":"<p>Am Bruchweg in Holzb\u00fcttgen, auf dem Grundst\u00fcck neben der Gastst\u00e4tte \u201eAlte Zeit\u201c, wird derzeit intensiv gebaut. Wo fr\u00fcher eine Brachfl\u00e4che lag, entstehen nun 39 Lagerhallen mit jeweils 40 Quadratmetern Grundfl\u00e4che. Diese Einheiten richten sich besonders an gewerbliche Mieter, allen voran lokale Handwerksbetriebe, die hier ab Herbst die M\u00f6glichkeit haben werden, hochwertige Arbeitsmaterialien und Werkzeuge sicher [&hellip;]<\/p>\n","protected":false},"author":1,"featured_media":5220,"comment_status":"closed","ping_status":"closed","sticky":false,"template":"","format":"standard","meta":{"footnotes":""},"categories":[1],"tags":[],"class_list":["post-5215","post","type-post","status-publish","format-standard","has-post-thumbnail","hentry","category-allgemein"],"yoast_head":"<!-- This site is optimized with the Yoast SEO plugin v27.4 - https:\/\/yoast.com\/product\/yoast-seo-wordpress\/ -->\n<title>Neue Lagerhallen am Bruchweg: CDU setzt sich f\u00fcr Eingr\u00fcnung und Sicherheit ein - CDU Kaarst-B\u00fcttgen<\/title>\n<meta name=\"robots\" content=\"index, follow, max-snippet:-1, max-image-preview:large, max-video-preview:-1\" \/>\n<link rel=\"canonical\" href=\"https:\/\/cdu-kaarst.de\/en\/allgemein\/neue-lagerhallen-am-bruchweg-cdu-setzt-sich-fur-eingrunung-und-sicherheit-ein\/\" \/>\n<meta property=\"og:locale\" content=\"en_GB\" \/>\n<meta property=\"og:type\" content=\"article\" \/>\n<meta property=\"og:title\" content=\"Neue Lagerhallen am Bruchweg: CDU setzt sich f\u00fcr Eingr\u00fcnung und Sicherheit ein - CDU Kaarst-B\u00fcttgen\" \/>\n<meta property=\"og:description\" content=\"Am Bruchweg in Holzb\u00fcttgen, auf dem Grundst\u00fcck neben der Gastst\u00e4tte \u201eAlte Zeit\u201c, wird derzeit intensiv gebaut. Wo fr\u00fcher eine Brachfl\u00e4che lag, entstehen nun 39 Lagerhallen mit jeweils 40 Quadratmetern Grundfl\u00e4che. Diese Einheiten richten sich besonders an gewerbliche Mieter, allen voran lokale Handwerksbetriebe, die hier ab Herbst die M\u00f6glichkeit haben werden, hochwertige Arbeitsmaterialien und Werkzeuge sicher [&hellip;]\" \/>\n<meta property=\"og:url\" content=\"https:\/\/cdu-kaarst.de\/en\/allgemein\/neue-lagerhallen-am-bruchweg-cdu-setzt-sich-fur-eingrunung-und-sicherheit-ein\/\" \/>\n<meta property=\"og:site_name\" content=\"CDU Kaarst-B\u00fcttgen\" \/>\n<meta property=\"article:published_time\" content=\"2024-10-29T12:47:54+00:00\" \/>\n<meta property=\"article:modified_time\" content=\"2024-10-29T12:56:57+00:00\" \/>\n<meta property=\"og:image\" content=\"https:\/\/cdu-kaarst.de\/wp-content\/uploads\/baustellen-szene-mit-baggern-und-schutthaufen-im-freien.jpg\" \/>\n\t<meta property=\"og:image:width\" content=\"1280\" \/>\n\t<meta property=\"og:image:height\" content=\"960\" \/>\n\t<meta property=\"og:image:type\" content=\"image\/jpeg\" \/>\n<meta name=\"author\" content=\"@dm1n\" \/>\n<meta name=\"twitter:card\" content=\"summary_large_image\" \/>\n<meta name=\"twitter:label1\" content=\"Written by\" \/>\n\t<meta name=\"twitter:data1\" content=\"@dm1n\" \/>\n\t<meta name=\"twitter:label2\" content=\"Estimated reading time\" \/>\n\t<meta name=\"twitter:data2\" content=\"2 minutes\" \/>\n<script type=\"application\/ld+json\" class=\"yoast-schema-graph\">{\"@context\":\"https:\\\/\\\/schema.org\",\"@graph\":[{\"@type\":\"Article\",\"@id\":\"https:\\\/\\\/cdu-kaarst.de\\\/allgemein\\\/neue-lagerhallen-am-bruchweg-cdu-setzt-sich-fur-eingrunung-und-sicherheit-ein\\\/#article\",\"isPartOf\":{\"@id\":\"https:\\\/\\\/cdu-kaarst.de\\\/allgemein\\\/neue-lagerhallen-am-bruchweg-cdu-setzt-sich-fur-eingrunung-und-sicherheit-ein\\\/\"},\"author\":{\"name\":\"@dm1n\",\"@id\":\"https:\\\/\\\/cdu-kaarst.de\\\/#\\\/schema\\\/person\\\/05876a2bd7865609f2946e82cbc73476\"},\"headline\":\"Neue Lagerhallen am Bruchweg: CDU setzt sich f\u00fcr Eingr\u00fcnung und Sicherheit ein\",\"datePublished\":\"2024-10-29T12:47:54+00:00\",\"dateModified\":\"2024-10-29T12:56:57+00:00\",\"mainEntityOfPage\":{\"@id\":\"https:\\\/\\\/cdu-kaarst.de\\\/allgemein\\\/neue-lagerhallen-am-bruchweg-cdu-setzt-sich-fur-eingrunung-und-sicherheit-ein\\\/\"},\"wordCount\":223,\"publisher\":{\"@id\":\"https:\\\/\\\/cdu-kaarst.de\\\/#organization\"},\"image\":{\"@id\":\"https:\\\/\\\/cdu-kaarst.de\\\/allgemein\\\/neue-lagerhallen-am-bruchweg-cdu-setzt-sich-fur-eingrunung-und-sicherheit-ein\\\/#primaryimage\"},\"thumbnailUrl\":\"https:\\\/\\\/cdu-kaarst.de\\\/wp-content\\\/uploads\\\/baustellen-szene-mit-baggern-und-schutthaufen-im-freien.jpg\",\"articleSection\":[\"Allgemein\"],\"inLanguage\":\"en-GB\"},{\"@type\":\"WebPage\",\"@id\":\"https:\\\/\\\/cdu-kaarst.de\\\/allgemein\\\/neue-lagerhallen-am-bruchweg-cdu-setzt-sich-fur-eingrunung-und-sicherheit-ein\\\/\",\"url\":\"https:\\\/\\\/cdu-kaarst.de\\\/allgemein\\\/neue-lagerhallen-am-bruchweg-cdu-setzt-sich-fur-eingrunung-und-sicherheit-ein\\\/\",\"name\":\"Neue Lagerhallen am Bruchweg: CDU setzt sich f\u00fcr Eingr\u00fcnung und Sicherheit ein - CDU Kaarst-B\u00fcttgen\",\"isPartOf\":{\"@id\":\"https:\\\/\\\/cdu-kaarst.de\\\/#website\"},\"primaryImageOfPage\":{\"@id\":\"https:\\\/\\\/cdu-kaarst.de\\\/allgemein\\\/neue-lagerhallen-am-bruchweg-cdu-setzt-sich-fur-eingrunung-und-sicherheit-ein\\\/#primaryimage\"},\"image\":{\"@id\":\"https:\\\/\\\/cdu-kaarst.de\\\/allgemein\\\/neue-lagerhallen-am-bruchweg-cdu-setzt-sich-fur-eingrunung-und-sicherheit-ein\\\/#primaryimage\"},\"thumbnailUrl\":\"https:\\\/\\\/cdu-kaarst.de\\\/wp-content\\\/uploads\\\/baustellen-szene-mit-baggern-und-schutthaufen-im-freien.jpg\",\"datePublished\":\"2024-10-29T12:47:54+00:00\",\"dateModified\":\"2024-10-29T12:56:57+00:00\",\"breadcrumb\":{\"@id\":\"https:\\\/\\\/cdu-kaarst.de\\\/allgemein\\\/neue-lagerhallen-am-bruchweg-cdu-setzt-sich-fur-eingrunung-und-sicherheit-ein\\\/#breadcrumb\"},\"inLanguage\":\"en-GB\",\"potentialAction\":[{\"@type\":\"ReadAction\",\"target\":[\"https:\\\/\\\/cdu-kaarst.de\\\/allgemein\\\/neue-lagerhallen-am-bruchweg-cdu-setzt-sich-fur-eingrunung-und-sicherheit-ein\\\/\"]}]},{\"@type\":\"ImageObject\",\"inLanguage\":\"en-GB\",\"@id\":\"https:\\\/\\\/cdu-kaarst.de\\\/allgemein\\\/neue-lagerhallen-am-bruchweg-cdu-setzt-sich-fur-eingrunung-und-sicherheit-ein\\\/#primaryimage\",\"url\":\"https:\\\/\\\/cdu-kaarst.de\\\/wp-content\\\/uploads\\\/baustellen-szene-mit-baggern-und-schutthaufen-im-freien.jpg\",\"contentUrl\":\"https:\\\/\\\/cdu-kaarst.de\\\/wp-content\\\/uploads\\\/baustellen-szene-mit-baggern-und-schutthaufen-im-freien.jpg\",\"width\":1280,\"height\":960},{\"@type\":\"BreadcrumbList\",\"@id\":\"https:\\\/\\\/cdu-kaarst.de\\\/allgemein\\\/neue-lagerhallen-am-bruchweg-cdu-setzt-sich-fur-eingrunung-und-sicherheit-ein\\\/#breadcrumb\",\"itemListElement\":[{\"@type\":\"ListItem\",\"position\":1,\"name\":\"Startseite\",\"item\":\"https:\\\/\\\/cdu-kaarst.de\\\/\"},{\"@type\":\"ListItem\",\"position\":2,\"name\":\"Neue Lagerhallen am Bruchweg: CDU setzt sich f\u00fcr Eingr\u00fcnung und Sicherheit ein\"}]},{\"@type\":\"WebSite\",\"@id\":\"https:\\\/\\\/cdu-kaarst.de\\\/#website\",\"url\":\"https:\\\/\\\/cdu-kaarst.de\\\/\",\"name\":\"CDU Kaarst-B\u00fcttgen\",\"description\":\"gut Leben in Kaarst\",\"publisher\":{\"@id\":\"https:\\\/\\\/cdu-kaarst.de\\\/#organization\"},\"potentialAction\":[{\"@type\":\"SearchAction\",\"target\":{\"@type\":\"EntryPoint\",\"urlTemplate\":\"https:\\\/\\\/cdu-kaarst.de\\\/?s={search_term_string}\"},\"query-input\":{\"@type\":\"PropertyValueSpecification\",\"valueRequired\":true,\"valueName\":\"search_term_string\"}}],\"inLanguage\":\"en-GB\"},{\"@type\":\"Organization\",\"@id\":\"https:\\\/\\\/cdu-kaarst.de\\\/#organization\",\"name\":\"CDU Kaarst-B\u00fcttgen\",\"url\":\"https:\\\/\\\/cdu-kaarst.de\\\/\",\"logo\":{\"@type\":\"ImageObject\",\"inLanguage\":\"en-GB\",\"@id\":\"https:\\\/\\\/cdu-kaarst.de\\\/#\\\/schema\\\/logo\\\/image\\\/\",\"url\":\"https:\\\/\\\/cdu-kaarst.de\\\/wp-content\\\/uploads\\\/cdu-gesamtlogo.png\",\"contentUrl\":\"https:\\\/\\\/cdu-kaarst.de\\\/wp-content\\\/uploads\\\/cdu-gesamtlogo.png\",\"width\":418,\"height\":120,\"caption\":\"CDU Kaarst-B\u00fcttgen\"},\"image\":{\"@id\":\"https:\\\/\\\/cdu-kaarst.de\\\/#\\\/schema\\\/logo\\\/image\\\/\"}},{\"@type\":\"Person\",\"@id\":\"https:\\\/\\\/cdu-kaarst.de\\\/#\\\/schema\\\/person\\\/05876a2bd7865609f2946e82cbc73476\",\"name\":\"@dm1n\",\"sameAs\":[\"http:\\\/\\\/cdu-kaarst.de\"]}]}<\/script>\n<!-- \/ Yoast SEO plugin. -->","yoast_head_json":{"title":"New warehouses on Bruchweg: CDU in favour of greening and safety - CDU Kaarst-B\u00fcttgen","robots":{"index":"index","follow":"follow","max-snippet":"max-snippet:-1","max-image-preview":"max-image-preview:large","max-video-preview":"max-video-preview:-1"},"canonical":"https:\/\/cdu-kaarst.de\/en\/allgemein\/neue-lagerhallen-am-bruchweg-cdu-setzt-sich-fur-eingrunung-und-sicherheit-ein\/","og_locale":"en_GB","og_type":"article","og_title":"Neue Lagerhallen am Bruchweg: CDU setzt sich f\u00fcr Eingr\u00fcnung und Sicherheit ein - CDU Kaarst-B\u00fcttgen","og_description":"Am Bruchweg in Holzb\u00fcttgen, auf dem Grundst\u00fcck neben der Gastst\u00e4tte \u201eAlte Zeit\u201c, wird derzeit intensiv gebaut. Wo fr\u00fcher eine Brachfl\u00e4che lag, entstehen nun 39 Lagerhallen mit jeweils 40 Quadratmetern Grundfl\u00e4che. Diese Einheiten richten sich besonders an gewerbliche Mieter, allen voran lokale Handwerksbetriebe, die hier ab Herbst die M\u00f6glichkeit haben werden, hochwertige Arbeitsmaterialien und Werkzeuge sicher [&hellip;]","og_url":"https:\/\/cdu-kaarst.de\/en\/allgemein\/neue-lagerhallen-am-bruchweg-cdu-setzt-sich-fur-eingrunung-und-sicherheit-ein\/","og_site_name":"CDU Kaarst-B\u00fcttgen","article_published_time":"2024-10-29T12:47:54+00:00","article_modified_time":"2024-10-29T12:56:57+00:00","og_image":[{"width":1280,"height":960,"url":"https:\/\/cdu-kaarst.de\/wp-content\/uploads\/baustellen-szene-mit-baggern-und-schutthaufen-im-freien.jpg","type":"image\/jpeg"}],"author":"@dm1n","twitter_card":"summary_large_image","twitter_misc":{"Written by":"@dm1n","Estimated reading time":"2 minutes"},"schema":{"@context":"https:\/\/schema.org","@graph":[{"@type":"Article","@id":"https:\/\/cdu-kaarst.de\/allgemein\/neue-lagerhallen-am-bruchweg-cdu-setzt-sich-fur-eingrunung-und-sicherheit-ein\/#article","isPartOf":{"@id":"https:\/\/cdu-kaarst.de\/allgemein\/neue-lagerhallen-am-bruchweg-cdu-setzt-sich-fur-eingrunung-und-sicherheit-ein\/"},"author":{"name":"@dm1n","@id":"https:\/\/cdu-kaarst.de\/#\/schema\/person\/05876a2bd7865609f2946e82cbc73476"},"headline":"Neue Lagerhallen am Bruchweg: CDU setzt sich f\u00fcr Eingr\u00fcnung und Sicherheit ein","datePublished":"2024-10-29T12:47:54+00:00","dateModified":"2024-10-29T12:56:57+00:00","mainEntityOfPage":{"@id":"https:\/\/cdu-kaarst.de\/allgemein\/neue-lagerhallen-am-bruchweg-cdu-setzt-sich-fur-eingrunung-und-sicherheit-ein\/"},"wordCount":223,"publisher":{"@id":"https:\/\/cdu-kaarst.de\/#organization"},"image":{"@id":"https:\/\/cdu-kaarst.de\/allgemein\/neue-lagerhallen-am-bruchweg-cdu-setzt-sich-fur-eingrunung-und-sicherheit-ein\/#primaryimage"},"thumbnailUrl":"https:\/\/cdu-kaarst.de\/wp-content\/uploads\/baustellen-szene-mit-baggern-und-schutthaufen-im-freien.jpg","articleSection":["Allgemein"],"inLanguage":"en-GB"},{"@type":"WebPage","@id":"https:\/\/cdu-kaarst.de\/allgemein\/neue-lagerhallen-am-bruchweg-cdu-setzt-sich-fur-eingrunung-und-sicherheit-ein\/","url":"https:\/\/cdu-kaarst.de\/allgemein\/neue-lagerhallen-am-bruchweg-cdu-setzt-sich-fur-eingrunung-und-sicherheit-ein\/","name":"New warehouses on Bruchweg: CDU in favour of greening and safety - CDU Kaarst-B\u00fcttgen","isPartOf":{"@id":"https:\/\/cdu-kaarst.de\/#website"},"primaryImageOfPage":{"@id":"https:\/\/cdu-kaarst.de\/allgemein\/neue-lagerhallen-am-bruchweg-cdu-setzt-sich-fur-eingrunung-und-sicherheit-ein\/#primaryimage"},"image":{"@id":"https:\/\/cdu-kaarst.de\/allgemein\/neue-lagerhallen-am-bruchweg-cdu-setzt-sich-fur-eingrunung-und-sicherheit-ein\/#primaryimage"},"thumbnailUrl":"https:\/\/cdu-kaarst.de\/wp-content\/uploads\/baustellen-szene-mit-baggern-und-schutthaufen-im-freien.jpg","datePublished":"2024-10-29T12:47:54+00:00","dateModified":"2024-10-29T12:56:57+00:00","breadcrumb":{"@id":"https:\/\/cdu-kaarst.de\/allgemein\/neue-lagerhallen-am-bruchweg-cdu-setzt-sich-fur-eingrunung-und-sicherheit-ein\/#breadcrumb"},"inLanguage":"en-GB","potentialAction":[{"@type":"ReadAction","target":["https:\/\/cdu-kaarst.de\/allgemein\/neue-lagerhallen-am-bruchweg-cdu-setzt-sich-fur-eingrunung-und-sicherheit-ein\/"]}]},{"@type":"ImageObject","inLanguage":"en-GB","@id":"https:\/\/cdu-kaarst.de\/allgemein\/neue-lagerhallen-am-bruchweg-cdu-setzt-sich-fur-eingrunung-und-sicherheit-ein\/#primaryimage","url":"https:\/\/cdu-kaarst.de\/wp-content\/uploads\/baustellen-szene-mit-baggern-und-schutthaufen-im-freien.jpg","contentUrl":"https:\/\/cdu-kaarst.de\/wp-content\/uploads\/baustellen-szene-mit-baggern-und-schutthaufen-im-freien.jpg","width":1280,"height":960},{"@type":"BreadcrumbList","@id":"https:\/\/cdu-kaarst.de\/allgemein\/neue-lagerhallen-am-bruchweg-cdu-setzt-sich-fur-eingrunung-und-sicherheit-ein\/#breadcrumb","itemListElement":[{"@type":"ListItem","position":1,"name":"Startseite","item":"https:\/\/cdu-kaarst.de\/"},{"@type":"ListItem","position":2,"name":"Neue Lagerhallen am Bruchweg: CDU setzt sich f\u00fcr Eingr\u00fcnung und Sicherheit ein"}]},{"@type":"WebSite","@id":"https:\/\/cdu-kaarst.de\/#website","url":"https:\/\/cdu-kaarst.de\/","name":"CDU Kaarst-B\u00fcttgen","description":"living well in Kaarst","publisher":{"@id":"https:\/\/cdu-kaarst.de\/#organization"},"potentialAction":[{"@type":"SearchAction","target":{"@type":"EntryPoint","urlTemplate":"https:\/\/cdu-kaarst.de\/?s={search_term_string}"},"query-input":{"@type":"PropertyValueSpecification","valueRequired":true,"valueName":"search_term_string"}}],"inLanguage":"en-GB"},{"@type":"Organization","@id":"https:\/\/cdu-kaarst.de\/#organization","name":"CDU Kaarst-B\u00fcttgen","url":"https:\/\/cdu-kaarst.de\/","logo":{"@type":"ImageObject","inLanguage":"en-GB","@id":"https:\/\/cdu-kaarst.de\/#\/schema\/logo\/image\/","url":"https:\/\/cdu-kaarst.de\/wp-content\/uploads\/cdu-gesamtlogo.png","contentUrl":"https:\/\/cdu-kaarst.de\/wp-content\/uploads\/cdu-gesamtlogo.png","width":418,"height":120,"caption":"CDU Kaarst-B\u00fcttgen"},"image":{"@id":"https:\/\/cdu-kaarst.de\/#\/schema\/logo\/image\/"}},{"@type":"Person","@id":"https:\/\/cdu-kaarst.de\/#\/schema\/person\/05876a2bd7865609f2946e82cbc73476","name":"@dm1n","sameAs":["http:\/\/cdu-kaarst.de"]}]}},"_links":{"self":[{"href":"https:\/\/cdu-kaarst.de\/en\/wp-json\/wp\/v2\/posts\/5215","targetHints":{"allow":["GET"]}}],"collection":[{"href":"https:\/\/cdu-kaarst.de\/en\/wp-json\/wp\/v2\/posts"}],"about":[{"href":"https:\/\/cdu-kaarst.de\/en\/wp-json\/wp\/v2\/types\/post"}],"author":[{"embeddable":true,"href":"https:\/\/cdu-kaarst.de\/en\/wp-json\/wp\/v2\/users\/1"}],"replies":[{"embeddable":true,"href":"https:\/\/cdu-kaarst.de\/en\/wp-json\/wp\/v2\/comments?post=5215"}],"version-history":[{"count":11,"href":"https:\/\/cdu-kaarst.de\/en\/wp-json\/wp\/v2\/posts\/5215\/revisions"}],"predecessor-version":[{"id":5230,"href":"https:\/\/cdu-kaarst.de\/en\/wp-json\/wp\/v2\/posts\/5215\/revisions\/5230"}],"wp:featuredmedia":[{"embeddable":true,"href":"https:\/\/cdu-kaarst.de\/en\/wp-json\/wp\/v2\/media\/5220"}],"wp:attachment":[{"href":"https:\/\/cdu-kaarst.de\/en\/wp-json\/wp\/v2\/media?parent=5215"}],"wp:term":[{"taxonomy":"category","embeddable":true,"href":"https:\/\/cdu-kaarst.de\/en\/wp-json\/wp\/v2\/categories?post=5215"},{"taxonomy":"post_tag","embeddable":true,"href":"https:\/\/cdu-kaarst.de\/en\/wp-json\/wp\/v2\/tags?post=5215"}],"curies":[{"name":"wp","href":"https:\/\/api.w.org\/{rel}","templated":true}]}}