{"id":5239,"date":"2024-11-05T11:55:14","date_gmt":"2024-11-05T10:55:14","guid":{"rendered":"https:\/\/cdu-kaarst.de\/?p=5239"},"modified":"2024-11-05T11:55:14","modified_gmt":"2024-11-05T10:55:14","slug":"die-cdu-kaarst-buettgen-trauert-um-johannes-hoehner","status":"publish","type":"post","link":"https:\/\/cdu-kaarst.de\/en\/cdu-kaarst\/die-cdu-kaarst-buettgen-trauert-um-johannes-hoehner\/","title":{"rendered":"The CDU Kaarst-B\u00fcttgen mourns the loss of Johannes H\u00f6hner"},"content":{"rendered":"<p><strong>The sudden death of Johannes H\u00f6hner has affected and saddened many in B\u00fcttgen, Driesch, Holzb\u00fcttgen, Kaarst and Vorst who accompanied and supported him in his commitment to the community.\u00a0<\/strong><\/p>\n<p><strong>Johannes H\u00f6hner was a strong personality<\/strong>was clear and authentic in his thinking and speech. He was straightforward and reliable, you could trust his word. In various areas, we also experienced him as a very social person who was always willing to help.<\/p>\n<p>Johannes H\u00f6hner loved his home town of Holzb\u00fcttgen and B\u00fcttgen. <strong>He was a marksman in the B\u00fcttgen brotherhood with heart and soul<\/strong>. With his infectious enthusiasm, he was able to win over many a newcomer to the shooting community.<\/p>\n<p>His great passion was caring for the B\u00fcttgen fountain on the town hall square. <strong>He was the 1st chairman of the Brunnenverein for many years.<\/strong> Since 2013, he has been instrumental in organising the annual fountain festival with many active participants and has made it a permanent fixture in the B\u00fcttgen festival calendar.<\/p>\n<p>Local politics shapes how people live together locally and he was a committed member of the CDU for many years. He was happy to contribute his expertise and ideas in his enthusiastic way to promote a good life in Kaarst, especially in B\u00fcttgen. <strong>From 2009 to 2011, he was deputy treasurer of the CDU in the Rhine district of Neuss, and treasurer from 2011 to 2021.<\/strong><\/p>\n<p>The strength for his profession and his company, for his many voluntary activities and <strong>He received his happy life from his beloved wife Irina and his two children<\/strong>. You and your entire family will sorely miss this kind-hearted, committed and incisive person. As devout Christians, however, they trust that <strong>John is now in God's loving hands<\/strong>.<\/p>\n<p><strong>We have lost a wonderful, special person from our midst and are very sad. We will remember his commitment, his open approach to everyone he met and his work with gratitude.<\/strong><\/p>\n<p>for the CDU Kaarst-B\u00fcttgen<br \/>\nChristian Horn-Heinemann and Carl-Wilhelm Bienefeld<\/p>","protected":false},"excerpt":{"rendered":"<p>Der pl\u00f6tzliche Tod von Johannes H\u00f6hner hat viele in B\u00fcttgen, Driesch, Holzb\u00fcttgen, Kaarst und Vorst, die ihn bei seinem Engagement f\u00fcr die Gemeinschaft begleitet und unterst\u00fctzt haben, betroffen und sehr traurig gemacht.\u00a0 Johannes H\u00f6hner war eine starke Pers\u00f6nlichkeit, war in seinem Denken und Reden klar und authentisch. Er war gradlinig und verl\u00e4sslich, man konnte seinem [&hellip;]<\/p>\n","protected":false},"author":1,"featured_media":5240,"comment_status":"closed","ping_status":"closed","sticky":false,"template":"","format":"standard","meta":{"footnotes":""},"categories":[23],"tags":[],"class_list":["post-5239","post","type-post","status-publish","format-standard","has-post-thumbnail","hentry","category-cdu-kaarst"],"yoast_head":"<!-- This site is optimized with the Yoast SEO plugin v27.4 - https:\/\/yoast.com\/product\/yoast-seo-wordpress\/ -->\n<title>Die CDU Kaarst-B\u00fcttgen trauert um Johannes H\u00f6hner - CDU Kaarst-B\u00fcttgen<\/title>\n<meta name=\"robots\" content=\"index, follow, max-snippet:-1, max-image-preview:large, max-video-preview:-1\" \/>\n<link rel=\"canonical\" href=\"https:\/\/cdu-kaarst.de\/en\/cdu-kaarst\/die-cdu-kaarst-buettgen-trauert-um-johannes-hoehner\/\" \/>\n<meta property=\"og:locale\" content=\"en_GB\" \/>\n<meta property=\"og:type\" content=\"article\" \/>\n<meta property=\"og:title\" content=\"Die CDU Kaarst-B\u00fcttgen trauert um Johannes H\u00f6hner - CDU Kaarst-B\u00fcttgen\" \/>\n<meta property=\"og:description\" content=\"Der pl\u00f6tzliche Tod von Johannes H\u00f6hner hat viele in B\u00fcttgen, Driesch, Holzb\u00fcttgen, Kaarst und Vorst, die ihn bei seinem Engagement f\u00fcr die Gemeinschaft begleitet und unterst\u00fctzt haben, betroffen und sehr traurig gemacht.\u00a0 Johannes H\u00f6hner war eine starke Pers\u00f6nlichkeit, war in seinem Denken und Reden klar und authentisch. Er war gradlinig und verl\u00e4sslich, man konnte seinem [&hellip;]\" \/>\n<meta property=\"og:url\" content=\"https:\/\/cdu-kaarst.de\/en\/cdu-kaarst\/die-cdu-kaarst-buettgen-trauert-um-johannes-hoehner\/\" \/>\n<meta property=\"og:site_name\" content=\"CDU Kaarst-B\u00fcttgen\" \/>\n<meta property=\"article:published_time\" content=\"2024-11-05T10:55:14+00:00\" \/>\n<meta property=\"og:image\" content=\"https:\/\/cdu-kaarst.de\/wp-content\/uploads\/cdu-kaarst-buettgen_trauern-um-johannes-hoehner.jpg\" \/>\n\t<meta property=\"og:image:width\" content=\"1000\" \/>\n\t<meta property=\"og:image:height\" content=\"667\" \/>\n\t<meta property=\"og:image:type\" content=\"image\/jpeg\" \/>\n<meta name=\"author\" content=\"@dm1n\" \/>\n<meta name=\"twitter:card\" content=\"summary_large_image\" \/>\n<meta name=\"twitter:label1\" content=\"Written by\" \/>\n\t<meta name=\"twitter:data1\" content=\"@dm1n\" \/>\n\t<meta name=\"twitter:label2\" content=\"Estimated reading time\" \/>\n\t<meta name=\"twitter:data2\" content=\"2 minutes\" \/>\n<script type=\"application\/ld+json\" class=\"yoast-schema-graph\">{\"@context\":\"https:\\\/\\\/schema.org\",\"@graph\":[{\"@type\":\"Article\",\"@id\":\"https:\\\/\\\/cdu-kaarst.de\\\/cdu-kaarst\\\/die-cdu-kaarst-buettgen-trauert-um-johannes-hoehner\\\/#article\",\"isPartOf\":{\"@id\":\"https:\\\/\\\/cdu-kaarst.de\\\/cdu-kaarst\\\/die-cdu-kaarst-buettgen-trauert-um-johannes-hoehner\\\/\"},\"author\":{\"name\":\"@dm1n\",\"@id\":\"https:\\\/\\\/cdu-kaarst.de\\\/#\\\/schema\\\/person\\\/05876a2bd7865609f2946e82cbc73476\"},\"headline\":\"Die CDU Kaarst-B\u00fcttgen trauert um Johannes H\u00f6hner\",\"datePublished\":\"2024-11-05T10:55:14+00:00\",\"mainEntityOfPage\":{\"@id\":\"https:\\\/\\\/cdu-kaarst.de\\\/cdu-kaarst\\\/die-cdu-kaarst-buettgen-trauert-um-johannes-hoehner\\\/\"},\"wordCount\":342,\"publisher\":{\"@id\":\"https:\\\/\\\/cdu-kaarst.de\\\/#organization\"},\"image\":{\"@id\":\"https:\\\/\\\/cdu-kaarst.de\\\/cdu-kaarst\\\/die-cdu-kaarst-buettgen-trauert-um-johannes-hoehner\\\/#primaryimage\"},\"thumbnailUrl\":\"https:\\\/\\\/cdu-kaarst.de\\\/wp-content\\\/uploads\\\/cdu-kaarst-buettgen_trauern-um-johannes-hoehner.jpg\",\"articleSection\":[\"CDU Kaarst\"],\"inLanguage\":\"en-GB\"},{\"@type\":\"WebPage\",\"@id\":\"https:\\\/\\\/cdu-kaarst.de\\\/cdu-kaarst\\\/die-cdu-kaarst-buettgen-trauert-um-johannes-hoehner\\\/\",\"url\":\"https:\\\/\\\/cdu-kaarst.de\\\/cdu-kaarst\\\/die-cdu-kaarst-buettgen-trauert-um-johannes-hoehner\\\/\",\"name\":\"Die CDU Kaarst-B\u00fcttgen trauert um Johannes H\u00f6hner - CDU Kaarst-B\u00fcttgen\",\"isPartOf\":{\"@id\":\"https:\\\/\\\/cdu-kaarst.de\\\/#website\"},\"primaryImageOfPage\":{\"@id\":\"https:\\\/\\\/cdu-kaarst.de\\\/cdu-kaarst\\\/die-cdu-kaarst-buettgen-trauert-um-johannes-hoehner\\\/#primaryimage\"},\"image\":{\"@id\":\"https:\\\/\\\/cdu-kaarst.de\\\/cdu-kaarst\\\/die-cdu-kaarst-buettgen-trauert-um-johannes-hoehner\\\/#primaryimage\"},\"thumbnailUrl\":\"https:\\\/\\\/cdu-kaarst.de\\\/wp-content\\\/uploads\\\/cdu-kaarst-buettgen_trauern-um-johannes-hoehner.jpg\",\"datePublished\":\"2024-11-05T10:55:14+00:00\",\"breadcrumb\":{\"@id\":\"https:\\\/\\\/cdu-kaarst.de\\\/cdu-kaarst\\\/die-cdu-kaarst-buettgen-trauert-um-johannes-hoehner\\\/#breadcrumb\"},\"inLanguage\":\"en-GB\",\"potentialAction\":[{\"@type\":\"ReadAction\",\"target\":[\"https:\\\/\\\/cdu-kaarst.de\\\/cdu-kaarst\\\/die-cdu-kaarst-buettgen-trauert-um-johannes-hoehner\\\/\"]}]},{\"@type\":\"ImageObject\",\"inLanguage\":\"en-GB\",\"@id\":\"https:\\\/\\\/cdu-kaarst.de\\\/cdu-kaarst\\\/die-cdu-kaarst-buettgen-trauert-um-johannes-hoehner\\\/#primaryimage\",\"url\":\"https:\\\/\\\/cdu-kaarst.de\\\/wp-content\\\/uploads\\\/cdu-kaarst-buettgen_trauern-um-johannes-hoehner.jpg\",\"contentUrl\":\"https:\\\/\\\/cdu-kaarst.de\\\/wp-content\\\/uploads\\\/cdu-kaarst-buettgen_trauern-um-johannes-hoehner.jpg\",\"width\":1000,\"height\":667},{\"@type\":\"BreadcrumbList\",\"@id\":\"https:\\\/\\\/cdu-kaarst.de\\\/cdu-kaarst\\\/die-cdu-kaarst-buettgen-trauert-um-johannes-hoehner\\\/#breadcrumb\",\"itemListElement\":[{\"@type\":\"ListItem\",\"position\":1,\"name\":\"Startseite\",\"item\":\"https:\\\/\\\/cdu-kaarst.de\\\/\"},{\"@type\":\"ListItem\",\"position\":2,\"name\":\"Die CDU Kaarst-B\u00fcttgen trauert um Johannes H\u00f6hner\"}]},{\"@type\":\"WebSite\",\"@id\":\"https:\\\/\\\/cdu-kaarst.de\\\/#website\",\"url\":\"https:\\\/\\\/cdu-kaarst.de\\\/\",\"name\":\"CDU Kaarst-B\u00fcttgen\",\"description\":\"gut Leben in Kaarst\",\"publisher\":{\"@id\":\"https:\\\/\\\/cdu-kaarst.de\\\/#organization\"},\"potentialAction\":[{\"@type\":\"SearchAction\",\"target\":{\"@type\":\"EntryPoint\",\"urlTemplate\":\"https:\\\/\\\/cdu-kaarst.de\\\/?s={search_term_string}\"},\"query-input\":{\"@type\":\"PropertyValueSpecification\",\"valueRequired\":true,\"valueName\":\"search_term_string\"}}],\"inLanguage\":\"en-GB\"},{\"@type\":\"Organization\",\"@id\":\"https:\\\/\\\/cdu-kaarst.de\\\/#organization\",\"name\":\"CDU Kaarst-B\u00fcttgen\",\"url\":\"https:\\\/\\\/cdu-kaarst.de\\\/\",\"logo\":{\"@type\":\"ImageObject\",\"inLanguage\":\"en-GB\",\"@id\":\"https:\\\/\\\/cdu-kaarst.de\\\/#\\\/schema\\\/logo\\\/image\\\/\",\"url\":\"https:\\\/\\\/cdu-kaarst.de\\\/wp-content\\\/uploads\\\/cdu-gesamtlogo.png\",\"contentUrl\":\"https:\\\/\\\/cdu-kaarst.de\\\/wp-content\\\/uploads\\\/cdu-gesamtlogo.png\",\"width\":418,\"height\":120,\"caption\":\"CDU Kaarst-B\u00fcttgen\"},\"image\":{\"@id\":\"https:\\\/\\\/cdu-kaarst.de\\\/#\\\/schema\\\/logo\\\/image\\\/\"}},{\"@type\":\"Person\",\"@id\":\"https:\\\/\\\/cdu-kaarst.de\\\/#\\\/schema\\\/person\\\/05876a2bd7865609f2946e82cbc73476\",\"name\":\"@dm1n\",\"sameAs\":[\"http:\\\/\\\/cdu-kaarst.de\"]}]}<\/script>\n<!-- \/ Yoast SEO plugin. -->","yoast_head_json":{"title":"The CDU Kaarst-B\u00fcttgen mourns the death of Johannes H\u00f6hner - CDU Kaarst-B\u00fcttgen","robots":{"index":"index","follow":"follow","max-snippet":"max-snippet:-1","max-image-preview":"max-image-preview:large","max-video-preview":"max-video-preview:-1"},"canonical":"https:\/\/cdu-kaarst.de\/en\/cdu-kaarst\/die-cdu-kaarst-buettgen-trauert-um-johannes-hoehner\/","og_locale":"en_GB","og_type":"article","og_title":"Die CDU Kaarst-B\u00fcttgen trauert um Johannes H\u00f6hner - CDU Kaarst-B\u00fcttgen","og_description":"Der pl\u00f6tzliche Tod von Johannes H\u00f6hner hat viele in B\u00fcttgen, Driesch, Holzb\u00fcttgen, Kaarst und Vorst, die ihn bei seinem Engagement f\u00fcr die Gemeinschaft begleitet und unterst\u00fctzt haben, betroffen und sehr traurig gemacht.\u00a0 Johannes H\u00f6hner war eine starke Pers\u00f6nlichkeit, war in seinem Denken und Reden klar und authentisch. Er war gradlinig und verl\u00e4sslich, man konnte seinem [&hellip;]","og_url":"https:\/\/cdu-kaarst.de\/en\/cdu-kaarst\/die-cdu-kaarst-buettgen-trauert-um-johannes-hoehner\/","og_site_name":"CDU Kaarst-B\u00fcttgen","article_published_time":"2024-11-05T10:55:14+00:00","og_image":[{"width":1000,"height":667,"url":"https:\/\/cdu-kaarst.de\/wp-content\/uploads\/cdu-kaarst-buettgen_trauern-um-johannes-hoehner.jpg","type":"image\/jpeg"}],"author":"@dm1n","twitter_card":"summary_large_image","twitter_misc":{"Written by":"@dm1n","Estimated reading time":"2 minutes"},"schema":{"@context":"https:\/\/schema.org","@graph":[{"@type":"Article","@id":"https:\/\/cdu-kaarst.de\/cdu-kaarst\/die-cdu-kaarst-buettgen-trauert-um-johannes-hoehner\/#article","isPartOf":{"@id":"https:\/\/cdu-kaarst.de\/cdu-kaarst\/die-cdu-kaarst-buettgen-trauert-um-johannes-hoehner\/"},"author":{"name":"@dm1n","@id":"https:\/\/cdu-kaarst.de\/#\/schema\/person\/05876a2bd7865609f2946e82cbc73476"},"headline":"Die CDU Kaarst-B\u00fcttgen trauert um Johannes H\u00f6hner","datePublished":"2024-11-05T10:55:14+00:00","mainEntityOfPage":{"@id":"https:\/\/cdu-kaarst.de\/cdu-kaarst\/die-cdu-kaarst-buettgen-trauert-um-johannes-hoehner\/"},"wordCount":342,"publisher":{"@id":"https:\/\/cdu-kaarst.de\/#organization"},"image":{"@id":"https:\/\/cdu-kaarst.de\/cdu-kaarst\/die-cdu-kaarst-buettgen-trauert-um-johannes-hoehner\/#primaryimage"},"thumbnailUrl":"https:\/\/cdu-kaarst.de\/wp-content\/uploads\/cdu-kaarst-buettgen_trauern-um-johannes-hoehner.jpg","articleSection":["CDU Kaarst"],"inLanguage":"en-GB"},{"@type":"WebPage","@id":"https:\/\/cdu-kaarst.de\/cdu-kaarst\/die-cdu-kaarst-buettgen-trauert-um-johannes-hoehner\/","url":"https:\/\/cdu-kaarst.de\/cdu-kaarst\/die-cdu-kaarst-buettgen-trauert-um-johannes-hoehner\/","name":"The CDU Kaarst-B\u00fcttgen mourns the death of Johannes H\u00f6hner - CDU Kaarst-B\u00fcttgen","isPartOf":{"@id":"https:\/\/cdu-kaarst.de\/#website"},"primaryImageOfPage":{"@id":"https:\/\/cdu-kaarst.de\/cdu-kaarst\/die-cdu-kaarst-buettgen-trauert-um-johannes-hoehner\/#primaryimage"},"image":{"@id":"https:\/\/cdu-kaarst.de\/cdu-kaarst\/die-cdu-kaarst-buettgen-trauert-um-johannes-hoehner\/#primaryimage"},"thumbnailUrl":"https:\/\/cdu-kaarst.de\/wp-content\/uploads\/cdu-kaarst-buettgen_trauern-um-johannes-hoehner.jpg","datePublished":"2024-11-05T10:55:14+00:00","breadcrumb":{"@id":"https:\/\/cdu-kaarst.de\/cdu-kaarst\/die-cdu-kaarst-buettgen-trauert-um-johannes-hoehner\/#breadcrumb"},"inLanguage":"en-GB","potentialAction":[{"@type":"ReadAction","target":["https:\/\/cdu-kaarst.de\/cdu-kaarst\/die-cdu-kaarst-buettgen-trauert-um-johannes-hoehner\/"]}]},{"@type":"ImageObject","inLanguage":"en-GB","@id":"https:\/\/cdu-kaarst.de\/cdu-kaarst\/die-cdu-kaarst-buettgen-trauert-um-johannes-hoehner\/#primaryimage","url":"https:\/\/cdu-kaarst.de\/wp-content\/uploads\/cdu-kaarst-buettgen_trauern-um-johannes-hoehner.jpg","contentUrl":"https:\/\/cdu-kaarst.de\/wp-content\/uploads\/cdu-kaarst-buettgen_trauern-um-johannes-hoehner.jpg","width":1000,"height":667},{"@type":"BreadcrumbList","@id":"https:\/\/cdu-kaarst.de\/cdu-kaarst\/die-cdu-kaarst-buettgen-trauert-um-johannes-hoehner\/#breadcrumb","itemListElement":[{"@type":"ListItem","position":1,"name":"Startseite","item":"https:\/\/cdu-kaarst.de\/"},{"@type":"ListItem","position":2,"name":"Die CDU Kaarst-B\u00fcttgen trauert um Johannes H\u00f6hner"}]},{"@type":"WebSite","@id":"https:\/\/cdu-kaarst.de\/#website","url":"https:\/\/cdu-kaarst.de\/","name":"CDU Kaarst-B\u00fcttgen","description":"living well in Kaarst","publisher":{"@id":"https:\/\/cdu-kaarst.de\/#organization"},"potentialAction":[{"@type":"SearchAction","target":{"@type":"EntryPoint","urlTemplate":"https:\/\/cdu-kaarst.de\/?s={search_term_string}"},"query-input":{"@type":"PropertyValueSpecification","valueRequired":true,"valueName":"search_term_string"}}],"inLanguage":"en-GB"},{"@type":"Organization","@id":"https:\/\/cdu-kaarst.de\/#organization","name":"CDU Kaarst-B\u00fcttgen","url":"https:\/\/cdu-kaarst.de\/","logo":{"@type":"ImageObject","inLanguage":"en-GB","@id":"https:\/\/cdu-kaarst.de\/#\/schema\/logo\/image\/","url":"https:\/\/cdu-kaarst.de\/wp-content\/uploads\/cdu-gesamtlogo.png","contentUrl":"https:\/\/cdu-kaarst.de\/wp-content\/uploads\/cdu-gesamtlogo.png","width":418,"height":120,"caption":"CDU Kaarst-B\u00fcttgen"},"image":{"@id":"https:\/\/cdu-kaarst.de\/#\/schema\/logo\/image\/"}},{"@type":"Person","@id":"https:\/\/cdu-kaarst.de\/#\/schema\/person\/05876a2bd7865609f2946e82cbc73476","name":"@dm1n","sameAs":["http:\/\/cdu-kaarst.de"]}]}},"_links":{"self":[{"href":"https:\/\/cdu-kaarst.de\/en\/wp-json\/wp\/v2\/posts\/5239","targetHints":{"allow":["GET"]}}],"collection":[{"href":"https:\/\/cdu-kaarst.de\/en\/wp-json\/wp\/v2\/posts"}],"about":[{"href":"https:\/\/cdu-kaarst.de\/en\/wp-json\/wp\/v2\/types\/post"}],"author":[{"embeddable":true,"href":"https:\/\/cdu-kaarst.de\/en\/wp-json\/wp\/v2\/users\/1"}],"replies":[{"embeddable":true,"href":"https:\/\/cdu-kaarst.de\/en\/wp-json\/wp\/v2\/comments?post=5239"}],"version-history":[{"count":2,"href":"https:\/\/cdu-kaarst.de\/en\/wp-json\/wp\/v2\/posts\/5239\/revisions"}],"predecessor-version":[{"id":5242,"href":"https:\/\/cdu-kaarst.de\/en\/wp-json\/wp\/v2\/posts\/5239\/revisions\/5242"}],"wp:featuredmedia":[{"embeddable":true,"href":"https:\/\/cdu-kaarst.de\/en\/wp-json\/wp\/v2\/media\/5240"}],"wp:attachment":[{"href":"https:\/\/cdu-kaarst.de\/en\/wp-json\/wp\/v2\/media?parent=5239"}],"wp:term":[{"taxonomy":"category","embeddable":true,"href":"https:\/\/cdu-kaarst.de\/en\/wp-json\/wp\/v2\/categories?post=5239"},{"taxonomy":"post_tag","embeddable":true,"href":"https:\/\/cdu-kaarst.de\/en\/wp-json\/wp\/v2\/tags?post=5239"}],"curies":[{"name":"wp","href":"https:\/\/api.w.org\/{rel}","templated":true}]}}