{"id":5257,"date":"2024-11-07T13:21:43","date_gmt":"2024-11-07T12:21:43","guid":{"rendered":"https:\/\/cdu-kaarst.de\/?p=5257"},"modified":"2024-11-27T10:19:31","modified_gmt":"2024-11-27T09:19:31","slug":"security-kontrolliert-stadtmitte","status":"publish","type":"post","link":"https:\/\/cdu-kaarst.de\/en\/allgemein\/security-kontrolliert-stadtmitte\/","title":{"rendered":"Security checks city centre"},"content":{"rendered":"<div data-elementor-type=\"wp-post\" data-elementor-id=\"5257\" class=\"elementor elementor-5257\" data-elementor-post-type=\"post\">\n\t\t\t\t\t\t<section class=\"elementor-section elementor-top-section elementor-element elementor-element-3a2e931 elementor-section-boxed elementor-section-height-default elementor-section-height-default\" data-id=\"3a2e931\" data-element_type=\"section\" data-e-type=\"section\" data-settings=\"{&quot;jet_parallax_layout_list&quot;:[]}\">\n\t\t\t\t\t\t<div class=\"elementor-container elementor-column-gap-default\">\n\t\t\t\t\t<div class=\"elementor-column elementor-col-100 elementor-top-column elementor-element elementor-element-cebd761\" data-id=\"cebd761\" data-element_type=\"column\" data-e-type=\"column\">\n\t\t\t<div class=\"elementor-widget-wrap elementor-element-populated\">\n\t\t\t\t\t\t<div class=\"elementor-element elementor-element-7eb8439 elementor-widget elementor-widget-text-editor\" data-id=\"7eb8439\" data-element_type=\"widget\" data-e-type=\"widget\" data-widget_type=\"text-editor.default\">\n\t\t\t\t<div class=\"elementor-widget-container\">\n\t\t\t\t\t\t\t\t\t<p>The <strong>CDU Kaarst<\/strong> is successfully campaigning for more <strong>Security<\/strong> in the <strong>City centre<\/strong> in: The <strong>City Council<\/strong> from Kaarst has <strong>Initiative<\/strong> of the CDU together with the <strong>Green Group<\/strong> decided to set up a <strong>private security company<\/strong> to control the <strong>City parks<\/strong> and the <strong>City centre<\/strong> in the future. This is the CDU's response to the <strong>Growing uncertainty<\/strong> the <strong>Citizens<\/strong> and shows <strong>decisive action<\/strong> for a <strong>safe city<\/strong>.<\/p><p>From now until the end of March, the security company will work daily from <strong>6 to 11 pm<\/strong> be present in the city centre in order to <strong>Sense of security<\/strong> of the people in Kaarst.<\/p><p>The CDU sees this <strong>Measure<\/strong> as an important <strong>Step<\/strong>in order to <strong>Trust<\/strong> of the people in the <strong>Security<\/strong> of the <strong>public space<\/strong> to be restored. Especially after the <strong>incidents<\/strong> of the last few months, such as <strong>Hold-ups<\/strong> and <strong>Harassment<\/strong>is a <strong>clear sign<\/strong> required.<\/p><p>The <strong>Application<\/strong> of the CDU was not realised despite <strong>Isolated criticism<\/strong> with a <strong>Majority in the city council<\/strong> accepted. The <strong>Financing<\/strong> of the measure is ensured, and the <strong>Administration<\/strong> was commissioned to <strong>Realisation<\/strong> immediately. \"The <strong>Sense of security<\/strong> of citizens has suffered and we must respond to this.<\/p><p>This measure shows that we are working on the <strong>Side of the people<\/strong> stand,\" explained <strong>Ingo Kotzian<\/strong>, <strong>Group Chairman<\/strong> of the CDU.<\/p><p>The CDU is committed to ensuring that the <strong>Costs<\/strong> so <strong>efficient<\/strong> as possible. The administration is therefore examining whether existing <strong>Security personnel<\/strong>which stands for <strong>Emergency accommodation<\/strong> is also used in the city centre <strong>Patrol<\/strong> can.<\/p><p>This creates a <strong>Responsible handling<\/strong> with the <strong>Resources<\/strong> of the city is guaranteed. In addition, the <strong>Sovereign task<\/strong> the <strong>Interventions<\/strong> further with the <strong>Police<\/strong> and the <strong>Public order office<\/strong>while the security company, through its <strong>Presence<\/strong> should provide an increased sense of security.<\/p><p>The CDU is delighted about the <strong>Broad support<\/strong> for these <strong>Important measure<\/strong> and will <strong>Effect<\/strong> the <strong>Security measure<\/strong> closely over the coming months. The goal is clear: a <strong>A safe and liveable city<\/strong> for all <strong>Citizens<\/strong> from Kaarst.<\/p>\t\t\t\t\t\t\t\t<\/div>\n\t\t\t\t<\/div>\n\t\t\t\t\t<\/div>\n\t\t<\/div>\n\t\t\t\t\t<\/div>\n\t\t<\/section>\n\t\t\t\t<\/div>","protected":false},"excerpt":{"rendered":"<p>Die CDU Kaarst setzt sich erfolgreich f\u00fcr mehr Sicherheit in der Stadtmitte ein: Der Stadtrat von Kaarst hat auf Initiative der CDU gemeinsam mit der Gr\u00fcnen Fraktion beschlossen, eine private Sicherheitsfirma zur Kontrolle des Stadtparks und der Innenstadt einzusetzen. Damit reagiert die CDU auf die wachsende Verunsicherung der B\u00fcrger und zeigt entschlossenes Handeln f\u00fcr eine [&hellip;]<\/p>\n","protected":false},"author":1,"featured_media":5420,"comment_status":"closed","ping_status":"closed","sticky":false,"template":"","format":"standard","meta":{"footnotes":""},"categories":[1],"tags":[],"class_list":["post-5257","post","type-post","status-publish","format-standard","has-post-thumbnail","hentry","category-allgemein"],"yoast_head":"<!-- This site is optimized with the Yoast SEO plugin v27.4 - https:\/\/yoast.com\/product\/yoast-seo-wordpress\/ -->\n<title>Security kontrolliert Stadtmitte - CDU Kaarst-B\u00fcttgen<\/title>\n<meta name=\"robots\" content=\"index, follow, max-snippet:-1, max-image-preview:large, max-video-preview:-1\" \/>\n<link rel=\"canonical\" href=\"https:\/\/cdu-kaarst.de\/en\/allgemein\/security-kontrolliert-stadtmitte\/\" \/>\n<meta property=\"og:locale\" content=\"en_GB\" \/>\n<meta property=\"og:type\" content=\"article\" \/>\n<meta property=\"og:title\" content=\"Security kontrolliert Stadtmitte - CDU Kaarst-B\u00fcttgen\" \/>\n<meta property=\"og:description\" content=\"Die CDU Kaarst setzt sich erfolgreich f\u00fcr mehr Sicherheit in der Stadtmitte ein: Der Stadtrat von Kaarst hat auf Initiative der CDU gemeinsam mit der Gr\u00fcnen Fraktion beschlossen, eine private Sicherheitsfirma zur Kontrolle des Stadtparks und der Innenstadt einzusetzen. Damit reagiert die CDU auf die wachsende Verunsicherung der B\u00fcrger und zeigt entschlossenes Handeln f\u00fcr eine [&hellip;]\" \/>\n<meta property=\"og:url\" content=\"https:\/\/cdu-kaarst.de\/en\/allgemein\/security-kontrolliert-stadtmitte\/\" \/>\n<meta property=\"og:site_name\" content=\"CDU Kaarst-B\u00fcttgen\" \/>\n<meta property=\"article:published_time\" content=\"2024-11-07T12:21:43+00:00\" \/>\n<meta property=\"article:modified_time\" content=\"2024-11-27T09:19:31+00:00\" \/>\n<meta property=\"og:image\" content=\"https:\/\/cdu-kaarst.de\/wp-content\/uploads\/cdu-kaarst-security.jpg\" \/>\n\t<meta property=\"og:image:width\" content=\"1000\" \/>\n\t<meta property=\"og:image:height\" content=\"667\" \/>\n\t<meta property=\"og:image:type\" content=\"image\/jpeg\" \/>\n<meta name=\"author\" content=\"@dm1n\" \/>\n<meta name=\"twitter:card\" content=\"summary_large_image\" \/>\n<meta name=\"twitter:label1\" content=\"Written by\" \/>\n\t<meta name=\"twitter:data1\" content=\"@dm1n\" \/>\n\t<meta name=\"twitter:label2\" content=\"Estimated reading time\" \/>\n\t<meta name=\"twitter:data2\" content=\"2 minutes\" \/>\n<script type=\"application\/ld+json\" class=\"yoast-schema-graph\">{\"@context\":\"https:\\\/\\\/schema.org\",\"@graph\":[{\"@type\":\"Article\",\"@id\":\"https:\\\/\\\/cdu-kaarst.de\\\/allgemein\\\/security-kontrolliert-stadtmitte\\\/#article\",\"isPartOf\":{\"@id\":\"https:\\\/\\\/cdu-kaarst.de\\\/allgemein\\\/security-kontrolliert-stadtmitte\\\/\"},\"author\":{\"name\":\"@dm1n\",\"@id\":\"https:\\\/\\\/cdu-kaarst.de\\\/#\\\/schema\\\/person\\\/05876a2bd7865609f2946e82cbc73476\"},\"headline\":\"Security kontrolliert Stadtmitte\",\"datePublished\":\"2024-11-07T12:21:43+00:00\",\"dateModified\":\"2024-11-27T09:19:31+00:00\",\"mainEntityOfPage\":{\"@id\":\"https:\\\/\\\/cdu-kaarst.de\\\/allgemein\\\/security-kontrolliert-stadtmitte\\\/\"},\"wordCount\":330,\"publisher\":{\"@id\":\"https:\\\/\\\/cdu-kaarst.de\\\/#organization\"},\"image\":{\"@id\":\"https:\\\/\\\/cdu-kaarst.de\\\/allgemein\\\/security-kontrolliert-stadtmitte\\\/#primaryimage\"},\"thumbnailUrl\":\"https:\\\/\\\/cdu-kaarst.de\\\/wp-content\\\/uploads\\\/cdu-kaarst-security.jpg\",\"articleSection\":[\"Allgemein\"],\"inLanguage\":\"en-GB\"},{\"@type\":\"WebPage\",\"@id\":\"https:\\\/\\\/cdu-kaarst.de\\\/allgemein\\\/security-kontrolliert-stadtmitte\\\/\",\"url\":\"https:\\\/\\\/cdu-kaarst.de\\\/allgemein\\\/security-kontrolliert-stadtmitte\\\/\",\"name\":\"Security kontrolliert Stadtmitte - CDU Kaarst-B\u00fcttgen\",\"isPartOf\":{\"@id\":\"https:\\\/\\\/cdu-kaarst.de\\\/#website\"},\"primaryImageOfPage\":{\"@id\":\"https:\\\/\\\/cdu-kaarst.de\\\/allgemein\\\/security-kontrolliert-stadtmitte\\\/#primaryimage\"},\"image\":{\"@id\":\"https:\\\/\\\/cdu-kaarst.de\\\/allgemein\\\/security-kontrolliert-stadtmitte\\\/#primaryimage\"},\"thumbnailUrl\":\"https:\\\/\\\/cdu-kaarst.de\\\/wp-content\\\/uploads\\\/cdu-kaarst-security.jpg\",\"datePublished\":\"2024-11-07T12:21:43+00:00\",\"dateModified\":\"2024-11-27T09:19:31+00:00\",\"breadcrumb\":{\"@id\":\"https:\\\/\\\/cdu-kaarst.de\\\/allgemein\\\/security-kontrolliert-stadtmitte\\\/#breadcrumb\"},\"inLanguage\":\"en-GB\",\"potentialAction\":[{\"@type\":\"ReadAction\",\"target\":[\"https:\\\/\\\/cdu-kaarst.de\\\/allgemein\\\/security-kontrolliert-stadtmitte\\\/\"]}]},{\"@type\":\"ImageObject\",\"inLanguage\":\"en-GB\",\"@id\":\"https:\\\/\\\/cdu-kaarst.de\\\/allgemein\\\/security-kontrolliert-stadtmitte\\\/#primaryimage\",\"url\":\"https:\\\/\\\/cdu-kaarst.de\\\/wp-content\\\/uploads\\\/cdu-kaarst-security.jpg\",\"contentUrl\":\"https:\\\/\\\/cdu-kaarst.de\\\/wp-content\\\/uploads\\\/cdu-kaarst-security.jpg\",\"width\":1000,\"height\":667},{\"@type\":\"BreadcrumbList\",\"@id\":\"https:\\\/\\\/cdu-kaarst.de\\\/allgemein\\\/security-kontrolliert-stadtmitte\\\/#breadcrumb\",\"itemListElement\":[{\"@type\":\"ListItem\",\"position\":1,\"name\":\"Startseite\",\"item\":\"https:\\\/\\\/cdu-kaarst.de\\\/\"},{\"@type\":\"ListItem\",\"position\":2,\"name\":\"Security kontrolliert Stadtmitte\"}]},{\"@type\":\"WebSite\",\"@id\":\"https:\\\/\\\/cdu-kaarst.de\\\/#website\",\"url\":\"https:\\\/\\\/cdu-kaarst.de\\\/\",\"name\":\"CDU Kaarst-B\u00fcttgen\",\"description\":\"gut Leben in Kaarst\",\"publisher\":{\"@id\":\"https:\\\/\\\/cdu-kaarst.de\\\/#organization\"},\"potentialAction\":[{\"@type\":\"SearchAction\",\"target\":{\"@type\":\"EntryPoint\",\"urlTemplate\":\"https:\\\/\\\/cdu-kaarst.de\\\/?s={search_term_string}\"},\"query-input\":{\"@type\":\"PropertyValueSpecification\",\"valueRequired\":true,\"valueName\":\"search_term_string\"}}],\"inLanguage\":\"en-GB\"},{\"@type\":\"Organization\",\"@id\":\"https:\\\/\\\/cdu-kaarst.de\\\/#organization\",\"name\":\"CDU Kaarst-B\u00fcttgen\",\"url\":\"https:\\\/\\\/cdu-kaarst.de\\\/\",\"logo\":{\"@type\":\"ImageObject\",\"inLanguage\":\"en-GB\",\"@id\":\"https:\\\/\\\/cdu-kaarst.de\\\/#\\\/schema\\\/logo\\\/image\\\/\",\"url\":\"https:\\\/\\\/cdu-kaarst.de\\\/wp-content\\\/uploads\\\/cdu-gesamtlogo.png\",\"contentUrl\":\"https:\\\/\\\/cdu-kaarst.de\\\/wp-content\\\/uploads\\\/cdu-gesamtlogo.png\",\"width\":418,\"height\":120,\"caption\":\"CDU Kaarst-B\u00fcttgen\"},\"image\":{\"@id\":\"https:\\\/\\\/cdu-kaarst.de\\\/#\\\/schema\\\/logo\\\/image\\\/\"}},{\"@type\":\"Person\",\"@id\":\"https:\\\/\\\/cdu-kaarst.de\\\/#\\\/schema\\\/person\\\/05876a2bd7865609f2946e82cbc73476\",\"name\":\"@dm1n\",\"sameAs\":[\"http:\\\/\\\/cdu-kaarst.de\"]}]}<\/script>\n<!-- \/ Yoast SEO plugin. -->","yoast_head_json":{"title":"Security kontrolliert Stadtmitte - CDU Kaarst-B\u00fcttgen","robots":{"index":"index","follow":"follow","max-snippet":"max-snippet:-1","max-image-preview":"max-image-preview:large","max-video-preview":"max-video-preview:-1"},"canonical":"https:\/\/cdu-kaarst.de\/en\/allgemein\/security-kontrolliert-stadtmitte\/","og_locale":"en_GB","og_type":"article","og_title":"Security kontrolliert Stadtmitte - CDU Kaarst-B\u00fcttgen","og_description":"Die CDU Kaarst setzt sich erfolgreich f\u00fcr mehr Sicherheit in der Stadtmitte ein: Der Stadtrat von Kaarst hat auf Initiative der CDU gemeinsam mit der Gr\u00fcnen Fraktion beschlossen, eine private Sicherheitsfirma zur Kontrolle des Stadtparks und der Innenstadt einzusetzen. Damit reagiert die CDU auf die wachsende Verunsicherung der B\u00fcrger und zeigt entschlossenes Handeln f\u00fcr eine [&hellip;]","og_url":"https:\/\/cdu-kaarst.de\/en\/allgemein\/security-kontrolliert-stadtmitte\/","og_site_name":"CDU Kaarst-B\u00fcttgen","article_published_time":"2024-11-07T12:21:43+00:00","article_modified_time":"2024-11-27T09:19:31+00:00","og_image":[{"width":1000,"height":667,"url":"https:\/\/cdu-kaarst.de\/wp-content\/uploads\/cdu-kaarst-security.jpg","type":"image\/jpeg"}],"author":"@dm1n","twitter_card":"summary_large_image","twitter_misc":{"Written by":"@dm1n","Estimated reading time":"2 minutes"},"schema":{"@context":"https:\/\/schema.org","@graph":[{"@type":"Article","@id":"https:\/\/cdu-kaarst.de\/allgemein\/security-kontrolliert-stadtmitte\/#article","isPartOf":{"@id":"https:\/\/cdu-kaarst.de\/allgemein\/security-kontrolliert-stadtmitte\/"},"author":{"name":"@dm1n","@id":"https:\/\/cdu-kaarst.de\/#\/schema\/person\/05876a2bd7865609f2946e82cbc73476"},"headline":"Security kontrolliert Stadtmitte","datePublished":"2024-11-07T12:21:43+00:00","dateModified":"2024-11-27T09:19:31+00:00","mainEntityOfPage":{"@id":"https:\/\/cdu-kaarst.de\/allgemein\/security-kontrolliert-stadtmitte\/"},"wordCount":330,"publisher":{"@id":"https:\/\/cdu-kaarst.de\/#organization"},"image":{"@id":"https:\/\/cdu-kaarst.de\/allgemein\/security-kontrolliert-stadtmitte\/#primaryimage"},"thumbnailUrl":"https:\/\/cdu-kaarst.de\/wp-content\/uploads\/cdu-kaarst-security.jpg","articleSection":["Allgemein"],"inLanguage":"en-GB"},{"@type":"WebPage","@id":"https:\/\/cdu-kaarst.de\/allgemein\/security-kontrolliert-stadtmitte\/","url":"https:\/\/cdu-kaarst.de\/allgemein\/security-kontrolliert-stadtmitte\/","name":"Security kontrolliert Stadtmitte - CDU Kaarst-B\u00fcttgen","isPartOf":{"@id":"https:\/\/cdu-kaarst.de\/#website"},"primaryImageOfPage":{"@id":"https:\/\/cdu-kaarst.de\/allgemein\/security-kontrolliert-stadtmitte\/#primaryimage"},"image":{"@id":"https:\/\/cdu-kaarst.de\/allgemein\/security-kontrolliert-stadtmitte\/#primaryimage"},"thumbnailUrl":"https:\/\/cdu-kaarst.de\/wp-content\/uploads\/cdu-kaarst-security.jpg","datePublished":"2024-11-07T12:21:43+00:00","dateModified":"2024-11-27T09:19:31+00:00","breadcrumb":{"@id":"https:\/\/cdu-kaarst.de\/allgemein\/security-kontrolliert-stadtmitte\/#breadcrumb"},"inLanguage":"en-GB","potentialAction":[{"@type":"ReadAction","target":["https:\/\/cdu-kaarst.de\/allgemein\/security-kontrolliert-stadtmitte\/"]}]},{"@type":"ImageObject","inLanguage":"en-GB","@id":"https:\/\/cdu-kaarst.de\/allgemein\/security-kontrolliert-stadtmitte\/#primaryimage","url":"https:\/\/cdu-kaarst.de\/wp-content\/uploads\/cdu-kaarst-security.jpg","contentUrl":"https:\/\/cdu-kaarst.de\/wp-content\/uploads\/cdu-kaarst-security.jpg","width":1000,"height":667},{"@type":"BreadcrumbList","@id":"https:\/\/cdu-kaarst.de\/allgemein\/security-kontrolliert-stadtmitte\/#breadcrumb","itemListElement":[{"@type":"ListItem","position":1,"name":"Startseite","item":"https:\/\/cdu-kaarst.de\/"},{"@type":"ListItem","position":2,"name":"Security kontrolliert Stadtmitte"}]},{"@type":"WebSite","@id":"https:\/\/cdu-kaarst.de\/#website","url":"https:\/\/cdu-kaarst.de\/","name":"CDU Kaarst-B\u00fcttgen","description":"living well in Kaarst","publisher":{"@id":"https:\/\/cdu-kaarst.de\/#organization"},"potentialAction":[{"@type":"SearchAction","target":{"@type":"EntryPoint","urlTemplate":"https:\/\/cdu-kaarst.de\/?s={search_term_string}"},"query-input":{"@type":"PropertyValueSpecification","valueRequired":true,"valueName":"search_term_string"}}],"inLanguage":"en-GB"},{"@type":"Organization","@id":"https:\/\/cdu-kaarst.de\/#organization","name":"CDU Kaarst-B\u00fcttgen","url":"https:\/\/cdu-kaarst.de\/","logo":{"@type":"ImageObject","inLanguage":"en-GB","@id":"https:\/\/cdu-kaarst.de\/#\/schema\/logo\/image\/","url":"https:\/\/cdu-kaarst.de\/wp-content\/uploads\/cdu-gesamtlogo.png","contentUrl":"https:\/\/cdu-kaarst.de\/wp-content\/uploads\/cdu-gesamtlogo.png","width":418,"height":120,"caption":"CDU Kaarst-B\u00fcttgen"},"image":{"@id":"https:\/\/cdu-kaarst.de\/#\/schema\/logo\/image\/"}},{"@type":"Person","@id":"https:\/\/cdu-kaarst.de\/#\/schema\/person\/05876a2bd7865609f2946e82cbc73476","name":"@dm1n","sameAs":["http:\/\/cdu-kaarst.de"]}]}},"_links":{"self":[{"href":"https:\/\/cdu-kaarst.de\/en\/wp-json\/wp\/v2\/posts\/5257","targetHints":{"allow":["GET"]}}],"collection":[{"href":"https:\/\/cdu-kaarst.de\/en\/wp-json\/wp\/v2\/posts"}],"about":[{"href":"https:\/\/cdu-kaarst.de\/en\/wp-json\/wp\/v2\/types\/post"}],"author":[{"embeddable":true,"href":"https:\/\/cdu-kaarst.de\/en\/wp-json\/wp\/v2\/users\/1"}],"replies":[{"embeddable":true,"href":"https:\/\/cdu-kaarst.de\/en\/wp-json\/wp\/v2\/comments?post=5257"}],"version-history":[{"count":10,"href":"https:\/\/cdu-kaarst.de\/en\/wp-json\/wp\/v2\/posts\/5257\/revisions"}],"predecessor-version":[{"id":5423,"href":"https:\/\/cdu-kaarst.de\/en\/wp-json\/wp\/v2\/posts\/5257\/revisions\/5423"}],"wp:featuredmedia":[{"embeddable":true,"href":"https:\/\/cdu-kaarst.de\/en\/wp-json\/wp\/v2\/media\/5420"}],"wp:attachment":[{"href":"https:\/\/cdu-kaarst.de\/en\/wp-json\/wp\/v2\/media?parent=5257"}],"wp:term":[{"taxonomy":"category","embeddable":true,"href":"https:\/\/cdu-kaarst.de\/en\/wp-json\/wp\/v2\/categories?post=5257"},{"taxonomy":"post_tag","embeddable":true,"href":"https:\/\/cdu-kaarst.de\/en\/wp-json\/wp\/v2\/tags?post=5257"}],"curies":[{"name":"wp","href":"https:\/\/api.w.org\/{rel}","templated":true}]}}