{"id":5269,"date":"2024-11-11T12:50:00","date_gmt":"2024-11-11T11:50:00","guid":{"rendered":"https:\/\/cdu-kaarst.de\/?p=5269"},"modified":"2024-11-14T11:44:03","modified_gmt":"2024-11-14T10:44:03","slug":"gemeinsame-pressemitteilung-der-fraktionen-von-cdu-gruenen-spd-und-uwg-ka","status":"publish","type":"post","link":"https:\/\/cdu-kaarst.de\/en\/pressemeldungen\/gemeinsame-pressemitteilung-der-fraktionen-von-cdu-gruenen-spd-und-uwg-ka\/","title":{"rendered":"Joint press release by the CDU, GR\u00dcNEN, SPD and UWG\/KA parliamentary groups"},"content":{"rendered":"<p>Kaarst, 08 November 2024<\/p>\n<p><strong>Counterstatement: No reduction in the subsidy for the Rose Monday parade<\/strong><\/p>\n<p>The CDU, GR\u00dcNEN, SPD and UWG\/KA parliamentary groups are very surprised by the statement that the city of Kaarst, or rather the politicians, have cancelled the subsidy for the Rose Monday parade as part of the budget discussions. This is expressly not the case!<\/p>\n<p>As part of the package of consolidation measures, the City Council instructed the administration on 25 April 2024 to, among other things, \"Reduction potential for third-party cultural funding - subsidy<br \/>\ncarnival\" (measure HHK-63). Discussions should be held with all current funding recipients, including in the area of culture, and an average of at least 30 %<br \/>\nsavings can be achieved across all funding recipients. <strong>At no time was or is there any discussion of discontinuing the subsidy completely!<\/strong><\/p>\n<p>The group chairmen call on the administration and the mayor to clarify how this false claim came about and why the \"5 Aape\" association was recommended to submit an application to Sparkassenstiftung by the next meeting of the city council at the latest, even though the grant is included in the 2025 draft budget.<br \/>\nFurthermore, the group chairmen emphasise the importance and necessity of the consolidation course, which must not be undermined by false claims and the resulting uncertainty and frustration among the clubs.<\/p>\n<ul>\n<li>signed. Ingo Kotzian, Chairman of the CDU Kaarst parliamentary group<\/li>\n<li>signed. Dominik Broda, Chairman of the B\u00fcndnis 90\/Die Gr\u00fcnen Kaarst parliamentary group<\/li>\n<li>signed. Hildegard Kuhlmeier, Chairwoman of the SPD Kaarst parliamentary group<\/li>\n<li>signed. Anja R\u00fcdiger, Chairwoman of the UWG\/KA parliamentary group<\/li>\n<\/ul>\n<p><a href=\"https:\/\/cdu-kaarst.de\/wp-content\/uploads\/CDU-Kaarst_Presse_11-11-24_Gegendarstellung_Kuerzung_Zuschuss.docx\" download=\"\">CDU-Kaarst counterstatement on subsidy cuts (08.11.2024 \/ Word)<\/a><br \/>\n<a href=\"https:\/\/cdu-kaarst.de\/wp-content\/uploads\/CDU-Kaarst_Presse_11-11-24_Gegendarstellung_Kuerzung_Zuschuss.pdf\" download=\"\">CDU-Kaarst counterstatement on subsidy cuts (08.11.2024 \/ PDF)<\/a><\/p>","protected":false},"excerpt":{"rendered":"<p>Kaarst, den 08.11.2024 Gegendarstellung: Keine K\u00fcrzung des Zuschusses f\u00fcr den Rosenmontagszug Die Fraktionen von CDU, GR\u00dcNEN, SPD und UWG\/KA zeigen sich sehr verwundert \u00fcber die Aussage, die Stadt Kaarst bzw. die Politik, h\u00e4tte im Rahmen der Haushaltsberatungen den Zuschuss f\u00fcr den Rosenmontagszug gestrichen. Dies ist ausdr\u00fccklich nicht der Fall ! Der Stadtrat hat im Rahmen [&hellip;]<\/p>\n","protected":false},"author":1,"featured_media":0,"comment_status":"closed","ping_status":"closed","sticky":false,"template":"","format":"standard","meta":{"footnotes":""},"categories":[109],"tags":[110],"class_list":["post-5269","post","type-post","status-publish","format-standard","hentry","category-pressemeldungen","tag-gegendarstellung"],"yoast_head":"<!-- This site is optimized with the Yoast SEO plugin v27.4 - https:\/\/yoast.com\/product\/yoast-seo-wordpress\/ -->\n<title>Gemeinsame Pressemitteilung der Fraktionen von CDU, GR\u00dcNEN, SPD und UWG\/KA - CDU Kaarst-B\u00fcttgen<\/title>\n<meta name=\"robots\" content=\"index, follow, max-snippet:-1, max-image-preview:large, max-video-preview:-1\" \/>\n<link rel=\"canonical\" href=\"https:\/\/cdu-kaarst.de\/en\/pressemeldungen\/gemeinsame-pressemitteilung-der-fraktionen-von-cdu-gruenen-spd-und-uwg-ka\/\" \/>\n<meta property=\"og:locale\" content=\"en_GB\" \/>\n<meta property=\"og:type\" content=\"article\" \/>\n<meta property=\"og:title\" content=\"Gemeinsame Pressemitteilung der Fraktionen von CDU, GR\u00dcNEN, SPD und UWG\/KA - CDU Kaarst-B\u00fcttgen\" \/>\n<meta property=\"og:description\" content=\"Kaarst, den 08.11.2024 Gegendarstellung: Keine K\u00fcrzung des Zuschusses f\u00fcr den Rosenmontagszug Die Fraktionen von CDU, GR\u00dcNEN, SPD und UWG\/KA zeigen sich sehr verwundert \u00fcber die Aussage, die Stadt Kaarst bzw. die Politik, h\u00e4tte im Rahmen der Haushaltsberatungen den Zuschuss f\u00fcr den Rosenmontagszug gestrichen. Dies ist ausdr\u00fccklich nicht der Fall ! Der Stadtrat hat im Rahmen [&hellip;]\" \/>\n<meta property=\"og:url\" content=\"https:\/\/cdu-kaarst.de\/en\/pressemeldungen\/gemeinsame-pressemitteilung-der-fraktionen-von-cdu-gruenen-spd-und-uwg-ka\/\" \/>\n<meta property=\"og:site_name\" content=\"CDU Kaarst-B\u00fcttgen\" \/>\n<meta property=\"article:published_time\" content=\"2024-11-11T11:50:00+00:00\" \/>\n<meta property=\"article:modified_time\" content=\"2024-11-14T10:44:03+00:00\" \/>\n<meta name=\"author\" content=\"@dm1n\" \/>\n<meta name=\"twitter:card\" content=\"summary_large_image\" \/>\n<meta name=\"twitter:label1\" content=\"Written by\" \/>\n\t<meta name=\"twitter:data1\" content=\"@dm1n\" \/>\n\t<meta name=\"twitter:label2\" content=\"Estimated reading time\" \/>\n\t<meta name=\"twitter:data2\" content=\"2 minutes\" \/>\n<script type=\"application\/ld+json\" class=\"yoast-schema-graph\">{\"@context\":\"https:\\\/\\\/schema.org\",\"@graph\":[{\"@type\":\"Article\",\"@id\":\"https:\\\/\\\/cdu-kaarst.de\\\/pressemeldungen\\\/gemeinsame-pressemitteilung-der-fraktionen-von-cdu-gruenen-spd-und-uwg-ka\\\/#article\",\"isPartOf\":{\"@id\":\"https:\\\/\\\/cdu-kaarst.de\\\/pressemeldungen\\\/gemeinsame-pressemitteilung-der-fraktionen-von-cdu-gruenen-spd-und-uwg-ka\\\/\"},\"author\":{\"name\":\"@dm1n\",\"@id\":\"https:\\\/\\\/cdu-kaarst.de\\\/#\\\/schema\\\/person\\\/05876a2bd7865609f2946e82cbc73476\"},\"headline\":\"Gemeinsame Pressemitteilung der Fraktionen von CDU, GR\u00dcNEN, SPD und UWG\\\/KA\",\"datePublished\":\"2024-11-11T11:50:00+00:00\",\"dateModified\":\"2024-11-14T10:44:03+00:00\",\"mainEntityOfPage\":{\"@id\":\"https:\\\/\\\/cdu-kaarst.de\\\/pressemeldungen\\\/gemeinsame-pressemitteilung-der-fraktionen-von-cdu-gruenen-spd-und-uwg-ka\\\/\"},\"wordCount\":257,\"publisher\":{\"@id\":\"https:\\\/\\\/cdu-kaarst.de\\\/#organization\"},\"keywords\":[\"Gegendarstellung\"],\"articleSection\":[\"Pressemeldungen\"],\"inLanguage\":\"en-GB\"},{\"@type\":\"WebPage\",\"@id\":\"https:\\\/\\\/cdu-kaarst.de\\\/pressemeldungen\\\/gemeinsame-pressemitteilung-der-fraktionen-von-cdu-gruenen-spd-und-uwg-ka\\\/\",\"url\":\"https:\\\/\\\/cdu-kaarst.de\\\/pressemeldungen\\\/gemeinsame-pressemitteilung-der-fraktionen-von-cdu-gruenen-spd-und-uwg-ka\\\/\",\"name\":\"Gemeinsame Pressemitteilung der Fraktionen von CDU, GR\u00dcNEN, SPD und UWG\\\/KA - CDU Kaarst-B\u00fcttgen\",\"isPartOf\":{\"@id\":\"https:\\\/\\\/cdu-kaarst.de\\\/#website\"},\"datePublished\":\"2024-11-11T11:50:00+00:00\",\"dateModified\":\"2024-11-14T10:44:03+00:00\",\"breadcrumb\":{\"@id\":\"https:\\\/\\\/cdu-kaarst.de\\\/pressemeldungen\\\/gemeinsame-pressemitteilung-der-fraktionen-von-cdu-gruenen-spd-und-uwg-ka\\\/#breadcrumb\"},\"inLanguage\":\"en-GB\",\"potentialAction\":[{\"@type\":\"ReadAction\",\"target\":[\"https:\\\/\\\/cdu-kaarst.de\\\/pressemeldungen\\\/gemeinsame-pressemitteilung-der-fraktionen-von-cdu-gruenen-spd-und-uwg-ka\\\/\"]}]},{\"@type\":\"BreadcrumbList\",\"@id\":\"https:\\\/\\\/cdu-kaarst.de\\\/pressemeldungen\\\/gemeinsame-pressemitteilung-der-fraktionen-von-cdu-gruenen-spd-und-uwg-ka\\\/#breadcrumb\",\"itemListElement\":[{\"@type\":\"ListItem\",\"position\":1,\"name\":\"Startseite\",\"item\":\"https:\\\/\\\/cdu-kaarst.de\\\/\"},{\"@type\":\"ListItem\",\"position\":2,\"name\":\"Gemeinsame Pressemitteilung der Fraktionen von CDU, GR\u00dcNEN, SPD und UWG\\\/KA\"}]},{\"@type\":\"WebSite\",\"@id\":\"https:\\\/\\\/cdu-kaarst.de\\\/#website\",\"url\":\"https:\\\/\\\/cdu-kaarst.de\\\/\",\"name\":\"CDU Kaarst-B\u00fcttgen\",\"description\":\"gut Leben in Kaarst\",\"publisher\":{\"@id\":\"https:\\\/\\\/cdu-kaarst.de\\\/#organization\"},\"potentialAction\":[{\"@type\":\"SearchAction\",\"target\":{\"@type\":\"EntryPoint\",\"urlTemplate\":\"https:\\\/\\\/cdu-kaarst.de\\\/?s={search_term_string}\"},\"query-input\":{\"@type\":\"PropertyValueSpecification\",\"valueRequired\":true,\"valueName\":\"search_term_string\"}}],\"inLanguage\":\"en-GB\"},{\"@type\":\"Organization\",\"@id\":\"https:\\\/\\\/cdu-kaarst.de\\\/#organization\",\"name\":\"CDU Kaarst-B\u00fcttgen\",\"url\":\"https:\\\/\\\/cdu-kaarst.de\\\/\",\"logo\":{\"@type\":\"ImageObject\",\"inLanguage\":\"en-GB\",\"@id\":\"https:\\\/\\\/cdu-kaarst.de\\\/#\\\/schema\\\/logo\\\/image\\\/\",\"url\":\"https:\\\/\\\/cdu-kaarst.de\\\/wp-content\\\/uploads\\\/cdu-gesamtlogo.png\",\"contentUrl\":\"https:\\\/\\\/cdu-kaarst.de\\\/wp-content\\\/uploads\\\/cdu-gesamtlogo.png\",\"width\":418,\"height\":120,\"caption\":\"CDU Kaarst-B\u00fcttgen\"},\"image\":{\"@id\":\"https:\\\/\\\/cdu-kaarst.de\\\/#\\\/schema\\\/logo\\\/image\\\/\"}},{\"@type\":\"Person\",\"@id\":\"https:\\\/\\\/cdu-kaarst.de\\\/#\\\/schema\\\/person\\\/05876a2bd7865609f2946e82cbc73476\",\"name\":\"@dm1n\",\"sameAs\":[\"http:\\\/\\\/cdu-kaarst.de\"]}]}<\/script>\n<!-- \/ Yoast SEO plugin. -->","yoast_head_json":{"title":"Joint press release by the CDU, GR\u00dcNEN, SPD and UWG\/KA parliamentary groups - CDU Kaarst-B\u00fcttgen","robots":{"index":"index","follow":"follow","max-snippet":"max-snippet:-1","max-image-preview":"max-image-preview:large","max-video-preview":"max-video-preview:-1"},"canonical":"https:\/\/cdu-kaarst.de\/en\/pressemeldungen\/gemeinsame-pressemitteilung-der-fraktionen-von-cdu-gruenen-spd-und-uwg-ka\/","og_locale":"en_GB","og_type":"article","og_title":"Gemeinsame Pressemitteilung der Fraktionen von CDU, GR\u00dcNEN, SPD und UWG\/KA - CDU Kaarst-B\u00fcttgen","og_description":"Kaarst, den 08.11.2024 Gegendarstellung: Keine K\u00fcrzung des Zuschusses f\u00fcr den Rosenmontagszug Die Fraktionen von CDU, GR\u00dcNEN, SPD und UWG\/KA zeigen sich sehr verwundert \u00fcber die Aussage, die Stadt Kaarst bzw. die Politik, h\u00e4tte im Rahmen der Haushaltsberatungen den Zuschuss f\u00fcr den Rosenmontagszug gestrichen. Dies ist ausdr\u00fccklich nicht der Fall ! Der Stadtrat hat im Rahmen [&hellip;]","og_url":"https:\/\/cdu-kaarst.de\/en\/pressemeldungen\/gemeinsame-pressemitteilung-der-fraktionen-von-cdu-gruenen-spd-und-uwg-ka\/","og_site_name":"CDU Kaarst-B\u00fcttgen","article_published_time":"2024-11-11T11:50:00+00:00","article_modified_time":"2024-11-14T10:44:03+00:00","author":"@dm1n","twitter_card":"summary_large_image","twitter_misc":{"Written by":"@dm1n","Estimated reading time":"2 minutes"},"schema":{"@context":"https:\/\/schema.org","@graph":[{"@type":"Article","@id":"https:\/\/cdu-kaarst.de\/pressemeldungen\/gemeinsame-pressemitteilung-der-fraktionen-von-cdu-gruenen-spd-und-uwg-ka\/#article","isPartOf":{"@id":"https:\/\/cdu-kaarst.de\/pressemeldungen\/gemeinsame-pressemitteilung-der-fraktionen-von-cdu-gruenen-spd-und-uwg-ka\/"},"author":{"name":"@dm1n","@id":"https:\/\/cdu-kaarst.de\/#\/schema\/person\/05876a2bd7865609f2946e82cbc73476"},"headline":"Gemeinsame Pressemitteilung der Fraktionen von CDU, GR\u00dcNEN, SPD und UWG\/KA","datePublished":"2024-11-11T11:50:00+00:00","dateModified":"2024-11-14T10:44:03+00:00","mainEntityOfPage":{"@id":"https:\/\/cdu-kaarst.de\/pressemeldungen\/gemeinsame-pressemitteilung-der-fraktionen-von-cdu-gruenen-spd-und-uwg-ka\/"},"wordCount":257,"publisher":{"@id":"https:\/\/cdu-kaarst.de\/#organization"},"keywords":["Gegendarstellung"],"articleSection":["Pressemeldungen"],"inLanguage":"en-GB"},{"@type":"WebPage","@id":"https:\/\/cdu-kaarst.de\/pressemeldungen\/gemeinsame-pressemitteilung-der-fraktionen-von-cdu-gruenen-spd-und-uwg-ka\/","url":"https:\/\/cdu-kaarst.de\/pressemeldungen\/gemeinsame-pressemitteilung-der-fraktionen-von-cdu-gruenen-spd-und-uwg-ka\/","name":"Joint press release by the CDU, GR\u00dcNEN, SPD and UWG\/KA parliamentary groups - CDU Kaarst-B\u00fcttgen","isPartOf":{"@id":"https:\/\/cdu-kaarst.de\/#website"},"datePublished":"2024-11-11T11:50:00+00:00","dateModified":"2024-11-14T10:44:03+00:00","breadcrumb":{"@id":"https:\/\/cdu-kaarst.de\/pressemeldungen\/gemeinsame-pressemitteilung-der-fraktionen-von-cdu-gruenen-spd-und-uwg-ka\/#breadcrumb"},"inLanguage":"en-GB","potentialAction":[{"@type":"ReadAction","target":["https:\/\/cdu-kaarst.de\/pressemeldungen\/gemeinsame-pressemitteilung-der-fraktionen-von-cdu-gruenen-spd-und-uwg-ka\/"]}]},{"@type":"BreadcrumbList","@id":"https:\/\/cdu-kaarst.de\/pressemeldungen\/gemeinsame-pressemitteilung-der-fraktionen-von-cdu-gruenen-spd-und-uwg-ka\/#breadcrumb","itemListElement":[{"@type":"ListItem","position":1,"name":"Startseite","item":"https:\/\/cdu-kaarst.de\/"},{"@type":"ListItem","position":2,"name":"Gemeinsame Pressemitteilung der Fraktionen von CDU, GR\u00dcNEN, SPD und UWG\/KA"}]},{"@type":"WebSite","@id":"https:\/\/cdu-kaarst.de\/#website","url":"https:\/\/cdu-kaarst.de\/","name":"CDU Kaarst-B\u00fcttgen","description":"living well in Kaarst","publisher":{"@id":"https:\/\/cdu-kaarst.de\/#organization"},"potentialAction":[{"@type":"SearchAction","target":{"@type":"EntryPoint","urlTemplate":"https:\/\/cdu-kaarst.de\/?s={search_term_string}"},"query-input":{"@type":"PropertyValueSpecification","valueRequired":true,"valueName":"search_term_string"}}],"inLanguage":"en-GB"},{"@type":"Organization","@id":"https:\/\/cdu-kaarst.de\/#organization","name":"CDU Kaarst-B\u00fcttgen","url":"https:\/\/cdu-kaarst.de\/","logo":{"@type":"ImageObject","inLanguage":"en-GB","@id":"https:\/\/cdu-kaarst.de\/#\/schema\/logo\/image\/","url":"https:\/\/cdu-kaarst.de\/wp-content\/uploads\/cdu-gesamtlogo.png","contentUrl":"https:\/\/cdu-kaarst.de\/wp-content\/uploads\/cdu-gesamtlogo.png","width":418,"height":120,"caption":"CDU Kaarst-B\u00fcttgen"},"image":{"@id":"https:\/\/cdu-kaarst.de\/#\/schema\/logo\/image\/"}},{"@type":"Person","@id":"https:\/\/cdu-kaarst.de\/#\/schema\/person\/05876a2bd7865609f2946e82cbc73476","name":"@dm1n","sameAs":["http:\/\/cdu-kaarst.de"]}]}},"_links":{"self":[{"href":"https:\/\/cdu-kaarst.de\/en\/wp-json\/wp\/v2\/posts\/5269","targetHints":{"allow":["GET"]}}],"collection":[{"href":"https:\/\/cdu-kaarst.de\/en\/wp-json\/wp\/v2\/posts"}],"about":[{"href":"https:\/\/cdu-kaarst.de\/en\/wp-json\/wp\/v2\/types\/post"}],"author":[{"embeddable":true,"href":"https:\/\/cdu-kaarst.de\/en\/wp-json\/wp\/v2\/users\/1"}],"replies":[{"embeddable":true,"href":"https:\/\/cdu-kaarst.de\/en\/wp-json\/wp\/v2\/comments?post=5269"}],"version-history":[{"count":7,"href":"https:\/\/cdu-kaarst.de\/en\/wp-json\/wp\/v2\/posts\/5269\/revisions"}],"predecessor-version":[{"id":5343,"href":"https:\/\/cdu-kaarst.de\/en\/wp-json\/wp\/v2\/posts\/5269\/revisions\/5343"}],"wp:attachment":[{"href":"https:\/\/cdu-kaarst.de\/en\/wp-json\/wp\/v2\/media?parent=5269"}],"wp:term":[{"taxonomy":"category","embeddable":true,"href":"https:\/\/cdu-kaarst.de\/en\/wp-json\/wp\/v2\/categories?post=5269"},{"taxonomy":"post_tag","embeddable":true,"href":"https:\/\/cdu-kaarst.de\/en\/wp-json\/wp\/v2\/tags?post=5269"}],"curies":[{"name":"wp","href":"https:\/\/api.w.org\/{rel}","templated":true}]}}