{"id":5270,"date":"2024-11-11T12:44:16","date_gmt":"2024-11-11T11:44:16","guid":{"rendered":"https:\/\/cdu-kaarst.de\/?p=5270"},"modified":"2024-11-11T12:47:33","modified_gmt":"2024-11-11T11:47:33","slug":"gegendarstellung-keine-kurzung-des-zuschusses-fur-den-rosenmontagszug","status":"publish","type":"post","link":"https:\/\/cdu-kaarst.de\/en\/allgemein\/gegendarstellung-keine-kurzung-des-zuschusses-fur-den-rosenmontagszug\/","title":{"rendered":"Counterstatement: No reduction in the subsidy for the Rose Monday parade"},"content":{"rendered":"<div data-elementor-type=\"wp-post\" data-elementor-id=\"5270\" class=\"elementor elementor-5270\" data-elementor-post-type=\"post\">\n\t\t\t\t\t\t<section class=\"elementor-section elementor-top-section elementor-element elementor-element-2352adf elementor-section-boxed elementor-section-height-default elementor-section-height-default\" data-id=\"2352adf\" data-element_type=\"section\" data-e-type=\"section\" data-settings=\"{&quot;jet_parallax_layout_list&quot;:[]}\">\n\t\t\t\t\t\t<div class=\"elementor-container elementor-column-gap-default\">\n\t\t\t\t\t<div class=\"elementor-column elementor-col-100 elementor-top-column elementor-element elementor-element-3105d92\" data-id=\"3105d92\" data-element_type=\"column\" data-e-type=\"column\">\n\t\t\t<div class=\"elementor-widget-wrap elementor-element-populated\">\n\t\t\t\t\t\t<div class=\"elementor-element elementor-element-43b5b4a elementor-widget elementor-widget-text-editor\" data-id=\"43b5b4a\" data-element_type=\"widget\" data-e-type=\"widget\" data-widget_type=\"text-editor.default\">\n\t\t\t\t<div class=\"elementor-widget-container\">\n\t\t\t\t\t\t\t\t\t<p>In a joint press release by the CDU, GR\u00dcNEN, SPD and UWG\/KA parliamentary groups, we published a counterstatement on 11 November 2024.<\/p><p>The CDU, GR\u00dcNEN, SPD and UWG\/KA parliamentary groups are very surprised by the statement that the city of Kaarst, or rather the politicians, had cancelled the subsidy for the Rose Monday parade as part of the budget discussions. <strong>This is expressly not the case!<\/strong><\/p><p>As part of the package of measures for consolidation on 25 April 2024, the City Council commissioned the administration to analyse \"Reduction potential of third-party cultural funding - carnival subsidy\" (measure HHK-63). Discussions were to be held with all current funding recipients, including in the area of culture, and an average saving of at least 30 % was to be achieved across all funding recipients. <strong>At no time was or is there any discussion of discontinuing the subsidy completely!<\/strong><\/p><p>The group chairmen call on the administration and the mayor to clarify by the next meeting of the city council at the latest how this false allegation came about and why the \"5 Aape\" association was recommended to submit an application to Sparkassenstiftung, although the grant is included in the 2025 draft budget.<\/p><p>Furthermore, the group chairmen emphasise the importance and necessity of the consolidation course, which must not be undermined by false claims and the resulting uncertainty and frustration among the clubs.<\/p><p>The counterstatement was signed by Ingo Kotzian (Chairman of the CDU Kaarst parliamentary group), Dominik Broda (Chairman of the B\u00fcndnis 90\/Die Gr\u00fcnen Kaarst parliamentary group), Hildegard Kuhlmeier (Chairman of the SPD Kaarst parliamentary group) and Anja R\u00fcdiger (Chairman of the UWG\/KA parliamentary group).<\/p>\t\t\t\t\t\t\t\t<\/div>\n\t\t\t\t<\/div>\n\t\t\t\t\t<\/div>\n\t\t<\/div>\n\t\t\t\t\t<\/div>\n\t\t<\/section>\n\t\t\t\t<\/div>","protected":false},"excerpt":{"rendered":"<p>In einer gemeinsamen Pressemitteilung der Fraktionen von CDU, GR\u00dcNEN, SPD und UWG\/KA haben wir am 11.11.2024 eine Gegendarstellung ver\u00f6ffentlicht. Die Fraktionen von CDU, GR\u00dcNEN, SPD und UWG\/KA zeigen sich sehr verwundert \u00fcber die Aussage, die Stadt Kaarst bzw. die Politik, h\u00e4tte im Rahmen der Haushaltsberatungen den Zuschuss f\u00fcr den Rosenmontagszug gestrichen. Dies ist ausdr\u00fccklich nicht [&hellip;]<\/p>\n","protected":false},"author":1,"featured_media":5272,"comment_status":"closed","ping_status":"closed","sticky":false,"template":"","format":"standard","meta":{"footnotes":""},"categories":[1],"tags":[],"class_list":["post-5270","post","type-post","status-publish","format-standard","has-post-thumbnail","hentry","category-allgemein"],"yoast_head":"<!-- This site is optimized with the Yoast SEO plugin v27.4 - https:\/\/yoast.com\/product\/yoast-seo-wordpress\/ -->\n<title>Gegendarstellung: Keine K\u00fcrzung des Zuschusses f\u00fcr den Rosenmontagszug - CDU Kaarst-B\u00fcttgen<\/title>\n<meta name=\"robots\" content=\"index, follow, max-snippet:-1, max-image-preview:large, max-video-preview:-1\" \/>\n<link rel=\"canonical\" href=\"https:\/\/cdu-kaarst.de\/en\/allgemein\/gegendarstellung-keine-kurzung-des-zuschusses-fur-den-rosenmontagszug\/\" \/>\n<meta property=\"og:locale\" content=\"en_GB\" \/>\n<meta property=\"og:type\" content=\"article\" \/>\n<meta property=\"og:title\" content=\"Gegendarstellung: Keine K\u00fcrzung des Zuschusses f\u00fcr den Rosenmontagszug - CDU Kaarst-B\u00fcttgen\" \/>\n<meta property=\"og:description\" content=\"In einer gemeinsamen Pressemitteilung der Fraktionen von CDU, GR\u00dcNEN, SPD und UWG\/KA haben wir am 11.11.2024 eine Gegendarstellung ver\u00f6ffentlicht. Die Fraktionen von CDU, GR\u00dcNEN, SPD und UWG\/KA zeigen sich sehr verwundert \u00fcber die Aussage, die Stadt Kaarst bzw. die Politik, h\u00e4tte im Rahmen der Haushaltsberatungen den Zuschuss f\u00fcr den Rosenmontagszug gestrichen. Dies ist ausdr\u00fccklich nicht [&hellip;]\" \/>\n<meta property=\"og:url\" content=\"https:\/\/cdu-kaarst.de\/en\/allgemein\/gegendarstellung-keine-kurzung-des-zuschusses-fur-den-rosenmontagszug\/\" \/>\n<meta property=\"og:site_name\" content=\"CDU Kaarst-B\u00fcttgen\" \/>\n<meta property=\"article:published_time\" content=\"2024-11-11T11:44:16+00:00\" \/>\n<meta property=\"article:modified_time\" content=\"2024-11-11T11:47:33+00:00\" \/>\n<meta property=\"og:image\" content=\"https:\/\/cdu-kaarst.de\/wp-content\/uploads\/Helau-und-Alaaf.jpg\" \/>\n\t<meta property=\"og:image:width\" content=\"1080\" \/>\n\t<meta property=\"og:image:height\" content=\"1080\" \/>\n\t<meta property=\"og:image:type\" content=\"image\/jpeg\" \/>\n<meta name=\"author\" content=\"@dm1n\" \/>\n<meta name=\"twitter:card\" content=\"summary_large_image\" \/>\n<meta name=\"twitter:label1\" content=\"Written by\" \/>\n\t<meta name=\"twitter:data1\" content=\"@dm1n\" \/>\n\t<meta name=\"twitter:label2\" content=\"Estimated reading time\" \/>\n\t<meta name=\"twitter:data2\" content=\"2 minutes\" \/>\n<script type=\"application\/ld+json\" class=\"yoast-schema-graph\">{\"@context\":\"https:\\\/\\\/schema.org\",\"@graph\":[{\"@type\":\"Article\",\"@id\":\"https:\\\/\\\/cdu-kaarst.de\\\/allgemein\\\/gegendarstellung-keine-kurzung-des-zuschusses-fur-den-rosenmontagszug\\\/#article\",\"isPartOf\":{\"@id\":\"https:\\\/\\\/cdu-kaarst.de\\\/allgemein\\\/gegendarstellung-keine-kurzung-des-zuschusses-fur-den-rosenmontagszug\\\/\"},\"author\":{\"name\":\"@dm1n\",\"@id\":\"https:\\\/\\\/cdu-kaarst.de\\\/#\\\/schema\\\/person\\\/05876a2bd7865609f2946e82cbc73476\"},\"headline\":\"Gegendarstellung: Keine K\u00fcrzung des Zuschusses f\u00fcr den Rosenmontagszug\",\"datePublished\":\"2024-11-11T11:44:16+00:00\",\"dateModified\":\"2024-11-11T11:47:33+00:00\",\"mainEntityOfPage\":{\"@id\":\"https:\\\/\\\/cdu-kaarst.de\\\/allgemein\\\/gegendarstellung-keine-kurzung-des-zuschusses-fur-den-rosenmontagszug\\\/\"},\"wordCount\":253,\"publisher\":{\"@id\":\"https:\\\/\\\/cdu-kaarst.de\\\/#organization\"},\"image\":{\"@id\":\"https:\\\/\\\/cdu-kaarst.de\\\/allgemein\\\/gegendarstellung-keine-kurzung-des-zuschusses-fur-den-rosenmontagszug\\\/#primaryimage\"},\"thumbnailUrl\":\"https:\\\/\\\/cdu-kaarst.de\\\/wp-content\\\/uploads\\\/Helau-und-Alaaf.jpg\",\"articleSection\":[\"Allgemein\"],\"inLanguage\":\"en-GB\"},{\"@type\":\"WebPage\",\"@id\":\"https:\\\/\\\/cdu-kaarst.de\\\/allgemein\\\/gegendarstellung-keine-kurzung-des-zuschusses-fur-den-rosenmontagszug\\\/\",\"url\":\"https:\\\/\\\/cdu-kaarst.de\\\/allgemein\\\/gegendarstellung-keine-kurzung-des-zuschusses-fur-den-rosenmontagszug\\\/\",\"name\":\"Gegendarstellung: Keine K\u00fcrzung des Zuschusses f\u00fcr den Rosenmontagszug - CDU Kaarst-B\u00fcttgen\",\"isPartOf\":{\"@id\":\"https:\\\/\\\/cdu-kaarst.de\\\/#website\"},\"primaryImageOfPage\":{\"@id\":\"https:\\\/\\\/cdu-kaarst.de\\\/allgemein\\\/gegendarstellung-keine-kurzung-des-zuschusses-fur-den-rosenmontagszug\\\/#primaryimage\"},\"image\":{\"@id\":\"https:\\\/\\\/cdu-kaarst.de\\\/allgemein\\\/gegendarstellung-keine-kurzung-des-zuschusses-fur-den-rosenmontagszug\\\/#primaryimage\"},\"thumbnailUrl\":\"https:\\\/\\\/cdu-kaarst.de\\\/wp-content\\\/uploads\\\/Helau-und-Alaaf.jpg\",\"datePublished\":\"2024-11-11T11:44:16+00:00\",\"dateModified\":\"2024-11-11T11:47:33+00:00\",\"breadcrumb\":{\"@id\":\"https:\\\/\\\/cdu-kaarst.de\\\/allgemein\\\/gegendarstellung-keine-kurzung-des-zuschusses-fur-den-rosenmontagszug\\\/#breadcrumb\"},\"inLanguage\":\"en-GB\",\"potentialAction\":[{\"@type\":\"ReadAction\",\"target\":[\"https:\\\/\\\/cdu-kaarst.de\\\/allgemein\\\/gegendarstellung-keine-kurzung-des-zuschusses-fur-den-rosenmontagszug\\\/\"]}]},{\"@type\":\"ImageObject\",\"inLanguage\":\"en-GB\",\"@id\":\"https:\\\/\\\/cdu-kaarst.de\\\/allgemein\\\/gegendarstellung-keine-kurzung-des-zuschusses-fur-den-rosenmontagszug\\\/#primaryimage\",\"url\":\"https:\\\/\\\/cdu-kaarst.de\\\/wp-content\\\/uploads\\\/Helau-und-Alaaf.jpg\",\"contentUrl\":\"https:\\\/\\\/cdu-kaarst.de\\\/wp-content\\\/uploads\\\/Helau-und-Alaaf.jpg\",\"width\":1080,\"height\":1080},{\"@type\":\"BreadcrumbList\",\"@id\":\"https:\\\/\\\/cdu-kaarst.de\\\/allgemein\\\/gegendarstellung-keine-kurzung-des-zuschusses-fur-den-rosenmontagszug\\\/#breadcrumb\",\"itemListElement\":[{\"@type\":\"ListItem\",\"position\":1,\"name\":\"Startseite\",\"item\":\"https:\\\/\\\/cdu-kaarst.de\\\/\"},{\"@type\":\"ListItem\",\"position\":2,\"name\":\"Gegendarstellung: Keine K\u00fcrzung des Zuschusses f\u00fcr den Rosenmontagszug\"}]},{\"@type\":\"WebSite\",\"@id\":\"https:\\\/\\\/cdu-kaarst.de\\\/#website\",\"url\":\"https:\\\/\\\/cdu-kaarst.de\\\/\",\"name\":\"CDU Kaarst-B\u00fcttgen\",\"description\":\"gut Leben in Kaarst\",\"publisher\":{\"@id\":\"https:\\\/\\\/cdu-kaarst.de\\\/#organization\"},\"potentialAction\":[{\"@type\":\"SearchAction\",\"target\":{\"@type\":\"EntryPoint\",\"urlTemplate\":\"https:\\\/\\\/cdu-kaarst.de\\\/?s={search_term_string}\"},\"query-input\":{\"@type\":\"PropertyValueSpecification\",\"valueRequired\":true,\"valueName\":\"search_term_string\"}}],\"inLanguage\":\"en-GB\"},{\"@type\":\"Organization\",\"@id\":\"https:\\\/\\\/cdu-kaarst.de\\\/#organization\",\"name\":\"CDU Kaarst-B\u00fcttgen\",\"url\":\"https:\\\/\\\/cdu-kaarst.de\\\/\",\"logo\":{\"@type\":\"ImageObject\",\"inLanguage\":\"en-GB\",\"@id\":\"https:\\\/\\\/cdu-kaarst.de\\\/#\\\/schema\\\/logo\\\/image\\\/\",\"url\":\"https:\\\/\\\/cdu-kaarst.de\\\/wp-content\\\/uploads\\\/cdu-gesamtlogo.png\",\"contentUrl\":\"https:\\\/\\\/cdu-kaarst.de\\\/wp-content\\\/uploads\\\/cdu-gesamtlogo.png\",\"width\":418,\"height\":120,\"caption\":\"CDU Kaarst-B\u00fcttgen\"},\"image\":{\"@id\":\"https:\\\/\\\/cdu-kaarst.de\\\/#\\\/schema\\\/logo\\\/image\\\/\"}},{\"@type\":\"Person\",\"@id\":\"https:\\\/\\\/cdu-kaarst.de\\\/#\\\/schema\\\/person\\\/05876a2bd7865609f2946e82cbc73476\",\"name\":\"@dm1n\",\"sameAs\":[\"http:\\\/\\\/cdu-kaarst.de\"]}]}<\/script>\n<!-- \/ Yoast SEO plugin. -->","yoast_head_json":{"title":"Counterstatement: No reduction in the subsidy for the Rose Monday parade - CDU Kaarst-B\u00fcttgen","robots":{"index":"index","follow":"follow","max-snippet":"max-snippet:-1","max-image-preview":"max-image-preview:large","max-video-preview":"max-video-preview:-1"},"canonical":"https:\/\/cdu-kaarst.de\/en\/allgemein\/gegendarstellung-keine-kurzung-des-zuschusses-fur-den-rosenmontagszug\/","og_locale":"en_GB","og_type":"article","og_title":"Gegendarstellung: Keine K\u00fcrzung des Zuschusses f\u00fcr den Rosenmontagszug - CDU Kaarst-B\u00fcttgen","og_description":"In einer gemeinsamen Pressemitteilung der Fraktionen von CDU, GR\u00dcNEN, SPD und UWG\/KA haben wir am 11.11.2024 eine Gegendarstellung ver\u00f6ffentlicht. Die Fraktionen von CDU, GR\u00dcNEN, SPD und UWG\/KA zeigen sich sehr verwundert \u00fcber die Aussage, die Stadt Kaarst bzw. die Politik, h\u00e4tte im Rahmen der Haushaltsberatungen den Zuschuss f\u00fcr den Rosenmontagszug gestrichen. Dies ist ausdr\u00fccklich nicht [&hellip;]","og_url":"https:\/\/cdu-kaarst.de\/en\/allgemein\/gegendarstellung-keine-kurzung-des-zuschusses-fur-den-rosenmontagszug\/","og_site_name":"CDU Kaarst-B\u00fcttgen","article_published_time":"2024-11-11T11:44:16+00:00","article_modified_time":"2024-11-11T11:47:33+00:00","og_image":[{"width":1080,"height":1080,"url":"https:\/\/cdu-kaarst.de\/wp-content\/uploads\/Helau-und-Alaaf.jpg","type":"image\/jpeg"}],"author":"@dm1n","twitter_card":"summary_large_image","twitter_misc":{"Written by":"@dm1n","Estimated reading time":"2 minutes"},"schema":{"@context":"https:\/\/schema.org","@graph":[{"@type":"Article","@id":"https:\/\/cdu-kaarst.de\/allgemein\/gegendarstellung-keine-kurzung-des-zuschusses-fur-den-rosenmontagszug\/#article","isPartOf":{"@id":"https:\/\/cdu-kaarst.de\/allgemein\/gegendarstellung-keine-kurzung-des-zuschusses-fur-den-rosenmontagszug\/"},"author":{"name":"@dm1n","@id":"https:\/\/cdu-kaarst.de\/#\/schema\/person\/05876a2bd7865609f2946e82cbc73476"},"headline":"Gegendarstellung: Keine K\u00fcrzung des Zuschusses f\u00fcr den Rosenmontagszug","datePublished":"2024-11-11T11:44:16+00:00","dateModified":"2024-11-11T11:47:33+00:00","mainEntityOfPage":{"@id":"https:\/\/cdu-kaarst.de\/allgemein\/gegendarstellung-keine-kurzung-des-zuschusses-fur-den-rosenmontagszug\/"},"wordCount":253,"publisher":{"@id":"https:\/\/cdu-kaarst.de\/#organization"},"image":{"@id":"https:\/\/cdu-kaarst.de\/allgemein\/gegendarstellung-keine-kurzung-des-zuschusses-fur-den-rosenmontagszug\/#primaryimage"},"thumbnailUrl":"https:\/\/cdu-kaarst.de\/wp-content\/uploads\/Helau-und-Alaaf.jpg","articleSection":["Allgemein"],"inLanguage":"en-GB"},{"@type":"WebPage","@id":"https:\/\/cdu-kaarst.de\/allgemein\/gegendarstellung-keine-kurzung-des-zuschusses-fur-den-rosenmontagszug\/","url":"https:\/\/cdu-kaarst.de\/allgemein\/gegendarstellung-keine-kurzung-des-zuschusses-fur-den-rosenmontagszug\/","name":"Counterstatement: No reduction in the subsidy for the Rose Monday parade - CDU Kaarst-B\u00fcttgen","isPartOf":{"@id":"https:\/\/cdu-kaarst.de\/#website"},"primaryImageOfPage":{"@id":"https:\/\/cdu-kaarst.de\/allgemein\/gegendarstellung-keine-kurzung-des-zuschusses-fur-den-rosenmontagszug\/#primaryimage"},"image":{"@id":"https:\/\/cdu-kaarst.de\/allgemein\/gegendarstellung-keine-kurzung-des-zuschusses-fur-den-rosenmontagszug\/#primaryimage"},"thumbnailUrl":"https:\/\/cdu-kaarst.de\/wp-content\/uploads\/Helau-und-Alaaf.jpg","datePublished":"2024-11-11T11:44:16+00:00","dateModified":"2024-11-11T11:47:33+00:00","breadcrumb":{"@id":"https:\/\/cdu-kaarst.de\/allgemein\/gegendarstellung-keine-kurzung-des-zuschusses-fur-den-rosenmontagszug\/#breadcrumb"},"inLanguage":"en-GB","potentialAction":[{"@type":"ReadAction","target":["https:\/\/cdu-kaarst.de\/allgemein\/gegendarstellung-keine-kurzung-des-zuschusses-fur-den-rosenmontagszug\/"]}]},{"@type":"ImageObject","inLanguage":"en-GB","@id":"https:\/\/cdu-kaarst.de\/allgemein\/gegendarstellung-keine-kurzung-des-zuschusses-fur-den-rosenmontagszug\/#primaryimage","url":"https:\/\/cdu-kaarst.de\/wp-content\/uploads\/Helau-und-Alaaf.jpg","contentUrl":"https:\/\/cdu-kaarst.de\/wp-content\/uploads\/Helau-und-Alaaf.jpg","width":1080,"height":1080},{"@type":"BreadcrumbList","@id":"https:\/\/cdu-kaarst.de\/allgemein\/gegendarstellung-keine-kurzung-des-zuschusses-fur-den-rosenmontagszug\/#breadcrumb","itemListElement":[{"@type":"ListItem","position":1,"name":"Startseite","item":"https:\/\/cdu-kaarst.de\/"},{"@type":"ListItem","position":2,"name":"Gegendarstellung: Keine K\u00fcrzung des Zuschusses f\u00fcr den Rosenmontagszug"}]},{"@type":"WebSite","@id":"https:\/\/cdu-kaarst.de\/#website","url":"https:\/\/cdu-kaarst.de\/","name":"CDU Kaarst-B\u00fcttgen","description":"living well in Kaarst","publisher":{"@id":"https:\/\/cdu-kaarst.de\/#organization"},"potentialAction":[{"@type":"SearchAction","target":{"@type":"EntryPoint","urlTemplate":"https:\/\/cdu-kaarst.de\/?s={search_term_string}"},"query-input":{"@type":"PropertyValueSpecification","valueRequired":true,"valueName":"search_term_string"}}],"inLanguage":"en-GB"},{"@type":"Organization","@id":"https:\/\/cdu-kaarst.de\/#organization","name":"CDU Kaarst-B\u00fcttgen","url":"https:\/\/cdu-kaarst.de\/","logo":{"@type":"ImageObject","inLanguage":"en-GB","@id":"https:\/\/cdu-kaarst.de\/#\/schema\/logo\/image\/","url":"https:\/\/cdu-kaarst.de\/wp-content\/uploads\/cdu-gesamtlogo.png","contentUrl":"https:\/\/cdu-kaarst.de\/wp-content\/uploads\/cdu-gesamtlogo.png","width":418,"height":120,"caption":"CDU Kaarst-B\u00fcttgen"},"image":{"@id":"https:\/\/cdu-kaarst.de\/#\/schema\/logo\/image\/"}},{"@type":"Person","@id":"https:\/\/cdu-kaarst.de\/#\/schema\/person\/05876a2bd7865609f2946e82cbc73476","name":"@dm1n","sameAs":["http:\/\/cdu-kaarst.de"]}]}},"_links":{"self":[{"href":"https:\/\/cdu-kaarst.de\/en\/wp-json\/wp\/v2\/posts\/5270","targetHints":{"allow":["GET"]}}],"collection":[{"href":"https:\/\/cdu-kaarst.de\/en\/wp-json\/wp\/v2\/posts"}],"about":[{"href":"https:\/\/cdu-kaarst.de\/en\/wp-json\/wp\/v2\/types\/post"}],"author":[{"embeddable":true,"href":"https:\/\/cdu-kaarst.de\/en\/wp-json\/wp\/v2\/users\/1"}],"replies":[{"embeddable":true,"href":"https:\/\/cdu-kaarst.de\/en\/wp-json\/wp\/v2\/comments?post=5270"}],"version-history":[{"count":5,"href":"https:\/\/cdu-kaarst.de\/en\/wp-json\/wp\/v2\/posts\/5270\/revisions"}],"predecessor-version":[{"id":5281,"href":"https:\/\/cdu-kaarst.de\/en\/wp-json\/wp\/v2\/posts\/5270\/revisions\/5281"}],"wp:featuredmedia":[{"embeddable":true,"href":"https:\/\/cdu-kaarst.de\/en\/wp-json\/wp\/v2\/media\/5272"}],"wp:attachment":[{"href":"https:\/\/cdu-kaarst.de\/en\/wp-json\/wp\/v2\/media?parent=5270"}],"wp:term":[{"taxonomy":"category","embeddable":true,"href":"https:\/\/cdu-kaarst.de\/en\/wp-json\/wp\/v2\/categories?post=5270"},{"taxonomy":"post_tag","embeddable":true,"href":"https:\/\/cdu-kaarst.de\/en\/wp-json\/wp\/v2\/tags?post=5270"}],"curies":[{"name":"wp","href":"https:\/\/api.w.org\/{rel}","templated":true}]}}