{"id":5384,"date":"2024-11-22T13:00:04","date_gmt":"2024-11-22T12:00:04","guid":{"rendered":"https:\/\/cdu-kaarst.de\/?p=5384"},"modified":"2024-11-25T10:09:36","modified_gmt":"2024-11-25T09:09:36","slug":"buergergespraeche-im-bischofshof-in-holzbuettgen","status":"publish","type":"post","link":"https:\/\/cdu-kaarst.de\/en\/allgemein\/buergergespraeche-im-bischofshof-in-holzbuettgen\/","title":{"rendered":"Citizens' talks at the Bischofshof in Holzb\u00fcttgen"},"content":{"rendered":"<div data-elementor-type=\"wp-post\" data-elementor-id=\"5384\" class=\"elementor elementor-5384\" data-elementor-post-type=\"post\">\n\t\t\t\t\t\t<section class=\"elementor-section elementor-top-section elementor-element elementor-element-be5fc22 elementor-section-boxed elementor-section-height-default elementor-section-height-default\" data-id=\"be5fc22\" data-element_type=\"section\" data-e-type=\"section\" data-settings=\"{&quot;jet_parallax_layout_list&quot;:[]}\">\n\t\t\t\t\t\t<div class=\"elementor-container elementor-column-gap-default\">\n\t\t\t\t\t<div class=\"elementor-column elementor-col-100 elementor-top-column elementor-element elementor-element-1a8bfce\" data-id=\"1a8bfce\" data-element_type=\"column\" data-e-type=\"column\">\n\t\t\t<div class=\"elementor-widget-wrap elementor-element-populated\">\n\t\t\t\t\t\t<div class=\"elementor-element elementor-element-16cc756 elementor-widget elementor-widget-text-editor\" data-id=\"16cc756\" data-element_type=\"widget\" data-e-type=\"widget\" data-widget_type=\"text-editor.default\">\n\t\t\t\t<div class=\"elementor-widget-container\">\n\t\t\t\t\t\t\t\t\t<h2>CDU on site: Holzb\u00fcttgen in transition - Successful public discussion in the Bischofshof<\/h2>\nWith a clear focus on the challenges and opportunities of its local neighbourhood, the CDU Kaarst continued its citizens' talks at the Bischofshof in Holzb\u00fcttgen. Around 50 interested citizens took the opportunity to find out about current developments and local political projects and actively engage in dialogue with councillors Burghard Asche and Lars Witte as well as CDU mayoral candidate Christian Horn-Heinemann.\n<h3>Holzb\u00fcttgen in generational change: opportunities and challenges<\/h3>\nThe event clearly showed that Holzb\u00fcttgen is undergoing dynamic change, according to CDU mayoral candidate Christian Horn-Heinemann. The generational change is visible in the remodelling of houses, the increasing demand for KITA places and the continuous expansion of open all-day facilities and schools, Horn-Heinemann continued. The CDU emphasises that the planning and securing of educational and childcare facilities in the district is already well advanced, according to Lars Witte.\nThe structural development of Holzb\u00fcttgen was also a key topic. Closing gaps between buildings, demolition and new construction are contributing to an increasingly harmonious district image, emphasised Burghard Asche. Particularly pleasing: the tiny house project on Bl\u00fctenfeld is about to be realised. The contract with an investor is ready to be signed and the project should take shape in spring 2025.\n<h3>New impetus through building areas and local supply<\/h3>\nWork in the Commerhof construction area is making visible progress. The completion of the KITA was emphasised, but the desire for a local supplier with a supermarket was also called for. In the future, a bakery with a caf\u00e9 area and outdoor space should offer an attractive place to go in the east of Holzb\u00fcttg and invite people to linger.\n<h3>Focus on transport and infrastructure<\/h3>\nHolzb\u00fcttgen's traffic issues also received a great deal of attention:\nThe respective situations on Bruchweg and the school route along Bismarckstra\u00dfe were discussed critically. The electrification of the Regiobahn railway, which will take around two years to complete, was discussed. The rail replacement service, which is currently travelling through narrow, partially parked streets, remains a challenge. Despite the difficulties, these topics were discussed objectively and in a solution-orientated manner.\n<h3>Positive response to the CDU information platforms<\/h3>\nThe CDU information platform, which has been providing the latest news and relevant information via its website, Facebook page and newsletter for a year, was particularly praised. Under the title CDU vor Ort, the councillors regularly keep the people of Holzb\u00fcttg up to date and focus on the concerns of the citizens. \"We continue to focus on personal dialogue with citizens, because only together can we move Holzb\u00fcttgen and our town of Kaarst forward,\" explained Burghard Asche.\n<h3>A neighbourhood full of life and commitment<\/h3>\nAt the end, everyone agreed that Holzb\u00fcttgen is a lively neighbourhood with committed citizens. \"We enjoy living here and look forward to further contact and dialogue,\" emphasised Christian Horn-Heinemann.\"\t\t\t\t\t\t\t\t<\/div>\n\t\t\t\t<\/div>\n\t\t\t\t<div class=\"elementor-element elementor-element-3fd9b66 elementor-widget elementor-widget-gallery\" data-id=\"3fd9b66\" data-element_type=\"widget\" data-e-type=\"widget\" data-settings=\"{&quot;columns&quot;:3,&quot;lazyload&quot;:&quot;yes&quot;,&quot;gallery_layout&quot;:&quot;grid&quot;,&quot;columns_tablet&quot;:2,&quot;columns_mobile&quot;:1,&quot;gap&quot;:{&quot;unit&quot;:&quot;px&quot;,&quot;size&quot;:10,&quot;sizes&quot;:[]},&quot;gap_tablet&quot;:{&quot;unit&quot;:&quot;px&quot;,&quot;size&quot;:10,&quot;sizes&quot;:[]},&quot;gap_mobile&quot;:{&quot;unit&quot;:&quot;px&quot;,&quot;size&quot;:10,&quot;sizes&quot;:[]},&quot;link_to&quot;:&quot;file&quot;,&quot;aspect_ratio&quot;:&quot;3:2&quot;,&quot;overlay_background&quot;:&quot;yes&quot;,&quot;content_hover_animation&quot;:&quot;fade-in&quot;}\" data-widget_type=\"gallery.default\">\n\t\t\t\t<div class=\"elementor-widget-container\">\n\t\t\t\t\t\t\t<div class=\"elementor-gallery__container\">\n\t\t\t\t\t\t\t<a class=\"e-gallery-item elementor-gallery-item elementor-animated-content\" href=\"https:\/\/cdu-kaarst.de\/wp-content\/uploads\/2-6.jpg\" data-elementor-open-lightbox=\"yes\" data-elementor-lightbox-slideshow=\"3fd9b66\" data-e-action-hash=\"#elementor-action%3Aaction%3Dlightbox%26settings%3DeyJpZCI6NTM4NiwidXJsIjoiaHR0cHM6XC9cL2NkdS1rYWFyc3QuZGVcL3dwLWNvbnRlbnRcL3VwbG9hZHNcLzItNi5qcGciLCJzbGlkZXNob3ciOiIzZmQ5YjY2In0%3D\">\n\t\t\t\t\t<div class=\"e-gallery-image elementor-gallery-item__image\" data-thumbnail=\"https:\/\/cdu-kaarst.de\/wp-content\/uploads\/2-6-300x300.jpg\" data-width=\"300\" data-height=\"300\" aria-label=\"\" role=\"img\" ><\/div>\n\t\t\t\t\t\t\t\t\t\t\t<div class=\"elementor-gallery-item__overlay\"><\/div>\n\t\t\t\t\t\t\t\t\t\t\t\t\t\t<\/a>\n\t\t\t\t\t\t\t<a class=\"e-gallery-item elementor-gallery-item elementor-animated-content\" href=\"https:\/\/cdu-kaarst.de\/wp-content\/uploads\/3-6.jpg\" data-elementor-open-lightbox=\"yes\" data-elementor-lightbox-slideshow=\"3fd9b66\" data-e-action-hash=\"#elementor-action%3Aaction%3Dlightbox%26settings%3DeyJpZCI6NTM4NywidXJsIjoiaHR0cHM6XC9cL2NkdS1rYWFyc3QuZGVcL3dwLWNvbnRlbnRcL3VwbG9hZHNcLzMtNi5qcGciLCJzbGlkZXNob3ciOiIzZmQ5YjY2In0%3D\">\n\t\t\t\t\t<div class=\"e-gallery-image elementor-gallery-item__image\" data-thumbnail=\"https:\/\/cdu-kaarst.de\/wp-content\/uploads\/3-6-300x300.jpg\" data-width=\"300\" data-height=\"300\" aria-label=\"\" role=\"img\" ><\/div>\n\t\t\t\t\t\t\t\t\t\t\t<div class=\"elementor-gallery-item__overlay\"><\/div>\n\t\t\t\t\t\t\t\t\t\t\t\t\t\t<\/a>\n\t\t\t\t\t\t\t<a class=\"e-gallery-item elementor-gallery-item elementor-animated-content\" href=\"https:\/\/cdu-kaarst.de\/wp-content\/uploads\/4-5.jpg\" data-elementor-open-lightbox=\"yes\" data-elementor-lightbox-slideshow=\"3fd9b66\" data-e-action-hash=\"#elementor-action%3Aaction%3Dlightbox%26settings%3DeyJpZCI6NTM4OCwidXJsIjoiaHR0cHM6XC9cL2NkdS1rYWFyc3QuZGVcL3dwLWNvbnRlbnRcL3VwbG9hZHNcLzQtNS5qcGciLCJzbGlkZXNob3ciOiIzZmQ5YjY2In0%3D\">\n\t\t\t\t\t<div class=\"e-gallery-image elementor-gallery-item__image\" data-thumbnail=\"https:\/\/cdu-kaarst.de\/wp-content\/uploads\/4-5-300x300.jpg\" data-width=\"300\" data-height=\"300\" aria-label=\"\" role=\"img\" ><\/div>\n\t\t\t\t\t\t\t\t\t\t\t<div class=\"elementor-gallery-item__overlay\"><\/div>\n\t\t\t\t\t\t\t\t\t\t\t\t\t\t<\/a>\n\t\t\t\t\t\t\t<a class=\"e-gallery-item elementor-gallery-item elementor-animated-content\" href=\"https:\/\/cdu-kaarst.de\/wp-content\/uploads\/5-3.jpg\" data-elementor-open-lightbox=\"yes\" data-elementor-lightbox-slideshow=\"3fd9b66\" data-e-action-hash=\"#elementor-action%3Aaction%3Dlightbox%26settings%3DeyJpZCI6NTM4OSwidXJsIjoiaHR0cHM6XC9cL2NkdS1rYWFyc3QuZGVcL3dwLWNvbnRlbnRcL3VwbG9hZHNcLzUtMy5qcGciLCJzbGlkZXNob3ciOiIzZmQ5YjY2In0%3D\">\n\t\t\t\t\t<div class=\"e-gallery-image elementor-gallery-item__image\" data-thumbnail=\"https:\/\/cdu-kaarst.de\/wp-content\/uploads\/5-3-300x300.jpg\" data-width=\"300\" data-height=\"300\" aria-label=\"\" role=\"img\" ><\/div>\n\t\t\t\t\t\t\t\t\t\t\t<div class=\"elementor-gallery-item__overlay\"><\/div>\n\t\t\t\t\t\t\t\t\t\t\t\t\t\t<\/a>\n\t\t\t\t\t\t\t<a class=\"e-gallery-item elementor-gallery-item elementor-animated-content\" href=\"https:\/\/cdu-kaarst.de\/wp-content\/uploads\/6-3.jpg\" data-elementor-open-lightbox=\"yes\" data-elementor-lightbox-slideshow=\"3fd9b66\" data-e-action-hash=\"#elementor-action%3Aaction%3Dlightbox%26settings%3DeyJpZCI6NTM5MCwidXJsIjoiaHR0cHM6XC9cL2NkdS1rYWFyc3QuZGVcL3dwLWNvbnRlbnRcL3VwbG9hZHNcLzYtMy5qcGciLCJzbGlkZXNob3ciOiIzZmQ5YjY2In0%3D\">\n\t\t\t\t\t<div class=\"e-gallery-image elementor-gallery-item__image\" data-thumbnail=\"https:\/\/cdu-kaarst.de\/wp-content\/uploads\/6-3-300x300.jpg\" data-width=\"300\" data-height=\"300\" aria-label=\"\" role=\"img\" ><\/div>\n\t\t\t\t\t\t\t\t\t\t\t<div class=\"elementor-gallery-item__overlay\"><\/div>\n\t\t\t\t\t\t\t\t\t\t\t\t\t\t<\/a>\n\t\t\t\t\t<\/div>\n\t\t\t\t\t<\/div>\n\t\t\t\t<\/div>\n\t\t\t\t<div class=\"elementor-element elementor-element-4abfe0c elementor-widget elementor-widget-gallery\" data-id=\"4abfe0c\" data-element_type=\"widget\" data-e-type=\"widget\" data-settings=\"{&quot;aspect_ratio&quot;:&quot;1:1&quot;,&quot;columns&quot;:3,&quot;lazyload&quot;:&quot;yes&quot;,&quot;gallery_layout&quot;:&quot;grid&quot;,&quot;columns_tablet&quot;:2,&quot;columns_mobile&quot;:1,&quot;gap&quot;:{&quot;unit&quot;:&quot;px&quot;,&quot;size&quot;:10,&quot;sizes&quot;:[]},&quot;gap_tablet&quot;:{&quot;unit&quot;:&quot;px&quot;,&quot;size&quot;:10,&quot;sizes&quot;:[]},&quot;gap_mobile&quot;:{&quot;unit&quot;:&quot;px&quot;,&quot;size&quot;:10,&quot;sizes&quot;:[]},&quot;link_to&quot;:&quot;file&quot;,&quot;overlay_background&quot;:&quot;yes&quot;,&quot;content_hover_animation&quot;:&quot;fade-in&quot;}\" data-widget_type=\"gallery.default\">\n\t\t\t\t<div class=\"elementor-widget-container\">\n\t\t\t\t\t\t\t<div class=\"elementor-gallery__container\">\n\t\t\t\t\t<\/div>\n\t\t\t\t\t<\/div>\n\t\t\t\t<\/div>\n\t\t\t\t\t<\/div>\n\t\t<\/div>\n\t\t\t\t\t<\/div>\n\t\t<\/section>\n\t\t\t\t<\/div>","protected":false},"excerpt":{"rendered":"<p>CDU vor Ort: Holzb\u00fcttgen im Wandel \u2013 Erfolgreiches B\u00fcrgergespr\u00e4ch im Bischofshof Mit einem klaren Fokus auf die Herausforderungen und Chancen ihres Ortsteils hat die CDU Kaarst ihre B\u00fcrgergespr\u00e4che im Bischofshof in Holzb\u00fcttgen fortgesetzt. Rund 50 interessierte B\u00fcrgerinnen und B\u00fcrger nutzten die Gelegenheit, sich \u00fcber aktuelle Entwicklungen und kommunalpolitische Projekte zu informieren und aktiv mit den [&hellip;]<\/p>\n","protected":false},"author":1,"featured_media":5385,"comment_status":"closed","ping_status":"closed","sticky":false,"template":"","format":"standard","meta":{"footnotes":""},"categories":[1],"tags":[],"class_list":["post-5384","post","type-post","status-publish","format-standard","has-post-thumbnail","hentry","category-allgemein"],"yoast_head":"<!-- This site is optimized with the Yoast SEO plugin v27.4 - https:\/\/yoast.com\/product\/yoast-seo-wordpress\/ -->\n<title>B\u00fcrgergespr\u00e4che im Bischofshof in Holzb\u00fcttgen - CDU Kaarst-B\u00fcttgen<\/title>\n<meta name=\"robots\" content=\"index, follow, max-snippet:-1, max-image-preview:large, max-video-preview:-1\" \/>\n<link rel=\"canonical\" href=\"https:\/\/cdu-kaarst.de\/en\/allgemein\/buergergespraeche-im-bischofshof-in-holzbuettgen\/\" \/>\n<meta property=\"og:locale\" content=\"en_GB\" \/>\n<meta property=\"og:type\" content=\"article\" \/>\n<meta property=\"og:title\" content=\"B\u00fcrgergespr\u00e4che im Bischofshof in Holzb\u00fcttgen - CDU Kaarst-B\u00fcttgen\" \/>\n<meta property=\"og:description\" content=\"CDU vor Ort: Holzb\u00fcttgen im Wandel \u2013 Erfolgreiches B\u00fcrgergespr\u00e4ch im Bischofshof Mit einem klaren Fokus auf die Herausforderungen und Chancen ihres Ortsteils hat die CDU Kaarst ihre B\u00fcrgergespr\u00e4che im Bischofshof in Holzb\u00fcttgen fortgesetzt. Rund 50 interessierte B\u00fcrgerinnen und B\u00fcrger nutzten die Gelegenheit, sich \u00fcber aktuelle Entwicklungen und kommunalpolitische Projekte zu informieren und aktiv mit den [&hellip;]\" \/>\n<meta property=\"og:url\" content=\"https:\/\/cdu-kaarst.de\/en\/allgemein\/buergergespraeche-im-bischofshof-in-holzbuettgen\/\" \/>\n<meta property=\"og:site_name\" content=\"CDU Kaarst-B\u00fcttgen\" \/>\n<meta property=\"article:published_time\" content=\"2024-11-22T12:00:04+00:00\" \/>\n<meta property=\"article:modified_time\" content=\"2024-11-25T09:09:36+00:00\" \/>\n<meta property=\"og:image\" content=\"https:\/\/cdu-kaarst.de\/wp-content\/uploads\/1-8.jpg\" \/>\n\t<meta property=\"og:image:width\" content=\"1080\" \/>\n\t<meta property=\"og:image:height\" content=\"1080\" \/>\n\t<meta property=\"og:image:type\" content=\"image\/jpeg\" \/>\n<meta name=\"author\" content=\"@dm1n\" \/>\n<meta name=\"twitter:card\" content=\"summary_large_image\" \/>\n<meta name=\"twitter:label1\" content=\"Written by\" \/>\n\t<meta name=\"twitter:data1\" content=\"@dm1n\" \/>\n\t<meta name=\"twitter:label2\" content=\"Estimated reading time\" \/>\n\t<meta name=\"twitter:data2\" content=\"3 minutes\" \/>\n<script type=\"application\/ld+json\" class=\"yoast-schema-graph\">{\"@context\":\"https:\\\/\\\/schema.org\",\"@graph\":[{\"@type\":\"Article\",\"@id\":\"https:\\\/\\\/cdu-kaarst.de\\\/allgemein\\\/buergergespraeche-im-bischofshof-in-holzbuettgen\\\/#article\",\"isPartOf\":{\"@id\":\"https:\\\/\\\/cdu-kaarst.de\\\/allgemein\\\/buergergespraeche-im-bischofshof-in-holzbuettgen\\\/\"},\"author\":{\"name\":\"@dm1n\",\"@id\":\"https:\\\/\\\/cdu-kaarst.de\\\/#\\\/schema\\\/person\\\/05876a2bd7865609f2946e82cbc73476\"},\"headline\":\"B\u00fcrgergespr\u00e4che im Bischofshof in Holzb\u00fcttgen\",\"datePublished\":\"2024-11-22T12:00:04+00:00\",\"dateModified\":\"2024-11-25T09:09:36+00:00\",\"mainEntityOfPage\":{\"@id\":\"https:\\\/\\\/cdu-kaarst.de\\\/allgemein\\\/buergergespraeche-im-bischofshof-in-holzbuettgen\\\/\"},\"wordCount\":470,\"publisher\":{\"@id\":\"https:\\\/\\\/cdu-kaarst.de\\\/#organization\"},\"image\":{\"@id\":\"https:\\\/\\\/cdu-kaarst.de\\\/allgemein\\\/buergergespraeche-im-bischofshof-in-holzbuettgen\\\/#primaryimage\"},\"thumbnailUrl\":\"https:\\\/\\\/cdu-kaarst.de\\\/wp-content\\\/uploads\\\/1-8.jpg\",\"articleSection\":[\"Allgemein\"],\"inLanguage\":\"en-GB\"},{\"@type\":\"WebPage\",\"@id\":\"https:\\\/\\\/cdu-kaarst.de\\\/allgemein\\\/buergergespraeche-im-bischofshof-in-holzbuettgen\\\/\",\"url\":\"https:\\\/\\\/cdu-kaarst.de\\\/allgemein\\\/buergergespraeche-im-bischofshof-in-holzbuettgen\\\/\",\"name\":\"B\u00fcrgergespr\u00e4che im Bischofshof in Holzb\u00fcttgen - CDU Kaarst-B\u00fcttgen\",\"isPartOf\":{\"@id\":\"https:\\\/\\\/cdu-kaarst.de\\\/#website\"},\"primaryImageOfPage\":{\"@id\":\"https:\\\/\\\/cdu-kaarst.de\\\/allgemein\\\/buergergespraeche-im-bischofshof-in-holzbuettgen\\\/#primaryimage\"},\"image\":{\"@id\":\"https:\\\/\\\/cdu-kaarst.de\\\/allgemein\\\/buergergespraeche-im-bischofshof-in-holzbuettgen\\\/#primaryimage\"},\"thumbnailUrl\":\"https:\\\/\\\/cdu-kaarst.de\\\/wp-content\\\/uploads\\\/1-8.jpg\",\"datePublished\":\"2024-11-22T12:00:04+00:00\",\"dateModified\":\"2024-11-25T09:09:36+00:00\",\"breadcrumb\":{\"@id\":\"https:\\\/\\\/cdu-kaarst.de\\\/allgemein\\\/buergergespraeche-im-bischofshof-in-holzbuettgen\\\/#breadcrumb\"},\"inLanguage\":\"en-GB\",\"potentialAction\":[{\"@type\":\"ReadAction\",\"target\":[\"https:\\\/\\\/cdu-kaarst.de\\\/allgemein\\\/buergergespraeche-im-bischofshof-in-holzbuettgen\\\/\"]}]},{\"@type\":\"ImageObject\",\"inLanguage\":\"en-GB\",\"@id\":\"https:\\\/\\\/cdu-kaarst.de\\\/allgemein\\\/buergergespraeche-im-bischofshof-in-holzbuettgen\\\/#primaryimage\",\"url\":\"https:\\\/\\\/cdu-kaarst.de\\\/wp-content\\\/uploads\\\/1-8.jpg\",\"contentUrl\":\"https:\\\/\\\/cdu-kaarst.de\\\/wp-content\\\/uploads\\\/1-8.jpg\",\"width\":1080,\"height\":1080},{\"@type\":\"BreadcrumbList\",\"@id\":\"https:\\\/\\\/cdu-kaarst.de\\\/allgemein\\\/buergergespraeche-im-bischofshof-in-holzbuettgen\\\/#breadcrumb\",\"itemListElement\":[{\"@type\":\"ListItem\",\"position\":1,\"name\":\"Startseite\",\"item\":\"https:\\\/\\\/cdu-kaarst.de\\\/\"},{\"@type\":\"ListItem\",\"position\":2,\"name\":\"B\u00fcrgergespr\u00e4che im Bischofshof in Holzb\u00fcttgen\"}]},{\"@type\":\"WebSite\",\"@id\":\"https:\\\/\\\/cdu-kaarst.de\\\/#website\",\"url\":\"https:\\\/\\\/cdu-kaarst.de\\\/\",\"name\":\"CDU Kaarst-B\u00fcttgen\",\"description\":\"gut Leben in Kaarst\",\"publisher\":{\"@id\":\"https:\\\/\\\/cdu-kaarst.de\\\/#organization\"},\"potentialAction\":[{\"@type\":\"SearchAction\",\"target\":{\"@type\":\"EntryPoint\",\"urlTemplate\":\"https:\\\/\\\/cdu-kaarst.de\\\/?s={search_term_string}\"},\"query-input\":{\"@type\":\"PropertyValueSpecification\",\"valueRequired\":true,\"valueName\":\"search_term_string\"}}],\"inLanguage\":\"en-GB\"},{\"@type\":\"Organization\",\"@id\":\"https:\\\/\\\/cdu-kaarst.de\\\/#organization\",\"name\":\"CDU Kaarst-B\u00fcttgen\",\"url\":\"https:\\\/\\\/cdu-kaarst.de\\\/\",\"logo\":{\"@type\":\"ImageObject\",\"inLanguage\":\"en-GB\",\"@id\":\"https:\\\/\\\/cdu-kaarst.de\\\/#\\\/schema\\\/logo\\\/image\\\/\",\"url\":\"https:\\\/\\\/cdu-kaarst.de\\\/wp-content\\\/uploads\\\/cdu-gesamtlogo.png\",\"contentUrl\":\"https:\\\/\\\/cdu-kaarst.de\\\/wp-content\\\/uploads\\\/cdu-gesamtlogo.png\",\"width\":418,\"height\":120,\"caption\":\"CDU Kaarst-B\u00fcttgen\"},\"image\":{\"@id\":\"https:\\\/\\\/cdu-kaarst.de\\\/#\\\/schema\\\/logo\\\/image\\\/\"}},{\"@type\":\"Person\",\"@id\":\"https:\\\/\\\/cdu-kaarst.de\\\/#\\\/schema\\\/person\\\/05876a2bd7865609f2946e82cbc73476\",\"name\":\"@dm1n\",\"sameAs\":[\"http:\\\/\\\/cdu-kaarst.de\"]}]}<\/script>\n<!-- \/ Yoast SEO plugin. -->","yoast_head_json":{"title":"Citizens' talks at the Bischofshof in Holzb\u00fcttgen - CDU Kaarst-B\u00fcttgen","robots":{"index":"index","follow":"follow","max-snippet":"max-snippet:-1","max-image-preview":"max-image-preview:large","max-video-preview":"max-video-preview:-1"},"canonical":"https:\/\/cdu-kaarst.de\/en\/allgemein\/buergergespraeche-im-bischofshof-in-holzbuettgen\/","og_locale":"en_GB","og_type":"article","og_title":"B\u00fcrgergespr\u00e4che im Bischofshof in Holzb\u00fcttgen - CDU Kaarst-B\u00fcttgen","og_description":"CDU vor Ort: Holzb\u00fcttgen im Wandel \u2013 Erfolgreiches B\u00fcrgergespr\u00e4ch im Bischofshof Mit einem klaren Fokus auf die Herausforderungen und Chancen ihres Ortsteils hat die CDU Kaarst ihre B\u00fcrgergespr\u00e4che im Bischofshof in Holzb\u00fcttgen fortgesetzt. Rund 50 interessierte B\u00fcrgerinnen und B\u00fcrger nutzten die Gelegenheit, sich \u00fcber aktuelle Entwicklungen und kommunalpolitische Projekte zu informieren und aktiv mit den [&hellip;]","og_url":"https:\/\/cdu-kaarst.de\/en\/allgemein\/buergergespraeche-im-bischofshof-in-holzbuettgen\/","og_site_name":"CDU Kaarst-B\u00fcttgen","article_published_time":"2024-11-22T12:00:04+00:00","article_modified_time":"2024-11-25T09:09:36+00:00","og_image":[{"width":1080,"height":1080,"url":"https:\/\/cdu-kaarst.de\/wp-content\/uploads\/1-8.jpg","type":"image\/jpeg"}],"author":"@dm1n","twitter_card":"summary_large_image","twitter_misc":{"Written by":"@dm1n","Estimated reading time":"3 minutes"},"schema":{"@context":"https:\/\/schema.org","@graph":[{"@type":"Article","@id":"https:\/\/cdu-kaarst.de\/allgemein\/buergergespraeche-im-bischofshof-in-holzbuettgen\/#article","isPartOf":{"@id":"https:\/\/cdu-kaarst.de\/allgemein\/buergergespraeche-im-bischofshof-in-holzbuettgen\/"},"author":{"name":"@dm1n","@id":"https:\/\/cdu-kaarst.de\/#\/schema\/person\/05876a2bd7865609f2946e82cbc73476"},"headline":"B\u00fcrgergespr\u00e4che im Bischofshof in Holzb\u00fcttgen","datePublished":"2024-11-22T12:00:04+00:00","dateModified":"2024-11-25T09:09:36+00:00","mainEntityOfPage":{"@id":"https:\/\/cdu-kaarst.de\/allgemein\/buergergespraeche-im-bischofshof-in-holzbuettgen\/"},"wordCount":470,"publisher":{"@id":"https:\/\/cdu-kaarst.de\/#organization"},"image":{"@id":"https:\/\/cdu-kaarst.de\/allgemein\/buergergespraeche-im-bischofshof-in-holzbuettgen\/#primaryimage"},"thumbnailUrl":"https:\/\/cdu-kaarst.de\/wp-content\/uploads\/1-8.jpg","articleSection":["Allgemein"],"inLanguage":"en-GB"},{"@type":"WebPage","@id":"https:\/\/cdu-kaarst.de\/allgemein\/buergergespraeche-im-bischofshof-in-holzbuettgen\/","url":"https:\/\/cdu-kaarst.de\/allgemein\/buergergespraeche-im-bischofshof-in-holzbuettgen\/","name":"Citizens' talks at the Bischofshof in Holzb\u00fcttgen - CDU Kaarst-B\u00fcttgen","isPartOf":{"@id":"https:\/\/cdu-kaarst.de\/#website"},"primaryImageOfPage":{"@id":"https:\/\/cdu-kaarst.de\/allgemein\/buergergespraeche-im-bischofshof-in-holzbuettgen\/#primaryimage"},"image":{"@id":"https:\/\/cdu-kaarst.de\/allgemein\/buergergespraeche-im-bischofshof-in-holzbuettgen\/#primaryimage"},"thumbnailUrl":"https:\/\/cdu-kaarst.de\/wp-content\/uploads\/1-8.jpg","datePublished":"2024-11-22T12:00:04+00:00","dateModified":"2024-11-25T09:09:36+00:00","breadcrumb":{"@id":"https:\/\/cdu-kaarst.de\/allgemein\/buergergespraeche-im-bischofshof-in-holzbuettgen\/#breadcrumb"},"inLanguage":"en-GB","potentialAction":[{"@type":"ReadAction","target":["https:\/\/cdu-kaarst.de\/allgemein\/buergergespraeche-im-bischofshof-in-holzbuettgen\/"]}]},{"@type":"ImageObject","inLanguage":"en-GB","@id":"https:\/\/cdu-kaarst.de\/allgemein\/buergergespraeche-im-bischofshof-in-holzbuettgen\/#primaryimage","url":"https:\/\/cdu-kaarst.de\/wp-content\/uploads\/1-8.jpg","contentUrl":"https:\/\/cdu-kaarst.de\/wp-content\/uploads\/1-8.jpg","width":1080,"height":1080},{"@type":"BreadcrumbList","@id":"https:\/\/cdu-kaarst.de\/allgemein\/buergergespraeche-im-bischofshof-in-holzbuettgen\/#breadcrumb","itemListElement":[{"@type":"ListItem","position":1,"name":"Startseite","item":"https:\/\/cdu-kaarst.de\/"},{"@type":"ListItem","position":2,"name":"B\u00fcrgergespr\u00e4che im Bischofshof in Holzb\u00fcttgen"}]},{"@type":"WebSite","@id":"https:\/\/cdu-kaarst.de\/#website","url":"https:\/\/cdu-kaarst.de\/","name":"CDU Kaarst-B\u00fcttgen","description":"living well in Kaarst","publisher":{"@id":"https:\/\/cdu-kaarst.de\/#organization"},"potentialAction":[{"@type":"SearchAction","target":{"@type":"EntryPoint","urlTemplate":"https:\/\/cdu-kaarst.de\/?s={search_term_string}"},"query-input":{"@type":"PropertyValueSpecification","valueRequired":true,"valueName":"search_term_string"}}],"inLanguage":"en-GB"},{"@type":"Organization","@id":"https:\/\/cdu-kaarst.de\/#organization","name":"CDU Kaarst-B\u00fcttgen","url":"https:\/\/cdu-kaarst.de\/","logo":{"@type":"ImageObject","inLanguage":"en-GB","@id":"https:\/\/cdu-kaarst.de\/#\/schema\/logo\/image\/","url":"https:\/\/cdu-kaarst.de\/wp-content\/uploads\/cdu-gesamtlogo.png","contentUrl":"https:\/\/cdu-kaarst.de\/wp-content\/uploads\/cdu-gesamtlogo.png","width":418,"height":120,"caption":"CDU Kaarst-B\u00fcttgen"},"image":{"@id":"https:\/\/cdu-kaarst.de\/#\/schema\/logo\/image\/"}},{"@type":"Person","@id":"https:\/\/cdu-kaarst.de\/#\/schema\/person\/05876a2bd7865609f2946e82cbc73476","name":"@dm1n","sameAs":["http:\/\/cdu-kaarst.de"]}]}},"_links":{"self":[{"href":"https:\/\/cdu-kaarst.de\/en\/wp-json\/wp\/v2\/posts\/5384","targetHints":{"allow":["GET"]}}],"collection":[{"href":"https:\/\/cdu-kaarst.de\/en\/wp-json\/wp\/v2\/posts"}],"about":[{"href":"https:\/\/cdu-kaarst.de\/en\/wp-json\/wp\/v2\/types\/post"}],"author":[{"embeddable":true,"href":"https:\/\/cdu-kaarst.de\/en\/wp-json\/wp\/v2\/users\/1"}],"replies":[{"embeddable":true,"href":"https:\/\/cdu-kaarst.de\/en\/wp-json\/wp\/v2\/comments?post=5384"}],"version-history":[{"count":11,"href":"https:\/\/cdu-kaarst.de\/en\/wp-json\/wp\/v2\/posts\/5384\/revisions"}],"predecessor-version":[{"id":5403,"href":"https:\/\/cdu-kaarst.de\/en\/wp-json\/wp\/v2\/posts\/5384\/revisions\/5403"}],"wp:featuredmedia":[{"embeddable":true,"href":"https:\/\/cdu-kaarst.de\/en\/wp-json\/wp\/v2\/media\/5385"}],"wp:attachment":[{"href":"https:\/\/cdu-kaarst.de\/en\/wp-json\/wp\/v2\/media?parent=5384"}],"wp:term":[{"taxonomy":"category","embeddable":true,"href":"https:\/\/cdu-kaarst.de\/en\/wp-json\/wp\/v2\/categories?post=5384"},{"taxonomy":"post_tag","embeddable":true,"href":"https:\/\/cdu-kaarst.de\/en\/wp-json\/wp\/v2\/tags?post=5384"}],"curies":[{"name":"wp","href":"https:\/\/api.w.org\/{rel}","templated":true}]}}