{"id":5426,"date":"2024-11-27T15:54:18","date_gmt":"2024-11-27T14:54:18","guid":{"rendered":"https:\/\/cdu-kaarst.de\/?p=5426"},"modified":"2024-11-27T15:54:18","modified_gmt":"2024-11-27T14:54:18","slug":"cdu-kaarst-draengt-auf-tempo-bei-schulinfrastruktur","status":"publish","type":"post","link":"https:\/\/cdu-kaarst.de\/en\/allgemein\/cdu-kaarst-draengt-auf-tempo-bei-schulinfrastruktur\/","title":{"rendered":"CDU Kaarst pushes for speed in school infrastructure"},"content":{"rendered":"<h2>Setting the course for Kaarst school buildings: Progress in the CDU building construction committee<\/h2>\n<p>The building construction committee of the CDU Kaarst, headed by <a href=\"https:\/\/cdu-kaarst.de\/en\/personen\/dr-klaus-gerdes\/\">Dr Klaus Gerdes<\/a>At its most recent meeting, the school board made decisive progress on the school construction projects. The way was emphatically paved for the swift realisation of the construction projects, which had already been discussed and approved by the School Committee and the Economic and Financial Committee (WIFIDI).<\/p>\n<h3>Catholic primary school extension: jury recommendation confirmed<\/h3>\n<p>A central point of the meeting was the extension of the<strong> Catholic primary school<\/strong>. The jury's recommendation was unanimously confirmed by the committee, paving the way for the contract to be awarded to a provider. This project is an important milestone for the improvement of the school infrastructure in Kaarst.<\/p>\n<h3>Prioritised list of construction and planning activities: New impetus through tabular overview<\/h3>\n<p>Another important item on the agenda was the presentation of the prioritised list of construction and planning activities of the city of Kaarst. Under pressure from politicians, FDP Mayor Baum presented this list in tabular form for the first time. The overview was expressly welcomed by the committee members and will serve as a basis for future consultations.<\/p>\n<h4>Important measures of the CDU Kaarst<\/h4>\n<ul>\n<li><strong>Rapid implementation:<\/strong> The pressure on the city leadership is being increased in order to minimise delays.<\/li>\n<li><strong>Create clarity:<\/strong> The tabular overview brings structure and transparency to the construction projects.<\/li>\n<li><strong>Focus on school buildings:<\/strong> The CDU Kaarst emphasises that school construction projects have the highest priority and must be implemented consistently.<\/li>\n<\/ul>\n<h3>Summary and outlook<\/h3>\n<p>The Kaarst CDU continues to campaign vigorously for the improvement of Kaarst's school infrastructure. Significant progress has been made with the trend-setting jury recommendation for the Catholic primary school and the presentation of the list of priorities. The CDU will continue to critically monitor the implementation of the political goals.<\/p>","protected":false},"excerpt":{"rendered":"<p>Weichenstellung f\u00fcr Kaarster Schulbauten: Fortschritte im Hochbauausschuss der CDU Der Hochbauausschuss der CDU Kaarst, geleitet von Dr. Klaus Gerdes, hat in seiner j\u00fcngsten Sitzung entscheidende Fortschritte bei den Schulbauprojekten erzielt. Mit Nachdruck wurde der Weg f\u00fcr eine z\u00fcgige Umsetzung der Bauvorhaben bereitet, die zuvor bereits im Schulausschuss und im Wirtschaft- und Finanzausschuss (WIFIDI) diskutiert und [&hellip;]<\/p>\n","protected":false},"author":1,"featured_media":5427,"comment_status":"closed","ping_status":"closed","sticky":false,"template":"","format":"standard","meta":{"footnotes":""},"categories":[1],"tags":[],"class_list":["post-5426","post","type-post","status-publish","format-standard","has-post-thumbnail","hentry","category-allgemein"],"yoast_head":"<!-- This site is optimized with the Yoast SEO plugin v27.4 - https:\/\/yoast.com\/product\/yoast-seo-wordpress\/ -->\n<title>CDU Kaarst dr\u00e4ngt auf Tempo bei Schulinfrastruktur - CDU Kaarst-B\u00fcttgen<\/title>\n<meta name=\"robots\" content=\"index, follow, max-snippet:-1, max-image-preview:large, max-video-preview:-1\" \/>\n<link rel=\"canonical\" href=\"https:\/\/cdu-kaarst.de\/en\/allgemein\/cdu-kaarst-draengt-auf-tempo-bei-schulinfrastruktur\/\" \/>\n<meta property=\"og:locale\" content=\"en_GB\" \/>\n<meta property=\"og:type\" content=\"article\" \/>\n<meta property=\"og:title\" content=\"CDU Kaarst dr\u00e4ngt auf Tempo bei Schulinfrastruktur - CDU Kaarst-B\u00fcttgen\" \/>\n<meta property=\"og:description\" content=\"Weichenstellung f\u00fcr Kaarster Schulbauten: Fortschritte im Hochbauausschuss der CDU Der Hochbauausschuss der CDU Kaarst, geleitet von Dr. Klaus Gerdes, hat in seiner j\u00fcngsten Sitzung entscheidende Fortschritte bei den Schulbauprojekten erzielt. Mit Nachdruck wurde der Weg f\u00fcr eine z\u00fcgige Umsetzung der Bauvorhaben bereitet, die zuvor bereits im Schulausschuss und im Wirtschaft- und Finanzausschuss (WIFIDI) diskutiert und [&hellip;]\" \/>\n<meta property=\"og:url\" content=\"https:\/\/cdu-kaarst.de\/en\/allgemein\/cdu-kaarst-draengt-auf-tempo-bei-schulinfrastruktur\/\" \/>\n<meta property=\"og:site_name\" content=\"CDU Kaarst-B\u00fcttgen\" \/>\n<meta property=\"article:published_time\" content=\"2024-11-27T14:54:18+00:00\" \/>\n<meta property=\"og:image\" content=\"https:\/\/cdu-kaarst.de\/wp-content\/uploads\/cdu-kaarst-news-weichenstellung-kaarster-schulbauten.jpg\" \/>\n\t<meta property=\"og:image:width\" content=\"1000\" \/>\n\t<meta property=\"og:image:height\" content=\"667\" \/>\n\t<meta property=\"og:image:type\" content=\"image\/jpeg\" \/>\n<meta name=\"author\" content=\"@dm1n\" \/>\n<meta name=\"twitter:card\" content=\"summary_large_image\" \/>\n<meta name=\"twitter:label1\" content=\"Written by\" \/>\n\t<meta name=\"twitter:data1\" content=\"@dm1n\" \/>\n\t<meta name=\"twitter:label2\" content=\"Estimated reading time\" \/>\n\t<meta name=\"twitter:data2\" content=\"2 minutes\" \/>\n<script type=\"application\/ld+json\" class=\"yoast-schema-graph\">{\"@context\":\"https:\\\/\\\/schema.org\",\"@graph\":[{\"@type\":\"Article\",\"@id\":\"https:\\\/\\\/cdu-kaarst.de\\\/allgemein\\\/cdu-kaarst-draengt-auf-tempo-bei-schulinfrastruktur\\\/#article\",\"isPartOf\":{\"@id\":\"https:\\\/\\\/cdu-kaarst.de\\\/allgemein\\\/cdu-kaarst-draengt-auf-tempo-bei-schulinfrastruktur\\\/\"},\"author\":{\"name\":\"@dm1n\",\"@id\":\"https:\\\/\\\/cdu-kaarst.de\\\/#\\\/schema\\\/person\\\/05876a2bd7865609f2946e82cbc73476\"},\"headline\":\"CDU Kaarst dr\u00e4ngt auf Tempo bei Schulinfrastruktur\",\"datePublished\":\"2024-11-27T14:54:18+00:00\",\"mainEntityOfPage\":{\"@id\":\"https:\\\/\\\/cdu-kaarst.de\\\/allgemein\\\/cdu-kaarst-draengt-auf-tempo-bei-schulinfrastruktur\\\/\"},\"wordCount\":293,\"publisher\":{\"@id\":\"https:\\\/\\\/cdu-kaarst.de\\\/#organization\"},\"image\":{\"@id\":\"https:\\\/\\\/cdu-kaarst.de\\\/allgemein\\\/cdu-kaarst-draengt-auf-tempo-bei-schulinfrastruktur\\\/#primaryimage\"},\"thumbnailUrl\":\"https:\\\/\\\/cdu-kaarst.de\\\/wp-content\\\/uploads\\\/cdu-kaarst-news-weichenstellung-kaarster-schulbauten.jpg\",\"articleSection\":[\"Allgemein\"],\"inLanguage\":\"en-GB\"},{\"@type\":\"WebPage\",\"@id\":\"https:\\\/\\\/cdu-kaarst.de\\\/allgemein\\\/cdu-kaarst-draengt-auf-tempo-bei-schulinfrastruktur\\\/\",\"url\":\"https:\\\/\\\/cdu-kaarst.de\\\/allgemein\\\/cdu-kaarst-draengt-auf-tempo-bei-schulinfrastruktur\\\/\",\"name\":\"CDU Kaarst dr\u00e4ngt auf Tempo bei Schulinfrastruktur - CDU Kaarst-B\u00fcttgen\",\"isPartOf\":{\"@id\":\"https:\\\/\\\/cdu-kaarst.de\\\/#website\"},\"primaryImageOfPage\":{\"@id\":\"https:\\\/\\\/cdu-kaarst.de\\\/allgemein\\\/cdu-kaarst-draengt-auf-tempo-bei-schulinfrastruktur\\\/#primaryimage\"},\"image\":{\"@id\":\"https:\\\/\\\/cdu-kaarst.de\\\/allgemein\\\/cdu-kaarst-draengt-auf-tempo-bei-schulinfrastruktur\\\/#primaryimage\"},\"thumbnailUrl\":\"https:\\\/\\\/cdu-kaarst.de\\\/wp-content\\\/uploads\\\/cdu-kaarst-news-weichenstellung-kaarster-schulbauten.jpg\",\"datePublished\":\"2024-11-27T14:54:18+00:00\",\"breadcrumb\":{\"@id\":\"https:\\\/\\\/cdu-kaarst.de\\\/allgemein\\\/cdu-kaarst-draengt-auf-tempo-bei-schulinfrastruktur\\\/#breadcrumb\"},\"inLanguage\":\"en-GB\",\"potentialAction\":[{\"@type\":\"ReadAction\",\"target\":[\"https:\\\/\\\/cdu-kaarst.de\\\/allgemein\\\/cdu-kaarst-draengt-auf-tempo-bei-schulinfrastruktur\\\/\"]}]},{\"@type\":\"ImageObject\",\"inLanguage\":\"en-GB\",\"@id\":\"https:\\\/\\\/cdu-kaarst.de\\\/allgemein\\\/cdu-kaarst-draengt-auf-tempo-bei-schulinfrastruktur\\\/#primaryimage\",\"url\":\"https:\\\/\\\/cdu-kaarst.de\\\/wp-content\\\/uploads\\\/cdu-kaarst-news-weichenstellung-kaarster-schulbauten.jpg\",\"contentUrl\":\"https:\\\/\\\/cdu-kaarst.de\\\/wp-content\\\/uploads\\\/cdu-kaarst-news-weichenstellung-kaarster-schulbauten.jpg\",\"width\":1000,\"height\":667},{\"@type\":\"BreadcrumbList\",\"@id\":\"https:\\\/\\\/cdu-kaarst.de\\\/allgemein\\\/cdu-kaarst-draengt-auf-tempo-bei-schulinfrastruktur\\\/#breadcrumb\",\"itemListElement\":[{\"@type\":\"ListItem\",\"position\":1,\"name\":\"Startseite\",\"item\":\"https:\\\/\\\/cdu-kaarst.de\\\/\"},{\"@type\":\"ListItem\",\"position\":2,\"name\":\"CDU Kaarst dr\u00e4ngt auf Tempo bei Schulinfrastruktur\"}]},{\"@type\":\"WebSite\",\"@id\":\"https:\\\/\\\/cdu-kaarst.de\\\/#website\",\"url\":\"https:\\\/\\\/cdu-kaarst.de\\\/\",\"name\":\"CDU Kaarst-B\u00fcttgen\",\"description\":\"gut Leben in Kaarst\",\"publisher\":{\"@id\":\"https:\\\/\\\/cdu-kaarst.de\\\/#organization\"},\"potentialAction\":[{\"@type\":\"SearchAction\",\"target\":{\"@type\":\"EntryPoint\",\"urlTemplate\":\"https:\\\/\\\/cdu-kaarst.de\\\/?s={search_term_string}\"},\"query-input\":{\"@type\":\"PropertyValueSpecification\",\"valueRequired\":true,\"valueName\":\"search_term_string\"}}],\"inLanguage\":\"en-GB\"},{\"@type\":\"Organization\",\"@id\":\"https:\\\/\\\/cdu-kaarst.de\\\/#organization\",\"name\":\"CDU Kaarst-B\u00fcttgen\",\"url\":\"https:\\\/\\\/cdu-kaarst.de\\\/\",\"logo\":{\"@type\":\"ImageObject\",\"inLanguage\":\"en-GB\",\"@id\":\"https:\\\/\\\/cdu-kaarst.de\\\/#\\\/schema\\\/logo\\\/image\\\/\",\"url\":\"https:\\\/\\\/cdu-kaarst.de\\\/wp-content\\\/uploads\\\/cdu-gesamtlogo.png\",\"contentUrl\":\"https:\\\/\\\/cdu-kaarst.de\\\/wp-content\\\/uploads\\\/cdu-gesamtlogo.png\",\"width\":418,\"height\":120,\"caption\":\"CDU Kaarst-B\u00fcttgen\"},\"image\":{\"@id\":\"https:\\\/\\\/cdu-kaarst.de\\\/#\\\/schema\\\/logo\\\/image\\\/\"}},{\"@type\":\"Person\",\"@id\":\"https:\\\/\\\/cdu-kaarst.de\\\/#\\\/schema\\\/person\\\/05876a2bd7865609f2946e82cbc73476\",\"name\":\"@dm1n\",\"sameAs\":[\"http:\\\/\\\/cdu-kaarst.de\"]}]}<\/script>\n<!-- \/ Yoast SEO plugin. -->","yoast_head_json":{"title":"CDU Kaarst urges speed in school infrastructure - CDU Kaarst-B\u00fcttgen","robots":{"index":"index","follow":"follow","max-snippet":"max-snippet:-1","max-image-preview":"max-image-preview:large","max-video-preview":"max-video-preview:-1"},"canonical":"https:\/\/cdu-kaarst.de\/en\/allgemein\/cdu-kaarst-draengt-auf-tempo-bei-schulinfrastruktur\/","og_locale":"en_GB","og_type":"article","og_title":"CDU Kaarst dr\u00e4ngt auf Tempo bei Schulinfrastruktur - CDU Kaarst-B\u00fcttgen","og_description":"Weichenstellung f\u00fcr Kaarster Schulbauten: Fortschritte im Hochbauausschuss der CDU Der Hochbauausschuss der CDU Kaarst, geleitet von Dr. Klaus Gerdes, hat in seiner j\u00fcngsten Sitzung entscheidende Fortschritte bei den Schulbauprojekten erzielt. Mit Nachdruck wurde der Weg f\u00fcr eine z\u00fcgige Umsetzung der Bauvorhaben bereitet, die zuvor bereits im Schulausschuss und im Wirtschaft- und Finanzausschuss (WIFIDI) diskutiert und [&hellip;]","og_url":"https:\/\/cdu-kaarst.de\/en\/allgemein\/cdu-kaarst-draengt-auf-tempo-bei-schulinfrastruktur\/","og_site_name":"CDU Kaarst-B\u00fcttgen","article_published_time":"2024-11-27T14:54:18+00:00","og_image":[{"width":1000,"height":667,"url":"https:\/\/cdu-kaarst.de\/wp-content\/uploads\/cdu-kaarst-news-weichenstellung-kaarster-schulbauten.jpg","type":"image\/jpeg"}],"author":"@dm1n","twitter_card":"summary_large_image","twitter_misc":{"Written by":"@dm1n","Estimated reading time":"2 minutes"},"schema":{"@context":"https:\/\/schema.org","@graph":[{"@type":"Article","@id":"https:\/\/cdu-kaarst.de\/allgemein\/cdu-kaarst-draengt-auf-tempo-bei-schulinfrastruktur\/#article","isPartOf":{"@id":"https:\/\/cdu-kaarst.de\/allgemein\/cdu-kaarst-draengt-auf-tempo-bei-schulinfrastruktur\/"},"author":{"name":"@dm1n","@id":"https:\/\/cdu-kaarst.de\/#\/schema\/person\/05876a2bd7865609f2946e82cbc73476"},"headline":"CDU Kaarst dr\u00e4ngt auf Tempo bei Schulinfrastruktur","datePublished":"2024-11-27T14:54:18+00:00","mainEntityOfPage":{"@id":"https:\/\/cdu-kaarst.de\/allgemein\/cdu-kaarst-draengt-auf-tempo-bei-schulinfrastruktur\/"},"wordCount":293,"publisher":{"@id":"https:\/\/cdu-kaarst.de\/#organization"},"image":{"@id":"https:\/\/cdu-kaarst.de\/allgemein\/cdu-kaarst-draengt-auf-tempo-bei-schulinfrastruktur\/#primaryimage"},"thumbnailUrl":"https:\/\/cdu-kaarst.de\/wp-content\/uploads\/cdu-kaarst-news-weichenstellung-kaarster-schulbauten.jpg","articleSection":["Allgemein"],"inLanguage":"en-GB"},{"@type":"WebPage","@id":"https:\/\/cdu-kaarst.de\/allgemein\/cdu-kaarst-draengt-auf-tempo-bei-schulinfrastruktur\/","url":"https:\/\/cdu-kaarst.de\/allgemein\/cdu-kaarst-draengt-auf-tempo-bei-schulinfrastruktur\/","name":"CDU Kaarst urges speed in school infrastructure - CDU Kaarst-B\u00fcttgen","isPartOf":{"@id":"https:\/\/cdu-kaarst.de\/#website"},"primaryImageOfPage":{"@id":"https:\/\/cdu-kaarst.de\/allgemein\/cdu-kaarst-draengt-auf-tempo-bei-schulinfrastruktur\/#primaryimage"},"image":{"@id":"https:\/\/cdu-kaarst.de\/allgemein\/cdu-kaarst-draengt-auf-tempo-bei-schulinfrastruktur\/#primaryimage"},"thumbnailUrl":"https:\/\/cdu-kaarst.de\/wp-content\/uploads\/cdu-kaarst-news-weichenstellung-kaarster-schulbauten.jpg","datePublished":"2024-11-27T14:54:18+00:00","breadcrumb":{"@id":"https:\/\/cdu-kaarst.de\/allgemein\/cdu-kaarst-draengt-auf-tempo-bei-schulinfrastruktur\/#breadcrumb"},"inLanguage":"en-GB","potentialAction":[{"@type":"ReadAction","target":["https:\/\/cdu-kaarst.de\/allgemein\/cdu-kaarst-draengt-auf-tempo-bei-schulinfrastruktur\/"]}]},{"@type":"ImageObject","inLanguage":"en-GB","@id":"https:\/\/cdu-kaarst.de\/allgemein\/cdu-kaarst-draengt-auf-tempo-bei-schulinfrastruktur\/#primaryimage","url":"https:\/\/cdu-kaarst.de\/wp-content\/uploads\/cdu-kaarst-news-weichenstellung-kaarster-schulbauten.jpg","contentUrl":"https:\/\/cdu-kaarst.de\/wp-content\/uploads\/cdu-kaarst-news-weichenstellung-kaarster-schulbauten.jpg","width":1000,"height":667},{"@type":"BreadcrumbList","@id":"https:\/\/cdu-kaarst.de\/allgemein\/cdu-kaarst-draengt-auf-tempo-bei-schulinfrastruktur\/#breadcrumb","itemListElement":[{"@type":"ListItem","position":1,"name":"Startseite","item":"https:\/\/cdu-kaarst.de\/"},{"@type":"ListItem","position":2,"name":"CDU Kaarst dr\u00e4ngt auf Tempo bei Schulinfrastruktur"}]},{"@type":"WebSite","@id":"https:\/\/cdu-kaarst.de\/#website","url":"https:\/\/cdu-kaarst.de\/","name":"CDU Kaarst-B\u00fcttgen","description":"living well in Kaarst","publisher":{"@id":"https:\/\/cdu-kaarst.de\/#organization"},"potentialAction":[{"@type":"SearchAction","target":{"@type":"EntryPoint","urlTemplate":"https:\/\/cdu-kaarst.de\/?s={search_term_string}"},"query-input":{"@type":"PropertyValueSpecification","valueRequired":true,"valueName":"search_term_string"}}],"inLanguage":"en-GB"},{"@type":"Organization","@id":"https:\/\/cdu-kaarst.de\/#organization","name":"CDU Kaarst-B\u00fcttgen","url":"https:\/\/cdu-kaarst.de\/","logo":{"@type":"ImageObject","inLanguage":"en-GB","@id":"https:\/\/cdu-kaarst.de\/#\/schema\/logo\/image\/","url":"https:\/\/cdu-kaarst.de\/wp-content\/uploads\/cdu-gesamtlogo.png","contentUrl":"https:\/\/cdu-kaarst.de\/wp-content\/uploads\/cdu-gesamtlogo.png","width":418,"height":120,"caption":"CDU Kaarst-B\u00fcttgen"},"image":{"@id":"https:\/\/cdu-kaarst.de\/#\/schema\/logo\/image\/"}},{"@type":"Person","@id":"https:\/\/cdu-kaarst.de\/#\/schema\/person\/05876a2bd7865609f2946e82cbc73476","name":"@dm1n","sameAs":["http:\/\/cdu-kaarst.de"]}]}},"_links":{"self":[{"href":"https:\/\/cdu-kaarst.de\/en\/wp-json\/wp\/v2\/posts\/5426","targetHints":{"allow":["GET"]}}],"collection":[{"href":"https:\/\/cdu-kaarst.de\/en\/wp-json\/wp\/v2\/posts"}],"about":[{"href":"https:\/\/cdu-kaarst.de\/en\/wp-json\/wp\/v2\/types\/post"}],"author":[{"embeddable":true,"href":"https:\/\/cdu-kaarst.de\/en\/wp-json\/wp\/v2\/users\/1"}],"replies":[{"embeddable":true,"href":"https:\/\/cdu-kaarst.de\/en\/wp-json\/wp\/v2\/comments?post=5426"}],"version-history":[{"count":3,"href":"https:\/\/cdu-kaarst.de\/en\/wp-json\/wp\/v2\/posts\/5426\/revisions"}],"predecessor-version":[{"id":5430,"href":"https:\/\/cdu-kaarst.de\/en\/wp-json\/wp\/v2\/posts\/5426\/revisions\/5430"}],"wp:featuredmedia":[{"embeddable":true,"href":"https:\/\/cdu-kaarst.de\/en\/wp-json\/wp\/v2\/media\/5427"}],"wp:attachment":[{"href":"https:\/\/cdu-kaarst.de\/en\/wp-json\/wp\/v2\/media?parent=5426"}],"wp:term":[{"taxonomy":"category","embeddable":true,"href":"https:\/\/cdu-kaarst.de\/en\/wp-json\/wp\/v2\/categories?post=5426"},{"taxonomy":"post_tag","embeddable":true,"href":"https:\/\/cdu-kaarst.de\/en\/wp-json\/wp\/v2\/tags?post=5426"}],"curies":[{"name":"wp","href":"https:\/\/api.w.org\/{rel}","templated":true}]}}