{"id":5454,"date":"2024-12-10T10:02:20","date_gmt":"2024-12-10T09:02:20","guid":{"rendered":"https:\/\/cdu-kaarst.de\/?p=5454"},"modified":"2024-12-10T10:02:50","modified_gmt":"2024-12-10T09:02:50","slug":"cdu-legte-grundstein-fuer-die-ansiedlung-auf-dem-alten-ikea-gelaende","status":"publish","type":"post","link":"https:\/\/cdu-kaarst.de\/en\/allgemein\/cdu-legte-grundstein-fuer-die-ansiedlung-auf-dem-alten-ikea-gelaende\/","title":{"rendered":"CDU lays foundation stone for the settlement on the old IKEA site"},"content":{"rendered":"<p>The CDU is delighted that XIAO is now the first company to settle on the old IKEA site. The company managed by Lukas Neisemeier <a href=\"https:\/\/www.xiao-restaurant.de\/\" target=\"_blank\" rel=\"noopener\">XIAO Group<\/a> is not only building a restaurant in Kaarst, but is also relocating the headquarters of the Group's other companies to Kaarst, says <a href=\"https:\/\/cdu-kaarst.de\/en\/personen\/ingo-kotzian\/\" target=\"_blank\" rel=\"noopener\">Ingo Kotzian<\/a>Chairman of the city's Economic and Financial Committee.<\/p>\n<p>The proposal was already initiated by the CDU in the meeting committee on 31 January 2019. Party leader and <a href=\"https:\/\/cdu-kaarst.de\/en\/personen\/christian-horn-heinemann\/\" target=\"_blank\" rel=\"noopener\">Mayoral candidate Christian Horn-Heinemann<\/a>We would like to take this opportunity to express our special thanks to Stefan Meuser (current treasurer of the CDU) and Sven Minth from the Economic Development Department. The two made the first contact over 5 years ago - long before business development was declared a top priority. The CDU has always supported the project constructively and most recently brought it through the home straight with the Greens. Hopefully this is the impetus we need to kick-start the site, it's about time\".<\/p>","protected":false},"excerpt":{"rendered":"<p>Die CDU freut sich, dass sich mit XIAO jetzt die erste Firma auf dem alten IKEA-Gel\u00e4nde ansiedelt. Die von Lukas Neisemeier gef\u00fchrte XIAO Gruppe errichtet in Kaarst nicht nur ein Restaurant, sondern verlegt auch den Firmensitz der anderen Unternehmen der Gruppe nach Kaarst, sagt Ingo Kotzian, Vorsitzender des Wirtschafts- und Finanzausschusses der Stadt. Der Vorschlag [&hellip;]<\/p>\n","protected":false},"author":1,"featured_media":5455,"comment_status":"closed","ping_status":"closed","sticky":false,"template":"","format":"standard","meta":{"footnotes":""},"categories":[1],"tags":[],"class_list":["post-5454","post","type-post","status-publish","format-standard","has-post-thumbnail","hentry","category-allgemein"],"yoast_head":"<!-- This site is optimized with the Yoast SEO plugin v27.4 - https:\/\/yoast.com\/product\/yoast-seo-wordpress\/ -->\n<title>CDU legte Grundstein f\u00fcr XIAO die erste Firma auf dem alten IKEA-Gel\u00e4nde<\/title>\n<meta name=\"description\" content=\"Die CDU freut sich, dass sich mit XIAO jetzt die erste Firma auf dem alten IKEA-Gel\u00e4nde ansiedelt\" \/>\n<meta name=\"robots\" content=\"index, follow, max-snippet:-1, max-image-preview:large, max-video-preview:-1\" \/>\n<link rel=\"canonical\" href=\"https:\/\/cdu-kaarst.de\/en\/allgemein\/cdu-legte-grundstein-fuer-die-ansiedlung-auf-dem-alten-ikea-gelaende\/\" \/>\n<meta property=\"og:locale\" content=\"en_GB\" \/>\n<meta property=\"og:type\" content=\"article\" \/>\n<meta property=\"og:title\" content=\"CDU legte Grundstein f\u00fcr XIAO die erste Firma auf dem alten IKEA-Gel\u00e4nde\" \/>\n<meta property=\"og:description\" content=\"Die CDU freut sich, dass sich mit XIAO jetzt die erste Firma auf dem alten IKEA-Gel\u00e4nde ansiedelt\" \/>\n<meta property=\"og:url\" content=\"https:\/\/cdu-kaarst.de\/en\/allgemein\/cdu-legte-grundstein-fuer-die-ansiedlung-auf-dem-alten-ikea-gelaende\/\" \/>\n<meta property=\"og:site_name\" content=\"CDU Kaarst-B\u00fcttgen\" \/>\n<meta property=\"article:published_time\" content=\"2024-12-10T09:02:20+00:00\" \/>\n<meta property=\"article:modified_time\" content=\"2024-12-10T09:02:50+00:00\" \/>\n<meta property=\"og:image\" content=\"https:\/\/cdu-kaarst.de\/wp-content\/uploads\/cdu-xiao-grundstein.jpg\" \/>\n\t<meta property=\"og:image:width\" content=\"651\" \/>\n\t<meta property=\"og:image:height\" content=\"652\" \/>\n\t<meta property=\"og:image:type\" content=\"image\/jpeg\" \/>\n<meta name=\"author\" content=\"@dm1n\" \/>\n<meta name=\"twitter:card\" content=\"summary_large_image\" \/>\n<meta name=\"twitter:label1\" content=\"Written by\" \/>\n\t<meta name=\"twitter:data1\" content=\"@dm1n\" \/>\n\t<meta name=\"twitter:label2\" content=\"Estimated reading time\" \/>\n\t<meta name=\"twitter:data2\" content=\"1 minute\" \/>\n<script type=\"application\/ld+json\" class=\"yoast-schema-graph\">{\"@context\":\"https:\\\/\\\/schema.org\",\"@graph\":[{\"@type\":\"Article\",\"@id\":\"https:\\\/\\\/cdu-kaarst.de\\\/allgemein\\\/cdu-legte-grundstein-fuer-die-ansiedlung-auf-dem-alten-ikea-gelaende\\\/#article\",\"isPartOf\":{\"@id\":\"https:\\\/\\\/cdu-kaarst.de\\\/allgemein\\\/cdu-legte-grundstein-fuer-die-ansiedlung-auf-dem-alten-ikea-gelaende\\\/\"},\"author\":{\"name\":\"@dm1n\",\"@id\":\"https:\\\/\\\/cdu-kaarst.de\\\/#\\\/schema\\\/person\\\/05876a2bd7865609f2946e82cbc73476\"},\"headline\":\"CDU legte Grundstein f\u00fcr die Ansiedlung auf dem alten IKEA-Gel\u00e4nde\",\"datePublished\":\"2024-12-10T09:02:20+00:00\",\"dateModified\":\"2024-12-10T09:02:50+00:00\",\"mainEntityOfPage\":{\"@id\":\"https:\\\/\\\/cdu-kaarst.de\\\/allgemein\\\/cdu-legte-grundstein-fuer-die-ansiedlung-auf-dem-alten-ikea-gelaende\\\/\"},\"wordCount\":160,\"publisher\":{\"@id\":\"https:\\\/\\\/cdu-kaarst.de\\\/#organization\"},\"image\":{\"@id\":\"https:\\\/\\\/cdu-kaarst.de\\\/allgemein\\\/cdu-legte-grundstein-fuer-die-ansiedlung-auf-dem-alten-ikea-gelaende\\\/#primaryimage\"},\"thumbnailUrl\":\"https:\\\/\\\/cdu-kaarst.de\\\/wp-content\\\/uploads\\\/cdu-xiao-grundstein.jpg\",\"articleSection\":[\"Allgemein\"],\"inLanguage\":\"en-GB\"},{\"@type\":\"WebPage\",\"@id\":\"https:\\\/\\\/cdu-kaarst.de\\\/allgemein\\\/cdu-legte-grundstein-fuer-die-ansiedlung-auf-dem-alten-ikea-gelaende\\\/\",\"url\":\"https:\\\/\\\/cdu-kaarst.de\\\/allgemein\\\/cdu-legte-grundstein-fuer-die-ansiedlung-auf-dem-alten-ikea-gelaende\\\/\",\"name\":\"CDU legte Grundstein f\u00fcr XIAO die erste Firma auf dem alten IKEA-Gel\u00e4nde\",\"isPartOf\":{\"@id\":\"https:\\\/\\\/cdu-kaarst.de\\\/#website\"},\"primaryImageOfPage\":{\"@id\":\"https:\\\/\\\/cdu-kaarst.de\\\/allgemein\\\/cdu-legte-grundstein-fuer-die-ansiedlung-auf-dem-alten-ikea-gelaende\\\/#primaryimage\"},\"image\":{\"@id\":\"https:\\\/\\\/cdu-kaarst.de\\\/allgemein\\\/cdu-legte-grundstein-fuer-die-ansiedlung-auf-dem-alten-ikea-gelaende\\\/#primaryimage\"},\"thumbnailUrl\":\"https:\\\/\\\/cdu-kaarst.de\\\/wp-content\\\/uploads\\\/cdu-xiao-grundstein.jpg\",\"datePublished\":\"2024-12-10T09:02:20+00:00\",\"dateModified\":\"2024-12-10T09:02:50+00:00\",\"description\":\"Die CDU freut sich, dass sich mit XIAO jetzt die erste Firma auf dem alten IKEA-Gel\u00e4nde ansiedelt\",\"breadcrumb\":{\"@id\":\"https:\\\/\\\/cdu-kaarst.de\\\/allgemein\\\/cdu-legte-grundstein-fuer-die-ansiedlung-auf-dem-alten-ikea-gelaende\\\/#breadcrumb\"},\"inLanguage\":\"en-GB\",\"potentialAction\":[{\"@type\":\"ReadAction\",\"target\":[\"https:\\\/\\\/cdu-kaarst.de\\\/allgemein\\\/cdu-legte-grundstein-fuer-die-ansiedlung-auf-dem-alten-ikea-gelaende\\\/\"]}]},{\"@type\":\"ImageObject\",\"inLanguage\":\"en-GB\",\"@id\":\"https:\\\/\\\/cdu-kaarst.de\\\/allgemein\\\/cdu-legte-grundstein-fuer-die-ansiedlung-auf-dem-alten-ikea-gelaende\\\/#primaryimage\",\"url\":\"https:\\\/\\\/cdu-kaarst.de\\\/wp-content\\\/uploads\\\/cdu-xiao-grundstein.jpg\",\"contentUrl\":\"https:\\\/\\\/cdu-kaarst.de\\\/wp-content\\\/uploads\\\/cdu-xiao-grundstein.jpg\",\"width\":651,\"height\":652},{\"@type\":\"BreadcrumbList\",\"@id\":\"https:\\\/\\\/cdu-kaarst.de\\\/allgemein\\\/cdu-legte-grundstein-fuer-die-ansiedlung-auf-dem-alten-ikea-gelaende\\\/#breadcrumb\",\"itemListElement\":[{\"@type\":\"ListItem\",\"position\":1,\"name\":\"Startseite\",\"item\":\"https:\\\/\\\/cdu-kaarst.de\\\/\"},{\"@type\":\"ListItem\",\"position\":2,\"name\":\"CDU legte Grundstein f\u00fcr die Ansiedlung auf dem alten IKEA-Gel\u00e4nde\"}]},{\"@type\":\"WebSite\",\"@id\":\"https:\\\/\\\/cdu-kaarst.de\\\/#website\",\"url\":\"https:\\\/\\\/cdu-kaarst.de\\\/\",\"name\":\"CDU Kaarst-B\u00fcttgen\",\"description\":\"gut Leben in Kaarst\",\"publisher\":{\"@id\":\"https:\\\/\\\/cdu-kaarst.de\\\/#organization\"},\"potentialAction\":[{\"@type\":\"SearchAction\",\"target\":{\"@type\":\"EntryPoint\",\"urlTemplate\":\"https:\\\/\\\/cdu-kaarst.de\\\/?s={search_term_string}\"},\"query-input\":{\"@type\":\"PropertyValueSpecification\",\"valueRequired\":true,\"valueName\":\"search_term_string\"}}],\"inLanguage\":\"en-GB\"},{\"@type\":\"Organization\",\"@id\":\"https:\\\/\\\/cdu-kaarst.de\\\/#organization\",\"name\":\"CDU Kaarst-B\u00fcttgen\",\"url\":\"https:\\\/\\\/cdu-kaarst.de\\\/\",\"logo\":{\"@type\":\"ImageObject\",\"inLanguage\":\"en-GB\",\"@id\":\"https:\\\/\\\/cdu-kaarst.de\\\/#\\\/schema\\\/logo\\\/image\\\/\",\"url\":\"https:\\\/\\\/cdu-kaarst.de\\\/wp-content\\\/uploads\\\/cdu-gesamtlogo.png\",\"contentUrl\":\"https:\\\/\\\/cdu-kaarst.de\\\/wp-content\\\/uploads\\\/cdu-gesamtlogo.png\",\"width\":418,\"height\":120,\"caption\":\"CDU Kaarst-B\u00fcttgen\"},\"image\":{\"@id\":\"https:\\\/\\\/cdu-kaarst.de\\\/#\\\/schema\\\/logo\\\/image\\\/\"}},{\"@type\":\"Person\",\"@id\":\"https:\\\/\\\/cdu-kaarst.de\\\/#\\\/schema\\\/person\\\/05876a2bd7865609f2946e82cbc73476\",\"name\":\"@dm1n\",\"sameAs\":[\"http:\\\/\\\/cdu-kaarst.de\"]}]}<\/script>\n<!-- \/ Yoast SEO plugin. -->","yoast_head_json":{"title":"CDU lays foundation stone for XIAO the first company on the old IKEA site","description":"The CDU is delighted that XIAO is now the first company to settle on the old IKEA site","robots":{"index":"index","follow":"follow","max-snippet":"max-snippet:-1","max-image-preview":"max-image-preview:large","max-video-preview":"max-video-preview:-1"},"canonical":"https:\/\/cdu-kaarst.de\/en\/allgemein\/cdu-legte-grundstein-fuer-die-ansiedlung-auf-dem-alten-ikea-gelaende\/","og_locale":"en_GB","og_type":"article","og_title":"CDU legte Grundstein f\u00fcr XIAO die erste Firma auf dem alten IKEA-Gel\u00e4nde","og_description":"Die CDU freut sich, dass sich mit XIAO jetzt die erste Firma auf dem alten IKEA-Gel\u00e4nde ansiedelt","og_url":"https:\/\/cdu-kaarst.de\/en\/allgemein\/cdu-legte-grundstein-fuer-die-ansiedlung-auf-dem-alten-ikea-gelaende\/","og_site_name":"CDU Kaarst-B\u00fcttgen","article_published_time":"2024-12-10T09:02:20+00:00","article_modified_time":"2024-12-10T09:02:50+00:00","og_image":[{"width":651,"height":652,"url":"https:\/\/cdu-kaarst.de\/wp-content\/uploads\/cdu-xiao-grundstein.jpg","type":"image\/jpeg"}],"author":"@dm1n","twitter_card":"summary_large_image","twitter_misc":{"Written by":"@dm1n","Estimated reading time":"1 minute"},"schema":{"@context":"https:\/\/schema.org","@graph":[{"@type":"Article","@id":"https:\/\/cdu-kaarst.de\/allgemein\/cdu-legte-grundstein-fuer-die-ansiedlung-auf-dem-alten-ikea-gelaende\/#article","isPartOf":{"@id":"https:\/\/cdu-kaarst.de\/allgemein\/cdu-legte-grundstein-fuer-die-ansiedlung-auf-dem-alten-ikea-gelaende\/"},"author":{"name":"@dm1n","@id":"https:\/\/cdu-kaarst.de\/#\/schema\/person\/05876a2bd7865609f2946e82cbc73476"},"headline":"CDU legte Grundstein f\u00fcr die Ansiedlung auf dem alten IKEA-Gel\u00e4nde","datePublished":"2024-12-10T09:02:20+00:00","dateModified":"2024-12-10T09:02:50+00:00","mainEntityOfPage":{"@id":"https:\/\/cdu-kaarst.de\/allgemein\/cdu-legte-grundstein-fuer-die-ansiedlung-auf-dem-alten-ikea-gelaende\/"},"wordCount":160,"publisher":{"@id":"https:\/\/cdu-kaarst.de\/#organization"},"image":{"@id":"https:\/\/cdu-kaarst.de\/allgemein\/cdu-legte-grundstein-fuer-die-ansiedlung-auf-dem-alten-ikea-gelaende\/#primaryimage"},"thumbnailUrl":"https:\/\/cdu-kaarst.de\/wp-content\/uploads\/cdu-xiao-grundstein.jpg","articleSection":["Allgemein"],"inLanguage":"en-GB"},{"@type":"WebPage","@id":"https:\/\/cdu-kaarst.de\/allgemein\/cdu-legte-grundstein-fuer-die-ansiedlung-auf-dem-alten-ikea-gelaende\/","url":"https:\/\/cdu-kaarst.de\/allgemein\/cdu-legte-grundstein-fuer-die-ansiedlung-auf-dem-alten-ikea-gelaende\/","name":"CDU lays foundation stone for XIAO the first company on the old IKEA site","isPartOf":{"@id":"https:\/\/cdu-kaarst.de\/#website"},"primaryImageOfPage":{"@id":"https:\/\/cdu-kaarst.de\/allgemein\/cdu-legte-grundstein-fuer-die-ansiedlung-auf-dem-alten-ikea-gelaende\/#primaryimage"},"image":{"@id":"https:\/\/cdu-kaarst.de\/allgemein\/cdu-legte-grundstein-fuer-die-ansiedlung-auf-dem-alten-ikea-gelaende\/#primaryimage"},"thumbnailUrl":"https:\/\/cdu-kaarst.de\/wp-content\/uploads\/cdu-xiao-grundstein.jpg","datePublished":"2024-12-10T09:02:20+00:00","dateModified":"2024-12-10T09:02:50+00:00","description":"The CDU is delighted that XIAO is now the first company to settle on the old IKEA site","breadcrumb":{"@id":"https:\/\/cdu-kaarst.de\/allgemein\/cdu-legte-grundstein-fuer-die-ansiedlung-auf-dem-alten-ikea-gelaende\/#breadcrumb"},"inLanguage":"en-GB","potentialAction":[{"@type":"ReadAction","target":["https:\/\/cdu-kaarst.de\/allgemein\/cdu-legte-grundstein-fuer-die-ansiedlung-auf-dem-alten-ikea-gelaende\/"]}]},{"@type":"ImageObject","inLanguage":"en-GB","@id":"https:\/\/cdu-kaarst.de\/allgemein\/cdu-legte-grundstein-fuer-die-ansiedlung-auf-dem-alten-ikea-gelaende\/#primaryimage","url":"https:\/\/cdu-kaarst.de\/wp-content\/uploads\/cdu-xiao-grundstein.jpg","contentUrl":"https:\/\/cdu-kaarst.de\/wp-content\/uploads\/cdu-xiao-grundstein.jpg","width":651,"height":652},{"@type":"BreadcrumbList","@id":"https:\/\/cdu-kaarst.de\/allgemein\/cdu-legte-grundstein-fuer-die-ansiedlung-auf-dem-alten-ikea-gelaende\/#breadcrumb","itemListElement":[{"@type":"ListItem","position":1,"name":"Startseite","item":"https:\/\/cdu-kaarst.de\/"},{"@type":"ListItem","position":2,"name":"CDU legte Grundstein f\u00fcr die Ansiedlung auf dem alten IKEA-Gel\u00e4nde"}]},{"@type":"WebSite","@id":"https:\/\/cdu-kaarst.de\/#website","url":"https:\/\/cdu-kaarst.de\/","name":"CDU Kaarst-B\u00fcttgen","description":"living well in Kaarst","publisher":{"@id":"https:\/\/cdu-kaarst.de\/#organization"},"potentialAction":[{"@type":"SearchAction","target":{"@type":"EntryPoint","urlTemplate":"https:\/\/cdu-kaarst.de\/?s={search_term_string}"},"query-input":{"@type":"PropertyValueSpecification","valueRequired":true,"valueName":"search_term_string"}}],"inLanguage":"en-GB"},{"@type":"Organization","@id":"https:\/\/cdu-kaarst.de\/#organization","name":"CDU Kaarst-B\u00fcttgen","url":"https:\/\/cdu-kaarst.de\/","logo":{"@type":"ImageObject","inLanguage":"en-GB","@id":"https:\/\/cdu-kaarst.de\/#\/schema\/logo\/image\/","url":"https:\/\/cdu-kaarst.de\/wp-content\/uploads\/cdu-gesamtlogo.png","contentUrl":"https:\/\/cdu-kaarst.de\/wp-content\/uploads\/cdu-gesamtlogo.png","width":418,"height":120,"caption":"CDU Kaarst-B\u00fcttgen"},"image":{"@id":"https:\/\/cdu-kaarst.de\/#\/schema\/logo\/image\/"}},{"@type":"Person","@id":"https:\/\/cdu-kaarst.de\/#\/schema\/person\/05876a2bd7865609f2946e82cbc73476","name":"@dm1n","sameAs":["http:\/\/cdu-kaarst.de"]}]}},"_links":{"self":[{"href":"https:\/\/cdu-kaarst.de\/en\/wp-json\/wp\/v2\/posts\/5454","targetHints":{"allow":["GET"]}}],"collection":[{"href":"https:\/\/cdu-kaarst.de\/en\/wp-json\/wp\/v2\/posts"}],"about":[{"href":"https:\/\/cdu-kaarst.de\/en\/wp-json\/wp\/v2\/types\/post"}],"author":[{"embeddable":true,"href":"https:\/\/cdu-kaarst.de\/en\/wp-json\/wp\/v2\/users\/1"}],"replies":[{"embeddable":true,"href":"https:\/\/cdu-kaarst.de\/en\/wp-json\/wp\/v2\/comments?post=5454"}],"version-history":[{"count":1,"href":"https:\/\/cdu-kaarst.de\/en\/wp-json\/wp\/v2\/posts\/5454\/revisions"}],"predecessor-version":[{"id":5456,"href":"https:\/\/cdu-kaarst.de\/en\/wp-json\/wp\/v2\/posts\/5454\/revisions\/5456"}],"wp:featuredmedia":[{"embeddable":true,"href":"https:\/\/cdu-kaarst.de\/en\/wp-json\/wp\/v2\/media\/5455"}],"wp:attachment":[{"href":"https:\/\/cdu-kaarst.de\/en\/wp-json\/wp\/v2\/media?parent=5454"}],"wp:term":[{"taxonomy":"category","embeddable":true,"href":"https:\/\/cdu-kaarst.de\/en\/wp-json\/wp\/v2\/categories?post=5454"},{"taxonomy":"post_tag","embeddable":true,"href":"https:\/\/cdu-kaarst.de\/en\/wp-json\/wp\/v2\/tags?post=5454"}],"curies":[{"name":"wp","href":"https:\/\/api.w.org\/{rel}","templated":true}]}}