{"id":5462,"date":"2024-12-10T09:23:27","date_gmt":"2024-12-10T08:23:27","guid":{"rendered":"https:\/\/cdu-kaarst.de\/?p=5462"},"modified":"2025-01-06T13:31:36","modified_gmt":"2025-01-06T12:31:36","slug":"aufstellungsversammlung-zur-kommunalwahl","status":"publish","type":"post","link":"https:\/\/cdu-kaarst.de\/en\/allgemein\/aufstellungsversammlung-zur-kommunalwahl\/","title":{"rendered":"Constituent assembly for the local elections"},"content":{"rendered":"<p>On 9 December 2024, the CDU Kaarst-B\u00fcttgen elected its candidates for the 2025 local elections. Around 200 members and guests, including 180 members with voting rights, attended the nomination meeting. The mood was very good and there were exciting discussions in a constructive atmosphere. We are delighted with the successful election of our team for the 2025 local elections.<\/p>","protected":false},"excerpt":{"rendered":"<p>On 9 December 2024, the CDU Kaarst-B\u00fcttgen elected its candidates for the 2025 local elections. Around 200 members and guests, including 180 members with voting rights, attended the nomination meeting. The mood was very good and there were exciting discussions in a constructive atmosphere. We are delighted with the successful election of our team for the 2025 local elections.<\/p>","protected":false},"author":1,"featured_media":5736,"comment_status":"closed","ping_status":"closed","sticky":false,"template":"","format":"standard","meta":{"footnotes":""},"categories":[1],"tags":[],"class_list":["post-5462","post","type-post","status-publish","format-standard","has-post-thumbnail","hentry","category-allgemein"],"yoast_head":"<!-- This site is optimized with the Yoast SEO plugin v27.4 - https:\/\/yoast.com\/product\/yoast-seo-wordpress\/ -->\n<title>Aufstellungsversammlung zur Kommunalwahl - CDU Kaarst-B\u00fcttgen<\/title>\n<meta name=\"robots\" content=\"index, follow, max-snippet:-1, max-image-preview:large, max-video-preview:-1\" \/>\n<link rel=\"canonical\" href=\"https:\/\/cdu-kaarst.de\/en\/allgemein\/aufstellungsversammlung-zur-kommunalwahl\/\" \/>\n<meta property=\"og:locale\" content=\"en_GB\" \/>\n<meta property=\"og:type\" content=\"article\" \/>\n<meta property=\"og:title\" content=\"Aufstellungsversammlung zur Kommunalwahl - CDU Kaarst-B\u00fcttgen\" \/>\n<meta property=\"og:description\" content=\"Am 9. Dezember 2024 hat die CDU Kaarst-B\u00fcttgen ihre Kandidaten f\u00fcr die Kommunalwahl 2025 gew\u00e4hlt. Zur Aufstellungsversammlung kamen rund 200 Mitglieder und G\u00e4ste, darunter 180 stimmberechtigte Mitglieder. Die Stimmung war sehr gut und es gab spannende Diskussionen in konstruktiver Atmosph\u00e4re. Wir freuen uns \u00fcber die erfolgreichen Wahlen unseres Teams f\u00fcr die Kommunalwahl 2025.\" \/>\n<meta property=\"og:url\" content=\"https:\/\/cdu-kaarst.de\/en\/allgemein\/aufstellungsversammlung-zur-kommunalwahl\/\" \/>\n<meta property=\"og:site_name\" content=\"CDU Kaarst-B\u00fcttgen\" \/>\n<meta property=\"article:published_time\" content=\"2024-12-10T08:23:27+00:00\" \/>\n<meta property=\"article:modified_time\" content=\"2025-01-06T12:31:36+00:00\" \/>\n<meta property=\"og:image\" content=\"https:\/\/cdu-kaarst.de\/wp-content\/uploads\/cdu-kaarst-aufstellung-kommunalwahl-1.jpg\" \/>\n\t<meta property=\"og:image:width\" content=\"1080\" \/>\n\t<meta property=\"og:image:height\" content=\"1080\" \/>\n\t<meta property=\"og:image:type\" content=\"image\/jpeg\" \/>\n<meta name=\"author\" content=\"@dm1n\" \/>\n<meta name=\"twitter:card\" content=\"summary_large_image\" \/>\n<meta name=\"twitter:label1\" content=\"Written by\" \/>\n\t<meta name=\"twitter:data1\" content=\"@dm1n\" \/>\n\t<meta name=\"twitter:label2\" content=\"Estimated reading time\" \/>\n\t<meta name=\"twitter:data2\" content=\"1 minute\" \/>\n<script type=\"application\/ld+json\" class=\"yoast-schema-graph\">{\"@context\":\"https:\\\/\\\/schema.org\",\"@graph\":[{\"@type\":\"Article\",\"@id\":\"https:\\\/\\\/cdu-kaarst.de\\\/allgemein\\\/aufstellungsversammlung-zur-kommunalwahl\\\/#article\",\"isPartOf\":{\"@id\":\"https:\\\/\\\/cdu-kaarst.de\\\/allgemein\\\/aufstellungsversammlung-zur-kommunalwahl\\\/\"},\"author\":{\"name\":\"@dm1n\",\"@id\":\"https:\\\/\\\/cdu-kaarst.de\\\/#\\\/schema\\\/person\\\/05876a2bd7865609f2946e82cbc73476\"},\"headline\":\"Aufstellungsversammlung zur Kommunalwahl\",\"datePublished\":\"2024-12-10T08:23:27+00:00\",\"dateModified\":\"2025-01-06T12:31:36+00:00\",\"mainEntityOfPage\":{\"@id\":\"https:\\\/\\\/cdu-kaarst.de\\\/allgemein\\\/aufstellungsversammlung-zur-kommunalwahl\\\/\"},\"wordCount\":56,\"publisher\":{\"@id\":\"https:\\\/\\\/cdu-kaarst.de\\\/#organization\"},\"image\":{\"@id\":\"https:\\\/\\\/cdu-kaarst.de\\\/allgemein\\\/aufstellungsversammlung-zur-kommunalwahl\\\/#primaryimage\"},\"thumbnailUrl\":\"https:\\\/\\\/cdu-kaarst.de\\\/wp-content\\\/uploads\\\/cdu-kaarst-aufstellung-kommunalwahl-1.jpg\",\"articleSection\":[\"Allgemein\"],\"inLanguage\":\"en-GB\"},{\"@type\":\"WebPage\",\"@id\":\"https:\\\/\\\/cdu-kaarst.de\\\/allgemein\\\/aufstellungsversammlung-zur-kommunalwahl\\\/\",\"url\":\"https:\\\/\\\/cdu-kaarst.de\\\/allgemein\\\/aufstellungsversammlung-zur-kommunalwahl\\\/\",\"name\":\"Aufstellungsversammlung zur Kommunalwahl - CDU Kaarst-B\u00fcttgen\",\"isPartOf\":{\"@id\":\"https:\\\/\\\/cdu-kaarst.de\\\/#website\"},\"primaryImageOfPage\":{\"@id\":\"https:\\\/\\\/cdu-kaarst.de\\\/allgemein\\\/aufstellungsversammlung-zur-kommunalwahl\\\/#primaryimage\"},\"image\":{\"@id\":\"https:\\\/\\\/cdu-kaarst.de\\\/allgemein\\\/aufstellungsversammlung-zur-kommunalwahl\\\/#primaryimage\"},\"thumbnailUrl\":\"https:\\\/\\\/cdu-kaarst.de\\\/wp-content\\\/uploads\\\/cdu-kaarst-aufstellung-kommunalwahl-1.jpg\",\"datePublished\":\"2024-12-10T08:23:27+00:00\",\"dateModified\":\"2025-01-06T12:31:36+00:00\",\"breadcrumb\":{\"@id\":\"https:\\\/\\\/cdu-kaarst.de\\\/allgemein\\\/aufstellungsversammlung-zur-kommunalwahl\\\/#breadcrumb\"},\"inLanguage\":\"en-GB\",\"potentialAction\":[{\"@type\":\"ReadAction\",\"target\":[\"https:\\\/\\\/cdu-kaarst.de\\\/allgemein\\\/aufstellungsversammlung-zur-kommunalwahl\\\/\"]}]},{\"@type\":\"ImageObject\",\"inLanguage\":\"en-GB\",\"@id\":\"https:\\\/\\\/cdu-kaarst.de\\\/allgemein\\\/aufstellungsversammlung-zur-kommunalwahl\\\/#primaryimage\",\"url\":\"https:\\\/\\\/cdu-kaarst.de\\\/wp-content\\\/uploads\\\/cdu-kaarst-aufstellung-kommunalwahl-1.jpg\",\"contentUrl\":\"https:\\\/\\\/cdu-kaarst.de\\\/wp-content\\\/uploads\\\/cdu-kaarst-aufstellung-kommunalwahl-1.jpg\",\"width\":1080,\"height\":1080},{\"@type\":\"BreadcrumbList\",\"@id\":\"https:\\\/\\\/cdu-kaarst.de\\\/allgemein\\\/aufstellungsversammlung-zur-kommunalwahl\\\/#breadcrumb\",\"itemListElement\":[{\"@type\":\"ListItem\",\"position\":1,\"name\":\"Startseite\",\"item\":\"https:\\\/\\\/cdu-kaarst.de\\\/\"},{\"@type\":\"ListItem\",\"position\":2,\"name\":\"Aufstellungsversammlung zur Kommunalwahl\"}]},{\"@type\":\"WebSite\",\"@id\":\"https:\\\/\\\/cdu-kaarst.de\\\/#website\",\"url\":\"https:\\\/\\\/cdu-kaarst.de\\\/\",\"name\":\"CDU Kaarst-B\u00fcttgen\",\"description\":\"gut Leben in Kaarst\",\"publisher\":{\"@id\":\"https:\\\/\\\/cdu-kaarst.de\\\/#organization\"},\"potentialAction\":[{\"@type\":\"SearchAction\",\"target\":{\"@type\":\"EntryPoint\",\"urlTemplate\":\"https:\\\/\\\/cdu-kaarst.de\\\/?s={search_term_string}\"},\"query-input\":{\"@type\":\"PropertyValueSpecification\",\"valueRequired\":true,\"valueName\":\"search_term_string\"}}],\"inLanguage\":\"en-GB\"},{\"@type\":\"Organization\",\"@id\":\"https:\\\/\\\/cdu-kaarst.de\\\/#organization\",\"name\":\"CDU Kaarst-B\u00fcttgen\",\"url\":\"https:\\\/\\\/cdu-kaarst.de\\\/\",\"logo\":{\"@type\":\"ImageObject\",\"inLanguage\":\"en-GB\",\"@id\":\"https:\\\/\\\/cdu-kaarst.de\\\/#\\\/schema\\\/logo\\\/image\\\/\",\"url\":\"https:\\\/\\\/cdu-kaarst.de\\\/wp-content\\\/uploads\\\/cdu-gesamtlogo.png\",\"contentUrl\":\"https:\\\/\\\/cdu-kaarst.de\\\/wp-content\\\/uploads\\\/cdu-gesamtlogo.png\",\"width\":418,\"height\":120,\"caption\":\"CDU Kaarst-B\u00fcttgen\"},\"image\":{\"@id\":\"https:\\\/\\\/cdu-kaarst.de\\\/#\\\/schema\\\/logo\\\/image\\\/\"}},{\"@type\":\"Person\",\"@id\":\"https:\\\/\\\/cdu-kaarst.de\\\/#\\\/schema\\\/person\\\/05876a2bd7865609f2946e82cbc73476\",\"name\":\"@dm1n\",\"sameAs\":[\"http:\\\/\\\/cdu-kaarst.de\"]}]}<\/script>\n<!-- \/ Yoast SEO plugin. -->","yoast_head_json":{"title":"Aufstellungsversammlung zur Kommunalwahl - CDU Kaarst-B\u00fcttgen","robots":{"index":"index","follow":"follow","max-snippet":"max-snippet:-1","max-image-preview":"max-image-preview:large","max-video-preview":"max-video-preview:-1"},"canonical":"https:\/\/cdu-kaarst.de\/en\/allgemein\/aufstellungsversammlung-zur-kommunalwahl\/","og_locale":"en_GB","og_type":"article","og_title":"Aufstellungsversammlung zur Kommunalwahl - CDU Kaarst-B\u00fcttgen","og_description":"Am 9. Dezember 2024 hat die CDU Kaarst-B\u00fcttgen ihre Kandidaten f\u00fcr die Kommunalwahl 2025 gew\u00e4hlt. Zur Aufstellungsversammlung kamen rund 200 Mitglieder und G\u00e4ste, darunter 180 stimmberechtigte Mitglieder. Die Stimmung war sehr gut und es gab spannende Diskussionen in konstruktiver Atmosph\u00e4re. Wir freuen uns \u00fcber die erfolgreichen Wahlen unseres Teams f\u00fcr die Kommunalwahl 2025.","og_url":"https:\/\/cdu-kaarst.de\/en\/allgemein\/aufstellungsversammlung-zur-kommunalwahl\/","og_site_name":"CDU Kaarst-B\u00fcttgen","article_published_time":"2024-12-10T08:23:27+00:00","article_modified_time":"2025-01-06T12:31:36+00:00","og_image":[{"width":1080,"height":1080,"url":"https:\/\/cdu-kaarst.de\/wp-content\/uploads\/cdu-kaarst-aufstellung-kommunalwahl-1.jpg","type":"image\/jpeg"}],"author":"@dm1n","twitter_card":"summary_large_image","twitter_misc":{"Written by":"@dm1n","Estimated reading time":"1 minute"},"schema":{"@context":"https:\/\/schema.org","@graph":[{"@type":"Article","@id":"https:\/\/cdu-kaarst.de\/allgemein\/aufstellungsversammlung-zur-kommunalwahl\/#article","isPartOf":{"@id":"https:\/\/cdu-kaarst.de\/allgemein\/aufstellungsversammlung-zur-kommunalwahl\/"},"author":{"name":"@dm1n","@id":"https:\/\/cdu-kaarst.de\/#\/schema\/person\/05876a2bd7865609f2946e82cbc73476"},"headline":"Aufstellungsversammlung zur Kommunalwahl","datePublished":"2024-12-10T08:23:27+00:00","dateModified":"2025-01-06T12:31:36+00:00","mainEntityOfPage":{"@id":"https:\/\/cdu-kaarst.de\/allgemein\/aufstellungsversammlung-zur-kommunalwahl\/"},"wordCount":56,"publisher":{"@id":"https:\/\/cdu-kaarst.de\/#organization"},"image":{"@id":"https:\/\/cdu-kaarst.de\/allgemein\/aufstellungsversammlung-zur-kommunalwahl\/#primaryimage"},"thumbnailUrl":"https:\/\/cdu-kaarst.de\/wp-content\/uploads\/cdu-kaarst-aufstellung-kommunalwahl-1.jpg","articleSection":["Allgemein"],"inLanguage":"en-GB"},{"@type":"WebPage","@id":"https:\/\/cdu-kaarst.de\/allgemein\/aufstellungsversammlung-zur-kommunalwahl\/","url":"https:\/\/cdu-kaarst.de\/allgemein\/aufstellungsversammlung-zur-kommunalwahl\/","name":"Aufstellungsversammlung zur Kommunalwahl - CDU Kaarst-B\u00fcttgen","isPartOf":{"@id":"https:\/\/cdu-kaarst.de\/#website"},"primaryImageOfPage":{"@id":"https:\/\/cdu-kaarst.de\/allgemein\/aufstellungsversammlung-zur-kommunalwahl\/#primaryimage"},"image":{"@id":"https:\/\/cdu-kaarst.de\/allgemein\/aufstellungsversammlung-zur-kommunalwahl\/#primaryimage"},"thumbnailUrl":"https:\/\/cdu-kaarst.de\/wp-content\/uploads\/cdu-kaarst-aufstellung-kommunalwahl-1.jpg","datePublished":"2024-12-10T08:23:27+00:00","dateModified":"2025-01-06T12:31:36+00:00","breadcrumb":{"@id":"https:\/\/cdu-kaarst.de\/allgemein\/aufstellungsversammlung-zur-kommunalwahl\/#breadcrumb"},"inLanguage":"en-GB","potentialAction":[{"@type":"ReadAction","target":["https:\/\/cdu-kaarst.de\/allgemein\/aufstellungsversammlung-zur-kommunalwahl\/"]}]},{"@type":"ImageObject","inLanguage":"en-GB","@id":"https:\/\/cdu-kaarst.de\/allgemein\/aufstellungsversammlung-zur-kommunalwahl\/#primaryimage","url":"https:\/\/cdu-kaarst.de\/wp-content\/uploads\/cdu-kaarst-aufstellung-kommunalwahl-1.jpg","contentUrl":"https:\/\/cdu-kaarst.de\/wp-content\/uploads\/cdu-kaarst-aufstellung-kommunalwahl-1.jpg","width":1080,"height":1080},{"@type":"BreadcrumbList","@id":"https:\/\/cdu-kaarst.de\/allgemein\/aufstellungsversammlung-zur-kommunalwahl\/#breadcrumb","itemListElement":[{"@type":"ListItem","position":1,"name":"Startseite","item":"https:\/\/cdu-kaarst.de\/"},{"@type":"ListItem","position":2,"name":"Aufstellungsversammlung zur Kommunalwahl"}]},{"@type":"WebSite","@id":"https:\/\/cdu-kaarst.de\/#website","url":"https:\/\/cdu-kaarst.de\/","name":"CDU Kaarst-B\u00fcttgen","description":"living well in Kaarst","publisher":{"@id":"https:\/\/cdu-kaarst.de\/#organization"},"potentialAction":[{"@type":"SearchAction","target":{"@type":"EntryPoint","urlTemplate":"https:\/\/cdu-kaarst.de\/?s={search_term_string}"},"query-input":{"@type":"PropertyValueSpecification","valueRequired":true,"valueName":"search_term_string"}}],"inLanguage":"en-GB"},{"@type":"Organization","@id":"https:\/\/cdu-kaarst.de\/#organization","name":"CDU Kaarst-B\u00fcttgen","url":"https:\/\/cdu-kaarst.de\/","logo":{"@type":"ImageObject","inLanguage":"en-GB","@id":"https:\/\/cdu-kaarst.de\/#\/schema\/logo\/image\/","url":"https:\/\/cdu-kaarst.de\/wp-content\/uploads\/cdu-gesamtlogo.png","contentUrl":"https:\/\/cdu-kaarst.de\/wp-content\/uploads\/cdu-gesamtlogo.png","width":418,"height":120,"caption":"CDU Kaarst-B\u00fcttgen"},"image":{"@id":"https:\/\/cdu-kaarst.de\/#\/schema\/logo\/image\/"}},{"@type":"Person","@id":"https:\/\/cdu-kaarst.de\/#\/schema\/person\/05876a2bd7865609f2946e82cbc73476","name":"@dm1n","sameAs":["http:\/\/cdu-kaarst.de"]}]}},"_links":{"self":[{"href":"https:\/\/cdu-kaarst.de\/en\/wp-json\/wp\/v2\/posts\/5462","targetHints":{"allow":["GET"]}}],"collection":[{"href":"https:\/\/cdu-kaarst.de\/en\/wp-json\/wp\/v2\/posts"}],"about":[{"href":"https:\/\/cdu-kaarst.de\/en\/wp-json\/wp\/v2\/types\/post"}],"author":[{"embeddable":true,"href":"https:\/\/cdu-kaarst.de\/en\/wp-json\/wp\/v2\/users\/1"}],"replies":[{"embeddable":true,"href":"https:\/\/cdu-kaarst.de\/en\/wp-json\/wp\/v2\/comments?post=5462"}],"version-history":[{"count":2,"href":"https:\/\/cdu-kaarst.de\/en\/wp-json\/wp\/v2\/posts\/5462\/revisions"}],"predecessor-version":[{"id":5465,"href":"https:\/\/cdu-kaarst.de\/en\/wp-json\/wp\/v2\/posts\/5462\/revisions\/5465"}],"wp:featuredmedia":[{"embeddable":true,"href":"https:\/\/cdu-kaarst.de\/en\/wp-json\/wp\/v2\/media\/5736"}],"wp:attachment":[{"href":"https:\/\/cdu-kaarst.de\/en\/wp-json\/wp\/v2\/media?parent=5462"}],"wp:term":[{"taxonomy":"category","embeddable":true,"href":"https:\/\/cdu-kaarst.de\/en\/wp-json\/wp\/v2\/categories?post=5462"},{"taxonomy":"post_tag","embeddable":true,"href":"https:\/\/cdu-kaarst.de\/en\/wp-json\/wp\/v2\/tags?post=5462"}],"curies":[{"name":"wp","href":"https:\/\/api.w.org\/{rel}","templated":true}]}}