{"id":5557,"date":"2024-12-19T12:33:29","date_gmt":"2024-12-19T11:33:29","guid":{"rendered":"https:\/\/cdu-kaarst.de\/?p=5557"},"modified":"2024-12-19T12:33:29","modified_gmt":"2024-12-19T11:33:29","slug":"mitgliederversammlung-mit-vorstandsneuwahlen-und-weihnachtsfeier","status":"publish","type":"post","link":"https:\/\/cdu-kaarst.de\/en\/allgemein\/mitgliederversammlung-mit-vorstandsneuwahlen-und-weihnachtsfeier\/","title":{"rendered":"General meeting with new board elections and Christmas party"},"content":{"rendered":"<div data-elementor-type=\"wp-post\" data-elementor-id=\"5557\" class=\"elementor elementor-5557\" data-elementor-post-type=\"post\">\n\t\t\t\t\t\t<section class=\"elementor-section elementor-top-section elementor-element elementor-element-e600048 elementor-section-boxed elementor-section-height-default elementor-section-height-default\" data-id=\"e600048\" data-element_type=\"section\" data-e-type=\"section\" data-settings=\"{&quot;jet_parallax_layout_list&quot;:[]}\">\n\t\t\t\t\t\t<div class=\"elementor-container elementor-column-gap-default\">\n\t\t\t\t\t<div class=\"elementor-column elementor-col-100 elementor-top-column elementor-element elementor-element-2fdc430\" data-id=\"2fdc430\" data-element_type=\"column\" data-e-type=\"column\">\n\t\t\t<div class=\"elementor-widget-wrap elementor-element-populated\">\n\t\t\t\t\t\t<div class=\"elementor-element elementor-element-39bb71e elementor-widget elementor-widget-text-editor\" data-id=\"39bb71e\" data-element_type=\"widget\" data-e-type=\"widget\" data-widget_type=\"text-editor.default\">\n\t\t\t\t<div class=\"elementor-widget-container\">\n\t\t\t\t\t\t\t\t\t<p>The new Executive Board was elected in a festive atmosphere on 18.12.24.<\/p><p>Mayoral candidate Christian Horn-Heinemann chaired the meeting.<\/p><p>Congratulations to all those elected:<\/p><ul><li>Angelika Zeller\u00f6hr was confirmed as Chairwoman and Membership Officer.<\/li><li>Alexander Witte will remain in office as Deputy Chairman and Secretary.<\/li><li>Gabi Brumann, Elke Ladeck, Inge Jackisch and Dietmar Neumann were elected as assessors.<\/li><\/ul><p>We wish all Board members every success in their tasks - together we are shaping a strong and sustainable Kaarst!<\/p>\t\t\t\t\t\t\t\t<\/div>\n\t\t\t\t<\/div>\n\t\t\t\t\t<\/div>\n\t\t<\/div>\n\t\t\t\t\t<\/div>\n\t\t<\/section>\n\t\t\t\t<section class=\"elementor-section elementor-top-section elementor-element elementor-element-b8d3db7 elementor-section-boxed elementor-section-height-default elementor-section-height-default\" data-id=\"b8d3db7\" data-element_type=\"section\" data-e-type=\"section\" data-settings=\"{&quot;jet_parallax_layout_list&quot;:[]}\">\n\t\t\t\t\t\t<div class=\"elementor-container elementor-column-gap-default\">\n\t\t\t\t\t<div class=\"elementor-column elementor-col-100 elementor-top-column elementor-element elementor-element-0ce6cdf\" data-id=\"0ce6cdf\" data-element_type=\"column\" data-e-type=\"column\">\n\t\t\t<div class=\"elementor-widget-wrap elementor-element-populated\">\n\t\t\t\t\t\t<div class=\"elementor-element elementor-element-e9df99c elementor-widget elementor-widget-image\" data-id=\"e9df99c\" data-element_type=\"widget\" data-e-type=\"widget\" data-widget_type=\"image.default\">\n\t\t\t\t<div class=\"elementor-widget-container\">\n\t\t\t\t\t\t\t\t\t\t\t\t\t\t\t<img fetchpriority=\"high\" decoding=\"async\" width=\"800\" height=\"800\" src=\"https:\/\/cdu-kaarst.de\/wp-content\/uploads\/2-7-1024x1024.jpg\" class=\"attachment-large size-large wp-image-5568\" alt=\"\" srcset=\"https:\/\/cdu-kaarst.de\/wp-content\/uploads\/2-7-1024x1024.jpg 1024w, https:\/\/cdu-kaarst.de\/wp-content\/uploads\/2-7-300x300.jpg 300w, https:\/\/cdu-kaarst.de\/wp-content\/uploads\/2-7-150x150.jpg 150w, https:\/\/cdu-kaarst.de\/wp-content\/uploads\/2-7-768x768.jpg 768w, https:\/\/cdu-kaarst.de\/wp-content\/uploads\/2-7-12x12.jpg 12w, https:\/\/cdu-kaarst.de\/wp-content\/uploads\/2-7.jpg 1080w\" sizes=\"(max-width: 800px) 100vw, 800px\" \/>\t\t\t\t\t\t\t\t\t\t\t\t\t\t\t<\/div>\n\t\t\t\t<\/div>\n\t\t\t\t\t<\/div>\n\t\t<\/div>\n\t\t\t\t\t<\/div>\n\t\t<\/section>\n\t\t\t\t<\/div>","protected":false},"excerpt":{"rendered":"<p>In weihnachtlicher Atmosph\u00e4re wurde am 18.12.24 der neue Vorstand gew\u00e4hlt. B\u00fcrgermeisterkandidat Christian Horn-Heinemann f\u00fchrte als Versammlungsleiter durch die Sitzung. Herzliche Gl\u00fcckw\u00fcnsche an alle Gew\u00e4hlten: Angelika Zeller\u00f6hr wurde als Vorsitzende und Mitgliederbeauftragte best\u00e4tigt. Alexander Witte wird als stellvertretender Vorsitzender und Schriftf\u00fchrer im Amt sein. Gabi Brumann, Elke Ladeck, Inge Jackisch und Dietmar Neumann wurden als Beisitzer [&hellip;]<\/p>\n","protected":false},"author":1,"featured_media":5559,"comment_status":"closed","ping_status":"closed","sticky":false,"template":"","format":"standard","meta":{"footnotes":""},"categories":[1],"tags":[],"class_list":["post-5557","post","type-post","status-publish","format-standard","has-post-thumbnail","hentry","category-allgemein"],"yoast_head":"<!-- This site is optimized with the Yoast SEO plugin v27.4 - https:\/\/yoast.com\/product\/yoast-seo-wordpress\/ -->\n<title>Mitgliederversammlung mit Vorstandsneuwahlen und Weihnachtsfeier - CDU Kaarst-B\u00fcttgen<\/title>\n<meta name=\"robots\" content=\"index, follow, max-snippet:-1, max-image-preview:large, max-video-preview:-1\" \/>\n<link rel=\"canonical\" href=\"https:\/\/cdu-kaarst.de\/en\/allgemein\/mitgliederversammlung-mit-vorstandsneuwahlen-und-weihnachtsfeier\/\" \/>\n<meta property=\"og:locale\" content=\"en_GB\" \/>\n<meta property=\"og:type\" content=\"article\" \/>\n<meta property=\"og:title\" content=\"Mitgliederversammlung mit Vorstandsneuwahlen und Weihnachtsfeier - CDU Kaarst-B\u00fcttgen\" \/>\n<meta property=\"og:description\" content=\"In weihnachtlicher Atmosph\u00e4re wurde am 18.12.24 der neue Vorstand gew\u00e4hlt. B\u00fcrgermeisterkandidat Christian Horn-Heinemann f\u00fchrte als Versammlungsleiter durch die Sitzung. Herzliche Gl\u00fcckw\u00fcnsche an alle Gew\u00e4hlten: Angelika Zeller\u00f6hr wurde als Vorsitzende und Mitgliederbeauftragte best\u00e4tigt. Alexander Witte wird als stellvertretender Vorsitzender und Schriftf\u00fchrer im Amt sein. Gabi Brumann, Elke Ladeck, Inge Jackisch und Dietmar Neumann wurden als Beisitzer [&hellip;]\" \/>\n<meta property=\"og:url\" content=\"https:\/\/cdu-kaarst.de\/en\/allgemein\/mitgliederversammlung-mit-vorstandsneuwahlen-und-weihnachtsfeier\/\" \/>\n<meta property=\"og:site_name\" content=\"CDU Kaarst-B\u00fcttgen\" \/>\n<meta property=\"article:published_time\" content=\"2024-12-19T11:33:29+00:00\" \/>\n<meta property=\"og:image\" content=\"https:\/\/cdu-kaarst.de\/wp-content\/uploads\/Mitgliederversammlung-Wahlen.jpg\" \/>\n\t<meta property=\"og:image:width\" content=\"1080\" \/>\n\t<meta property=\"og:image:height\" content=\"1080\" \/>\n\t<meta property=\"og:image:type\" content=\"image\/jpeg\" \/>\n<meta name=\"author\" content=\"@dm1n\" \/>\n<meta name=\"twitter:card\" content=\"summary_large_image\" \/>\n<meta name=\"twitter:label1\" content=\"Written by\" \/>\n\t<meta name=\"twitter:data1\" content=\"@dm1n\" \/>\n\t<meta name=\"twitter:label2\" content=\"Estimated reading time\" \/>\n\t<meta name=\"twitter:data2\" content=\"1 minute\" \/>\n<script type=\"application\/ld+json\" class=\"yoast-schema-graph\">{\"@context\":\"https:\\\/\\\/schema.org\",\"@graph\":[{\"@type\":\"Article\",\"@id\":\"https:\\\/\\\/cdu-kaarst.de\\\/allgemein\\\/mitgliederversammlung-mit-vorstandsneuwahlen-und-weihnachtsfeier\\\/#article\",\"isPartOf\":{\"@id\":\"https:\\\/\\\/cdu-kaarst.de\\\/allgemein\\\/mitgliederversammlung-mit-vorstandsneuwahlen-und-weihnachtsfeier\\\/\"},\"author\":{\"name\":\"@dm1n\",\"@id\":\"https:\\\/\\\/cdu-kaarst.de\\\/#\\\/schema\\\/person\\\/05876a2bd7865609f2946e82cbc73476\"},\"headline\":\"Mitgliederversammlung mit Vorstandsneuwahlen und Weihnachtsfeier\",\"datePublished\":\"2024-12-19T11:33:29+00:00\",\"mainEntityOfPage\":{\"@id\":\"https:\\\/\\\/cdu-kaarst.de\\\/allgemein\\\/mitgliederversammlung-mit-vorstandsneuwahlen-und-weihnachtsfeier\\\/\"},\"wordCount\":92,\"publisher\":{\"@id\":\"https:\\\/\\\/cdu-kaarst.de\\\/#organization\"},\"image\":{\"@id\":\"https:\\\/\\\/cdu-kaarst.de\\\/allgemein\\\/mitgliederversammlung-mit-vorstandsneuwahlen-und-weihnachtsfeier\\\/#primaryimage\"},\"thumbnailUrl\":\"https:\\\/\\\/cdu-kaarst.de\\\/wp-content\\\/uploads\\\/Mitgliederversammlung-Wahlen.jpg\",\"articleSection\":[\"Allgemein\"],\"inLanguage\":\"en-GB\"},{\"@type\":\"WebPage\",\"@id\":\"https:\\\/\\\/cdu-kaarst.de\\\/allgemein\\\/mitgliederversammlung-mit-vorstandsneuwahlen-und-weihnachtsfeier\\\/\",\"url\":\"https:\\\/\\\/cdu-kaarst.de\\\/allgemein\\\/mitgliederversammlung-mit-vorstandsneuwahlen-und-weihnachtsfeier\\\/\",\"name\":\"Mitgliederversammlung mit Vorstandsneuwahlen und Weihnachtsfeier - CDU Kaarst-B\u00fcttgen\",\"isPartOf\":{\"@id\":\"https:\\\/\\\/cdu-kaarst.de\\\/#website\"},\"primaryImageOfPage\":{\"@id\":\"https:\\\/\\\/cdu-kaarst.de\\\/allgemein\\\/mitgliederversammlung-mit-vorstandsneuwahlen-und-weihnachtsfeier\\\/#primaryimage\"},\"image\":{\"@id\":\"https:\\\/\\\/cdu-kaarst.de\\\/allgemein\\\/mitgliederversammlung-mit-vorstandsneuwahlen-und-weihnachtsfeier\\\/#primaryimage\"},\"thumbnailUrl\":\"https:\\\/\\\/cdu-kaarst.de\\\/wp-content\\\/uploads\\\/Mitgliederversammlung-Wahlen.jpg\",\"datePublished\":\"2024-12-19T11:33:29+00:00\",\"breadcrumb\":{\"@id\":\"https:\\\/\\\/cdu-kaarst.de\\\/allgemein\\\/mitgliederversammlung-mit-vorstandsneuwahlen-und-weihnachtsfeier\\\/#breadcrumb\"},\"inLanguage\":\"en-GB\",\"potentialAction\":[{\"@type\":\"ReadAction\",\"target\":[\"https:\\\/\\\/cdu-kaarst.de\\\/allgemein\\\/mitgliederversammlung-mit-vorstandsneuwahlen-und-weihnachtsfeier\\\/\"]}]},{\"@type\":\"ImageObject\",\"inLanguage\":\"en-GB\",\"@id\":\"https:\\\/\\\/cdu-kaarst.de\\\/allgemein\\\/mitgliederversammlung-mit-vorstandsneuwahlen-und-weihnachtsfeier\\\/#primaryimage\",\"url\":\"https:\\\/\\\/cdu-kaarst.de\\\/wp-content\\\/uploads\\\/Mitgliederversammlung-Wahlen.jpg\",\"contentUrl\":\"https:\\\/\\\/cdu-kaarst.de\\\/wp-content\\\/uploads\\\/Mitgliederversammlung-Wahlen.jpg\",\"width\":1080,\"height\":1080},{\"@type\":\"BreadcrumbList\",\"@id\":\"https:\\\/\\\/cdu-kaarst.de\\\/allgemein\\\/mitgliederversammlung-mit-vorstandsneuwahlen-und-weihnachtsfeier\\\/#breadcrumb\",\"itemListElement\":[{\"@type\":\"ListItem\",\"position\":1,\"name\":\"Startseite\",\"item\":\"https:\\\/\\\/cdu-kaarst.de\\\/\"},{\"@type\":\"ListItem\",\"position\":2,\"name\":\"Mitgliederversammlung mit Vorstandsneuwahlen und Weihnachtsfeier\"}]},{\"@type\":\"WebSite\",\"@id\":\"https:\\\/\\\/cdu-kaarst.de\\\/#website\",\"url\":\"https:\\\/\\\/cdu-kaarst.de\\\/\",\"name\":\"CDU Kaarst-B\u00fcttgen\",\"description\":\"gut Leben in Kaarst\",\"publisher\":{\"@id\":\"https:\\\/\\\/cdu-kaarst.de\\\/#organization\"},\"potentialAction\":[{\"@type\":\"SearchAction\",\"target\":{\"@type\":\"EntryPoint\",\"urlTemplate\":\"https:\\\/\\\/cdu-kaarst.de\\\/?s={search_term_string}\"},\"query-input\":{\"@type\":\"PropertyValueSpecification\",\"valueRequired\":true,\"valueName\":\"search_term_string\"}}],\"inLanguage\":\"en-GB\"},{\"@type\":\"Organization\",\"@id\":\"https:\\\/\\\/cdu-kaarst.de\\\/#organization\",\"name\":\"CDU Kaarst-B\u00fcttgen\",\"url\":\"https:\\\/\\\/cdu-kaarst.de\\\/\",\"logo\":{\"@type\":\"ImageObject\",\"inLanguage\":\"en-GB\",\"@id\":\"https:\\\/\\\/cdu-kaarst.de\\\/#\\\/schema\\\/logo\\\/image\\\/\",\"url\":\"https:\\\/\\\/cdu-kaarst.de\\\/wp-content\\\/uploads\\\/cdu-gesamtlogo.png\",\"contentUrl\":\"https:\\\/\\\/cdu-kaarst.de\\\/wp-content\\\/uploads\\\/cdu-gesamtlogo.png\",\"width\":418,\"height\":120,\"caption\":\"CDU Kaarst-B\u00fcttgen\"},\"image\":{\"@id\":\"https:\\\/\\\/cdu-kaarst.de\\\/#\\\/schema\\\/logo\\\/image\\\/\"}},{\"@type\":\"Person\",\"@id\":\"https:\\\/\\\/cdu-kaarst.de\\\/#\\\/schema\\\/person\\\/05876a2bd7865609f2946e82cbc73476\",\"name\":\"@dm1n\",\"sameAs\":[\"http:\\\/\\\/cdu-kaarst.de\"]}]}<\/script>\n<!-- \/ Yoast SEO plugin. -->","yoast_head_json":{"title":"General meeting with new board elections and Christmas party - CDU Kaarst-B\u00fcttgen","robots":{"index":"index","follow":"follow","max-snippet":"max-snippet:-1","max-image-preview":"max-image-preview:large","max-video-preview":"max-video-preview:-1"},"canonical":"https:\/\/cdu-kaarst.de\/en\/allgemein\/mitgliederversammlung-mit-vorstandsneuwahlen-und-weihnachtsfeier\/","og_locale":"en_GB","og_type":"article","og_title":"Mitgliederversammlung mit Vorstandsneuwahlen und Weihnachtsfeier - CDU Kaarst-B\u00fcttgen","og_description":"In weihnachtlicher Atmosph\u00e4re wurde am 18.12.24 der neue Vorstand gew\u00e4hlt. B\u00fcrgermeisterkandidat Christian Horn-Heinemann f\u00fchrte als Versammlungsleiter durch die Sitzung. Herzliche Gl\u00fcckw\u00fcnsche an alle Gew\u00e4hlten: Angelika Zeller\u00f6hr wurde als Vorsitzende und Mitgliederbeauftragte best\u00e4tigt. Alexander Witte wird als stellvertretender Vorsitzender und Schriftf\u00fchrer im Amt sein. Gabi Brumann, Elke Ladeck, Inge Jackisch und Dietmar Neumann wurden als Beisitzer [&hellip;]","og_url":"https:\/\/cdu-kaarst.de\/en\/allgemein\/mitgliederversammlung-mit-vorstandsneuwahlen-und-weihnachtsfeier\/","og_site_name":"CDU Kaarst-B\u00fcttgen","article_published_time":"2024-12-19T11:33:29+00:00","og_image":[{"width":1080,"height":1080,"url":"https:\/\/cdu-kaarst.de\/wp-content\/uploads\/Mitgliederversammlung-Wahlen.jpg","type":"image\/jpeg"}],"author":"@dm1n","twitter_card":"summary_large_image","twitter_misc":{"Written by":"@dm1n","Estimated reading time":"1 minute"},"schema":{"@context":"https:\/\/schema.org","@graph":[{"@type":"Article","@id":"https:\/\/cdu-kaarst.de\/allgemein\/mitgliederversammlung-mit-vorstandsneuwahlen-und-weihnachtsfeier\/#article","isPartOf":{"@id":"https:\/\/cdu-kaarst.de\/allgemein\/mitgliederversammlung-mit-vorstandsneuwahlen-und-weihnachtsfeier\/"},"author":{"name":"@dm1n","@id":"https:\/\/cdu-kaarst.de\/#\/schema\/person\/05876a2bd7865609f2946e82cbc73476"},"headline":"Mitgliederversammlung mit Vorstandsneuwahlen und Weihnachtsfeier","datePublished":"2024-12-19T11:33:29+00:00","mainEntityOfPage":{"@id":"https:\/\/cdu-kaarst.de\/allgemein\/mitgliederversammlung-mit-vorstandsneuwahlen-und-weihnachtsfeier\/"},"wordCount":92,"publisher":{"@id":"https:\/\/cdu-kaarst.de\/#organization"},"image":{"@id":"https:\/\/cdu-kaarst.de\/allgemein\/mitgliederversammlung-mit-vorstandsneuwahlen-und-weihnachtsfeier\/#primaryimage"},"thumbnailUrl":"https:\/\/cdu-kaarst.de\/wp-content\/uploads\/Mitgliederversammlung-Wahlen.jpg","articleSection":["Allgemein"],"inLanguage":"en-GB"},{"@type":"WebPage","@id":"https:\/\/cdu-kaarst.de\/allgemein\/mitgliederversammlung-mit-vorstandsneuwahlen-und-weihnachtsfeier\/","url":"https:\/\/cdu-kaarst.de\/allgemein\/mitgliederversammlung-mit-vorstandsneuwahlen-und-weihnachtsfeier\/","name":"General meeting with new board elections and Christmas party - CDU Kaarst-B\u00fcttgen","isPartOf":{"@id":"https:\/\/cdu-kaarst.de\/#website"},"primaryImageOfPage":{"@id":"https:\/\/cdu-kaarst.de\/allgemein\/mitgliederversammlung-mit-vorstandsneuwahlen-und-weihnachtsfeier\/#primaryimage"},"image":{"@id":"https:\/\/cdu-kaarst.de\/allgemein\/mitgliederversammlung-mit-vorstandsneuwahlen-und-weihnachtsfeier\/#primaryimage"},"thumbnailUrl":"https:\/\/cdu-kaarst.de\/wp-content\/uploads\/Mitgliederversammlung-Wahlen.jpg","datePublished":"2024-12-19T11:33:29+00:00","breadcrumb":{"@id":"https:\/\/cdu-kaarst.de\/allgemein\/mitgliederversammlung-mit-vorstandsneuwahlen-und-weihnachtsfeier\/#breadcrumb"},"inLanguage":"en-GB","potentialAction":[{"@type":"ReadAction","target":["https:\/\/cdu-kaarst.de\/allgemein\/mitgliederversammlung-mit-vorstandsneuwahlen-und-weihnachtsfeier\/"]}]},{"@type":"ImageObject","inLanguage":"en-GB","@id":"https:\/\/cdu-kaarst.de\/allgemein\/mitgliederversammlung-mit-vorstandsneuwahlen-und-weihnachtsfeier\/#primaryimage","url":"https:\/\/cdu-kaarst.de\/wp-content\/uploads\/Mitgliederversammlung-Wahlen.jpg","contentUrl":"https:\/\/cdu-kaarst.de\/wp-content\/uploads\/Mitgliederversammlung-Wahlen.jpg","width":1080,"height":1080},{"@type":"BreadcrumbList","@id":"https:\/\/cdu-kaarst.de\/allgemein\/mitgliederversammlung-mit-vorstandsneuwahlen-und-weihnachtsfeier\/#breadcrumb","itemListElement":[{"@type":"ListItem","position":1,"name":"Startseite","item":"https:\/\/cdu-kaarst.de\/"},{"@type":"ListItem","position":2,"name":"Mitgliederversammlung mit Vorstandsneuwahlen und Weihnachtsfeier"}]},{"@type":"WebSite","@id":"https:\/\/cdu-kaarst.de\/#website","url":"https:\/\/cdu-kaarst.de\/","name":"CDU Kaarst-B\u00fcttgen","description":"living well in Kaarst","publisher":{"@id":"https:\/\/cdu-kaarst.de\/#organization"},"potentialAction":[{"@type":"SearchAction","target":{"@type":"EntryPoint","urlTemplate":"https:\/\/cdu-kaarst.de\/?s={search_term_string}"},"query-input":{"@type":"PropertyValueSpecification","valueRequired":true,"valueName":"search_term_string"}}],"inLanguage":"en-GB"},{"@type":"Organization","@id":"https:\/\/cdu-kaarst.de\/#organization","name":"CDU Kaarst-B\u00fcttgen","url":"https:\/\/cdu-kaarst.de\/","logo":{"@type":"ImageObject","inLanguage":"en-GB","@id":"https:\/\/cdu-kaarst.de\/#\/schema\/logo\/image\/","url":"https:\/\/cdu-kaarst.de\/wp-content\/uploads\/cdu-gesamtlogo.png","contentUrl":"https:\/\/cdu-kaarst.de\/wp-content\/uploads\/cdu-gesamtlogo.png","width":418,"height":120,"caption":"CDU Kaarst-B\u00fcttgen"},"image":{"@id":"https:\/\/cdu-kaarst.de\/#\/schema\/logo\/image\/"}},{"@type":"Person","@id":"https:\/\/cdu-kaarst.de\/#\/schema\/person\/05876a2bd7865609f2946e82cbc73476","name":"@dm1n","sameAs":["http:\/\/cdu-kaarst.de"]}]}},"_links":{"self":[{"href":"https:\/\/cdu-kaarst.de\/en\/wp-json\/wp\/v2\/posts\/5557","targetHints":{"allow":["GET"]}}],"collection":[{"href":"https:\/\/cdu-kaarst.de\/en\/wp-json\/wp\/v2\/posts"}],"about":[{"href":"https:\/\/cdu-kaarst.de\/en\/wp-json\/wp\/v2\/types\/post"}],"author":[{"embeddable":true,"href":"https:\/\/cdu-kaarst.de\/en\/wp-json\/wp\/v2\/users\/1"}],"replies":[{"embeddable":true,"href":"https:\/\/cdu-kaarst.de\/en\/wp-json\/wp\/v2\/comments?post=5557"}],"version-history":[{"count":15,"href":"https:\/\/cdu-kaarst.de\/en\/wp-json\/wp\/v2\/posts\/5557\/revisions"}],"predecessor-version":[{"id":5578,"href":"https:\/\/cdu-kaarst.de\/en\/wp-json\/wp\/v2\/posts\/5557\/revisions\/5578"}],"wp:featuredmedia":[{"embeddable":true,"href":"https:\/\/cdu-kaarst.de\/en\/wp-json\/wp\/v2\/media\/5559"}],"wp:attachment":[{"href":"https:\/\/cdu-kaarst.de\/en\/wp-json\/wp\/v2\/media?parent=5557"}],"wp:term":[{"taxonomy":"category","embeddable":true,"href":"https:\/\/cdu-kaarst.de\/en\/wp-json\/wp\/v2\/categories?post=5557"},{"taxonomy":"post_tag","embeddable":true,"href":"https:\/\/cdu-kaarst.de\/en\/wp-json\/wp\/v2\/tags?post=5557"}],"curies":[{"name":"wp","href":"https:\/\/api.w.org\/{rel}","templated":true}]}}