{"id":5601,"date":"2024-12-19T15:31:20","date_gmt":"2024-12-19T14:31:20","guid":{"rendered":"https:\/\/cdu-kaarst.de\/?p=5601"},"modified":"2025-01-06T10:28:02","modified_gmt":"2025-01-06T09:28:02","slug":"positionspapier-der-cdu-fraktion-zum-rheinalnd-klinikum-neuss","status":"publish","type":"post","link":"https:\/\/cdu-kaarst.de\/en\/allgemein\/positionspapier-der-cdu-fraktion-zum-rheinalnd-klinikum-neuss\/","title":{"rendered":"Position paper of the CDU parliamentary group on the Rheinalnd-Klinikum Neuss"},"content":{"rendered":"<div data-elementor-type=\"wp-post\" data-elementor-id=\"5601\" class=\"elementor elementor-5601\" data-elementor-post-type=\"post\">\n\t\t\t\t\t\t<section class=\"elementor-section elementor-top-section elementor-element elementor-element-cb38e10 elementor-section-boxed elementor-section-height-default elementor-section-height-default\" data-id=\"cb38e10\" data-element_type=\"section\" data-e-type=\"section\" data-settings=\"{&quot;jet_parallax_layout_list&quot;:[]}\">\n\t\t\t\t\t\t<div class=\"elementor-container elementor-column-gap-default\">\n\t\t\t\t\t<div class=\"elementor-column elementor-col-100 elementor-top-column elementor-element elementor-element-30deee0\" data-id=\"30deee0\" data-element_type=\"column\" data-e-type=\"column\">\n\t\t\t<div class=\"elementor-widget-wrap elementor-element-populated\">\n\t\t\t\t\t\t<div class=\"elementor-element elementor-element-ba97128 elementor-widget elementor-widget-text-editor\" data-id=\"ba97128\" data-element_type=\"widget\" data-e-type=\"widget\" data-widget_type=\"text-editor.default\">\n\t\t\t\t<div class=\"elementor-widget-container\">\n\t\t\t\t\t\t\t\t\t<p data-pm-slice=\"1 1 []\">The CDU parliamentary group in the district council of the Rhein-Kreis Neuss supports the planned restructuring of the Rheinland-Klinikum, which includes the closure of the emergency department in Grevenbroich and the gynaecology and maternity ward in Dormagen. We are aware of the associated burdens for the population, patients and staff and consider the concerns and worries expressed to be justified. However, we also recognise the necessity of the planned measures for medical and economic reasons. Our focus is on patient welfare, transparency and responsible decisions to safeguard healthcare provision in the district in the long term.<\/p><p>Read the full position paper: <a href=\"https:\/\/cdu-kaarst.de\/en\/service\/downloads\/\">download<\/a><\/p>\t\t\t\t\t\t\t\t<\/div>\n\t\t\t\t<\/div>\n\t\t\t\t\t<\/div>\n\t\t<\/div>\n\t\t\t\t\t<\/div>\n\t\t<\/section>\n\t\t\t\t<\/div>","protected":false},"excerpt":{"rendered":"<p>Die CDU-Fraktion im Kreistag des Rhein-Kreises Neuss unterst\u00fctzt die geplanten Umstrukturierungen des Rheinland-Klinikums, die unter anderem die Schlie\u00dfung der Notaufnahme in Grevenbroich sowie der Gyn\u00e4kologie und Geburtsstation in Dormagen umfassen. Wir sind uns der damit verbundenen Belastungen f\u00fcr die Bev\u00f6lkerung, Patienten und Personal bewusst und halten die ge\u00e4u\u00dferten Bedenken und Sorgen f\u00fcr gerechtfertigt. Jedoch sehen [&hellip;]<\/p>\n","protected":false},"author":1,"featured_media":5635,"comment_status":"closed","ping_status":"closed","sticky":false,"template":"","format":"standard","meta":{"footnotes":""},"categories":[1],"tags":[],"class_list":["post-5601","post","type-post","status-publish","format-standard","has-post-thumbnail","hentry","category-allgemein"],"yoast_head":"<!-- This site is optimized with the Yoast SEO plugin v27.4 - https:\/\/yoast.com\/product\/yoast-seo-wordpress\/ -->\n<title>Positionspapier der CDU-Fraktion zum Rheinalnd-Klinikum Neuss - CDU Kaarst-B\u00fcttgen<\/title>\n<meta name=\"robots\" content=\"index, follow, max-snippet:-1, max-image-preview:large, max-video-preview:-1\" \/>\n<link rel=\"canonical\" href=\"https:\/\/cdu-kaarst.de\/en\/allgemein\/positionspapier-der-cdu-fraktion-zum-rheinalnd-klinikum-neuss\/\" \/>\n<meta property=\"og:locale\" content=\"en_GB\" \/>\n<meta property=\"og:type\" content=\"article\" \/>\n<meta property=\"og:title\" content=\"Positionspapier der CDU-Fraktion zum Rheinalnd-Klinikum Neuss - CDU Kaarst-B\u00fcttgen\" \/>\n<meta property=\"og:description\" content=\"Die CDU-Fraktion im Kreistag des Rhein-Kreises Neuss unterst\u00fctzt die geplanten Umstrukturierungen des Rheinland-Klinikums, die unter anderem die Schlie\u00dfung der Notaufnahme in Grevenbroich sowie der Gyn\u00e4kologie und Geburtsstation in Dormagen umfassen. Wir sind uns der damit verbundenen Belastungen f\u00fcr die Bev\u00f6lkerung, Patienten und Personal bewusst und halten die ge\u00e4u\u00dferten Bedenken und Sorgen f\u00fcr gerechtfertigt. Jedoch sehen [&hellip;]\" \/>\n<meta property=\"og:url\" content=\"https:\/\/cdu-kaarst.de\/en\/allgemein\/positionspapier-der-cdu-fraktion-zum-rheinalnd-klinikum-neuss\/\" \/>\n<meta property=\"og:site_name\" content=\"CDU Kaarst-B\u00fcttgen\" \/>\n<meta property=\"article:published_time\" content=\"2024-12-19T14:31:20+00:00\" \/>\n<meta property=\"article:modified_time\" content=\"2025-01-06T09:28:02+00:00\" \/>\n<meta property=\"og:image\" content=\"https:\/\/cdu-kaarst.de\/wp-content\/uploads\/klarheitransprenzsicherheit.jpg\" \/>\n\t<meta property=\"og:image:width\" content=\"1080\" \/>\n\t<meta property=\"og:image:height\" content=\"1080\" \/>\n\t<meta property=\"og:image:type\" content=\"image\/jpeg\" \/>\n<meta name=\"author\" content=\"@dm1n\" \/>\n<meta name=\"twitter:card\" content=\"summary_large_image\" \/>\n<meta name=\"twitter:label1\" content=\"Written by\" \/>\n\t<meta name=\"twitter:data1\" content=\"@dm1n\" \/>\n\t<meta name=\"twitter:label2\" content=\"Estimated reading time\" \/>\n\t<meta name=\"twitter:data2\" content=\"1 minute\" \/>\n<script type=\"application\/ld+json\" class=\"yoast-schema-graph\">{\"@context\":\"https:\\\/\\\/schema.org\",\"@graph\":[{\"@type\":\"Article\",\"@id\":\"https:\\\/\\\/cdu-kaarst.de\\\/allgemein\\\/positionspapier-der-cdu-fraktion-zum-rheinalnd-klinikum-neuss\\\/#article\",\"isPartOf\":{\"@id\":\"https:\\\/\\\/cdu-kaarst.de\\\/allgemein\\\/positionspapier-der-cdu-fraktion-zum-rheinalnd-klinikum-neuss\\\/\"},\"author\":{\"name\":\"@dm1n\",\"@id\":\"https:\\\/\\\/cdu-kaarst.de\\\/#\\\/schema\\\/person\\\/05876a2bd7865609f2946e82cbc73476\"},\"headline\":\"Positionspapier der CDU-Fraktion zum Rheinalnd-Klinikum Neuss\",\"datePublished\":\"2024-12-19T14:31:20+00:00\",\"dateModified\":\"2025-01-06T09:28:02+00:00\",\"mainEntityOfPage\":{\"@id\":\"https:\\\/\\\/cdu-kaarst.de\\\/allgemein\\\/positionspapier-der-cdu-fraktion-zum-rheinalnd-klinikum-neuss\\\/\"},\"wordCount\":105,\"publisher\":{\"@id\":\"https:\\\/\\\/cdu-kaarst.de\\\/#organization\"},\"image\":{\"@id\":\"https:\\\/\\\/cdu-kaarst.de\\\/allgemein\\\/positionspapier-der-cdu-fraktion-zum-rheinalnd-klinikum-neuss\\\/#primaryimage\"},\"thumbnailUrl\":\"https:\\\/\\\/cdu-kaarst.de\\\/wp-content\\\/uploads\\\/klarheitransprenzsicherheit.jpg\",\"articleSection\":[\"Allgemein\"],\"inLanguage\":\"en-GB\"},{\"@type\":\"WebPage\",\"@id\":\"https:\\\/\\\/cdu-kaarst.de\\\/allgemein\\\/positionspapier-der-cdu-fraktion-zum-rheinalnd-klinikum-neuss\\\/\",\"url\":\"https:\\\/\\\/cdu-kaarst.de\\\/allgemein\\\/positionspapier-der-cdu-fraktion-zum-rheinalnd-klinikum-neuss\\\/\",\"name\":\"Positionspapier der CDU-Fraktion zum Rheinalnd-Klinikum Neuss - CDU Kaarst-B\u00fcttgen\",\"isPartOf\":{\"@id\":\"https:\\\/\\\/cdu-kaarst.de\\\/#website\"},\"primaryImageOfPage\":{\"@id\":\"https:\\\/\\\/cdu-kaarst.de\\\/allgemein\\\/positionspapier-der-cdu-fraktion-zum-rheinalnd-klinikum-neuss\\\/#primaryimage\"},\"image\":{\"@id\":\"https:\\\/\\\/cdu-kaarst.de\\\/allgemein\\\/positionspapier-der-cdu-fraktion-zum-rheinalnd-klinikum-neuss\\\/#primaryimage\"},\"thumbnailUrl\":\"https:\\\/\\\/cdu-kaarst.de\\\/wp-content\\\/uploads\\\/klarheitransprenzsicherheit.jpg\",\"datePublished\":\"2024-12-19T14:31:20+00:00\",\"dateModified\":\"2025-01-06T09:28:02+00:00\",\"breadcrumb\":{\"@id\":\"https:\\\/\\\/cdu-kaarst.de\\\/allgemein\\\/positionspapier-der-cdu-fraktion-zum-rheinalnd-klinikum-neuss\\\/#breadcrumb\"},\"inLanguage\":\"en-GB\",\"potentialAction\":[{\"@type\":\"ReadAction\",\"target\":[\"https:\\\/\\\/cdu-kaarst.de\\\/allgemein\\\/positionspapier-der-cdu-fraktion-zum-rheinalnd-klinikum-neuss\\\/\"]}]},{\"@type\":\"ImageObject\",\"inLanguage\":\"en-GB\",\"@id\":\"https:\\\/\\\/cdu-kaarst.de\\\/allgemein\\\/positionspapier-der-cdu-fraktion-zum-rheinalnd-klinikum-neuss\\\/#primaryimage\",\"url\":\"https:\\\/\\\/cdu-kaarst.de\\\/wp-content\\\/uploads\\\/klarheitransprenzsicherheit.jpg\",\"contentUrl\":\"https:\\\/\\\/cdu-kaarst.de\\\/wp-content\\\/uploads\\\/klarheitransprenzsicherheit.jpg\",\"width\":1080,\"height\":1080},{\"@type\":\"BreadcrumbList\",\"@id\":\"https:\\\/\\\/cdu-kaarst.de\\\/allgemein\\\/positionspapier-der-cdu-fraktion-zum-rheinalnd-klinikum-neuss\\\/#breadcrumb\",\"itemListElement\":[{\"@type\":\"ListItem\",\"position\":1,\"name\":\"Startseite\",\"item\":\"https:\\\/\\\/cdu-kaarst.de\\\/\"},{\"@type\":\"ListItem\",\"position\":2,\"name\":\"Positionspapier der CDU-Fraktion zum Rheinalnd-Klinikum Neuss\"}]},{\"@type\":\"WebSite\",\"@id\":\"https:\\\/\\\/cdu-kaarst.de\\\/#website\",\"url\":\"https:\\\/\\\/cdu-kaarst.de\\\/\",\"name\":\"CDU Kaarst-B\u00fcttgen\",\"description\":\"gut Leben in Kaarst\",\"publisher\":{\"@id\":\"https:\\\/\\\/cdu-kaarst.de\\\/#organization\"},\"potentialAction\":[{\"@type\":\"SearchAction\",\"target\":{\"@type\":\"EntryPoint\",\"urlTemplate\":\"https:\\\/\\\/cdu-kaarst.de\\\/?s={search_term_string}\"},\"query-input\":{\"@type\":\"PropertyValueSpecification\",\"valueRequired\":true,\"valueName\":\"search_term_string\"}}],\"inLanguage\":\"en-GB\"},{\"@type\":\"Organization\",\"@id\":\"https:\\\/\\\/cdu-kaarst.de\\\/#organization\",\"name\":\"CDU Kaarst-B\u00fcttgen\",\"url\":\"https:\\\/\\\/cdu-kaarst.de\\\/\",\"logo\":{\"@type\":\"ImageObject\",\"inLanguage\":\"en-GB\",\"@id\":\"https:\\\/\\\/cdu-kaarst.de\\\/#\\\/schema\\\/logo\\\/image\\\/\",\"url\":\"https:\\\/\\\/cdu-kaarst.de\\\/wp-content\\\/uploads\\\/cdu-gesamtlogo.png\",\"contentUrl\":\"https:\\\/\\\/cdu-kaarst.de\\\/wp-content\\\/uploads\\\/cdu-gesamtlogo.png\",\"width\":418,\"height\":120,\"caption\":\"CDU Kaarst-B\u00fcttgen\"},\"image\":{\"@id\":\"https:\\\/\\\/cdu-kaarst.de\\\/#\\\/schema\\\/logo\\\/image\\\/\"}},{\"@type\":\"Person\",\"@id\":\"https:\\\/\\\/cdu-kaarst.de\\\/#\\\/schema\\\/person\\\/05876a2bd7865609f2946e82cbc73476\",\"name\":\"@dm1n\",\"sameAs\":[\"http:\\\/\\\/cdu-kaarst.de\"]}]}<\/script>\n<!-- \/ Yoast SEO plugin. -->","yoast_head_json":{"title":"Position paper of the CDU parliamentary group on the Rheinalnd-Klinikum Neuss - CDU Kaarst-B\u00fcttgen","robots":{"index":"index","follow":"follow","max-snippet":"max-snippet:-1","max-image-preview":"max-image-preview:large","max-video-preview":"max-video-preview:-1"},"canonical":"https:\/\/cdu-kaarst.de\/en\/allgemein\/positionspapier-der-cdu-fraktion-zum-rheinalnd-klinikum-neuss\/","og_locale":"en_GB","og_type":"article","og_title":"Positionspapier der CDU-Fraktion zum Rheinalnd-Klinikum Neuss - CDU Kaarst-B\u00fcttgen","og_description":"Die CDU-Fraktion im Kreistag des Rhein-Kreises Neuss unterst\u00fctzt die geplanten Umstrukturierungen des Rheinland-Klinikums, die unter anderem die Schlie\u00dfung der Notaufnahme in Grevenbroich sowie der Gyn\u00e4kologie und Geburtsstation in Dormagen umfassen. Wir sind uns der damit verbundenen Belastungen f\u00fcr die Bev\u00f6lkerung, Patienten und Personal bewusst und halten die ge\u00e4u\u00dferten Bedenken und Sorgen f\u00fcr gerechtfertigt. Jedoch sehen [&hellip;]","og_url":"https:\/\/cdu-kaarst.de\/en\/allgemein\/positionspapier-der-cdu-fraktion-zum-rheinalnd-klinikum-neuss\/","og_site_name":"CDU Kaarst-B\u00fcttgen","article_published_time":"2024-12-19T14:31:20+00:00","article_modified_time":"2025-01-06T09:28:02+00:00","og_image":[{"width":1080,"height":1080,"url":"https:\/\/cdu-kaarst.de\/wp-content\/uploads\/klarheitransprenzsicherheit.jpg","type":"image\/jpeg"}],"author":"@dm1n","twitter_card":"summary_large_image","twitter_misc":{"Written by":"@dm1n","Estimated reading time":"1 minute"},"schema":{"@context":"https:\/\/schema.org","@graph":[{"@type":"Article","@id":"https:\/\/cdu-kaarst.de\/allgemein\/positionspapier-der-cdu-fraktion-zum-rheinalnd-klinikum-neuss\/#article","isPartOf":{"@id":"https:\/\/cdu-kaarst.de\/allgemein\/positionspapier-der-cdu-fraktion-zum-rheinalnd-klinikum-neuss\/"},"author":{"name":"@dm1n","@id":"https:\/\/cdu-kaarst.de\/#\/schema\/person\/05876a2bd7865609f2946e82cbc73476"},"headline":"Positionspapier der CDU-Fraktion zum Rheinalnd-Klinikum Neuss","datePublished":"2024-12-19T14:31:20+00:00","dateModified":"2025-01-06T09:28:02+00:00","mainEntityOfPage":{"@id":"https:\/\/cdu-kaarst.de\/allgemein\/positionspapier-der-cdu-fraktion-zum-rheinalnd-klinikum-neuss\/"},"wordCount":105,"publisher":{"@id":"https:\/\/cdu-kaarst.de\/#organization"},"image":{"@id":"https:\/\/cdu-kaarst.de\/allgemein\/positionspapier-der-cdu-fraktion-zum-rheinalnd-klinikum-neuss\/#primaryimage"},"thumbnailUrl":"https:\/\/cdu-kaarst.de\/wp-content\/uploads\/klarheitransprenzsicherheit.jpg","articleSection":["Allgemein"],"inLanguage":"en-GB"},{"@type":"WebPage","@id":"https:\/\/cdu-kaarst.de\/allgemein\/positionspapier-der-cdu-fraktion-zum-rheinalnd-klinikum-neuss\/","url":"https:\/\/cdu-kaarst.de\/allgemein\/positionspapier-der-cdu-fraktion-zum-rheinalnd-klinikum-neuss\/","name":"Position paper of the CDU parliamentary group on the Rheinalnd-Klinikum Neuss - CDU Kaarst-B\u00fcttgen","isPartOf":{"@id":"https:\/\/cdu-kaarst.de\/#website"},"primaryImageOfPage":{"@id":"https:\/\/cdu-kaarst.de\/allgemein\/positionspapier-der-cdu-fraktion-zum-rheinalnd-klinikum-neuss\/#primaryimage"},"image":{"@id":"https:\/\/cdu-kaarst.de\/allgemein\/positionspapier-der-cdu-fraktion-zum-rheinalnd-klinikum-neuss\/#primaryimage"},"thumbnailUrl":"https:\/\/cdu-kaarst.de\/wp-content\/uploads\/klarheitransprenzsicherheit.jpg","datePublished":"2024-12-19T14:31:20+00:00","dateModified":"2025-01-06T09:28:02+00:00","breadcrumb":{"@id":"https:\/\/cdu-kaarst.de\/allgemein\/positionspapier-der-cdu-fraktion-zum-rheinalnd-klinikum-neuss\/#breadcrumb"},"inLanguage":"en-GB","potentialAction":[{"@type":"ReadAction","target":["https:\/\/cdu-kaarst.de\/allgemein\/positionspapier-der-cdu-fraktion-zum-rheinalnd-klinikum-neuss\/"]}]},{"@type":"ImageObject","inLanguage":"en-GB","@id":"https:\/\/cdu-kaarst.de\/allgemein\/positionspapier-der-cdu-fraktion-zum-rheinalnd-klinikum-neuss\/#primaryimage","url":"https:\/\/cdu-kaarst.de\/wp-content\/uploads\/klarheitransprenzsicherheit.jpg","contentUrl":"https:\/\/cdu-kaarst.de\/wp-content\/uploads\/klarheitransprenzsicherheit.jpg","width":1080,"height":1080},{"@type":"BreadcrumbList","@id":"https:\/\/cdu-kaarst.de\/allgemein\/positionspapier-der-cdu-fraktion-zum-rheinalnd-klinikum-neuss\/#breadcrumb","itemListElement":[{"@type":"ListItem","position":1,"name":"Startseite","item":"https:\/\/cdu-kaarst.de\/"},{"@type":"ListItem","position":2,"name":"Positionspapier der CDU-Fraktion zum Rheinalnd-Klinikum Neuss"}]},{"@type":"WebSite","@id":"https:\/\/cdu-kaarst.de\/#website","url":"https:\/\/cdu-kaarst.de\/","name":"CDU Kaarst-B\u00fcttgen","description":"living well in Kaarst","publisher":{"@id":"https:\/\/cdu-kaarst.de\/#organization"},"potentialAction":[{"@type":"SearchAction","target":{"@type":"EntryPoint","urlTemplate":"https:\/\/cdu-kaarst.de\/?s={search_term_string}"},"query-input":{"@type":"PropertyValueSpecification","valueRequired":true,"valueName":"search_term_string"}}],"inLanguage":"en-GB"},{"@type":"Organization","@id":"https:\/\/cdu-kaarst.de\/#organization","name":"CDU Kaarst-B\u00fcttgen","url":"https:\/\/cdu-kaarst.de\/","logo":{"@type":"ImageObject","inLanguage":"en-GB","@id":"https:\/\/cdu-kaarst.de\/#\/schema\/logo\/image\/","url":"https:\/\/cdu-kaarst.de\/wp-content\/uploads\/cdu-gesamtlogo.png","contentUrl":"https:\/\/cdu-kaarst.de\/wp-content\/uploads\/cdu-gesamtlogo.png","width":418,"height":120,"caption":"CDU Kaarst-B\u00fcttgen"},"image":{"@id":"https:\/\/cdu-kaarst.de\/#\/schema\/logo\/image\/"}},{"@type":"Person","@id":"https:\/\/cdu-kaarst.de\/#\/schema\/person\/05876a2bd7865609f2946e82cbc73476","name":"@dm1n","sameAs":["http:\/\/cdu-kaarst.de"]}]}},"_links":{"self":[{"href":"https:\/\/cdu-kaarst.de\/en\/wp-json\/wp\/v2\/posts\/5601","targetHints":{"allow":["GET"]}}],"collection":[{"href":"https:\/\/cdu-kaarst.de\/en\/wp-json\/wp\/v2\/posts"}],"about":[{"href":"https:\/\/cdu-kaarst.de\/en\/wp-json\/wp\/v2\/types\/post"}],"author":[{"embeddable":true,"href":"https:\/\/cdu-kaarst.de\/en\/wp-json\/wp\/v2\/users\/1"}],"replies":[{"embeddable":true,"href":"https:\/\/cdu-kaarst.de\/en\/wp-json\/wp\/v2\/comments?post=5601"}],"version-history":[{"count":27,"href":"https:\/\/cdu-kaarst.de\/en\/wp-json\/wp\/v2\/posts\/5601\/revisions"}],"predecessor-version":[{"id":5731,"href":"https:\/\/cdu-kaarst.de\/en\/wp-json\/wp\/v2\/posts\/5601\/revisions\/5731"}],"wp:featuredmedia":[{"embeddable":true,"href":"https:\/\/cdu-kaarst.de\/en\/wp-json\/wp\/v2\/media\/5635"}],"wp:attachment":[{"href":"https:\/\/cdu-kaarst.de\/en\/wp-json\/wp\/v2\/media?parent=5601"}],"wp:term":[{"taxonomy":"category","embeddable":true,"href":"https:\/\/cdu-kaarst.de\/en\/wp-json\/wp\/v2\/categories?post=5601"},{"taxonomy":"post_tag","embeddable":true,"href":"https:\/\/cdu-kaarst.de\/en\/wp-json\/wp\/v2\/tags?post=5601"}],"curies":[{"name":"wp","href":"https:\/\/api.w.org\/{rel}","templated":true}]}}