{"id":5685,"date":"2024-12-20T13:22:24","date_gmt":"2024-12-20T12:22:24","guid":{"rendered":"https:\/\/cdu-kaarst.de\/?p=5685"},"modified":"2024-12-20T16:03:14","modified_gmt":"2024-12-20T15:03:14","slug":"neuwahl-des-aufsichtsratsvorsitzenden-herr-horn-heinemann-uebernimmt-vorsitz-von-herrn-coellen","status":"publish","type":"post","link":"https:\/\/cdu-kaarst.de\/en\/pressemeldungen\/neuwahl-des-aufsichtsratsvorsitzenden-herr-horn-heinemann-uebernimmt-vorsitz-von-herrn-coellen\/","title":{"rendered":"Election of the new Chairman of the Supervisory Board: Mr Horn-Heinemann takes over as Chairman from Mr C\u00f6llen"},"content":{"rendered":"<div data-elementor-type=\"wp-post\" data-elementor-id=\"5685\" class=\"elementor elementor-5685\" data-elementor-post-type=\"post\">\n\t\t\t\t\t\t<section class=\"elementor-section elementor-top-section elementor-element elementor-element-51819621 elementor-section-boxed elementor-section-height-default elementor-section-height-default\" data-id=\"51819621\" data-element_type=\"section\" data-e-type=\"section\" data-settings=\"{&quot;jet_parallax_layout_list&quot;:[]}\">\n\t\t\t\t\t\t<div class=\"elementor-container elementor-column-gap-default\">\n\t\t\t\t\t<div class=\"elementor-column elementor-col-100 elementor-top-column elementor-element elementor-element-3b7dc6cb\" data-id=\"3b7dc6cb\" data-element_type=\"column\" data-e-type=\"column\">\n\t\t\t<div class=\"elementor-widget-wrap elementor-element-populated\">\n\t\t\t\t\t\t<div class=\"elementor-element elementor-element-c8816c9 elementor-widget elementor-widget-text-editor\" data-id=\"c8816c9\" data-element_type=\"widget\" data-e-type=\"widget\" data-widget_type=\"text-editor.default\">\n\t\t\t\t<div class=\"elementor-widget-container\">\n\t\t\t\t\t\t\t\t\t<p>Regiobahn GmbH has elected a new Chairman. At the Supervisory Board meeting on 18 December 2024, Mr Horn-Heinemann was unanimously elected Chairman of the Supervisory Board and will take over as Chairman of the Board with immediate effect. He replaces Mr C\u00f6llen, who has performed this role with great commitment and foresight in recent years and, to the regret of all involved, has to step down for personal reasons. Mr C\u00f6llen was honoured at the meeting for his services to the company.<\/p><p>Mr Horn-Heinemann, who is delegated by the City of Kaarst, has been a member of the Supervisory Board since 18 December 2013 and a member of the Economic Committee since 17 December 2020. His many years of experience on the Supervisory Board and his expertise in the field of economics make him ideally qualified for this responsible role. <em>\"I would like to thank the Supervisory Board for the trust they have placed in me and look forward to tackling future challenges together\"<\/em> declared Mr Horn-Heinemann after his election.<\/p><p><strong>Downloads<\/strong><\/p><ul><li><a href=\"https:\/\/cdu-kaarst.de\/wp-content\/uploads\/regiobahn-logo.jpg\" target=\"_blank\" rel=\"noopener\">RegioBahn logo<\/a><\/li><li><a href=\"https:\/\/cdu-kaarst.de\/wp-content\/uploads\/regiobahn-kaarst-01.jpg\" target=\"_blank\" rel=\"noopener\">Picture 01<\/a><\/li><li><a href=\"https:\/\/cdu-kaarst.de\/wp-content\/uploads\/regiobahn-kaarst-02.jpg\" target=\"_blank\" rel=\"noopener\">Picture 02<\/a>\u00a0<\/li><\/ul>\t\t\t\t\t\t\t\t<\/div>\n\t\t\t\t<\/div>\n\t\t\t\t<div class=\"elementor-element elementor-element-3e4caae elementor-widget elementor-widget-image\" data-id=\"3e4caae\" data-element_type=\"widget\" data-e-type=\"widget\" data-widget_type=\"image.default\">\n\t\t\t\t<div class=\"elementor-widget-container\">\n\t\t\t\t\t\t\t\t\t\t\t\t\t\t\t<img decoding=\"async\" width=\"332\" height=\"59\" src=\"https:\/\/cdu-kaarst.de\/wp-content\/uploads\/regiobahn-logo.jpg\" class=\"attachment-large size-large wp-image-5688\" alt=\"\" srcset=\"https:\/\/cdu-kaarst.de\/wp-content\/uploads\/regiobahn-logo.jpg 332w, https:\/\/cdu-kaarst.de\/wp-content\/uploads\/regiobahn-logo-300x53.jpg 300w, https:\/\/cdu-kaarst.de\/wp-content\/uploads\/regiobahn-logo-18x3.jpg 18w\" sizes=\"(max-width: 332px) 100vw, 332px\" \/>\t\t\t\t\t\t\t\t\t\t\t\t\t\t\t<\/div>\n\t\t\t\t<\/div>\n\t\t\t\t<div class=\"elementor-element elementor-element-b5107c5 elementor-widget elementor-widget-image\" data-id=\"b5107c5\" data-element_type=\"widget\" data-e-type=\"widget\" data-widget_type=\"image.default\">\n\t\t\t\t<div class=\"elementor-widget-container\">\n\t\t\t\t\t\t\t\t\t\t\t\t\t\t\t<img fetchpriority=\"high\" decoding=\"async\" width=\"640\" height=\"427\" src=\"https:\/\/cdu-kaarst.de\/wp-content\/uploads\/regiobahn-kaarst-02.jpg\" class=\"attachment-large size-large wp-image-5686\" alt=\"\" srcset=\"https:\/\/cdu-kaarst.de\/wp-content\/uploads\/regiobahn-kaarst-02.jpg 640w, https:\/\/cdu-kaarst.de\/wp-content\/uploads\/regiobahn-kaarst-02-300x200.jpg 300w, https:\/\/cdu-kaarst.de\/wp-content\/uploads\/regiobahn-kaarst-02-18x12.jpg 18w\" sizes=\"(max-width: 640px) 100vw, 640px\" \/>\t\t\t\t\t\t\t\t\t\t\t\t\t\t\t<\/div>\n\t\t\t\t<\/div>\n\t\t\t\t<div class=\"elementor-element elementor-element-5dba793 elementor-widget elementor-widget-image\" data-id=\"5dba793\" data-element_type=\"widget\" data-e-type=\"widget\" data-widget_type=\"image.default\">\n\t\t\t\t<div class=\"elementor-widget-container\">\n\t\t\t\t\t\t\t\t\t\t\t\t\t\t\t<img decoding=\"async\" width=\"640\" height=\"427\" src=\"https:\/\/cdu-kaarst.de\/wp-content\/uploads\/regiobahn-kaarst-01.jpg\" class=\"attachment-large size-large wp-image-5687\" alt=\"\" srcset=\"https:\/\/cdu-kaarst.de\/wp-content\/uploads\/regiobahn-kaarst-01.jpg 640w, https:\/\/cdu-kaarst.de\/wp-content\/uploads\/regiobahn-kaarst-01-300x200.jpg 300w, https:\/\/cdu-kaarst.de\/wp-content\/uploads\/regiobahn-kaarst-01-18x12.jpg 18w\" sizes=\"(max-width: 640px) 100vw, 640px\" \/>\t\t\t\t\t\t\t\t\t\t\t\t\t\t\t<\/div>\n\t\t\t\t<\/div>\n\t\t\t\t\t<\/div>\n\t\t<\/div>\n\t\t\t\t\t<\/div>\n\t\t<\/section>\n\t\t\t\t<\/div>","protected":false},"excerpt":{"rendered":"<p>Die Regiobahn GmbH hat einen neuen Vorsitzenden gew\u00e4hlt. In der Aufsichtsratssitzung vom 18.Dezember 2024 wurde Herr Horn-Heinemann einstimmig zum Aufsichtsratsvorsitzenden gew\u00e4hlt und \u00fcbernimmt ab sofort den Vorsitz des Gremiums. Damit l\u00f6st er Herrn C\u00f6llen ab, der dieses Amt in den vergangenen Jahren mit gro\u00dfem Engagement und Weitsicht ausgef\u00fchrt hat und zum Bedauern aller Beteiligten aus [&hellip;]<\/p>\n","protected":false},"author":1,"featured_media":0,"comment_status":"closed","ping_status":"closed","sticky":false,"template":"","format":"standard","meta":{"footnotes":""},"categories":[109],"tags":[],"class_list":["post-5685","post","type-post","status-publish","format-standard","hentry","category-pressemeldungen"],"yoast_head":"<!-- This site is optimized with the Yoast SEO plugin v27.4 - https:\/\/yoast.com\/product\/yoast-seo-wordpress\/ -->\n<title>Neuwahl des Aufsichtsratsvorsitzenden: Herr Horn-Heinemann \u00fcbernimmt Vorsitz von Herrn C\u00f6llen - CDU Kaarst-B\u00fcttgen<\/title>\n<meta name=\"robots\" content=\"index, follow, max-snippet:-1, max-image-preview:large, max-video-preview:-1\" \/>\n<link rel=\"canonical\" href=\"https:\/\/cdu-kaarst.de\/en\/pressemeldungen\/neuwahl-des-aufsichtsratsvorsitzenden-herr-horn-heinemann-uebernimmt-vorsitz-von-herrn-coellen\/\" \/>\n<meta property=\"og:locale\" content=\"en_GB\" \/>\n<meta property=\"og:type\" content=\"article\" \/>\n<meta property=\"og:title\" content=\"Neuwahl des Aufsichtsratsvorsitzenden: Herr Horn-Heinemann \u00fcbernimmt Vorsitz von Herrn C\u00f6llen - CDU Kaarst-B\u00fcttgen\" \/>\n<meta property=\"og:description\" content=\"Die Regiobahn GmbH hat einen neuen Vorsitzenden gew\u00e4hlt. In der Aufsichtsratssitzung vom 18.Dezember 2024 wurde Herr Horn-Heinemann einstimmig zum Aufsichtsratsvorsitzenden gew\u00e4hlt und \u00fcbernimmt ab sofort den Vorsitz des Gremiums. Damit l\u00f6st er Herrn C\u00f6llen ab, der dieses Amt in den vergangenen Jahren mit gro\u00dfem Engagement und Weitsicht ausgef\u00fchrt hat und zum Bedauern aller Beteiligten aus [&hellip;]\" \/>\n<meta property=\"og:url\" content=\"https:\/\/cdu-kaarst.de\/en\/pressemeldungen\/neuwahl-des-aufsichtsratsvorsitzenden-herr-horn-heinemann-uebernimmt-vorsitz-von-herrn-coellen\/\" \/>\n<meta property=\"og:site_name\" content=\"CDU Kaarst-B\u00fcttgen\" \/>\n<meta property=\"article:published_time\" content=\"2024-12-20T12:22:24+00:00\" \/>\n<meta property=\"article:modified_time\" content=\"2024-12-20T15:03:14+00:00\" \/>\n<meta property=\"og:image\" content=\"https:\/\/cdu-kaarst.de\/wp-content\/uploads\/regiobahn-logo.jpg\" \/>\n\t<meta property=\"og:image:width\" content=\"332\" \/>\n\t<meta property=\"og:image:height\" content=\"59\" \/>\n\t<meta property=\"og:image:type\" content=\"image\/jpeg\" \/>\n<meta name=\"author\" content=\"@dm1n\" \/>\n<meta name=\"twitter:card\" content=\"summary_large_image\" \/>\n<meta name=\"twitter:label1\" content=\"Written by\" \/>\n\t<meta name=\"twitter:data1\" content=\"@dm1n\" \/>\n\t<meta name=\"twitter:label2\" content=\"Estimated reading time\" \/>\n\t<meta name=\"twitter:data2\" content=\"2 minutes\" \/>\n<script type=\"application\/ld+json\" class=\"yoast-schema-graph\">{\"@context\":\"https:\\\/\\\/schema.org\",\"@graph\":[{\"@type\":\"Article\",\"@id\":\"https:\\\/\\\/cdu-kaarst.de\\\/pressemeldungen\\\/neuwahl-des-aufsichtsratsvorsitzenden-herr-horn-heinemann-uebernimmt-vorsitz-von-herrn-coellen\\\/#article\",\"isPartOf\":{\"@id\":\"https:\\\/\\\/cdu-kaarst.de\\\/pressemeldungen\\\/neuwahl-des-aufsichtsratsvorsitzenden-herr-horn-heinemann-uebernimmt-vorsitz-von-herrn-coellen\\\/\"},\"author\":{\"name\":\"@dm1n\",\"@id\":\"https:\\\/\\\/cdu-kaarst.de\\\/#\\\/schema\\\/person\\\/05876a2bd7865609f2946e82cbc73476\"},\"headline\":\"Neuwahl des Aufsichtsratsvorsitzenden: Herr Horn-Heinemann \u00fcbernimmt Vorsitz von Herrn C\u00f6llen\",\"datePublished\":\"2024-12-20T12:22:24+00:00\",\"dateModified\":\"2024-12-20T15:03:14+00:00\",\"mainEntityOfPage\":{\"@id\":\"https:\\\/\\\/cdu-kaarst.de\\\/pressemeldungen\\\/neuwahl-des-aufsichtsratsvorsitzenden-herr-horn-heinemann-uebernimmt-vorsitz-von-herrn-coellen\\\/\"},\"wordCount\":175,\"publisher\":{\"@id\":\"https:\\\/\\\/cdu-kaarst.de\\\/#organization\"},\"image\":{\"@id\":\"https:\\\/\\\/cdu-kaarst.de\\\/pressemeldungen\\\/neuwahl-des-aufsichtsratsvorsitzenden-herr-horn-heinemann-uebernimmt-vorsitz-von-herrn-coellen\\\/#primaryimage\"},\"thumbnailUrl\":\"https:\\\/\\\/cdu-kaarst.de\\\/wp-content\\\/uploads\\\/regiobahn-logo.jpg\",\"articleSection\":[\"Pressemeldungen\"],\"inLanguage\":\"en-GB\"},{\"@type\":\"WebPage\",\"@id\":\"https:\\\/\\\/cdu-kaarst.de\\\/pressemeldungen\\\/neuwahl-des-aufsichtsratsvorsitzenden-herr-horn-heinemann-uebernimmt-vorsitz-von-herrn-coellen\\\/\",\"url\":\"https:\\\/\\\/cdu-kaarst.de\\\/pressemeldungen\\\/neuwahl-des-aufsichtsratsvorsitzenden-herr-horn-heinemann-uebernimmt-vorsitz-von-herrn-coellen\\\/\",\"name\":\"Neuwahl des Aufsichtsratsvorsitzenden: Herr Horn-Heinemann \u00fcbernimmt Vorsitz von Herrn C\u00f6llen - CDU Kaarst-B\u00fcttgen\",\"isPartOf\":{\"@id\":\"https:\\\/\\\/cdu-kaarst.de\\\/#website\"},\"primaryImageOfPage\":{\"@id\":\"https:\\\/\\\/cdu-kaarst.de\\\/pressemeldungen\\\/neuwahl-des-aufsichtsratsvorsitzenden-herr-horn-heinemann-uebernimmt-vorsitz-von-herrn-coellen\\\/#primaryimage\"},\"image\":{\"@id\":\"https:\\\/\\\/cdu-kaarst.de\\\/pressemeldungen\\\/neuwahl-des-aufsichtsratsvorsitzenden-herr-horn-heinemann-uebernimmt-vorsitz-von-herrn-coellen\\\/#primaryimage\"},\"thumbnailUrl\":\"https:\\\/\\\/cdu-kaarst.de\\\/wp-content\\\/uploads\\\/regiobahn-logo.jpg\",\"datePublished\":\"2024-12-20T12:22:24+00:00\",\"dateModified\":\"2024-12-20T15:03:14+00:00\",\"breadcrumb\":{\"@id\":\"https:\\\/\\\/cdu-kaarst.de\\\/pressemeldungen\\\/neuwahl-des-aufsichtsratsvorsitzenden-herr-horn-heinemann-uebernimmt-vorsitz-von-herrn-coellen\\\/#breadcrumb\"},\"inLanguage\":\"en-GB\",\"potentialAction\":[{\"@type\":\"ReadAction\",\"target\":[\"https:\\\/\\\/cdu-kaarst.de\\\/pressemeldungen\\\/neuwahl-des-aufsichtsratsvorsitzenden-herr-horn-heinemann-uebernimmt-vorsitz-von-herrn-coellen\\\/\"]}]},{\"@type\":\"ImageObject\",\"inLanguage\":\"en-GB\",\"@id\":\"https:\\\/\\\/cdu-kaarst.de\\\/pressemeldungen\\\/neuwahl-des-aufsichtsratsvorsitzenden-herr-horn-heinemann-uebernimmt-vorsitz-von-herrn-coellen\\\/#primaryimage\",\"url\":\"https:\\\/\\\/cdu-kaarst.de\\\/wp-content\\\/uploads\\\/regiobahn-logo.jpg\",\"contentUrl\":\"https:\\\/\\\/cdu-kaarst.de\\\/wp-content\\\/uploads\\\/regiobahn-logo.jpg\"},{\"@type\":\"BreadcrumbList\",\"@id\":\"https:\\\/\\\/cdu-kaarst.de\\\/pressemeldungen\\\/neuwahl-des-aufsichtsratsvorsitzenden-herr-horn-heinemann-uebernimmt-vorsitz-von-herrn-coellen\\\/#breadcrumb\",\"itemListElement\":[{\"@type\":\"ListItem\",\"position\":1,\"name\":\"Startseite\",\"item\":\"https:\\\/\\\/cdu-kaarst.de\\\/\"},{\"@type\":\"ListItem\",\"position\":2,\"name\":\"Neuwahl des Aufsichtsratsvorsitzenden: Herr Horn-Heinemann \u00fcbernimmt Vorsitz von Herrn C\u00f6llen\"}]},{\"@type\":\"WebSite\",\"@id\":\"https:\\\/\\\/cdu-kaarst.de\\\/#website\",\"url\":\"https:\\\/\\\/cdu-kaarst.de\\\/\",\"name\":\"CDU Kaarst-B\u00fcttgen\",\"description\":\"gut Leben in Kaarst\",\"publisher\":{\"@id\":\"https:\\\/\\\/cdu-kaarst.de\\\/#organization\"},\"potentialAction\":[{\"@type\":\"SearchAction\",\"target\":{\"@type\":\"EntryPoint\",\"urlTemplate\":\"https:\\\/\\\/cdu-kaarst.de\\\/?s={search_term_string}\"},\"query-input\":{\"@type\":\"PropertyValueSpecification\",\"valueRequired\":true,\"valueName\":\"search_term_string\"}}],\"inLanguage\":\"en-GB\"},{\"@type\":\"Organization\",\"@id\":\"https:\\\/\\\/cdu-kaarst.de\\\/#organization\",\"name\":\"CDU Kaarst-B\u00fcttgen\",\"url\":\"https:\\\/\\\/cdu-kaarst.de\\\/\",\"logo\":{\"@type\":\"ImageObject\",\"inLanguage\":\"en-GB\",\"@id\":\"https:\\\/\\\/cdu-kaarst.de\\\/#\\\/schema\\\/logo\\\/image\\\/\",\"url\":\"https:\\\/\\\/cdu-kaarst.de\\\/wp-content\\\/uploads\\\/cdu-gesamtlogo.png\",\"contentUrl\":\"https:\\\/\\\/cdu-kaarst.de\\\/wp-content\\\/uploads\\\/cdu-gesamtlogo.png\",\"width\":418,\"height\":120,\"caption\":\"CDU Kaarst-B\u00fcttgen\"},\"image\":{\"@id\":\"https:\\\/\\\/cdu-kaarst.de\\\/#\\\/schema\\\/logo\\\/image\\\/\"}},{\"@type\":\"Person\",\"@id\":\"https:\\\/\\\/cdu-kaarst.de\\\/#\\\/schema\\\/person\\\/05876a2bd7865609f2946e82cbc73476\",\"name\":\"@dm1n\",\"sameAs\":[\"http:\\\/\\\/cdu-kaarst.de\"]}]}<\/script>\n<!-- \/ Yoast SEO plugin. -->","yoast_head_json":{"title":"New election of the Chairman of the Supervisory Board: Mr Horn-Heinemann takes over as Chairman from Mr C\u00f6llen - CDU Kaarst-B\u00fcttgen","robots":{"index":"index","follow":"follow","max-snippet":"max-snippet:-1","max-image-preview":"max-image-preview:large","max-video-preview":"max-video-preview:-1"},"canonical":"https:\/\/cdu-kaarst.de\/en\/pressemeldungen\/neuwahl-des-aufsichtsratsvorsitzenden-herr-horn-heinemann-uebernimmt-vorsitz-von-herrn-coellen\/","og_locale":"en_GB","og_type":"article","og_title":"Neuwahl des Aufsichtsratsvorsitzenden: Herr Horn-Heinemann \u00fcbernimmt Vorsitz von Herrn C\u00f6llen - CDU Kaarst-B\u00fcttgen","og_description":"Die Regiobahn GmbH hat einen neuen Vorsitzenden gew\u00e4hlt. In der Aufsichtsratssitzung vom 18.Dezember 2024 wurde Herr Horn-Heinemann einstimmig zum Aufsichtsratsvorsitzenden gew\u00e4hlt und \u00fcbernimmt ab sofort den Vorsitz des Gremiums. Damit l\u00f6st er Herrn C\u00f6llen ab, der dieses Amt in den vergangenen Jahren mit gro\u00dfem Engagement und Weitsicht ausgef\u00fchrt hat und zum Bedauern aller Beteiligten aus [&hellip;]","og_url":"https:\/\/cdu-kaarst.de\/en\/pressemeldungen\/neuwahl-des-aufsichtsratsvorsitzenden-herr-horn-heinemann-uebernimmt-vorsitz-von-herrn-coellen\/","og_site_name":"CDU Kaarst-B\u00fcttgen","article_published_time":"2024-12-20T12:22:24+00:00","article_modified_time":"2024-12-20T15:03:14+00:00","og_image":[{"width":332,"height":59,"url":"https:\/\/cdu-kaarst.de\/wp-content\/uploads\/regiobahn-logo.jpg","type":"image\/jpeg"}],"author":"@dm1n","twitter_card":"summary_large_image","twitter_misc":{"Written by":"@dm1n","Estimated reading time":"2 minutes"},"schema":{"@context":"https:\/\/schema.org","@graph":[{"@type":"Article","@id":"https:\/\/cdu-kaarst.de\/pressemeldungen\/neuwahl-des-aufsichtsratsvorsitzenden-herr-horn-heinemann-uebernimmt-vorsitz-von-herrn-coellen\/#article","isPartOf":{"@id":"https:\/\/cdu-kaarst.de\/pressemeldungen\/neuwahl-des-aufsichtsratsvorsitzenden-herr-horn-heinemann-uebernimmt-vorsitz-von-herrn-coellen\/"},"author":{"name":"@dm1n","@id":"https:\/\/cdu-kaarst.de\/#\/schema\/person\/05876a2bd7865609f2946e82cbc73476"},"headline":"Neuwahl des Aufsichtsratsvorsitzenden: Herr Horn-Heinemann \u00fcbernimmt Vorsitz von Herrn C\u00f6llen","datePublished":"2024-12-20T12:22:24+00:00","dateModified":"2024-12-20T15:03:14+00:00","mainEntityOfPage":{"@id":"https:\/\/cdu-kaarst.de\/pressemeldungen\/neuwahl-des-aufsichtsratsvorsitzenden-herr-horn-heinemann-uebernimmt-vorsitz-von-herrn-coellen\/"},"wordCount":175,"publisher":{"@id":"https:\/\/cdu-kaarst.de\/#organization"},"image":{"@id":"https:\/\/cdu-kaarst.de\/pressemeldungen\/neuwahl-des-aufsichtsratsvorsitzenden-herr-horn-heinemann-uebernimmt-vorsitz-von-herrn-coellen\/#primaryimage"},"thumbnailUrl":"https:\/\/cdu-kaarst.de\/wp-content\/uploads\/regiobahn-logo.jpg","articleSection":["Pressemeldungen"],"inLanguage":"en-GB"},{"@type":"WebPage","@id":"https:\/\/cdu-kaarst.de\/pressemeldungen\/neuwahl-des-aufsichtsratsvorsitzenden-herr-horn-heinemann-uebernimmt-vorsitz-von-herrn-coellen\/","url":"https:\/\/cdu-kaarst.de\/pressemeldungen\/neuwahl-des-aufsichtsratsvorsitzenden-herr-horn-heinemann-uebernimmt-vorsitz-von-herrn-coellen\/","name":"New election of the Chairman of the Supervisory Board: Mr Horn-Heinemann takes over as Chairman from Mr C\u00f6llen - CDU Kaarst-B\u00fcttgen","isPartOf":{"@id":"https:\/\/cdu-kaarst.de\/#website"},"primaryImageOfPage":{"@id":"https:\/\/cdu-kaarst.de\/pressemeldungen\/neuwahl-des-aufsichtsratsvorsitzenden-herr-horn-heinemann-uebernimmt-vorsitz-von-herrn-coellen\/#primaryimage"},"image":{"@id":"https:\/\/cdu-kaarst.de\/pressemeldungen\/neuwahl-des-aufsichtsratsvorsitzenden-herr-horn-heinemann-uebernimmt-vorsitz-von-herrn-coellen\/#primaryimage"},"thumbnailUrl":"https:\/\/cdu-kaarst.de\/wp-content\/uploads\/regiobahn-logo.jpg","datePublished":"2024-12-20T12:22:24+00:00","dateModified":"2024-12-20T15:03:14+00:00","breadcrumb":{"@id":"https:\/\/cdu-kaarst.de\/pressemeldungen\/neuwahl-des-aufsichtsratsvorsitzenden-herr-horn-heinemann-uebernimmt-vorsitz-von-herrn-coellen\/#breadcrumb"},"inLanguage":"en-GB","potentialAction":[{"@type":"ReadAction","target":["https:\/\/cdu-kaarst.de\/pressemeldungen\/neuwahl-des-aufsichtsratsvorsitzenden-herr-horn-heinemann-uebernimmt-vorsitz-von-herrn-coellen\/"]}]},{"@type":"ImageObject","inLanguage":"en-GB","@id":"https:\/\/cdu-kaarst.de\/pressemeldungen\/neuwahl-des-aufsichtsratsvorsitzenden-herr-horn-heinemann-uebernimmt-vorsitz-von-herrn-coellen\/#primaryimage","url":"https:\/\/cdu-kaarst.de\/wp-content\/uploads\/regiobahn-logo.jpg","contentUrl":"https:\/\/cdu-kaarst.de\/wp-content\/uploads\/regiobahn-logo.jpg"},{"@type":"BreadcrumbList","@id":"https:\/\/cdu-kaarst.de\/pressemeldungen\/neuwahl-des-aufsichtsratsvorsitzenden-herr-horn-heinemann-uebernimmt-vorsitz-von-herrn-coellen\/#breadcrumb","itemListElement":[{"@type":"ListItem","position":1,"name":"Startseite","item":"https:\/\/cdu-kaarst.de\/"},{"@type":"ListItem","position":2,"name":"Neuwahl des Aufsichtsratsvorsitzenden: Herr Horn-Heinemann \u00fcbernimmt Vorsitz von Herrn C\u00f6llen"}]},{"@type":"WebSite","@id":"https:\/\/cdu-kaarst.de\/#website","url":"https:\/\/cdu-kaarst.de\/","name":"CDU Kaarst-B\u00fcttgen","description":"living well in Kaarst","publisher":{"@id":"https:\/\/cdu-kaarst.de\/#organization"},"potentialAction":[{"@type":"SearchAction","target":{"@type":"EntryPoint","urlTemplate":"https:\/\/cdu-kaarst.de\/?s={search_term_string}"},"query-input":{"@type":"PropertyValueSpecification","valueRequired":true,"valueName":"search_term_string"}}],"inLanguage":"en-GB"},{"@type":"Organization","@id":"https:\/\/cdu-kaarst.de\/#organization","name":"CDU Kaarst-B\u00fcttgen","url":"https:\/\/cdu-kaarst.de\/","logo":{"@type":"ImageObject","inLanguage":"en-GB","@id":"https:\/\/cdu-kaarst.de\/#\/schema\/logo\/image\/","url":"https:\/\/cdu-kaarst.de\/wp-content\/uploads\/cdu-gesamtlogo.png","contentUrl":"https:\/\/cdu-kaarst.de\/wp-content\/uploads\/cdu-gesamtlogo.png","width":418,"height":120,"caption":"CDU Kaarst-B\u00fcttgen"},"image":{"@id":"https:\/\/cdu-kaarst.de\/#\/schema\/logo\/image\/"}},{"@type":"Person","@id":"https:\/\/cdu-kaarst.de\/#\/schema\/person\/05876a2bd7865609f2946e82cbc73476","name":"@dm1n","sameAs":["http:\/\/cdu-kaarst.de"]}]}},"_links":{"self":[{"href":"https:\/\/cdu-kaarst.de\/en\/wp-json\/wp\/v2\/posts\/5685","targetHints":{"allow":["GET"]}}],"collection":[{"href":"https:\/\/cdu-kaarst.de\/en\/wp-json\/wp\/v2\/posts"}],"about":[{"href":"https:\/\/cdu-kaarst.de\/en\/wp-json\/wp\/v2\/types\/post"}],"author":[{"embeddable":true,"href":"https:\/\/cdu-kaarst.de\/en\/wp-json\/wp\/v2\/users\/1"}],"replies":[{"embeddable":true,"href":"https:\/\/cdu-kaarst.de\/en\/wp-json\/wp\/v2\/comments?post=5685"}],"version-history":[{"count":13,"href":"https:\/\/cdu-kaarst.de\/en\/wp-json\/wp\/v2\/posts\/5685\/revisions"}],"predecessor-version":[{"id":5702,"href":"https:\/\/cdu-kaarst.de\/en\/wp-json\/wp\/v2\/posts\/5685\/revisions\/5702"}],"wp:attachment":[{"href":"https:\/\/cdu-kaarst.de\/en\/wp-json\/wp\/v2\/media?parent=5685"}],"wp:term":[{"taxonomy":"category","embeddable":true,"href":"https:\/\/cdu-kaarst.de\/en\/wp-json\/wp\/v2\/categories?post=5685"},{"taxonomy":"post_tag","embeddable":true,"href":"https:\/\/cdu-kaarst.de\/en\/wp-json\/wp\/v2\/tags?post=5685"}],"curies":[{"name":"wp","href":"https:\/\/api.w.org\/{rel}","templated":true}]}}