{"id":5879,"date":"2025-01-13T13:33:14","date_gmt":"2025-01-13T12:33:14","guid":{"rendered":"https:\/\/cdu-kaarst.de\/?p=5879"},"modified":"2025-01-13T13:33:14","modified_gmt":"2025-01-13T12:33:14","slug":"cdu-generalsekretaer-linnemann-schwoert-partei-auf-wahlkampf-ein","status":"publish","type":"post","link":"https:\/\/cdu-kaarst.de\/en\/allgemein\/cdu-generalsekretaer-linnemann-schwoert-partei-auf-wahlkampf-ein\/","title":{"rendered":"CDU Secretary General Linnemann swears party in for election campaign"},"content":{"rendered":"<p>Carsten Linnemann, Secretary General of the CDU, has committed the party to the upcoming parliamentary election campaign. In a recent speech, he emphasised the importance of \"relieving the burden on the broad centre\" as the party's main concern. \"We will move Germany forward again,\" declared Linnemann and called on members to enter the election campaign with unity and determination.<\/p>\n<p>Further details on Linnemann's statements and the CDU's plans can be found here: <a href=\"https:\/\/rp-online.de\/nrw\/staedte\/kaarst\/kaarst-carsten-linnemann-schwoert-cdu-auf-bundestagswahlkampf-ein_aid-122195487\" target=\"_new\" rel=\"noopener\">rp-online.de<\/a><\/p>","protected":false},"excerpt":{"rendered":"<p>Carsten Linnemann, Generalsekret\u00e4r der CDU, hat die Partei auf den bevorstehenden Bundestagswahlkampf eingeschworen. In einer aktuellen Rede betonte er die Bedeutung der &#8222;Entlastung der breiten Mitte&#8220; als Hauptanliegen der Partei. \u201eWir werden Deutschland wieder voranbringen\u201c, erkl\u00e4rte Linnemann und forderte die Mitglieder auf, geschlossen und entschlossen in den Wahlkampf zu ziehen. Weitere Details zu Linnemanns Aussagen [&hellip;]<\/p>\n","protected":false},"author":1,"featured_media":5827,"comment_status":"closed","ping_status":"closed","sticky":false,"template":"","format":"standard","meta":{"footnotes":""},"categories":[1],"tags":[],"class_list":["post-5879","post","type-post","status-publish","format-standard","has-post-thumbnail","hentry","category-allgemein"],"yoast_head":"<!-- This site is optimized with the Yoast SEO plugin v27.4 - https:\/\/yoast.com\/product\/yoast-seo-wordpress\/ -->\n<title>CDU-Generalsekret\u00e4r Linnemann schw\u00f6rt Partei auf Wahlkampf ein - CDU Kaarst-B\u00fcttgen<\/title>\n<meta name=\"robots\" content=\"index, follow, max-snippet:-1, max-image-preview:large, max-video-preview:-1\" \/>\n<link rel=\"canonical\" href=\"https:\/\/cdu-kaarst.de\/en\/allgemein\/cdu-generalsekretaer-linnemann-schwoert-partei-auf-wahlkampf-ein\/\" \/>\n<meta property=\"og:locale\" content=\"en_GB\" \/>\n<meta property=\"og:type\" content=\"article\" \/>\n<meta property=\"og:title\" content=\"CDU-Generalsekret\u00e4r Linnemann schw\u00f6rt Partei auf Wahlkampf ein - CDU Kaarst-B\u00fcttgen\" \/>\n<meta property=\"og:description\" content=\"Carsten Linnemann, Generalsekret\u00e4r der CDU, hat die Partei auf den bevorstehenden Bundestagswahlkampf eingeschworen. In einer aktuellen Rede betonte er die Bedeutung der &#8222;Entlastung der breiten Mitte&#8220; als Hauptanliegen der Partei. \u201eWir werden Deutschland wieder voranbringen\u201c, erkl\u00e4rte Linnemann und forderte die Mitglieder auf, geschlossen und entschlossen in den Wahlkampf zu ziehen. Weitere Details zu Linnemanns Aussagen [&hellip;]\" \/>\n<meta property=\"og:url\" content=\"https:\/\/cdu-kaarst.de\/en\/allgemein\/cdu-generalsekretaer-linnemann-schwoert-partei-auf-wahlkampf-ein\/\" \/>\n<meta property=\"og:site_name\" content=\"CDU Kaarst-B\u00fcttgen\" \/>\n<meta property=\"article:published_time\" content=\"2025-01-13T12:33:14+00:00\" \/>\n<meta property=\"og:image\" content=\"https:\/\/cdu-kaarst.de\/wp-content\/uploads\/cdu-kaarst-neujahrsempfang-2025-15.jpg\" \/>\n\t<meta property=\"og:image:width\" content=\"1000\" \/>\n\t<meta property=\"og:image:height\" content=\"563\" \/>\n\t<meta property=\"og:image:type\" content=\"image\/jpeg\" \/>\n<meta name=\"author\" content=\"@dm1n\" \/>\n<meta name=\"twitter:card\" content=\"summary_large_image\" \/>\n<meta name=\"twitter:label1\" content=\"Written by\" \/>\n\t<meta name=\"twitter:data1\" content=\"@dm1n\" \/>\n\t<meta name=\"twitter:label2\" content=\"Estimated reading time\" \/>\n\t<meta name=\"twitter:data2\" content=\"1 minute\" \/>\n<script type=\"application\/ld+json\" class=\"yoast-schema-graph\">{\"@context\":\"https:\\\/\\\/schema.org\",\"@graph\":[{\"@type\":\"Article\",\"@id\":\"https:\\\/\\\/cdu-kaarst.de\\\/allgemein\\\/cdu-generalsekretaer-linnemann-schwoert-partei-auf-wahlkampf-ein\\\/#article\",\"isPartOf\":{\"@id\":\"https:\\\/\\\/cdu-kaarst.de\\\/allgemein\\\/cdu-generalsekretaer-linnemann-schwoert-partei-auf-wahlkampf-ein\\\/\"},\"author\":{\"name\":\"@dm1n\",\"@id\":\"https:\\\/\\\/cdu-kaarst.de\\\/#\\\/schema\\\/person\\\/05876a2bd7865609f2946e82cbc73476\"},\"headline\":\"CDU-Generalsekret\u00e4r Linnemann schw\u00f6rt Partei auf Wahlkampf ein\",\"datePublished\":\"2025-01-13T12:33:14+00:00\",\"mainEntityOfPage\":{\"@id\":\"https:\\\/\\\/cdu-kaarst.de\\\/allgemein\\\/cdu-generalsekretaer-linnemann-schwoert-partei-auf-wahlkampf-ein\\\/\"},\"wordCount\":77,\"publisher\":{\"@id\":\"https:\\\/\\\/cdu-kaarst.de\\\/#organization\"},\"image\":{\"@id\":\"https:\\\/\\\/cdu-kaarst.de\\\/allgemein\\\/cdu-generalsekretaer-linnemann-schwoert-partei-auf-wahlkampf-ein\\\/#primaryimage\"},\"thumbnailUrl\":\"https:\\\/\\\/cdu-kaarst.de\\\/wp-content\\\/uploads\\\/cdu-kaarst-neujahrsempfang-2025-15.jpg\",\"articleSection\":[\"Allgemein\"],\"inLanguage\":\"en-GB\"},{\"@type\":\"WebPage\",\"@id\":\"https:\\\/\\\/cdu-kaarst.de\\\/allgemein\\\/cdu-generalsekretaer-linnemann-schwoert-partei-auf-wahlkampf-ein\\\/\",\"url\":\"https:\\\/\\\/cdu-kaarst.de\\\/allgemein\\\/cdu-generalsekretaer-linnemann-schwoert-partei-auf-wahlkampf-ein\\\/\",\"name\":\"CDU-Generalsekret\u00e4r Linnemann schw\u00f6rt Partei auf Wahlkampf ein - CDU Kaarst-B\u00fcttgen\",\"isPartOf\":{\"@id\":\"https:\\\/\\\/cdu-kaarst.de\\\/#website\"},\"primaryImageOfPage\":{\"@id\":\"https:\\\/\\\/cdu-kaarst.de\\\/allgemein\\\/cdu-generalsekretaer-linnemann-schwoert-partei-auf-wahlkampf-ein\\\/#primaryimage\"},\"image\":{\"@id\":\"https:\\\/\\\/cdu-kaarst.de\\\/allgemein\\\/cdu-generalsekretaer-linnemann-schwoert-partei-auf-wahlkampf-ein\\\/#primaryimage\"},\"thumbnailUrl\":\"https:\\\/\\\/cdu-kaarst.de\\\/wp-content\\\/uploads\\\/cdu-kaarst-neujahrsempfang-2025-15.jpg\",\"datePublished\":\"2025-01-13T12:33:14+00:00\",\"breadcrumb\":{\"@id\":\"https:\\\/\\\/cdu-kaarst.de\\\/allgemein\\\/cdu-generalsekretaer-linnemann-schwoert-partei-auf-wahlkampf-ein\\\/#breadcrumb\"},\"inLanguage\":\"en-GB\",\"potentialAction\":[{\"@type\":\"ReadAction\",\"target\":[\"https:\\\/\\\/cdu-kaarst.de\\\/allgemein\\\/cdu-generalsekretaer-linnemann-schwoert-partei-auf-wahlkampf-ein\\\/\"]}]},{\"@type\":\"ImageObject\",\"inLanguage\":\"en-GB\",\"@id\":\"https:\\\/\\\/cdu-kaarst.de\\\/allgemein\\\/cdu-generalsekretaer-linnemann-schwoert-partei-auf-wahlkampf-ein\\\/#primaryimage\",\"url\":\"https:\\\/\\\/cdu-kaarst.de\\\/wp-content\\\/uploads\\\/cdu-kaarst-neujahrsempfang-2025-15.jpg\",\"contentUrl\":\"https:\\\/\\\/cdu-kaarst.de\\\/wp-content\\\/uploads\\\/cdu-kaarst-neujahrsempfang-2025-15.jpg\",\"width\":1000,\"height\":563},{\"@type\":\"BreadcrumbList\",\"@id\":\"https:\\\/\\\/cdu-kaarst.de\\\/allgemein\\\/cdu-generalsekretaer-linnemann-schwoert-partei-auf-wahlkampf-ein\\\/#breadcrumb\",\"itemListElement\":[{\"@type\":\"ListItem\",\"position\":1,\"name\":\"Startseite\",\"item\":\"https:\\\/\\\/cdu-kaarst.de\\\/\"},{\"@type\":\"ListItem\",\"position\":2,\"name\":\"CDU-Generalsekret\u00e4r Linnemann schw\u00f6rt Partei auf Wahlkampf ein\"}]},{\"@type\":\"WebSite\",\"@id\":\"https:\\\/\\\/cdu-kaarst.de\\\/#website\",\"url\":\"https:\\\/\\\/cdu-kaarst.de\\\/\",\"name\":\"CDU Kaarst-B\u00fcttgen\",\"description\":\"gut Leben in Kaarst\",\"publisher\":{\"@id\":\"https:\\\/\\\/cdu-kaarst.de\\\/#organization\"},\"potentialAction\":[{\"@type\":\"SearchAction\",\"target\":{\"@type\":\"EntryPoint\",\"urlTemplate\":\"https:\\\/\\\/cdu-kaarst.de\\\/?s={search_term_string}\"},\"query-input\":{\"@type\":\"PropertyValueSpecification\",\"valueRequired\":true,\"valueName\":\"search_term_string\"}}],\"inLanguage\":\"en-GB\"},{\"@type\":\"Organization\",\"@id\":\"https:\\\/\\\/cdu-kaarst.de\\\/#organization\",\"name\":\"CDU Kaarst-B\u00fcttgen\",\"url\":\"https:\\\/\\\/cdu-kaarst.de\\\/\",\"logo\":{\"@type\":\"ImageObject\",\"inLanguage\":\"en-GB\",\"@id\":\"https:\\\/\\\/cdu-kaarst.de\\\/#\\\/schema\\\/logo\\\/image\\\/\",\"url\":\"https:\\\/\\\/cdu-kaarst.de\\\/wp-content\\\/uploads\\\/cdu-gesamtlogo.png\",\"contentUrl\":\"https:\\\/\\\/cdu-kaarst.de\\\/wp-content\\\/uploads\\\/cdu-gesamtlogo.png\",\"width\":418,\"height\":120,\"caption\":\"CDU Kaarst-B\u00fcttgen\"},\"image\":{\"@id\":\"https:\\\/\\\/cdu-kaarst.de\\\/#\\\/schema\\\/logo\\\/image\\\/\"}},{\"@type\":\"Person\",\"@id\":\"https:\\\/\\\/cdu-kaarst.de\\\/#\\\/schema\\\/person\\\/05876a2bd7865609f2946e82cbc73476\",\"name\":\"@dm1n\",\"sameAs\":[\"http:\\\/\\\/cdu-kaarst.de\"]}]}<\/script>\n<!-- \/ Yoast SEO plugin. -->","yoast_head_json":{"title":"CDU General Secretary Linnemann swears in party for election campaign - CDU Kaarst-B\u00fcttgen","robots":{"index":"index","follow":"follow","max-snippet":"max-snippet:-1","max-image-preview":"max-image-preview:large","max-video-preview":"max-video-preview:-1"},"canonical":"https:\/\/cdu-kaarst.de\/en\/allgemein\/cdu-generalsekretaer-linnemann-schwoert-partei-auf-wahlkampf-ein\/","og_locale":"en_GB","og_type":"article","og_title":"CDU-Generalsekret\u00e4r Linnemann schw\u00f6rt Partei auf Wahlkampf ein - CDU Kaarst-B\u00fcttgen","og_description":"Carsten Linnemann, Generalsekret\u00e4r der CDU, hat die Partei auf den bevorstehenden Bundestagswahlkampf eingeschworen. In einer aktuellen Rede betonte er die Bedeutung der &#8222;Entlastung der breiten Mitte&#8220; als Hauptanliegen der Partei. \u201eWir werden Deutschland wieder voranbringen\u201c, erkl\u00e4rte Linnemann und forderte die Mitglieder auf, geschlossen und entschlossen in den Wahlkampf zu ziehen. Weitere Details zu Linnemanns Aussagen [&hellip;]","og_url":"https:\/\/cdu-kaarst.de\/en\/allgemein\/cdu-generalsekretaer-linnemann-schwoert-partei-auf-wahlkampf-ein\/","og_site_name":"CDU Kaarst-B\u00fcttgen","article_published_time":"2025-01-13T12:33:14+00:00","og_image":[{"width":1000,"height":563,"url":"https:\/\/cdu-kaarst.de\/wp-content\/uploads\/cdu-kaarst-neujahrsempfang-2025-15.jpg","type":"image\/jpeg"}],"author":"@dm1n","twitter_card":"summary_large_image","twitter_misc":{"Written by":"@dm1n","Estimated reading time":"1 minute"},"schema":{"@context":"https:\/\/schema.org","@graph":[{"@type":"Article","@id":"https:\/\/cdu-kaarst.de\/allgemein\/cdu-generalsekretaer-linnemann-schwoert-partei-auf-wahlkampf-ein\/#article","isPartOf":{"@id":"https:\/\/cdu-kaarst.de\/allgemein\/cdu-generalsekretaer-linnemann-schwoert-partei-auf-wahlkampf-ein\/"},"author":{"name":"@dm1n","@id":"https:\/\/cdu-kaarst.de\/#\/schema\/person\/05876a2bd7865609f2946e82cbc73476"},"headline":"CDU-Generalsekret\u00e4r Linnemann schw\u00f6rt Partei auf Wahlkampf ein","datePublished":"2025-01-13T12:33:14+00:00","mainEntityOfPage":{"@id":"https:\/\/cdu-kaarst.de\/allgemein\/cdu-generalsekretaer-linnemann-schwoert-partei-auf-wahlkampf-ein\/"},"wordCount":77,"publisher":{"@id":"https:\/\/cdu-kaarst.de\/#organization"},"image":{"@id":"https:\/\/cdu-kaarst.de\/allgemein\/cdu-generalsekretaer-linnemann-schwoert-partei-auf-wahlkampf-ein\/#primaryimage"},"thumbnailUrl":"https:\/\/cdu-kaarst.de\/wp-content\/uploads\/cdu-kaarst-neujahrsempfang-2025-15.jpg","articleSection":["Allgemein"],"inLanguage":"en-GB"},{"@type":"WebPage","@id":"https:\/\/cdu-kaarst.de\/allgemein\/cdu-generalsekretaer-linnemann-schwoert-partei-auf-wahlkampf-ein\/","url":"https:\/\/cdu-kaarst.de\/allgemein\/cdu-generalsekretaer-linnemann-schwoert-partei-auf-wahlkampf-ein\/","name":"CDU General Secretary Linnemann swears in party for election campaign - CDU Kaarst-B\u00fcttgen","isPartOf":{"@id":"https:\/\/cdu-kaarst.de\/#website"},"primaryImageOfPage":{"@id":"https:\/\/cdu-kaarst.de\/allgemein\/cdu-generalsekretaer-linnemann-schwoert-partei-auf-wahlkampf-ein\/#primaryimage"},"image":{"@id":"https:\/\/cdu-kaarst.de\/allgemein\/cdu-generalsekretaer-linnemann-schwoert-partei-auf-wahlkampf-ein\/#primaryimage"},"thumbnailUrl":"https:\/\/cdu-kaarst.de\/wp-content\/uploads\/cdu-kaarst-neujahrsempfang-2025-15.jpg","datePublished":"2025-01-13T12:33:14+00:00","breadcrumb":{"@id":"https:\/\/cdu-kaarst.de\/allgemein\/cdu-generalsekretaer-linnemann-schwoert-partei-auf-wahlkampf-ein\/#breadcrumb"},"inLanguage":"en-GB","potentialAction":[{"@type":"ReadAction","target":["https:\/\/cdu-kaarst.de\/allgemein\/cdu-generalsekretaer-linnemann-schwoert-partei-auf-wahlkampf-ein\/"]}]},{"@type":"ImageObject","inLanguage":"en-GB","@id":"https:\/\/cdu-kaarst.de\/allgemein\/cdu-generalsekretaer-linnemann-schwoert-partei-auf-wahlkampf-ein\/#primaryimage","url":"https:\/\/cdu-kaarst.de\/wp-content\/uploads\/cdu-kaarst-neujahrsempfang-2025-15.jpg","contentUrl":"https:\/\/cdu-kaarst.de\/wp-content\/uploads\/cdu-kaarst-neujahrsempfang-2025-15.jpg","width":1000,"height":563},{"@type":"BreadcrumbList","@id":"https:\/\/cdu-kaarst.de\/allgemein\/cdu-generalsekretaer-linnemann-schwoert-partei-auf-wahlkampf-ein\/#breadcrumb","itemListElement":[{"@type":"ListItem","position":1,"name":"Startseite","item":"https:\/\/cdu-kaarst.de\/"},{"@type":"ListItem","position":2,"name":"CDU-Generalsekret\u00e4r Linnemann schw\u00f6rt Partei auf Wahlkampf ein"}]},{"@type":"WebSite","@id":"https:\/\/cdu-kaarst.de\/#website","url":"https:\/\/cdu-kaarst.de\/","name":"CDU Kaarst-B\u00fcttgen","description":"living well in Kaarst","publisher":{"@id":"https:\/\/cdu-kaarst.de\/#organization"},"potentialAction":[{"@type":"SearchAction","target":{"@type":"EntryPoint","urlTemplate":"https:\/\/cdu-kaarst.de\/?s={search_term_string}"},"query-input":{"@type":"PropertyValueSpecification","valueRequired":true,"valueName":"search_term_string"}}],"inLanguage":"en-GB"},{"@type":"Organization","@id":"https:\/\/cdu-kaarst.de\/#organization","name":"CDU Kaarst-B\u00fcttgen","url":"https:\/\/cdu-kaarst.de\/","logo":{"@type":"ImageObject","inLanguage":"en-GB","@id":"https:\/\/cdu-kaarst.de\/#\/schema\/logo\/image\/","url":"https:\/\/cdu-kaarst.de\/wp-content\/uploads\/cdu-gesamtlogo.png","contentUrl":"https:\/\/cdu-kaarst.de\/wp-content\/uploads\/cdu-gesamtlogo.png","width":418,"height":120,"caption":"CDU Kaarst-B\u00fcttgen"},"image":{"@id":"https:\/\/cdu-kaarst.de\/#\/schema\/logo\/image\/"}},{"@type":"Person","@id":"https:\/\/cdu-kaarst.de\/#\/schema\/person\/05876a2bd7865609f2946e82cbc73476","name":"@dm1n","sameAs":["http:\/\/cdu-kaarst.de"]}]}},"_links":{"self":[{"href":"https:\/\/cdu-kaarst.de\/en\/wp-json\/wp\/v2\/posts\/5879","targetHints":{"allow":["GET"]}}],"collection":[{"href":"https:\/\/cdu-kaarst.de\/en\/wp-json\/wp\/v2\/posts"}],"about":[{"href":"https:\/\/cdu-kaarst.de\/en\/wp-json\/wp\/v2\/types\/post"}],"author":[{"embeddable":true,"href":"https:\/\/cdu-kaarst.de\/en\/wp-json\/wp\/v2\/users\/1"}],"replies":[{"embeddable":true,"href":"https:\/\/cdu-kaarst.de\/en\/wp-json\/wp\/v2\/comments?post=5879"}],"version-history":[{"count":1,"href":"https:\/\/cdu-kaarst.de\/en\/wp-json\/wp\/v2\/posts\/5879\/revisions"}],"predecessor-version":[{"id":5880,"href":"https:\/\/cdu-kaarst.de\/en\/wp-json\/wp\/v2\/posts\/5879\/revisions\/5880"}],"wp:featuredmedia":[{"embeddable":true,"href":"https:\/\/cdu-kaarst.de\/en\/wp-json\/wp\/v2\/media\/5827"}],"wp:attachment":[{"href":"https:\/\/cdu-kaarst.de\/en\/wp-json\/wp\/v2\/media?parent=5879"}],"wp:term":[{"taxonomy":"category","embeddable":true,"href":"https:\/\/cdu-kaarst.de\/en\/wp-json\/wp\/v2\/categories?post=5879"},{"taxonomy":"post_tag","embeddable":true,"href":"https:\/\/cdu-kaarst.de\/en\/wp-json\/wp\/v2\/tags?post=5879"}],"curies":[{"name":"wp","href":"https:\/\/api.w.org\/{rel}","templated":true}]}}