{"id":5894,"date":"2025-01-13T14:56:50","date_gmt":"2025-01-13T13:56:50","guid":{"rendered":"https:\/\/cdu-kaarst.de\/?p=5894"},"modified":"2025-01-13T16:16:59","modified_gmt":"2025-01-13T15:16:59","slug":"gut-leben-in-kaarst-ein-lesenswertes-magazin","status":"publish","type":"post","link":"https:\/\/cdu-kaarst.de\/en\/allgemein\/gut-leben-in-kaarst-ein-lesenswertes-magazin\/","title":{"rendered":"Living well in Kaarst - a magazine worth reading!"},"content":{"rendered":"<div data-elementor-type=\"wp-post\" data-elementor-id=\"5894\" class=\"elementor elementor-5894\" data-elementor-post-type=\"post\">\n\t\t\t\t\t\t<section class=\"elementor-section elementor-top-section elementor-element elementor-element-3746f94c elementor-section-boxed elementor-section-height-default elementor-section-height-default\" data-id=\"3746f94c\" data-element_type=\"section\" data-e-type=\"section\" data-settings=\"{&quot;jet_parallax_layout_list&quot;:[]}\">\n\t\t\t\t\t\t<div class=\"elementor-container elementor-column-gap-default\">\n\t\t\t\t\t<div class=\"elementor-column elementor-col-100 elementor-top-column elementor-element elementor-element-143f097\" data-id=\"143f097\" data-element_type=\"column\" data-e-type=\"column\">\n\t\t\t<div class=\"elementor-widget-wrap elementor-element-populated\">\n\t\t\t\t\t\t<div class=\"elementor-element elementor-element-5903b43a elementor-widget elementor-widget-text-editor\" data-id=\"5903b43a\" data-element_type=\"widget\" data-e-type=\"widget\" data-widget_type=\"text-editor.default\">\n\t\t\t\t<div class=\"elementor-widget-container\">\n\t\t\t\t\t\t\t\t\t<p>You can download this magazine <b>simply download<\/b> and print it out if you like. In it you will learn a lot of interesting facts about the CDU Kaarst, the <b>upcoming federal elections<\/b> and\u00a0<b>Council candidates<\/b>who are standing for local elections this year. We will inform you about the <b>Mayoral candidate Christian Horn-Heinemann<\/b> and about the\u00a0<span style=\"background-color: var( --e-global-color-9687a18 ); color: var( --e-global-color-secondary );\">Bundestag candidates for the Rhine-Neuss district <b>Ansgar Heveling<\/b>.\u00a0<\/span><\/p><p><span style=\"background-color: var( --e-global-color-9687a18 ); color: var( --e-global-color-secondary );\">The magazine will be updated again by the end of January - we will be happy to inform you as soon as the new edition is ready.<\/span><\/p>\t\t\t\t\t\t\t\t<\/div>\n\t\t\t\t<\/div>\n\t\t\t\t<div class=\"elementor-element elementor-element-46bd9fc elementor-widget elementor-widget-jet-download-button\" data-id=\"46bd9fc\" data-element_type=\"widget\" data-e-type=\"widget\" data-widget_type=\"jet-download-button.default\">\n\t\t\t\t<div class=\"elementor-widget-container\">\n\t\t\t\t\t<div class=\"elementor-jet-download-button jet-elements\"><a class=\"elementor-button elementor-size-md jet-download jet-download-icon-position-left\" data-e-disable-page-transition=\"true\" href=\"https:\/\/cdu-kaarst.de\/en\/?jet_download=1ff666e53e777e499dd6735405707a28a9085d60\" ><span class=\"jet-download__text\"><span class=\"jet-download__label\">Download now<\/span><span class=\"jet-download__file-name\"><\/span><small class=\"jet-download__sub-label\">2 MB<\/small><\/span><\/a>\n<\/div>\t\t\t\t<\/div>\n\t\t\t\t<\/div>\n\t\t\t\t\t<\/div>\n\t\t<\/div>\n\t\t\t\t\t<\/div>\n\t\t<\/section>\n\t\t\t\t<\/div>","protected":false},"excerpt":{"rendered":"<p>Sie k\u00f6nnen sich dieses Magazin ganz einfach herunterladen und wenn Sie wollen auch ausdrucken. Darin erfahren Sie viel Wissenswertes \u00fcber die CDU Kaarst, die anstehenden Bundestagswahlen und\u00a0Ratskandidaten, die sich dieses Jahr f\u00fcr die Kommunalwahl bewerben. Wir informieren Sie \u00fcber den B\u00fcrgermeisterkandidaten Christian Horn-Heinemann und \u00fcber den\u00a0Bundestagskandidaten f\u00fcr den Rhein-Kreis-Neuss Ansgar Heveling. Das Magazin wird bis [&hellip;]<\/p>\n","protected":false},"author":1,"featured_media":5896,"comment_status":"closed","ping_status":"closed","sticky":false,"template":"","format":"standard","meta":{"footnotes":""},"categories":[1],"tags":[],"class_list":["post-5894","post","type-post","status-publish","format-standard","has-post-thumbnail","hentry","category-allgemein"],"yoast_head":"<!-- This site is optimized with the Yoast SEO plugin v27.4 - https:\/\/yoast.com\/product\/yoast-seo-wordpress\/ -->\n<title>Gut leben in Kaarst \u2013 ein lesenswertes Magazin! - CDU Kaarst-B\u00fcttgen<\/title>\n<meta name=\"robots\" content=\"index, follow, max-snippet:-1, max-image-preview:large, max-video-preview:-1\" \/>\n<link rel=\"canonical\" href=\"https:\/\/cdu-kaarst.de\/en\/allgemein\/gut-leben-in-kaarst-ein-lesenswertes-magazin\/\" \/>\n<meta property=\"og:locale\" content=\"en_GB\" \/>\n<meta property=\"og:type\" content=\"article\" \/>\n<meta property=\"og:title\" content=\"Gut leben in Kaarst \u2013 ein lesenswertes Magazin! - CDU Kaarst-B\u00fcttgen\" \/>\n<meta property=\"og:description\" content=\"Sie k\u00f6nnen sich dieses Magazin ganz einfach herunterladen und wenn Sie wollen auch ausdrucken. Darin erfahren Sie viel Wissenswertes \u00fcber die CDU Kaarst, die anstehenden Bundestagswahlen und\u00a0Ratskandidaten, die sich dieses Jahr f\u00fcr die Kommunalwahl bewerben. Wir informieren Sie \u00fcber den B\u00fcrgermeisterkandidaten Christian Horn-Heinemann und \u00fcber den\u00a0Bundestagskandidaten f\u00fcr den Rhein-Kreis-Neuss Ansgar Heveling. Das Magazin wird bis [&hellip;]\" \/>\n<meta property=\"og:url\" content=\"https:\/\/cdu-kaarst.de\/en\/allgemein\/gut-leben-in-kaarst-ein-lesenswertes-magazin\/\" \/>\n<meta property=\"og:site_name\" content=\"CDU Kaarst-B\u00fcttgen\" \/>\n<meta property=\"article:published_time\" content=\"2025-01-13T13:56:50+00:00\" \/>\n<meta property=\"article:modified_time\" content=\"2025-01-13T15:16:59+00:00\" \/>\n<meta property=\"og:image\" content=\"https:\/\/cdu-kaarst.de\/wp-content\/uploads\/cdu_magazin_gut-leben-in-kaarst-beitrag.jpg\" \/>\n\t<meta property=\"og:image:width\" content=\"1024\" \/>\n\t<meta property=\"og:image:height\" content=\"1024\" \/>\n\t<meta property=\"og:image:type\" content=\"image\/jpeg\" \/>\n<meta name=\"author\" content=\"@dm1n\" \/>\n<meta name=\"twitter:card\" content=\"summary_large_image\" \/>\n<meta name=\"twitter:label1\" content=\"Written by\" \/>\n\t<meta name=\"twitter:data1\" content=\"@dm1n\" \/>\n\t<meta name=\"twitter:label2\" content=\"Estimated reading time\" \/>\n\t<meta name=\"twitter:data2\" content=\"1 minute\" \/>\n<script type=\"application\/ld+json\" class=\"yoast-schema-graph\">{\"@context\":\"https:\\\/\\\/schema.org\",\"@graph\":[{\"@type\":\"Article\",\"@id\":\"https:\\\/\\\/cdu-kaarst.de\\\/allgemein\\\/gut-leben-in-kaarst-ein-lesenswertes-magazin\\\/#article\",\"isPartOf\":{\"@id\":\"https:\\\/\\\/cdu-kaarst.de\\\/allgemein\\\/gut-leben-in-kaarst-ein-lesenswertes-magazin\\\/\"},\"author\":{\"name\":\"@dm1n\",\"@id\":\"https:\\\/\\\/cdu-kaarst.de\\\/#\\\/schema\\\/person\\\/05876a2bd7865609f2946e82cbc73476\"},\"headline\":\"Gut leben in Kaarst \u2013 ein lesenswertes Magazin!\",\"datePublished\":\"2025-01-13T13:56:50+00:00\",\"dateModified\":\"2025-01-13T15:16:59+00:00\",\"mainEntityOfPage\":{\"@id\":\"https:\\\/\\\/cdu-kaarst.de\\\/allgemein\\\/gut-leben-in-kaarst-ein-lesenswertes-magazin\\\/\"},\"wordCount\":84,\"publisher\":{\"@id\":\"https:\\\/\\\/cdu-kaarst.de\\\/#organization\"},\"image\":{\"@id\":\"https:\\\/\\\/cdu-kaarst.de\\\/allgemein\\\/gut-leben-in-kaarst-ein-lesenswertes-magazin\\\/#primaryimage\"},\"thumbnailUrl\":\"https:\\\/\\\/cdu-kaarst.de\\\/wp-content\\\/uploads\\\/cdu_magazin_gut-leben-in-kaarst-beitrag.jpg\",\"articleSection\":[\"Allgemein\"],\"inLanguage\":\"en-GB\"},{\"@type\":\"WebPage\",\"@id\":\"https:\\\/\\\/cdu-kaarst.de\\\/allgemein\\\/gut-leben-in-kaarst-ein-lesenswertes-magazin\\\/\",\"url\":\"https:\\\/\\\/cdu-kaarst.de\\\/allgemein\\\/gut-leben-in-kaarst-ein-lesenswertes-magazin\\\/\",\"name\":\"Gut leben in Kaarst \u2013 ein lesenswertes Magazin! - CDU Kaarst-B\u00fcttgen\",\"isPartOf\":{\"@id\":\"https:\\\/\\\/cdu-kaarst.de\\\/#website\"},\"primaryImageOfPage\":{\"@id\":\"https:\\\/\\\/cdu-kaarst.de\\\/allgemein\\\/gut-leben-in-kaarst-ein-lesenswertes-magazin\\\/#primaryimage\"},\"image\":{\"@id\":\"https:\\\/\\\/cdu-kaarst.de\\\/allgemein\\\/gut-leben-in-kaarst-ein-lesenswertes-magazin\\\/#primaryimage\"},\"thumbnailUrl\":\"https:\\\/\\\/cdu-kaarst.de\\\/wp-content\\\/uploads\\\/cdu_magazin_gut-leben-in-kaarst-beitrag.jpg\",\"datePublished\":\"2025-01-13T13:56:50+00:00\",\"dateModified\":\"2025-01-13T15:16:59+00:00\",\"breadcrumb\":{\"@id\":\"https:\\\/\\\/cdu-kaarst.de\\\/allgemein\\\/gut-leben-in-kaarst-ein-lesenswertes-magazin\\\/#breadcrumb\"},\"inLanguage\":\"en-GB\",\"potentialAction\":[{\"@type\":\"ReadAction\",\"target\":[\"https:\\\/\\\/cdu-kaarst.de\\\/allgemein\\\/gut-leben-in-kaarst-ein-lesenswertes-magazin\\\/\"]}]},{\"@type\":\"ImageObject\",\"inLanguage\":\"en-GB\",\"@id\":\"https:\\\/\\\/cdu-kaarst.de\\\/allgemein\\\/gut-leben-in-kaarst-ein-lesenswertes-magazin\\\/#primaryimage\",\"url\":\"https:\\\/\\\/cdu-kaarst.de\\\/wp-content\\\/uploads\\\/cdu_magazin_gut-leben-in-kaarst-beitrag.jpg\",\"contentUrl\":\"https:\\\/\\\/cdu-kaarst.de\\\/wp-content\\\/uploads\\\/cdu_magazin_gut-leben-in-kaarst-beitrag.jpg\",\"width\":1024,\"height\":1024},{\"@type\":\"BreadcrumbList\",\"@id\":\"https:\\\/\\\/cdu-kaarst.de\\\/allgemein\\\/gut-leben-in-kaarst-ein-lesenswertes-magazin\\\/#breadcrumb\",\"itemListElement\":[{\"@type\":\"ListItem\",\"position\":1,\"name\":\"Startseite\",\"item\":\"https:\\\/\\\/cdu-kaarst.de\\\/\"},{\"@type\":\"ListItem\",\"position\":2,\"name\":\"Gut leben in Kaarst \u2013 ein lesenswertes Magazin!\"}]},{\"@type\":\"WebSite\",\"@id\":\"https:\\\/\\\/cdu-kaarst.de\\\/#website\",\"url\":\"https:\\\/\\\/cdu-kaarst.de\\\/\",\"name\":\"CDU Kaarst-B\u00fcttgen\",\"description\":\"gut Leben in Kaarst\",\"publisher\":{\"@id\":\"https:\\\/\\\/cdu-kaarst.de\\\/#organization\"},\"potentialAction\":[{\"@type\":\"SearchAction\",\"target\":{\"@type\":\"EntryPoint\",\"urlTemplate\":\"https:\\\/\\\/cdu-kaarst.de\\\/?s={search_term_string}\"},\"query-input\":{\"@type\":\"PropertyValueSpecification\",\"valueRequired\":true,\"valueName\":\"search_term_string\"}}],\"inLanguage\":\"en-GB\"},{\"@type\":\"Organization\",\"@id\":\"https:\\\/\\\/cdu-kaarst.de\\\/#organization\",\"name\":\"CDU Kaarst-B\u00fcttgen\",\"url\":\"https:\\\/\\\/cdu-kaarst.de\\\/\",\"logo\":{\"@type\":\"ImageObject\",\"inLanguage\":\"en-GB\",\"@id\":\"https:\\\/\\\/cdu-kaarst.de\\\/#\\\/schema\\\/logo\\\/image\\\/\",\"url\":\"https:\\\/\\\/cdu-kaarst.de\\\/wp-content\\\/uploads\\\/cdu-gesamtlogo.png\",\"contentUrl\":\"https:\\\/\\\/cdu-kaarst.de\\\/wp-content\\\/uploads\\\/cdu-gesamtlogo.png\",\"width\":418,\"height\":120,\"caption\":\"CDU Kaarst-B\u00fcttgen\"},\"image\":{\"@id\":\"https:\\\/\\\/cdu-kaarst.de\\\/#\\\/schema\\\/logo\\\/image\\\/\"}},{\"@type\":\"Person\",\"@id\":\"https:\\\/\\\/cdu-kaarst.de\\\/#\\\/schema\\\/person\\\/05876a2bd7865609f2946e82cbc73476\",\"name\":\"@dm1n\",\"sameAs\":[\"http:\\\/\\\/cdu-kaarst.de\"]}]}<\/script>\n<!-- \/ Yoast SEO plugin. -->","yoast_head_json":{"title":"Living well in Kaarst - a magazine worth reading! - CDU Kaarst-B\u00fcttgen","robots":{"index":"index","follow":"follow","max-snippet":"max-snippet:-1","max-image-preview":"max-image-preview:large","max-video-preview":"max-video-preview:-1"},"canonical":"https:\/\/cdu-kaarst.de\/en\/allgemein\/gut-leben-in-kaarst-ein-lesenswertes-magazin\/","og_locale":"en_GB","og_type":"article","og_title":"Gut leben in Kaarst \u2013 ein lesenswertes Magazin! - CDU Kaarst-B\u00fcttgen","og_description":"Sie k\u00f6nnen sich dieses Magazin ganz einfach herunterladen und wenn Sie wollen auch ausdrucken. Darin erfahren Sie viel Wissenswertes \u00fcber die CDU Kaarst, die anstehenden Bundestagswahlen und\u00a0Ratskandidaten, die sich dieses Jahr f\u00fcr die Kommunalwahl bewerben. Wir informieren Sie \u00fcber den B\u00fcrgermeisterkandidaten Christian Horn-Heinemann und \u00fcber den\u00a0Bundestagskandidaten f\u00fcr den Rhein-Kreis-Neuss Ansgar Heveling. Das Magazin wird bis [&hellip;]","og_url":"https:\/\/cdu-kaarst.de\/en\/allgemein\/gut-leben-in-kaarst-ein-lesenswertes-magazin\/","og_site_name":"CDU Kaarst-B\u00fcttgen","article_published_time":"2025-01-13T13:56:50+00:00","article_modified_time":"2025-01-13T15:16:59+00:00","og_image":[{"width":1024,"height":1024,"url":"https:\/\/cdu-kaarst.de\/wp-content\/uploads\/cdu_magazin_gut-leben-in-kaarst-beitrag.jpg","type":"image\/jpeg"}],"author":"@dm1n","twitter_card":"summary_large_image","twitter_misc":{"Written by":"@dm1n","Estimated reading time":"1 minute"},"schema":{"@context":"https:\/\/schema.org","@graph":[{"@type":"Article","@id":"https:\/\/cdu-kaarst.de\/allgemein\/gut-leben-in-kaarst-ein-lesenswertes-magazin\/#article","isPartOf":{"@id":"https:\/\/cdu-kaarst.de\/allgemein\/gut-leben-in-kaarst-ein-lesenswertes-magazin\/"},"author":{"name":"@dm1n","@id":"https:\/\/cdu-kaarst.de\/#\/schema\/person\/05876a2bd7865609f2946e82cbc73476"},"headline":"Gut leben in Kaarst \u2013 ein lesenswertes Magazin!","datePublished":"2025-01-13T13:56:50+00:00","dateModified":"2025-01-13T15:16:59+00:00","mainEntityOfPage":{"@id":"https:\/\/cdu-kaarst.de\/allgemein\/gut-leben-in-kaarst-ein-lesenswertes-magazin\/"},"wordCount":84,"publisher":{"@id":"https:\/\/cdu-kaarst.de\/#organization"},"image":{"@id":"https:\/\/cdu-kaarst.de\/allgemein\/gut-leben-in-kaarst-ein-lesenswertes-magazin\/#primaryimage"},"thumbnailUrl":"https:\/\/cdu-kaarst.de\/wp-content\/uploads\/cdu_magazin_gut-leben-in-kaarst-beitrag.jpg","articleSection":["Allgemein"],"inLanguage":"en-GB"},{"@type":"WebPage","@id":"https:\/\/cdu-kaarst.de\/allgemein\/gut-leben-in-kaarst-ein-lesenswertes-magazin\/","url":"https:\/\/cdu-kaarst.de\/allgemein\/gut-leben-in-kaarst-ein-lesenswertes-magazin\/","name":"Living well in Kaarst - a magazine worth reading! - CDU Kaarst-B\u00fcttgen","isPartOf":{"@id":"https:\/\/cdu-kaarst.de\/#website"},"primaryImageOfPage":{"@id":"https:\/\/cdu-kaarst.de\/allgemein\/gut-leben-in-kaarst-ein-lesenswertes-magazin\/#primaryimage"},"image":{"@id":"https:\/\/cdu-kaarst.de\/allgemein\/gut-leben-in-kaarst-ein-lesenswertes-magazin\/#primaryimage"},"thumbnailUrl":"https:\/\/cdu-kaarst.de\/wp-content\/uploads\/cdu_magazin_gut-leben-in-kaarst-beitrag.jpg","datePublished":"2025-01-13T13:56:50+00:00","dateModified":"2025-01-13T15:16:59+00:00","breadcrumb":{"@id":"https:\/\/cdu-kaarst.de\/allgemein\/gut-leben-in-kaarst-ein-lesenswertes-magazin\/#breadcrumb"},"inLanguage":"en-GB","potentialAction":[{"@type":"ReadAction","target":["https:\/\/cdu-kaarst.de\/allgemein\/gut-leben-in-kaarst-ein-lesenswertes-magazin\/"]}]},{"@type":"ImageObject","inLanguage":"en-GB","@id":"https:\/\/cdu-kaarst.de\/allgemein\/gut-leben-in-kaarst-ein-lesenswertes-magazin\/#primaryimage","url":"https:\/\/cdu-kaarst.de\/wp-content\/uploads\/cdu_magazin_gut-leben-in-kaarst-beitrag.jpg","contentUrl":"https:\/\/cdu-kaarst.de\/wp-content\/uploads\/cdu_magazin_gut-leben-in-kaarst-beitrag.jpg","width":1024,"height":1024},{"@type":"BreadcrumbList","@id":"https:\/\/cdu-kaarst.de\/allgemein\/gut-leben-in-kaarst-ein-lesenswertes-magazin\/#breadcrumb","itemListElement":[{"@type":"ListItem","position":1,"name":"Startseite","item":"https:\/\/cdu-kaarst.de\/"},{"@type":"ListItem","position":2,"name":"Gut leben in Kaarst \u2013 ein lesenswertes Magazin!"}]},{"@type":"WebSite","@id":"https:\/\/cdu-kaarst.de\/#website","url":"https:\/\/cdu-kaarst.de\/","name":"CDU Kaarst-B\u00fcttgen","description":"living well in Kaarst","publisher":{"@id":"https:\/\/cdu-kaarst.de\/#organization"},"potentialAction":[{"@type":"SearchAction","target":{"@type":"EntryPoint","urlTemplate":"https:\/\/cdu-kaarst.de\/?s={search_term_string}"},"query-input":{"@type":"PropertyValueSpecification","valueRequired":true,"valueName":"search_term_string"}}],"inLanguage":"en-GB"},{"@type":"Organization","@id":"https:\/\/cdu-kaarst.de\/#organization","name":"CDU Kaarst-B\u00fcttgen","url":"https:\/\/cdu-kaarst.de\/","logo":{"@type":"ImageObject","inLanguage":"en-GB","@id":"https:\/\/cdu-kaarst.de\/#\/schema\/logo\/image\/","url":"https:\/\/cdu-kaarst.de\/wp-content\/uploads\/cdu-gesamtlogo.png","contentUrl":"https:\/\/cdu-kaarst.de\/wp-content\/uploads\/cdu-gesamtlogo.png","width":418,"height":120,"caption":"CDU Kaarst-B\u00fcttgen"},"image":{"@id":"https:\/\/cdu-kaarst.de\/#\/schema\/logo\/image\/"}},{"@type":"Person","@id":"https:\/\/cdu-kaarst.de\/#\/schema\/person\/05876a2bd7865609f2946e82cbc73476","name":"@dm1n","sameAs":["http:\/\/cdu-kaarst.de"]}]}},"_links":{"self":[{"href":"https:\/\/cdu-kaarst.de\/en\/wp-json\/wp\/v2\/posts\/5894","targetHints":{"allow":["GET"]}}],"collection":[{"href":"https:\/\/cdu-kaarst.de\/en\/wp-json\/wp\/v2\/posts"}],"about":[{"href":"https:\/\/cdu-kaarst.de\/en\/wp-json\/wp\/v2\/types\/post"}],"author":[{"embeddable":true,"href":"https:\/\/cdu-kaarst.de\/en\/wp-json\/wp\/v2\/users\/1"}],"replies":[{"embeddable":true,"href":"https:\/\/cdu-kaarst.de\/en\/wp-json\/wp\/v2\/comments?post=5894"}],"version-history":[{"count":6,"href":"https:\/\/cdu-kaarst.de\/en\/wp-json\/wp\/v2\/posts\/5894\/revisions"}],"predecessor-version":[{"id":5902,"href":"https:\/\/cdu-kaarst.de\/en\/wp-json\/wp\/v2\/posts\/5894\/revisions\/5902"}],"wp:featuredmedia":[{"embeddable":true,"href":"https:\/\/cdu-kaarst.de\/en\/wp-json\/wp\/v2\/media\/5896"}],"wp:attachment":[{"href":"https:\/\/cdu-kaarst.de\/en\/wp-json\/wp\/v2\/media?parent=5894"}],"wp:term":[{"taxonomy":"category","embeddable":true,"href":"https:\/\/cdu-kaarst.de\/en\/wp-json\/wp\/v2\/categories?post=5894"},{"taxonomy":"post_tag","embeddable":true,"href":"https:\/\/cdu-kaarst.de\/en\/wp-json\/wp\/v2\/tags?post=5894"}],"curies":[{"name":"wp","href":"https:\/\/api.w.org\/{rel}","templated":true}]}}