{"id":5912,"date":"2025-01-16T11:00:25","date_gmt":"2025-01-16T10:00:25","guid":{"rendered":"https:\/\/cdu-kaarst.de\/?p=5912"},"modified":"2025-01-16T10:32:00","modified_gmt":"2025-01-16T09:32:00","slug":"jueddepatt-mit-stolperstein-fuer-dr-winfried-selbiger","status":"publish","type":"post","link":"https:\/\/cdu-kaarst.de\/en\/allgemein\/jueddepatt-mit-stolperstein-fuer-dr-winfried-selbiger\/","title":{"rendered":"Jewish memorial with stumbling block for Dr Winfried Selbiger"},"content":{"rendered":"<div data-elementor-type=\"wp-post\" data-elementor-id=\"5912\" class=\"elementor elementor-5912\" data-elementor-post-type=\"post\">\n\t\t\t\t\t\t<section class=\"elementor-section elementor-top-section elementor-element elementor-element-64a66966 elementor-section-boxed elementor-section-height-default elementor-section-height-default\" data-id=\"64a66966\" data-element_type=\"section\" data-e-type=\"section\" data-settings=\"{&quot;jet_parallax_layout_list&quot;:[]}\">\n\t\t\t\t\t\t<div class=\"elementor-container elementor-column-gap-default\">\n\t\t\t\t\t<div class=\"elementor-column elementor-col-100 elementor-top-column elementor-element elementor-element-26a32800\" data-id=\"26a32800\" data-element_type=\"column\" data-e-type=\"column\">\n\t\t\t<div class=\"elementor-widget-wrap elementor-element-populated\">\n\t\t\t\t\t\t<div class=\"elementor-element elementor-element-c621206 elementor-widget elementor-widget-text-editor\" data-id=\"c621206\" data-element_type=\"widget\" data-e-type=\"widget\" data-widget_type=\"text-editor.default\">\n\t\t\t\t<div class=\"elementor-widget-container\">\n\t\t\t\t\t\t\t\t\t<p><a href=\"https:\/\/cdu-kaarst.de\/en\/personen\/christian-horn-heinemann\/\">Christian Horn-Heinemann<\/a> and theologian Carl-Wilhelm Bienefeld met at the <strong>J\u00fcddepatt<\/strong>where a <a href=\"https:\/\/www.kaarst.de\/kultur-freizeit-und-stadtinfos\/stadtinfos\/stadtgeschichte\/stolperstein\" target=\"_blank\" rel=\"noopener\">Stumbling block<\/a> to the doctor <strong>Dr Winfried Selbiger<\/strong> remembers. The J\u00fcddepatt is a historic path between B\u00fcttgen and Glehn. Until the 1930s, many Jewish families travelled from Glehn to B\u00fcttgen on foot along the grass-covered path to trade cattle. At the Buscherh\u00f6fe, the path crossed the Kahlenberger Weg and from there was identical to the Buscherpfad \/ Buscher Kirchpfad. The J\u00fcddepatt led as J\u00fcddeg\u00e4tzke into Gartenstra\u00dfe, which was then called Hongsjatz.<\/p><p>In October 2022, the first <strong>Stumbling block<\/strong> laid by artist Gunter Demnig himself. This stone draws attention to the fate of the doctor Dr Winfried Selbiger, who set up as a GP in B\u00fcttgen in 1932. Dr Selbiger was taken into protective custody by the National Socialists in October 1933 and was not allowed to enter his home or practice after his release. He then emigrated to Tanzania. Winfried Selbiger returned to Germany in 1954 and died at the end of 1961\/beginning of 1962.<\/p><p>As part of a project at the <a href=\"https:\/\/gesamtschule-kaarst.de\/\" target=\"_blank\" rel=\"noopener\"><strong>Emmy Noether Comprehensive School<\/strong><\/a> In Kaarst, the impulse arose to look into the history of Dr Winfried Selbiger - the pupils' interest in the fate of a fellow citizen was great. Historian Reinhold Mohr then spent over two years researching the subject, the results of which are to be recorded in a book.<\/p><p>The Stolperstein is not only intended to pay tribute to Dr Winfried Selbiger, but also to encourage the community to come to terms with Jewish history, especially during the Third Reich. The Stolperstein is a symbol of tolerance and understanding.<\/p>\t\t\t\t\t\t\t\t<\/div>\n\t\t\t\t<\/div>\n\t\t\t\t\t<\/div>\n\t\t<\/div>\n\t\t\t\t\t<\/div>\n\t\t<\/section>\n\t\t\t\t<\/div>","protected":false},"excerpt":{"rendered":"<p>Christian Horn-Heinemann und Theologe Carl-Wilhelm Bienefeld trafen sich auf dem J\u00fcddepatt, wo ein Stolperstein an den Arzt Dr. Winfried Selbiger erinnert. Der J\u00fcddepatt ist ein historischer Weg zwischen B\u00fcttgen und Glehn. Bis in die 30er Jahre kamen \u00fcber den mit Gras bewachsenen Pfad viele j\u00fcdische Familien von Glehn zu Fu\u00df nach B\u00fcttgen, um Viehhandel zu [&hellip;]<\/p>\n","protected":false},"author":4,"featured_media":5914,"comment_status":"closed","ping_status":"closed","sticky":false,"template":"","format":"standard","meta":{"footnotes":""},"categories":[1],"tags":[],"class_list":["post-5912","post","type-post","status-publish","format-standard","has-post-thumbnail","hentry","category-allgemein"],"yoast_head":"<!-- This site is optimized with the Yoast SEO plugin v27.4 - https:\/\/yoast.com\/product\/yoast-seo-wordpress\/ -->\n<title>J\u00fcddepatt mit Stolperstein f\u00fcr Dr. Winfried Selbiger - CDU Kaarst-B\u00fcttgen<\/title>\n<meta name=\"description\" content=\"Christian Horn-Heinemann und Theologe Carl-Wilhelm Bienefeld trafen sich auf dem J\u00fcddepatt, wo ein Stolperstein an den Arzt Dr. Winfried Selbiger erinnert.\" \/>\n<meta name=\"robots\" content=\"index, follow, max-snippet:-1, max-image-preview:large, max-video-preview:-1\" \/>\n<link rel=\"canonical\" href=\"https:\/\/cdu-kaarst.de\/en\/allgemein\/jueddepatt-mit-stolperstein-fuer-dr-winfried-selbiger\/\" \/>\n<meta property=\"og:locale\" content=\"en_GB\" \/>\n<meta property=\"og:type\" content=\"article\" \/>\n<meta property=\"og:title\" content=\"J\u00fcddepatt mit Stolperstein f\u00fcr Dr. Winfried Selbiger - CDU Kaarst-B\u00fcttgen\" \/>\n<meta property=\"og:description\" content=\"Christian Horn-Heinemann und Theologe Carl-Wilhelm Bienefeld trafen sich auf dem J\u00fcddepatt, wo ein Stolperstein an den Arzt Dr. Winfried Selbiger erinnert.\" \/>\n<meta property=\"og:url\" content=\"https:\/\/cdu-kaarst.de\/en\/allgemein\/jueddepatt-mit-stolperstein-fuer-dr-winfried-selbiger\/\" \/>\n<meta property=\"og:site_name\" content=\"CDU Kaarst-B\u00fcttgen\" \/>\n<meta property=\"article:published_time\" content=\"2025-01-16T10:00:25+00:00\" \/>\n<meta property=\"og:image\" content=\"https:\/\/cdu-kaarst.de\/wp-content\/uploads\/WhatsApp_Image_2025-01-13_at_11.54_.40__1__.jpeg\" \/>\n\t<meta property=\"og:image:width\" content=\"1920\" \/>\n\t<meta property=\"og:image:height\" content=\"1440\" \/>\n\t<meta property=\"og:image:type\" content=\"image\/jpeg\" \/>\n<meta name=\"author\" content=\"Redaktion\" \/>\n<meta name=\"twitter:card\" content=\"summary_large_image\" \/>\n<meta name=\"twitter:label1\" content=\"Written by\" \/>\n\t<meta name=\"twitter:data1\" content=\"Redaktion\" \/>\n\t<meta name=\"twitter:label2\" content=\"Estimated reading time\" \/>\n\t<meta name=\"twitter:data2\" content=\"2 minutes\" \/>\n<script type=\"application\/ld+json\" class=\"yoast-schema-graph\">{\"@context\":\"https:\\\/\\\/schema.org\",\"@graph\":[{\"@type\":\"Article\",\"@id\":\"https:\\\/\\\/cdu-kaarst.de\\\/allgemein\\\/jueddepatt-mit-stolperstein-fuer-dr-winfried-selbiger\\\/#article\",\"isPartOf\":{\"@id\":\"https:\\\/\\\/cdu-kaarst.de\\\/allgemein\\\/jueddepatt-mit-stolperstein-fuer-dr-winfried-selbiger\\\/\"},\"author\":{\"name\":\"Redaktion\",\"@id\":\"https:\\\/\\\/cdu-kaarst.de\\\/#\\\/schema\\\/person\\\/246f51db799d47b1fcc72fd16f5e948b\"},\"headline\":\"J\u00fcddepatt mit Stolperstein f\u00fcr Dr. Winfried Selbiger\",\"datePublished\":\"2025-01-16T10:00:25+00:00\",\"mainEntityOfPage\":{\"@id\":\"https:\\\/\\\/cdu-kaarst.de\\\/allgemein\\\/jueddepatt-mit-stolperstein-fuer-dr-winfried-selbiger\\\/\"},\"wordCount\":286,\"publisher\":{\"@id\":\"https:\\\/\\\/cdu-kaarst.de\\\/#organization\"},\"image\":{\"@id\":\"https:\\\/\\\/cdu-kaarst.de\\\/allgemein\\\/jueddepatt-mit-stolperstein-fuer-dr-winfried-selbiger\\\/#primaryimage\"},\"thumbnailUrl\":\"https:\\\/\\\/cdu-kaarst.de\\\/wp-content\\\/uploads\\\/WhatsApp_Image_2025-01-13_at_11.54_.40__1__.jpeg\",\"articleSection\":[\"Allgemein\"],\"inLanguage\":\"en-GB\"},{\"@type\":\"WebPage\",\"@id\":\"https:\\\/\\\/cdu-kaarst.de\\\/allgemein\\\/jueddepatt-mit-stolperstein-fuer-dr-winfried-selbiger\\\/\",\"url\":\"https:\\\/\\\/cdu-kaarst.de\\\/allgemein\\\/jueddepatt-mit-stolperstein-fuer-dr-winfried-selbiger\\\/\",\"name\":\"J\u00fcddepatt mit Stolperstein f\u00fcr Dr. Winfried Selbiger - CDU Kaarst-B\u00fcttgen\",\"isPartOf\":{\"@id\":\"https:\\\/\\\/cdu-kaarst.de\\\/#website\"},\"primaryImageOfPage\":{\"@id\":\"https:\\\/\\\/cdu-kaarst.de\\\/allgemein\\\/jueddepatt-mit-stolperstein-fuer-dr-winfried-selbiger\\\/#primaryimage\"},\"image\":{\"@id\":\"https:\\\/\\\/cdu-kaarst.de\\\/allgemein\\\/jueddepatt-mit-stolperstein-fuer-dr-winfried-selbiger\\\/#primaryimage\"},\"thumbnailUrl\":\"https:\\\/\\\/cdu-kaarst.de\\\/wp-content\\\/uploads\\\/WhatsApp_Image_2025-01-13_at_11.54_.40__1__.jpeg\",\"datePublished\":\"2025-01-16T10:00:25+00:00\",\"description\":\"Christian Horn-Heinemann und Theologe Carl-Wilhelm Bienefeld trafen sich auf dem J\u00fcddepatt, wo ein Stolperstein an den Arzt Dr. Winfried Selbiger erinnert.\",\"breadcrumb\":{\"@id\":\"https:\\\/\\\/cdu-kaarst.de\\\/allgemein\\\/jueddepatt-mit-stolperstein-fuer-dr-winfried-selbiger\\\/#breadcrumb\"},\"inLanguage\":\"en-GB\",\"potentialAction\":[{\"@type\":\"ReadAction\",\"target\":[\"https:\\\/\\\/cdu-kaarst.de\\\/allgemein\\\/jueddepatt-mit-stolperstein-fuer-dr-winfried-selbiger\\\/\"]}]},{\"@type\":\"ImageObject\",\"inLanguage\":\"en-GB\",\"@id\":\"https:\\\/\\\/cdu-kaarst.de\\\/allgemein\\\/jueddepatt-mit-stolperstein-fuer-dr-winfried-selbiger\\\/#primaryimage\",\"url\":\"https:\\\/\\\/cdu-kaarst.de\\\/wp-content\\\/uploads\\\/WhatsApp_Image_2025-01-13_at_11.54_.40__1__.jpeg\",\"contentUrl\":\"https:\\\/\\\/cdu-kaarst.de\\\/wp-content\\\/uploads\\\/WhatsApp_Image_2025-01-13_at_11.54_.40__1__.jpeg\",\"width\":1920,\"height\":1440,\"caption\":\"Christian Horn-Heinemann und Theologe Carl-Wilhelm Bienefeld stehen am Schild des J\u00fcddepatt.\"},{\"@type\":\"BreadcrumbList\",\"@id\":\"https:\\\/\\\/cdu-kaarst.de\\\/allgemein\\\/jueddepatt-mit-stolperstein-fuer-dr-winfried-selbiger\\\/#breadcrumb\",\"itemListElement\":[{\"@type\":\"ListItem\",\"position\":1,\"name\":\"Startseite\",\"item\":\"https:\\\/\\\/cdu-kaarst.de\\\/\"},{\"@type\":\"ListItem\",\"position\":2,\"name\":\"J\u00fcddepatt mit Stolperstein f\u00fcr Dr. Winfried Selbiger\"}]},{\"@type\":\"WebSite\",\"@id\":\"https:\\\/\\\/cdu-kaarst.de\\\/#website\",\"url\":\"https:\\\/\\\/cdu-kaarst.de\\\/\",\"name\":\"CDU Kaarst-B\u00fcttgen\",\"description\":\"gut Leben in Kaarst\",\"publisher\":{\"@id\":\"https:\\\/\\\/cdu-kaarst.de\\\/#organization\"},\"potentialAction\":[{\"@type\":\"SearchAction\",\"target\":{\"@type\":\"EntryPoint\",\"urlTemplate\":\"https:\\\/\\\/cdu-kaarst.de\\\/?s={search_term_string}\"},\"query-input\":{\"@type\":\"PropertyValueSpecification\",\"valueRequired\":true,\"valueName\":\"search_term_string\"}}],\"inLanguage\":\"en-GB\"},{\"@type\":\"Organization\",\"@id\":\"https:\\\/\\\/cdu-kaarst.de\\\/#organization\",\"name\":\"CDU Kaarst-B\u00fcttgen\",\"url\":\"https:\\\/\\\/cdu-kaarst.de\\\/\",\"logo\":{\"@type\":\"ImageObject\",\"inLanguage\":\"en-GB\",\"@id\":\"https:\\\/\\\/cdu-kaarst.de\\\/#\\\/schema\\\/logo\\\/image\\\/\",\"url\":\"https:\\\/\\\/cdu-kaarst.de\\\/wp-content\\\/uploads\\\/cdu-gesamtlogo.png\",\"contentUrl\":\"https:\\\/\\\/cdu-kaarst.de\\\/wp-content\\\/uploads\\\/cdu-gesamtlogo.png\",\"width\":418,\"height\":120,\"caption\":\"CDU Kaarst-B\u00fcttgen\"},\"image\":{\"@id\":\"https:\\\/\\\/cdu-kaarst.de\\\/#\\\/schema\\\/logo\\\/image\\\/\"}},{\"@type\":\"Person\",\"@id\":\"https:\\\/\\\/cdu-kaarst.de\\\/#\\\/schema\\\/person\\\/246f51db799d47b1fcc72fd16f5e948b\",\"name\":\"Redaktion\"}]}<\/script>\n<!-- \/ Yoast SEO plugin. -->","yoast_head_json":{"title":"Jewish memorial with stumbling block for Dr Winfried Selbiger - CDU Kaarst-B\u00fcttgen","description":"Christian Horn-Heinemann and theologian Carl-Wilhelm Bienefeld met on the J\u00fcddepatt, where a stumbling block commemorates the physician Dr Winfried Selbiger.","robots":{"index":"index","follow":"follow","max-snippet":"max-snippet:-1","max-image-preview":"max-image-preview:large","max-video-preview":"max-video-preview:-1"},"canonical":"https:\/\/cdu-kaarst.de\/en\/allgemein\/jueddepatt-mit-stolperstein-fuer-dr-winfried-selbiger\/","og_locale":"en_GB","og_type":"article","og_title":"J\u00fcddepatt mit Stolperstein f\u00fcr Dr. Winfried Selbiger - CDU Kaarst-B\u00fcttgen","og_description":"Christian Horn-Heinemann und Theologe Carl-Wilhelm Bienefeld trafen sich auf dem J\u00fcddepatt, wo ein Stolperstein an den Arzt Dr. Winfried Selbiger erinnert.","og_url":"https:\/\/cdu-kaarst.de\/en\/allgemein\/jueddepatt-mit-stolperstein-fuer-dr-winfried-selbiger\/","og_site_name":"CDU Kaarst-B\u00fcttgen","article_published_time":"2025-01-16T10:00:25+00:00","og_image":[{"width":1920,"height":1440,"url":"https:\/\/cdu-kaarst.de\/wp-content\/uploads\/WhatsApp_Image_2025-01-13_at_11.54_.40__1__.jpeg","type":"image\/jpeg"}],"author":"Redaktion","twitter_card":"summary_large_image","twitter_misc":{"Written by":"Redaktion","Estimated reading time":"2 minutes"},"schema":{"@context":"https:\/\/schema.org","@graph":[{"@type":"Article","@id":"https:\/\/cdu-kaarst.de\/allgemein\/jueddepatt-mit-stolperstein-fuer-dr-winfried-selbiger\/#article","isPartOf":{"@id":"https:\/\/cdu-kaarst.de\/allgemein\/jueddepatt-mit-stolperstein-fuer-dr-winfried-selbiger\/"},"author":{"name":"Redaktion","@id":"https:\/\/cdu-kaarst.de\/#\/schema\/person\/246f51db799d47b1fcc72fd16f5e948b"},"headline":"J\u00fcddepatt mit Stolperstein f\u00fcr Dr. Winfried Selbiger","datePublished":"2025-01-16T10:00:25+00:00","mainEntityOfPage":{"@id":"https:\/\/cdu-kaarst.de\/allgemein\/jueddepatt-mit-stolperstein-fuer-dr-winfried-selbiger\/"},"wordCount":286,"publisher":{"@id":"https:\/\/cdu-kaarst.de\/#organization"},"image":{"@id":"https:\/\/cdu-kaarst.de\/allgemein\/jueddepatt-mit-stolperstein-fuer-dr-winfried-selbiger\/#primaryimage"},"thumbnailUrl":"https:\/\/cdu-kaarst.de\/wp-content\/uploads\/WhatsApp_Image_2025-01-13_at_11.54_.40__1__.jpeg","articleSection":["Allgemein"],"inLanguage":"en-GB"},{"@type":"WebPage","@id":"https:\/\/cdu-kaarst.de\/allgemein\/jueddepatt-mit-stolperstein-fuer-dr-winfried-selbiger\/","url":"https:\/\/cdu-kaarst.de\/allgemein\/jueddepatt-mit-stolperstein-fuer-dr-winfried-selbiger\/","name":"Jewish memorial with stumbling block for Dr Winfried Selbiger - CDU Kaarst-B\u00fcttgen","isPartOf":{"@id":"https:\/\/cdu-kaarst.de\/#website"},"primaryImageOfPage":{"@id":"https:\/\/cdu-kaarst.de\/allgemein\/jueddepatt-mit-stolperstein-fuer-dr-winfried-selbiger\/#primaryimage"},"image":{"@id":"https:\/\/cdu-kaarst.de\/allgemein\/jueddepatt-mit-stolperstein-fuer-dr-winfried-selbiger\/#primaryimage"},"thumbnailUrl":"https:\/\/cdu-kaarst.de\/wp-content\/uploads\/WhatsApp_Image_2025-01-13_at_11.54_.40__1__.jpeg","datePublished":"2025-01-16T10:00:25+00:00","description":"Christian Horn-Heinemann and theologian Carl-Wilhelm Bienefeld met on the J\u00fcddepatt, where a stumbling block commemorates the physician Dr Winfried Selbiger.","breadcrumb":{"@id":"https:\/\/cdu-kaarst.de\/allgemein\/jueddepatt-mit-stolperstein-fuer-dr-winfried-selbiger\/#breadcrumb"},"inLanguage":"en-GB","potentialAction":[{"@type":"ReadAction","target":["https:\/\/cdu-kaarst.de\/allgemein\/jueddepatt-mit-stolperstein-fuer-dr-winfried-selbiger\/"]}]},{"@type":"ImageObject","inLanguage":"en-GB","@id":"https:\/\/cdu-kaarst.de\/allgemein\/jueddepatt-mit-stolperstein-fuer-dr-winfried-selbiger\/#primaryimage","url":"https:\/\/cdu-kaarst.de\/wp-content\/uploads\/WhatsApp_Image_2025-01-13_at_11.54_.40__1__.jpeg","contentUrl":"https:\/\/cdu-kaarst.de\/wp-content\/uploads\/WhatsApp_Image_2025-01-13_at_11.54_.40__1__.jpeg","width":1920,"height":1440,"caption":"Christian Horn-Heinemann und Theologe Carl-Wilhelm Bienefeld stehen am Schild des J\u00fcddepatt."},{"@type":"BreadcrumbList","@id":"https:\/\/cdu-kaarst.de\/allgemein\/jueddepatt-mit-stolperstein-fuer-dr-winfried-selbiger\/#breadcrumb","itemListElement":[{"@type":"ListItem","position":1,"name":"Startseite","item":"https:\/\/cdu-kaarst.de\/"},{"@type":"ListItem","position":2,"name":"J\u00fcddepatt mit Stolperstein f\u00fcr Dr. Winfried Selbiger"}]},{"@type":"WebSite","@id":"https:\/\/cdu-kaarst.de\/#website","url":"https:\/\/cdu-kaarst.de\/","name":"CDU Kaarst-B\u00fcttgen","description":"living well in Kaarst","publisher":{"@id":"https:\/\/cdu-kaarst.de\/#organization"},"potentialAction":[{"@type":"SearchAction","target":{"@type":"EntryPoint","urlTemplate":"https:\/\/cdu-kaarst.de\/?s={search_term_string}"},"query-input":{"@type":"PropertyValueSpecification","valueRequired":true,"valueName":"search_term_string"}}],"inLanguage":"en-GB"},{"@type":"Organization","@id":"https:\/\/cdu-kaarst.de\/#organization","name":"CDU Kaarst-B\u00fcttgen","url":"https:\/\/cdu-kaarst.de\/","logo":{"@type":"ImageObject","inLanguage":"en-GB","@id":"https:\/\/cdu-kaarst.de\/#\/schema\/logo\/image\/","url":"https:\/\/cdu-kaarst.de\/wp-content\/uploads\/cdu-gesamtlogo.png","contentUrl":"https:\/\/cdu-kaarst.de\/wp-content\/uploads\/cdu-gesamtlogo.png","width":418,"height":120,"caption":"CDU Kaarst-B\u00fcttgen"},"image":{"@id":"https:\/\/cdu-kaarst.de\/#\/schema\/logo\/image\/"}},{"@type":"Person","@id":"https:\/\/cdu-kaarst.de\/#\/schema\/person\/246f51db799d47b1fcc72fd16f5e948b","name":"Editorial office"}]}},"_links":{"self":[{"href":"https:\/\/cdu-kaarst.de\/en\/wp-json\/wp\/v2\/posts\/5912","targetHints":{"allow":["GET"]}}],"collection":[{"href":"https:\/\/cdu-kaarst.de\/en\/wp-json\/wp\/v2\/posts"}],"about":[{"href":"https:\/\/cdu-kaarst.de\/en\/wp-json\/wp\/v2\/types\/post"}],"author":[{"embeddable":true,"href":"https:\/\/cdu-kaarst.de\/en\/wp-json\/wp\/v2\/users\/4"}],"replies":[{"embeddable":true,"href":"https:\/\/cdu-kaarst.de\/en\/wp-json\/wp\/v2\/comments?post=5912"}],"version-history":[{"count":6,"href":"https:\/\/cdu-kaarst.de\/en\/wp-json\/wp\/v2\/posts\/5912\/revisions"}],"predecessor-version":[{"id":5919,"href":"https:\/\/cdu-kaarst.de\/en\/wp-json\/wp\/v2\/posts\/5912\/revisions\/5919"}],"wp:featuredmedia":[{"embeddable":true,"href":"https:\/\/cdu-kaarst.de\/en\/wp-json\/wp\/v2\/media\/5914"}],"wp:attachment":[{"href":"https:\/\/cdu-kaarst.de\/en\/wp-json\/wp\/v2\/media?parent=5912"}],"wp:term":[{"taxonomy":"category","embeddable":true,"href":"https:\/\/cdu-kaarst.de\/en\/wp-json\/wp\/v2\/categories?post=5912"},{"taxonomy":"post_tag","embeddable":true,"href":"https:\/\/cdu-kaarst.de\/en\/wp-json\/wp\/v2\/tags?post=5912"}],"curies":[{"name":"wp","href":"https:\/\/api.w.org\/{rel}","templated":true}]}}