{"id":5920,"date":"2025-01-16T15:28:14","date_gmt":"2025-01-16T14:28:14","guid":{"rendered":"https:\/\/cdu-kaarst.de\/?p=5920"},"modified":"2025-01-16T15:28:14","modified_gmt":"2025-01-16T14:28:14","slug":"cdu-kaarst-waechst-weiter-ueber-60-neue-mitglieder-in-sechs-monaten","status":"publish","type":"post","link":"https:\/\/cdu-kaarst.de\/en\/pressemeldungen\/cdu-kaarst-waechst-weiter-ueber-60-neue-mitglieder-in-sechs-monaten\/","title":{"rendered":"CDU Kaarst continues to grow: Over 60 new members in six months"},"content":{"rendered":"<p><strong>Kaarst, 16.01.2025<\/strong> - <strong>The CDU Kaarst is pleased to announce a significant increase in membership: over 60 new members have joined the party in the past six months, bringing the number of members to 425 - an increase of more than 15 per cent. This strong growth shows the growing interest of citizens in political involvement and emphasises the desire for effective and reliable politics.<\/strong><\/p>\n<p>\"The current developments in Germany are unsettling many people. They expect solutions from politicians instead of disputes, clarity instead of chaos. Especially in these times, it is crucial to have a strong and effective government - both for Germany and for Kaarst,\" explains Christian Horn-Heinemann, mayoral candidate for the Kaarst CDU. \"Our growth in membership makes it clear that many people want to actively campaign for a stable political future. It would be great if we as the CDU Kaarst could soon break the 500-member mark!\"<\/p>\n<p>The CDU Kaarst sees the growth in membership as a mandate to continue to stand up for reliable, pragmatic and future-orientated policies. The increasing number of supporters shows that citizens have confidence in the work of the CDU and want to actively support their town and country.<\/p>\n<p>\"We need majorities capable of taking action in order to overcome the challenges ahead and to make Kaarst and Germany fit for the future,\" Horn-Heinemann continued. \"This is what the CDU stands for - with clear values, strong concepts and an open ear for people's concerns.\"<\/p>\n<p>New members are always welcome to become actively involved in the political work of the CDU Kaarst.<\/p>\n<figure id=\"attachment_5922\" aria-describedby=\"caption-attachment-5922\" style=\"width: 336px\" class=\"wp-caption alignnone\"><img fetchpriority=\"high\" decoding=\"async\" class=\"wp-image-5922 size-full\" src=\"https:\/\/cdu-kaarst.de\/wp-content\/uploads\/christian-horn-heinemann.jpeg\" alt=\"Christian Horn-Heinemann w\u00fcnscht sich eine starke und handlungsf\u00e4hige Mehrheitsregierung \u2013 f\u00fcr Kaarst und f\u00fcr Deutschland.\" width=\"336\" height=\"605\" srcset=\"https:\/\/cdu-kaarst.de\/wp-content\/uploads\/christian-horn-heinemann.jpeg 336w, https:\/\/cdu-kaarst.de\/wp-content\/uploads\/christian-horn-heinemann-167x300.jpeg 167w, https:\/\/cdu-kaarst.de\/wp-content\/uploads\/christian-horn-heinemann-7x12.jpeg 7w\" sizes=\"(max-width: 336px) 100vw, 336px\" \/><figcaption id=\"caption-attachment-5922\" class=\"wp-caption-text\">Christian Horn-Heinemann would like to see a strong and effective majority government - for Kaarst and for Germany.<\/figcaption><\/figure>\n<p>&nbsp;<\/p>\n<figure id=\"attachment_5921\" aria-describedby=\"caption-attachment-5921\" style=\"width: 800px\" class=\"wp-caption alignnone\"><img decoding=\"async\" class=\"wp-image-5921 size-full\" src=\"https:\/\/cdu-kaarst.de\/wp-content\/uploads\/cdu-vorstand-kaarst.jpg\" alt=\"Der Vorstand der CDU Kaarst wurde im Dezember 2024 neu gew\u00e4hlt. Gemeinsam setzen sich die Vorstandsmitglieder f\u00fcr ein starkes und zukunftsf\u00e4higes Kaarst ein. Neue Mitglieder sind bei der CDU Kaarst jederzeit willkommen \u2013 unabh\u00e4ngig davon, ob sie selbst politisch aktiv werden wollen.\" width=\"800\" height=\"609\" srcset=\"https:\/\/cdu-kaarst.de\/wp-content\/uploads\/cdu-vorstand-kaarst.jpg 800w, https:\/\/cdu-kaarst.de\/wp-content\/uploads\/cdu-vorstand-kaarst-300x228.jpg 300w, https:\/\/cdu-kaarst.de\/wp-content\/uploads\/cdu-vorstand-kaarst-768x585.jpg 768w, https:\/\/cdu-kaarst.de\/wp-content\/uploads\/cdu-vorstand-kaarst-16x12.jpg 16w\" sizes=\"(max-width: 800px) 100vw, 800px\" \/><figcaption id=\"caption-attachment-5921\" class=\"wp-caption-text\">The board of the CDU Kaarst was newly elected in December 2024. Together, the board members are committed to a strong and sustainable Kaarst. New members are always welcome at the CDU Kaarst - regardless of whether they want to become politically active themselves.<\/figcaption><\/figure>\n<p><strong>Images for free use in editorial reporting, with reference to the image source: <\/strong><em>\u00a9CDU Kaarst<\/em><\/p>\n<p>This press release was sent via CGW GmbH, Karl-Arnold-Stra\u00dfe 8, 47877 Willich.<br \/>\nTelephone: 02154 88852-0, Fax: 02154 88852-25, <a href=\"https:\/\/c-g-w.net\/\">https:\/\/c-g-w.net<\/a>Management: Christina Guth, Kristiane Guth, Anna-Maria Guth, registered office: 47804 Krefeld, local court: Krefeld HRB 13118, VAT ID: DE200048509<\/p>\n<p>Responsible according to \u00a7 55 Abs. 2 RStV:<\/p>","protected":false},"excerpt":{"rendered":"<p>Kaarst, 16.01.2025 \u2013 Die CDU Kaarst freut sich \u00fcber einen deutlichen Mitgliederzuwachs: In den vergangenen sechs Monaten sind \u00fcber 60 neue Mitglieder der Partei beigetreten, sodass die Mitgliederzahl nun auf 425 gestiegen ist \u2013 ein Plus von mehr als 15 Prozent. Dieser starke Zuwachs zeigt das wachsende Interesse der B\u00fcrgerinnen und B\u00fcrger an politischem Engagement [&hellip;]<\/p>\n","protected":false},"author":1,"featured_media":0,"comment_status":"closed","ping_status":"closed","sticky":false,"template":"","format":"standard","meta":{"footnotes":""},"categories":[109],"tags":[],"class_list":["post-5920","post","type-post","status-publish","format-standard","hentry","category-pressemeldungen"],"yoast_head":"<!-- This site is optimized with the Yoast SEO plugin v27.4 - https:\/\/yoast.com\/product\/yoast-seo-wordpress\/ -->\n<title>CDU Kaarst w\u00e4chst weiter: \u00dcber 60 neue Mitglieder in sechs Monaten - CDU Kaarst-B\u00fcttgen<\/title>\n<meta name=\"robots\" content=\"index, follow, max-snippet:-1, max-image-preview:large, max-video-preview:-1\" \/>\n<link rel=\"canonical\" href=\"https:\/\/cdu-kaarst.de\/en\/pressemeldungen\/cdu-kaarst-waechst-weiter-ueber-60-neue-mitglieder-in-sechs-monaten\/\" \/>\n<meta property=\"og:locale\" content=\"en_GB\" \/>\n<meta property=\"og:type\" content=\"article\" \/>\n<meta property=\"og:title\" content=\"CDU Kaarst w\u00e4chst weiter: \u00dcber 60 neue Mitglieder in sechs Monaten - CDU Kaarst-B\u00fcttgen\" \/>\n<meta property=\"og:description\" content=\"Kaarst, 16.01.2025 \u2013 Die CDU Kaarst freut sich \u00fcber einen deutlichen Mitgliederzuwachs: In den vergangenen sechs Monaten sind \u00fcber 60 neue Mitglieder der Partei beigetreten, sodass die Mitgliederzahl nun auf 425 gestiegen ist \u2013 ein Plus von mehr als 15 Prozent. Dieser starke Zuwachs zeigt das wachsende Interesse der B\u00fcrgerinnen und B\u00fcrger an politischem Engagement [&hellip;]\" \/>\n<meta property=\"og:url\" content=\"https:\/\/cdu-kaarst.de\/en\/pressemeldungen\/cdu-kaarst-waechst-weiter-ueber-60-neue-mitglieder-in-sechs-monaten\/\" \/>\n<meta property=\"og:site_name\" content=\"CDU Kaarst-B\u00fcttgen\" \/>\n<meta property=\"article:published_time\" content=\"2025-01-16T14:28:14+00:00\" \/>\n<meta property=\"og:image\" content=\"https:\/\/cdu-kaarst.de\/wp-content\/uploads\/christian-horn-heinemann.jpeg\" \/>\n\t<meta property=\"og:image:width\" content=\"336\" \/>\n\t<meta property=\"og:image:height\" content=\"605\" \/>\n\t<meta property=\"og:image:type\" content=\"image\/jpeg\" \/>\n<meta name=\"author\" content=\"@dm1n\" \/>\n<meta name=\"twitter:card\" content=\"summary_large_image\" \/>\n<meta name=\"twitter:label1\" content=\"Written by\" \/>\n\t<meta name=\"twitter:data1\" content=\"@dm1n\" \/>\n\t<meta name=\"twitter:label2\" content=\"Estimated reading time\" \/>\n\t<meta name=\"twitter:data2\" content=\"3 minutes\" \/>\n<script type=\"application\/ld+json\" class=\"yoast-schema-graph\">{\"@context\":\"https:\\\/\\\/schema.org\",\"@graph\":[{\"@type\":\"Article\",\"@id\":\"https:\\\/\\\/cdu-kaarst.de\\\/pressemeldungen\\\/cdu-kaarst-waechst-weiter-ueber-60-neue-mitglieder-in-sechs-monaten\\\/#article\",\"isPartOf\":{\"@id\":\"https:\\\/\\\/cdu-kaarst.de\\\/pressemeldungen\\\/cdu-kaarst-waechst-weiter-ueber-60-neue-mitglieder-in-sechs-monaten\\\/\"},\"author\":{\"name\":\"@dm1n\",\"@id\":\"https:\\\/\\\/cdu-kaarst.de\\\/#\\\/schema\\\/person\\\/05876a2bd7865609f2946e82cbc73476\"},\"headline\":\"CDU Kaarst w\u00e4chst weiter: \u00dcber 60 neue Mitglieder in sechs Monaten\",\"datePublished\":\"2025-01-16T14:28:14+00:00\",\"mainEntityOfPage\":{\"@id\":\"https:\\\/\\\/cdu-kaarst.de\\\/pressemeldungen\\\/cdu-kaarst-waechst-weiter-ueber-60-neue-mitglieder-in-sechs-monaten\\\/\"},\"wordCount\":401,\"publisher\":{\"@id\":\"https:\\\/\\\/cdu-kaarst.de\\\/#organization\"},\"image\":{\"@id\":\"https:\\\/\\\/cdu-kaarst.de\\\/pressemeldungen\\\/cdu-kaarst-waechst-weiter-ueber-60-neue-mitglieder-in-sechs-monaten\\\/#primaryimage\"},\"thumbnailUrl\":\"https:\\\/\\\/cdu-kaarst.de\\\/wp-content\\\/uploads\\\/christian-horn-heinemann.jpeg\",\"articleSection\":[\"Pressemeldungen\"],\"inLanguage\":\"en-GB\"},{\"@type\":\"WebPage\",\"@id\":\"https:\\\/\\\/cdu-kaarst.de\\\/pressemeldungen\\\/cdu-kaarst-waechst-weiter-ueber-60-neue-mitglieder-in-sechs-monaten\\\/\",\"url\":\"https:\\\/\\\/cdu-kaarst.de\\\/pressemeldungen\\\/cdu-kaarst-waechst-weiter-ueber-60-neue-mitglieder-in-sechs-monaten\\\/\",\"name\":\"CDU Kaarst w\u00e4chst weiter: \u00dcber 60 neue Mitglieder in sechs Monaten - CDU Kaarst-B\u00fcttgen\",\"isPartOf\":{\"@id\":\"https:\\\/\\\/cdu-kaarst.de\\\/#website\"},\"primaryImageOfPage\":{\"@id\":\"https:\\\/\\\/cdu-kaarst.de\\\/pressemeldungen\\\/cdu-kaarst-waechst-weiter-ueber-60-neue-mitglieder-in-sechs-monaten\\\/#primaryimage\"},\"image\":{\"@id\":\"https:\\\/\\\/cdu-kaarst.de\\\/pressemeldungen\\\/cdu-kaarst-waechst-weiter-ueber-60-neue-mitglieder-in-sechs-monaten\\\/#primaryimage\"},\"thumbnailUrl\":\"https:\\\/\\\/cdu-kaarst.de\\\/wp-content\\\/uploads\\\/christian-horn-heinemann.jpeg\",\"datePublished\":\"2025-01-16T14:28:14+00:00\",\"breadcrumb\":{\"@id\":\"https:\\\/\\\/cdu-kaarst.de\\\/pressemeldungen\\\/cdu-kaarst-waechst-weiter-ueber-60-neue-mitglieder-in-sechs-monaten\\\/#breadcrumb\"},\"inLanguage\":\"en-GB\",\"potentialAction\":[{\"@type\":\"ReadAction\",\"target\":[\"https:\\\/\\\/cdu-kaarst.de\\\/pressemeldungen\\\/cdu-kaarst-waechst-weiter-ueber-60-neue-mitglieder-in-sechs-monaten\\\/\"]}]},{\"@type\":\"ImageObject\",\"inLanguage\":\"en-GB\",\"@id\":\"https:\\\/\\\/cdu-kaarst.de\\\/pressemeldungen\\\/cdu-kaarst-waechst-weiter-ueber-60-neue-mitglieder-in-sechs-monaten\\\/#primaryimage\",\"url\":\"https:\\\/\\\/cdu-kaarst.de\\\/wp-content\\\/uploads\\\/christian-horn-heinemann.jpeg\",\"contentUrl\":\"https:\\\/\\\/cdu-kaarst.de\\\/wp-content\\\/uploads\\\/christian-horn-heinemann.jpeg\"},{\"@type\":\"BreadcrumbList\",\"@id\":\"https:\\\/\\\/cdu-kaarst.de\\\/pressemeldungen\\\/cdu-kaarst-waechst-weiter-ueber-60-neue-mitglieder-in-sechs-monaten\\\/#breadcrumb\",\"itemListElement\":[{\"@type\":\"ListItem\",\"position\":1,\"name\":\"Startseite\",\"item\":\"https:\\\/\\\/cdu-kaarst.de\\\/\"},{\"@type\":\"ListItem\",\"position\":2,\"name\":\"CDU Kaarst w\u00e4chst weiter: \u00dcber 60 neue Mitglieder in sechs Monaten\"}]},{\"@type\":\"WebSite\",\"@id\":\"https:\\\/\\\/cdu-kaarst.de\\\/#website\",\"url\":\"https:\\\/\\\/cdu-kaarst.de\\\/\",\"name\":\"CDU Kaarst-B\u00fcttgen\",\"description\":\"gut Leben in Kaarst\",\"publisher\":{\"@id\":\"https:\\\/\\\/cdu-kaarst.de\\\/#organization\"},\"potentialAction\":[{\"@type\":\"SearchAction\",\"target\":{\"@type\":\"EntryPoint\",\"urlTemplate\":\"https:\\\/\\\/cdu-kaarst.de\\\/?s={search_term_string}\"},\"query-input\":{\"@type\":\"PropertyValueSpecification\",\"valueRequired\":true,\"valueName\":\"search_term_string\"}}],\"inLanguage\":\"en-GB\"},{\"@type\":\"Organization\",\"@id\":\"https:\\\/\\\/cdu-kaarst.de\\\/#organization\",\"name\":\"CDU Kaarst-B\u00fcttgen\",\"url\":\"https:\\\/\\\/cdu-kaarst.de\\\/\",\"logo\":{\"@type\":\"ImageObject\",\"inLanguage\":\"en-GB\",\"@id\":\"https:\\\/\\\/cdu-kaarst.de\\\/#\\\/schema\\\/logo\\\/image\\\/\",\"url\":\"https:\\\/\\\/cdu-kaarst.de\\\/wp-content\\\/uploads\\\/cdu-gesamtlogo.png\",\"contentUrl\":\"https:\\\/\\\/cdu-kaarst.de\\\/wp-content\\\/uploads\\\/cdu-gesamtlogo.png\",\"width\":418,\"height\":120,\"caption\":\"CDU Kaarst-B\u00fcttgen\"},\"image\":{\"@id\":\"https:\\\/\\\/cdu-kaarst.de\\\/#\\\/schema\\\/logo\\\/image\\\/\"}},{\"@type\":\"Person\",\"@id\":\"https:\\\/\\\/cdu-kaarst.de\\\/#\\\/schema\\\/person\\\/05876a2bd7865609f2946e82cbc73476\",\"name\":\"@dm1n\",\"sameAs\":[\"http:\\\/\\\/cdu-kaarst.de\"]}]}<\/script>\n<!-- \/ Yoast SEO plugin. -->","yoast_head_json":{"title":"CDU Kaarst continues to grow: Over 60 new members in six months - CDU Kaarst-B\u00fcttgen","robots":{"index":"index","follow":"follow","max-snippet":"max-snippet:-1","max-image-preview":"max-image-preview:large","max-video-preview":"max-video-preview:-1"},"canonical":"https:\/\/cdu-kaarst.de\/en\/pressemeldungen\/cdu-kaarst-waechst-weiter-ueber-60-neue-mitglieder-in-sechs-monaten\/","og_locale":"en_GB","og_type":"article","og_title":"CDU Kaarst w\u00e4chst weiter: \u00dcber 60 neue Mitglieder in sechs Monaten - CDU Kaarst-B\u00fcttgen","og_description":"Kaarst, 16.01.2025 \u2013 Die CDU Kaarst freut sich \u00fcber einen deutlichen Mitgliederzuwachs: In den vergangenen sechs Monaten sind \u00fcber 60 neue Mitglieder der Partei beigetreten, sodass die Mitgliederzahl nun auf 425 gestiegen ist \u2013 ein Plus von mehr als 15 Prozent. Dieser starke Zuwachs zeigt das wachsende Interesse der B\u00fcrgerinnen und B\u00fcrger an politischem Engagement [&hellip;]","og_url":"https:\/\/cdu-kaarst.de\/en\/pressemeldungen\/cdu-kaarst-waechst-weiter-ueber-60-neue-mitglieder-in-sechs-monaten\/","og_site_name":"CDU Kaarst-B\u00fcttgen","article_published_time":"2025-01-16T14:28:14+00:00","og_image":[{"width":336,"height":605,"url":"https:\/\/cdu-kaarst.de\/wp-content\/uploads\/christian-horn-heinemann.jpeg","type":"image\/jpeg"}],"author":"@dm1n","twitter_card":"summary_large_image","twitter_misc":{"Written by":"@dm1n","Estimated reading time":"3 minutes"},"schema":{"@context":"https:\/\/schema.org","@graph":[{"@type":"Article","@id":"https:\/\/cdu-kaarst.de\/pressemeldungen\/cdu-kaarst-waechst-weiter-ueber-60-neue-mitglieder-in-sechs-monaten\/#article","isPartOf":{"@id":"https:\/\/cdu-kaarst.de\/pressemeldungen\/cdu-kaarst-waechst-weiter-ueber-60-neue-mitglieder-in-sechs-monaten\/"},"author":{"name":"@dm1n","@id":"https:\/\/cdu-kaarst.de\/#\/schema\/person\/05876a2bd7865609f2946e82cbc73476"},"headline":"CDU Kaarst w\u00e4chst weiter: \u00dcber 60 neue Mitglieder in sechs Monaten","datePublished":"2025-01-16T14:28:14+00:00","mainEntityOfPage":{"@id":"https:\/\/cdu-kaarst.de\/pressemeldungen\/cdu-kaarst-waechst-weiter-ueber-60-neue-mitglieder-in-sechs-monaten\/"},"wordCount":401,"publisher":{"@id":"https:\/\/cdu-kaarst.de\/#organization"},"image":{"@id":"https:\/\/cdu-kaarst.de\/pressemeldungen\/cdu-kaarst-waechst-weiter-ueber-60-neue-mitglieder-in-sechs-monaten\/#primaryimage"},"thumbnailUrl":"https:\/\/cdu-kaarst.de\/wp-content\/uploads\/christian-horn-heinemann.jpeg","articleSection":["Pressemeldungen"],"inLanguage":"en-GB"},{"@type":"WebPage","@id":"https:\/\/cdu-kaarst.de\/pressemeldungen\/cdu-kaarst-waechst-weiter-ueber-60-neue-mitglieder-in-sechs-monaten\/","url":"https:\/\/cdu-kaarst.de\/pressemeldungen\/cdu-kaarst-waechst-weiter-ueber-60-neue-mitglieder-in-sechs-monaten\/","name":"CDU Kaarst continues to grow: Over 60 new members in six months - CDU Kaarst-B\u00fcttgen","isPartOf":{"@id":"https:\/\/cdu-kaarst.de\/#website"},"primaryImageOfPage":{"@id":"https:\/\/cdu-kaarst.de\/pressemeldungen\/cdu-kaarst-waechst-weiter-ueber-60-neue-mitglieder-in-sechs-monaten\/#primaryimage"},"image":{"@id":"https:\/\/cdu-kaarst.de\/pressemeldungen\/cdu-kaarst-waechst-weiter-ueber-60-neue-mitglieder-in-sechs-monaten\/#primaryimage"},"thumbnailUrl":"https:\/\/cdu-kaarst.de\/wp-content\/uploads\/christian-horn-heinemann.jpeg","datePublished":"2025-01-16T14:28:14+00:00","breadcrumb":{"@id":"https:\/\/cdu-kaarst.de\/pressemeldungen\/cdu-kaarst-waechst-weiter-ueber-60-neue-mitglieder-in-sechs-monaten\/#breadcrumb"},"inLanguage":"en-GB","potentialAction":[{"@type":"ReadAction","target":["https:\/\/cdu-kaarst.de\/pressemeldungen\/cdu-kaarst-waechst-weiter-ueber-60-neue-mitglieder-in-sechs-monaten\/"]}]},{"@type":"ImageObject","inLanguage":"en-GB","@id":"https:\/\/cdu-kaarst.de\/pressemeldungen\/cdu-kaarst-waechst-weiter-ueber-60-neue-mitglieder-in-sechs-monaten\/#primaryimage","url":"https:\/\/cdu-kaarst.de\/wp-content\/uploads\/christian-horn-heinemann.jpeg","contentUrl":"https:\/\/cdu-kaarst.de\/wp-content\/uploads\/christian-horn-heinemann.jpeg"},{"@type":"BreadcrumbList","@id":"https:\/\/cdu-kaarst.de\/pressemeldungen\/cdu-kaarst-waechst-weiter-ueber-60-neue-mitglieder-in-sechs-monaten\/#breadcrumb","itemListElement":[{"@type":"ListItem","position":1,"name":"Startseite","item":"https:\/\/cdu-kaarst.de\/"},{"@type":"ListItem","position":2,"name":"CDU Kaarst w\u00e4chst weiter: \u00dcber 60 neue Mitglieder in sechs Monaten"}]},{"@type":"WebSite","@id":"https:\/\/cdu-kaarst.de\/#website","url":"https:\/\/cdu-kaarst.de\/","name":"CDU Kaarst-B\u00fcttgen","description":"living well in Kaarst","publisher":{"@id":"https:\/\/cdu-kaarst.de\/#organization"},"potentialAction":[{"@type":"SearchAction","target":{"@type":"EntryPoint","urlTemplate":"https:\/\/cdu-kaarst.de\/?s={search_term_string}"},"query-input":{"@type":"PropertyValueSpecification","valueRequired":true,"valueName":"search_term_string"}}],"inLanguage":"en-GB"},{"@type":"Organization","@id":"https:\/\/cdu-kaarst.de\/#organization","name":"CDU Kaarst-B\u00fcttgen","url":"https:\/\/cdu-kaarst.de\/","logo":{"@type":"ImageObject","inLanguage":"en-GB","@id":"https:\/\/cdu-kaarst.de\/#\/schema\/logo\/image\/","url":"https:\/\/cdu-kaarst.de\/wp-content\/uploads\/cdu-gesamtlogo.png","contentUrl":"https:\/\/cdu-kaarst.de\/wp-content\/uploads\/cdu-gesamtlogo.png","width":418,"height":120,"caption":"CDU Kaarst-B\u00fcttgen"},"image":{"@id":"https:\/\/cdu-kaarst.de\/#\/schema\/logo\/image\/"}},{"@type":"Person","@id":"https:\/\/cdu-kaarst.de\/#\/schema\/person\/05876a2bd7865609f2946e82cbc73476","name":"@dm1n","sameAs":["http:\/\/cdu-kaarst.de"]}]}},"_links":{"self":[{"href":"https:\/\/cdu-kaarst.de\/en\/wp-json\/wp\/v2\/posts\/5920","targetHints":{"allow":["GET"]}}],"collection":[{"href":"https:\/\/cdu-kaarst.de\/en\/wp-json\/wp\/v2\/posts"}],"about":[{"href":"https:\/\/cdu-kaarst.de\/en\/wp-json\/wp\/v2\/types\/post"}],"author":[{"embeddable":true,"href":"https:\/\/cdu-kaarst.de\/en\/wp-json\/wp\/v2\/users\/1"}],"replies":[{"embeddable":true,"href":"https:\/\/cdu-kaarst.de\/en\/wp-json\/wp\/v2\/comments?post=5920"}],"version-history":[{"count":1,"href":"https:\/\/cdu-kaarst.de\/en\/wp-json\/wp\/v2\/posts\/5920\/revisions"}],"predecessor-version":[{"id":5923,"href":"https:\/\/cdu-kaarst.de\/en\/wp-json\/wp\/v2\/posts\/5920\/revisions\/5923"}],"wp:attachment":[{"href":"https:\/\/cdu-kaarst.de\/en\/wp-json\/wp\/v2\/media?parent=5920"}],"wp:term":[{"taxonomy":"category","embeddable":true,"href":"https:\/\/cdu-kaarst.de\/en\/wp-json\/wp\/v2\/categories?post=5920"},{"taxonomy":"post_tag","embeddable":true,"href":"https:\/\/cdu-kaarst.de\/en\/wp-json\/wp\/v2\/tags?post=5920"}],"curies":[{"name":"wp","href":"https:\/\/api.w.org\/{rel}","templated":true}]}}