{"id":5925,"date":"2025-01-17T11:08:11","date_gmt":"2025-01-17T10:08:11","guid":{"rendered":"https:\/\/cdu-kaarst.de\/?p=5925"},"modified":"2025-01-17T11:08:11","modified_gmt":"2025-01-17T10:08:11","slug":"heveling-sieht-wirtschaft-als-wichtigstes-wahlkampfthema","status":"publish","type":"post","link":"https:\/\/cdu-kaarst.de\/en\/allgemein\/heveling-sieht-wirtschaft-als-wichtigstes-wahlkampfthema\/","title":{"rendered":"Heveling sees the economy as the most important election issue"},"content":{"rendered":"<div data-elementor-type=\"wp-post\" data-elementor-id=\"5925\" class=\"elementor elementor-5925\" data-elementor-post-type=\"post\">\n\t\t\t\t\t\t<section class=\"elementor-section elementor-top-section elementor-element elementor-element-5129931 elementor-section-boxed elementor-section-height-default elementor-section-height-default\" data-id=\"5129931\" data-element_type=\"section\" data-e-type=\"section\" data-settings=\"{&quot;jet_parallax_layout_list&quot;:[]}\">\n\t\t\t\t\t\t<div class=\"elementor-container elementor-column-gap-default\">\n\t\t\t\t\t<div class=\"elementor-column elementor-col-100 elementor-top-column elementor-element elementor-element-cb102dd\" data-id=\"cb102dd\" data-element_type=\"column\" data-e-type=\"column\">\n\t\t\t<div class=\"elementor-widget-wrap elementor-element-populated\">\n\t\t\t\t\t\t<div class=\"elementor-element elementor-element-db07bdb elementor-widget elementor-widget-text-editor\" data-id=\"db07bdb\" data-element_type=\"widget\" data-e-type=\"widget\" data-widget_type=\"text-editor.default\">\n\t\t\t\t<div class=\"elementor-widget-container\">\n\t\t\t\t\t\t\t\t\t<div class=\"Tr8Tk866tisXSf\"><div class=\"QhRueoQKaC0jnJ\">Representatives from politics and business discussed current challenges at the business breakfast organised by the CDU's SME association (MIT) in Kaarst. Ansgar Heveling, member of the Bundestag, emphasised the importance of economic policy issues for the upcoming election campaign.<\/div><\/div><div class=\"FBCO2s6thAjoEx\"><div class=\"bZCFNWzlen4bL_ L_pwAJxceu5PPN\" data-testid=\"description-content-area\"><div class=\"ibk99ptVTfUfda\"><div class=\"TTb5N2DgAn9VHs\"><div class=\"ak-renderer-wrapper is-full-width css-1jke4yk\"><div class=\"css-16sps2l\"><div class=\"ak-renderer-document\"><p data-renderer-start-pos=\"359\">The chairman of the Kaarst MIT, Markus Steins, opened the event at Caf\u00e9 Schnittchen with a reference to the current situation: \"The political situation is like the foggy weather today.\" Ansgar Heveling had been invited to explain the CDU's positions on economic policy. \"The economy is the central topic of this election campaign,\" emphasised the MP from Korschenbroich. He made the CDU's target group clear: the centre of society - people who work, take responsibility and provide for their families.<\/p><h4 data-renderer-start-pos=\"919\">Focus on economic challenges<\/h4><p data-renderer-start-pos=\"963\">Heveling addressed the current economic developments. He pointed out the decline in industrial jobs - with 7,000 jobs lost every week across Germany - and rising insolvency figures. For him, it was clear that too much state regulation was often counterproductive. The CDU had taken this into account in Agenda 2030, a recently adopted strategy paper.<\/p><p data-renderer-start-pos=\"1361\">Global changes such as the war in Ukraine and its consequences for the export of German products were also addressed. Heveling emphasised the need to increase productivity and spoke out against deindustrialisation. \"The labour market is still stable, but this stability should not be taken for granted.\"<\/p><h4 data-renderer-start-pos=\"1708\">Discussion about the welfare state and the debt brake<\/h4><p data-renderer-start-pos=\"1754\">On the subject of the welfare state, Heveling explained that help must continue to be guaranteed for those who need it. At the same time, he called for incentives to be created for people who are able to work so that they can return to the labour market.<\/p><p data-renderer-start-pos=\"1997\">Heveling described the debt brake, another point of discussion, as \"fundamentally correct\". It was a necessary instrument to prevent excessive government debt. This is in line with the position of Finance Minister Christian Lindner, who had spoken out against a relaxation of the debt brake in the coalition government.<\/p><h3 data-renderer-start-pos=\"2357\">Effects of the new electoral law<\/h3><p data-renderer-start-pos=\"2392\">The upcoming Bundestag elections on 23 February and the associated electoral law reform were also discussed. Heveling explained that the new regulations would make vote splitting - i.e. the separate election of direct and list votes - less important. \"A direct candidate can only enter the Bundestag if their party receives enough second votes.\"<\/p><p data-renderer-start-pos=\"2779\">When asked by CDU mayoral candidate Christian Horn-Heinemann about the party's economic policy plans, Heveling replied: \"We need an economic policy that reaches people directly.\" The CDU wants to give voters back their trust in a competent government that is capable of taking action.<\/p><p data-renderer-start-pos=\"3096\">The event provided a platform for dialogue between politics and business and underlined the central role of economic issues in the CDU's election campaign.<\/p><\/div><\/div><\/div><\/div><\/div><\/div><\/div>\t\t\t\t\t\t\t\t<\/div>\n\t\t\t\t<\/div>\n\t\t\t\t\t<\/div>\n\t\t<\/div>\n\t\t\t\t\t<\/div>\n\t\t<\/section>\n\t\t\t\t<\/div>","protected":false},"excerpt":{"rendered":"<p>Beim Unternehmerfr\u00fchst\u00fcck der Mittelstandsvereinigung der CDU (MIT) in Kaarst diskutierten Vertreter aus Politik und Wirtschaft \u00fcber aktuelle Herausforderungen. Der Bundestagsabgeordnete Ansgar Heveling stellte dabei die Bedeutung wirtschaftspolitischer Themen f\u00fcr den bevorstehenden Wahlkampf heraus. Der Vorsitzende der Kaarster MIT, Markus Steins, er\u00f6ffnete die Veranstaltung im Caf\u00e9 Schnittchen mit einem Hinweis auf die derzeitige Lage: \u201eDie politische [&hellip;]<\/p>\n","protected":false},"author":1,"featured_media":5926,"comment_status":"closed","ping_status":"closed","sticky":false,"template":"","format":"standard","meta":{"footnotes":""},"categories":[1],"tags":[],"class_list":["post-5925","post","type-post","status-publish","format-standard","has-post-thumbnail","hentry","category-allgemein"],"yoast_head":"<!-- This site is optimized with the Yoast SEO plugin v27.4 - https:\/\/yoast.com\/product\/yoast-seo-wordpress\/ -->\n<title>Heveling sieht Wirtschaft als wichtigstes Wahlkampfthema - CDU Kaarst-B\u00fcttgen<\/title>\n<meta name=\"robots\" content=\"index, follow, max-snippet:-1, max-image-preview:large, max-video-preview:-1\" \/>\n<link rel=\"canonical\" href=\"https:\/\/cdu-kaarst.de\/en\/allgemein\/heveling-sieht-wirtschaft-als-wichtigstes-wahlkampfthema\/\" \/>\n<meta property=\"og:locale\" content=\"en_GB\" \/>\n<meta property=\"og:type\" content=\"article\" \/>\n<meta property=\"og:title\" content=\"Heveling sieht Wirtschaft als wichtigstes Wahlkampfthema - CDU Kaarst-B\u00fcttgen\" \/>\n<meta property=\"og:description\" content=\"Beim Unternehmerfr\u00fchst\u00fcck der Mittelstandsvereinigung der CDU (MIT) in Kaarst diskutierten Vertreter aus Politik und Wirtschaft \u00fcber aktuelle Herausforderungen. Der Bundestagsabgeordnete Ansgar Heveling stellte dabei die Bedeutung wirtschaftspolitischer Themen f\u00fcr den bevorstehenden Wahlkampf heraus. Der Vorsitzende der Kaarster MIT, Markus Steins, er\u00f6ffnete die Veranstaltung im Caf\u00e9 Schnittchen mit einem Hinweis auf die derzeitige Lage: \u201eDie politische [&hellip;]\" \/>\n<meta property=\"og:url\" content=\"https:\/\/cdu-kaarst.de\/en\/allgemein\/heveling-sieht-wirtschaft-als-wichtigstes-wahlkampfthema\/\" \/>\n<meta property=\"og:site_name\" content=\"CDU Kaarst-B\u00fcttgen\" \/>\n<meta property=\"article:published_time\" content=\"2025-01-17T10:08:11+00:00\" \/>\n<meta property=\"og:image\" content=\"https:\/\/cdu-kaarst.de\/wp-content\/uploads\/6086078093_589bf1197c.IRPRODGERA_IY9V0H.jpg\" \/>\n\t<meta property=\"og:image:width\" content=\"700\" \/>\n\t<meta property=\"og:image:height\" content=\"521\" \/>\n\t<meta property=\"og:image:type\" content=\"image\/jpeg\" \/>\n<meta name=\"author\" content=\"@dm1n\" \/>\n<meta name=\"twitter:card\" content=\"summary_large_image\" \/>\n<meta name=\"twitter:label1\" content=\"Written by\" \/>\n\t<meta name=\"twitter:data1\" content=\"@dm1n\" \/>\n\t<meta name=\"twitter:label2\" content=\"Estimated reading time\" \/>\n\t<meta name=\"twitter:data2\" content=\"3 minutes\" \/>\n<script type=\"application\/ld+json\" class=\"yoast-schema-graph\">{\"@context\":\"https:\\\/\\\/schema.org\",\"@graph\":[{\"@type\":\"Article\",\"@id\":\"https:\\\/\\\/cdu-kaarst.de\\\/allgemein\\\/heveling-sieht-wirtschaft-als-wichtigstes-wahlkampfthema\\\/#article\",\"isPartOf\":{\"@id\":\"https:\\\/\\\/cdu-kaarst.de\\\/allgemein\\\/heveling-sieht-wirtschaft-als-wichtigstes-wahlkampfthema\\\/\"},\"author\":{\"name\":\"@dm1n\",\"@id\":\"https:\\\/\\\/cdu-kaarst.de\\\/#\\\/schema\\\/person\\\/05876a2bd7865609f2946e82cbc73476\"},\"headline\":\"Heveling sieht Wirtschaft als wichtigstes Wahlkampfthema\",\"datePublished\":\"2025-01-17T10:08:11+00:00\",\"mainEntityOfPage\":{\"@id\":\"https:\\\/\\\/cdu-kaarst.de\\\/allgemein\\\/heveling-sieht-wirtschaft-als-wichtigstes-wahlkampfthema\\\/\"},\"wordCount\":443,\"publisher\":{\"@id\":\"https:\\\/\\\/cdu-kaarst.de\\\/#organization\"},\"image\":{\"@id\":\"https:\\\/\\\/cdu-kaarst.de\\\/allgemein\\\/heveling-sieht-wirtschaft-als-wichtigstes-wahlkampfthema\\\/#primaryimage\"},\"thumbnailUrl\":\"https:\\\/\\\/cdu-kaarst.de\\\/wp-content\\\/uploads\\\/6086078093_589bf1197c.IRPRODGERA_IY9V0H.jpg\",\"articleSection\":[\"Allgemein\"],\"inLanguage\":\"en-GB\"},{\"@type\":\"WebPage\",\"@id\":\"https:\\\/\\\/cdu-kaarst.de\\\/allgemein\\\/heveling-sieht-wirtschaft-als-wichtigstes-wahlkampfthema\\\/\",\"url\":\"https:\\\/\\\/cdu-kaarst.de\\\/allgemein\\\/heveling-sieht-wirtschaft-als-wichtigstes-wahlkampfthema\\\/\",\"name\":\"Heveling sieht Wirtschaft als wichtigstes Wahlkampfthema - CDU Kaarst-B\u00fcttgen\",\"isPartOf\":{\"@id\":\"https:\\\/\\\/cdu-kaarst.de\\\/#website\"},\"primaryImageOfPage\":{\"@id\":\"https:\\\/\\\/cdu-kaarst.de\\\/allgemein\\\/heveling-sieht-wirtschaft-als-wichtigstes-wahlkampfthema\\\/#primaryimage\"},\"image\":{\"@id\":\"https:\\\/\\\/cdu-kaarst.de\\\/allgemein\\\/heveling-sieht-wirtschaft-als-wichtigstes-wahlkampfthema\\\/#primaryimage\"},\"thumbnailUrl\":\"https:\\\/\\\/cdu-kaarst.de\\\/wp-content\\\/uploads\\\/6086078093_589bf1197c.IRPRODGERA_IY9V0H.jpg\",\"datePublished\":\"2025-01-17T10:08:11+00:00\",\"breadcrumb\":{\"@id\":\"https:\\\/\\\/cdu-kaarst.de\\\/allgemein\\\/heveling-sieht-wirtschaft-als-wichtigstes-wahlkampfthema\\\/#breadcrumb\"},\"inLanguage\":\"en-GB\",\"potentialAction\":[{\"@type\":\"ReadAction\",\"target\":[\"https:\\\/\\\/cdu-kaarst.de\\\/allgemein\\\/heveling-sieht-wirtschaft-als-wichtigstes-wahlkampfthema\\\/\"]}]},{\"@type\":\"ImageObject\",\"inLanguage\":\"en-GB\",\"@id\":\"https:\\\/\\\/cdu-kaarst.de\\\/allgemein\\\/heveling-sieht-wirtschaft-als-wichtigstes-wahlkampfthema\\\/#primaryimage\",\"url\":\"https:\\\/\\\/cdu-kaarst.de\\\/wp-content\\\/uploads\\\/6086078093_589bf1197c.IRPRODGERA_IY9V0H.jpg\",\"contentUrl\":\"https:\\\/\\\/cdu-kaarst.de\\\/wp-content\\\/uploads\\\/6086078093_589bf1197c.IRPRODGERA_IY9V0H.jpg\",\"width\":700,\"height\":521},{\"@type\":\"BreadcrumbList\",\"@id\":\"https:\\\/\\\/cdu-kaarst.de\\\/allgemein\\\/heveling-sieht-wirtschaft-als-wichtigstes-wahlkampfthema\\\/#breadcrumb\",\"itemListElement\":[{\"@type\":\"ListItem\",\"position\":1,\"name\":\"Startseite\",\"item\":\"https:\\\/\\\/cdu-kaarst.de\\\/\"},{\"@type\":\"ListItem\",\"position\":2,\"name\":\"Heveling sieht Wirtschaft als wichtigstes Wahlkampfthema\"}]},{\"@type\":\"WebSite\",\"@id\":\"https:\\\/\\\/cdu-kaarst.de\\\/#website\",\"url\":\"https:\\\/\\\/cdu-kaarst.de\\\/\",\"name\":\"CDU Kaarst-B\u00fcttgen\",\"description\":\"gut Leben in Kaarst\",\"publisher\":{\"@id\":\"https:\\\/\\\/cdu-kaarst.de\\\/#organization\"},\"potentialAction\":[{\"@type\":\"SearchAction\",\"target\":{\"@type\":\"EntryPoint\",\"urlTemplate\":\"https:\\\/\\\/cdu-kaarst.de\\\/?s={search_term_string}\"},\"query-input\":{\"@type\":\"PropertyValueSpecification\",\"valueRequired\":true,\"valueName\":\"search_term_string\"}}],\"inLanguage\":\"en-GB\"},{\"@type\":\"Organization\",\"@id\":\"https:\\\/\\\/cdu-kaarst.de\\\/#organization\",\"name\":\"CDU Kaarst-B\u00fcttgen\",\"url\":\"https:\\\/\\\/cdu-kaarst.de\\\/\",\"logo\":{\"@type\":\"ImageObject\",\"inLanguage\":\"en-GB\",\"@id\":\"https:\\\/\\\/cdu-kaarst.de\\\/#\\\/schema\\\/logo\\\/image\\\/\",\"url\":\"https:\\\/\\\/cdu-kaarst.de\\\/wp-content\\\/uploads\\\/cdu-gesamtlogo.png\",\"contentUrl\":\"https:\\\/\\\/cdu-kaarst.de\\\/wp-content\\\/uploads\\\/cdu-gesamtlogo.png\",\"width\":418,\"height\":120,\"caption\":\"CDU Kaarst-B\u00fcttgen\"},\"image\":{\"@id\":\"https:\\\/\\\/cdu-kaarst.de\\\/#\\\/schema\\\/logo\\\/image\\\/\"}},{\"@type\":\"Person\",\"@id\":\"https:\\\/\\\/cdu-kaarst.de\\\/#\\\/schema\\\/person\\\/05876a2bd7865609f2946e82cbc73476\",\"name\":\"@dm1n\",\"sameAs\":[\"http:\\\/\\\/cdu-kaarst.de\"]}]}<\/script>\n<!-- \/ Yoast SEO plugin. -->","yoast_head_json":{"title":"Heveling sees the economy as the most important election issue - CDU Kaarst-B\u00fcttgen","robots":{"index":"index","follow":"follow","max-snippet":"max-snippet:-1","max-image-preview":"max-image-preview:large","max-video-preview":"max-video-preview:-1"},"canonical":"https:\/\/cdu-kaarst.de\/en\/allgemein\/heveling-sieht-wirtschaft-als-wichtigstes-wahlkampfthema\/","og_locale":"en_GB","og_type":"article","og_title":"Heveling sieht Wirtschaft als wichtigstes Wahlkampfthema - CDU Kaarst-B\u00fcttgen","og_description":"Beim Unternehmerfr\u00fchst\u00fcck der Mittelstandsvereinigung der CDU (MIT) in Kaarst diskutierten Vertreter aus Politik und Wirtschaft \u00fcber aktuelle Herausforderungen. Der Bundestagsabgeordnete Ansgar Heveling stellte dabei die Bedeutung wirtschaftspolitischer Themen f\u00fcr den bevorstehenden Wahlkampf heraus. Der Vorsitzende der Kaarster MIT, Markus Steins, er\u00f6ffnete die Veranstaltung im Caf\u00e9 Schnittchen mit einem Hinweis auf die derzeitige Lage: \u201eDie politische [&hellip;]","og_url":"https:\/\/cdu-kaarst.de\/en\/allgemein\/heveling-sieht-wirtschaft-als-wichtigstes-wahlkampfthema\/","og_site_name":"CDU Kaarst-B\u00fcttgen","article_published_time":"2025-01-17T10:08:11+00:00","og_image":[{"width":700,"height":521,"url":"https:\/\/cdu-kaarst.de\/wp-content\/uploads\/6086078093_589bf1197c.IRPRODGERA_IY9V0H.jpg","type":"image\/jpeg"}],"author":"@dm1n","twitter_card":"summary_large_image","twitter_misc":{"Written by":"@dm1n","Estimated reading time":"3 minutes"},"schema":{"@context":"https:\/\/schema.org","@graph":[{"@type":"Article","@id":"https:\/\/cdu-kaarst.de\/allgemein\/heveling-sieht-wirtschaft-als-wichtigstes-wahlkampfthema\/#article","isPartOf":{"@id":"https:\/\/cdu-kaarst.de\/allgemein\/heveling-sieht-wirtschaft-als-wichtigstes-wahlkampfthema\/"},"author":{"name":"@dm1n","@id":"https:\/\/cdu-kaarst.de\/#\/schema\/person\/05876a2bd7865609f2946e82cbc73476"},"headline":"Heveling sieht Wirtschaft als wichtigstes Wahlkampfthema","datePublished":"2025-01-17T10:08:11+00:00","mainEntityOfPage":{"@id":"https:\/\/cdu-kaarst.de\/allgemein\/heveling-sieht-wirtschaft-als-wichtigstes-wahlkampfthema\/"},"wordCount":443,"publisher":{"@id":"https:\/\/cdu-kaarst.de\/#organization"},"image":{"@id":"https:\/\/cdu-kaarst.de\/allgemein\/heveling-sieht-wirtschaft-als-wichtigstes-wahlkampfthema\/#primaryimage"},"thumbnailUrl":"https:\/\/cdu-kaarst.de\/wp-content\/uploads\/6086078093_589bf1197c.IRPRODGERA_IY9V0H.jpg","articleSection":["Allgemein"],"inLanguage":"en-GB"},{"@type":"WebPage","@id":"https:\/\/cdu-kaarst.de\/allgemein\/heveling-sieht-wirtschaft-als-wichtigstes-wahlkampfthema\/","url":"https:\/\/cdu-kaarst.de\/allgemein\/heveling-sieht-wirtschaft-als-wichtigstes-wahlkampfthema\/","name":"Heveling sees the economy as the most important election issue - CDU Kaarst-B\u00fcttgen","isPartOf":{"@id":"https:\/\/cdu-kaarst.de\/#website"},"primaryImageOfPage":{"@id":"https:\/\/cdu-kaarst.de\/allgemein\/heveling-sieht-wirtschaft-als-wichtigstes-wahlkampfthema\/#primaryimage"},"image":{"@id":"https:\/\/cdu-kaarst.de\/allgemein\/heveling-sieht-wirtschaft-als-wichtigstes-wahlkampfthema\/#primaryimage"},"thumbnailUrl":"https:\/\/cdu-kaarst.de\/wp-content\/uploads\/6086078093_589bf1197c.IRPRODGERA_IY9V0H.jpg","datePublished":"2025-01-17T10:08:11+00:00","breadcrumb":{"@id":"https:\/\/cdu-kaarst.de\/allgemein\/heveling-sieht-wirtschaft-als-wichtigstes-wahlkampfthema\/#breadcrumb"},"inLanguage":"en-GB","potentialAction":[{"@type":"ReadAction","target":["https:\/\/cdu-kaarst.de\/allgemein\/heveling-sieht-wirtschaft-als-wichtigstes-wahlkampfthema\/"]}]},{"@type":"ImageObject","inLanguage":"en-GB","@id":"https:\/\/cdu-kaarst.de\/allgemein\/heveling-sieht-wirtschaft-als-wichtigstes-wahlkampfthema\/#primaryimage","url":"https:\/\/cdu-kaarst.de\/wp-content\/uploads\/6086078093_589bf1197c.IRPRODGERA_IY9V0H.jpg","contentUrl":"https:\/\/cdu-kaarst.de\/wp-content\/uploads\/6086078093_589bf1197c.IRPRODGERA_IY9V0H.jpg","width":700,"height":521},{"@type":"BreadcrumbList","@id":"https:\/\/cdu-kaarst.de\/allgemein\/heveling-sieht-wirtschaft-als-wichtigstes-wahlkampfthema\/#breadcrumb","itemListElement":[{"@type":"ListItem","position":1,"name":"Startseite","item":"https:\/\/cdu-kaarst.de\/"},{"@type":"ListItem","position":2,"name":"Heveling sieht Wirtschaft als wichtigstes Wahlkampfthema"}]},{"@type":"WebSite","@id":"https:\/\/cdu-kaarst.de\/#website","url":"https:\/\/cdu-kaarst.de\/","name":"CDU Kaarst-B\u00fcttgen","description":"living well in Kaarst","publisher":{"@id":"https:\/\/cdu-kaarst.de\/#organization"},"potentialAction":[{"@type":"SearchAction","target":{"@type":"EntryPoint","urlTemplate":"https:\/\/cdu-kaarst.de\/?s={search_term_string}"},"query-input":{"@type":"PropertyValueSpecification","valueRequired":true,"valueName":"search_term_string"}}],"inLanguage":"en-GB"},{"@type":"Organization","@id":"https:\/\/cdu-kaarst.de\/#organization","name":"CDU Kaarst-B\u00fcttgen","url":"https:\/\/cdu-kaarst.de\/","logo":{"@type":"ImageObject","inLanguage":"en-GB","@id":"https:\/\/cdu-kaarst.de\/#\/schema\/logo\/image\/","url":"https:\/\/cdu-kaarst.de\/wp-content\/uploads\/cdu-gesamtlogo.png","contentUrl":"https:\/\/cdu-kaarst.de\/wp-content\/uploads\/cdu-gesamtlogo.png","width":418,"height":120,"caption":"CDU Kaarst-B\u00fcttgen"},"image":{"@id":"https:\/\/cdu-kaarst.de\/#\/schema\/logo\/image\/"}},{"@type":"Person","@id":"https:\/\/cdu-kaarst.de\/#\/schema\/person\/05876a2bd7865609f2946e82cbc73476","name":"@dm1n","sameAs":["http:\/\/cdu-kaarst.de"]}]}},"_links":{"self":[{"href":"https:\/\/cdu-kaarst.de\/en\/wp-json\/wp\/v2\/posts\/5925","targetHints":{"allow":["GET"]}}],"collection":[{"href":"https:\/\/cdu-kaarst.de\/en\/wp-json\/wp\/v2\/posts"}],"about":[{"href":"https:\/\/cdu-kaarst.de\/en\/wp-json\/wp\/v2\/types\/post"}],"author":[{"embeddable":true,"href":"https:\/\/cdu-kaarst.de\/en\/wp-json\/wp\/v2\/users\/1"}],"replies":[{"embeddable":true,"href":"https:\/\/cdu-kaarst.de\/en\/wp-json\/wp\/v2\/comments?post=5925"}],"version-history":[{"count":4,"href":"https:\/\/cdu-kaarst.de\/en\/wp-json\/wp\/v2\/posts\/5925\/revisions"}],"predecessor-version":[{"id":5930,"href":"https:\/\/cdu-kaarst.de\/en\/wp-json\/wp\/v2\/posts\/5925\/revisions\/5930"}],"wp:featuredmedia":[{"embeddable":true,"href":"https:\/\/cdu-kaarst.de\/en\/wp-json\/wp\/v2\/media\/5926"}],"wp:attachment":[{"href":"https:\/\/cdu-kaarst.de\/en\/wp-json\/wp\/v2\/media?parent=5925"}],"wp:term":[{"taxonomy":"category","embeddable":true,"href":"https:\/\/cdu-kaarst.de\/en\/wp-json\/wp\/v2\/categories?post=5925"},{"taxonomy":"post_tag","embeddable":true,"href":"https:\/\/cdu-kaarst.de\/en\/wp-json\/wp\/v2\/tags?post=5925"}],"curies":[{"name":"wp","href":"https:\/\/api.w.org\/{rel}","templated":true}]}}