{"id":5933,"date":"2025-01-21T10:15:19","date_gmt":"2025-01-21T09:15:19","guid":{"rendered":"https:\/\/cdu-kaarst.de\/?p=5933"},"modified":"2025-01-21T15:12:33","modified_gmt":"2025-01-21T14:12:33","slug":"neujahrsempfang-der-cdu-nrw-umgeben-von-politischer-prominenz","status":"publish","type":"post","link":"https:\/\/cdu-kaarst.de\/en\/allgemein\/neujahrsempfang-der-cdu-nrw-umgeben-von-politischer-prominenz\/","title":{"rendered":"New Year's reception of the CDU NRW - surrounded by political celebrities"},"content":{"rendered":"<p>At the CDU's New Year's reception in the ticket hall at D\u00fcsseldorf Airport, Christian Horn-Heinemann came together with high-ranking political figures such as <strong><a href=\"https:\/\/www.bundeskanzler.de\/bk-de\/kanzleramt\/bundeskanzler-seit-1949\/angela-merkel\">Angela Merkel<\/a>, <a href=\"https:\/\/www.bundestag.de\/abgeordnete\/biografien\/L\/laschet_armin-860940\">Armin Laschet<\/a>Hendrik W\u00fcst, Paul Ziemiak and Herbert Reul<\/strong> into the conversation. Also <a href=\"https:\/\/www.cdu-dormagen.de\/personen\/anissa-saysay\"><strong>Anissa Saysay<\/strong><\/a>, mayoral candidate from the neighbouring town of Dormagen, was on site.<\/p>\n<h2>Why are these contacts so important?<\/h2>\n<p>Federal and state contacts are of crucial importance to us in order to participate in political work and promote important issues for Kaarst. The exchange with such prominent representatives strengthens local politics and ensures that Kaarst and the region are represented in the best possible way.<br \/>\n<a href=\"https:\/\/cdu-kaarst.de\/en\/personen\/christian-horn-heinemann\/\">Christian Horn-Heinemann<\/a> is committed to the interests of Kaarst and shows how important strong political networking is in order to bring about change.<\/p>","protected":false},"excerpt":{"rendered":"<p>Beim Neujahrsempfang der CDU in der Schalterhalle des D\u00fcsseldorfer Flughafens kam Christian Horn-Heinemann mit hochrangigen politischen Pers\u00f6nlichkeiten wie Angela Merkel, Armin Laschet, Hendrik W\u00fcst, Paul Ziemiak und Herbert Reul ins Gespr\u00e4ch. Auch Anissa Saysay, B\u00fcrgermeisterkandidatin aus der Nachbarstadt Dormagen, war vor Ort. Warum sind diese Kontakte so wichtig? Bundes- und Landeskontakte sind f\u00fcr uns von [&hellip;]<\/p>\n","protected":false},"author":4,"featured_media":5941,"comment_status":"closed","ping_status":"closed","sticky":false,"template":"","format":"standard","meta":{"footnotes":""},"categories":[1],"tags":[],"class_list":["post-5933","post","type-post","status-publish","format-standard","has-post-thumbnail","hentry","category-allgemein"],"yoast_head":"<!-- This site is optimized with the Yoast SEO plugin v27.4 - https:\/\/yoast.com\/product\/yoast-seo-wordpress\/ -->\n<title>Neujahrsempfang der CDU NRW \u2013 umgeben von politischer Prominenz - CDU Kaarst-B\u00fcttgen<\/title>\n<meta name=\"description\" content=\"Beim Neujahrsempfang der CDU in der Schalterhalle des D\u00fcsseldorfer Flughafens kam Christian Horn-Heinemann mit hochrangigen politischen Pers\u00f6nlichkeiten wie Angela Merkel, Armin Laschet, Hendrik W\u00fcst, Paul Ziemiak und Herbert Reul ins Gespr\u00e4ch.\" \/>\n<meta name=\"robots\" content=\"index, follow, max-snippet:-1, max-image-preview:large, max-video-preview:-1\" \/>\n<link rel=\"canonical\" href=\"https:\/\/cdu-kaarst.de\/en\/allgemein\/neujahrsempfang-der-cdu-nrw-umgeben-von-politischer-prominenz\/\" \/>\n<meta property=\"og:locale\" content=\"en_GB\" \/>\n<meta property=\"og:type\" content=\"article\" \/>\n<meta property=\"og:title\" content=\"Neujahrsempfang der CDU NRW \u2013 umgeben von politischer Prominenz - CDU Kaarst-B\u00fcttgen\" \/>\n<meta property=\"og:description\" content=\"Beim Neujahrsempfang der CDU in der Schalterhalle des D\u00fcsseldorfer Flughafens kam Christian Horn-Heinemann mit hochrangigen politischen Pers\u00f6nlichkeiten wie Angela Merkel, Armin Laschet, Hendrik W\u00fcst, Paul Ziemiak und Herbert Reul ins Gespr\u00e4ch.\" \/>\n<meta property=\"og:url\" content=\"https:\/\/cdu-kaarst.de\/en\/allgemein\/neujahrsempfang-der-cdu-nrw-umgeben-von-politischer-prominenz\/\" \/>\n<meta property=\"og:site_name\" content=\"CDU Kaarst-B\u00fcttgen\" \/>\n<meta property=\"article:published_time\" content=\"2025-01-21T09:15:19+00:00\" \/>\n<meta property=\"article:modified_time\" content=\"2025-01-21T14:12:33+00:00\" \/>\n<meta property=\"og:image\" content=\"https:\/\/cdu-kaarst.de\/wp-content\/uploads\/CDU_-_Neujahrsempfang_Website_News.jpg\" \/>\n\t<meta property=\"og:image:width\" content=\"1080\" \/>\n\t<meta property=\"og:image:height\" content=\"1080\" \/>\n\t<meta property=\"og:image:type\" content=\"image\/jpeg\" \/>\n<meta name=\"author\" content=\"Redaktion\" \/>\n<meta name=\"twitter:card\" content=\"summary_large_image\" \/>\n<meta name=\"twitter:label1\" content=\"Written by\" \/>\n\t<meta name=\"twitter:data1\" content=\"Redaktion\" \/>\n\t<meta name=\"twitter:label2\" content=\"Estimated reading time\" \/>\n\t<meta name=\"twitter:data2\" content=\"1 minute\" \/>\n<script type=\"application\/ld+json\" class=\"yoast-schema-graph\">{\"@context\":\"https:\\\/\\\/schema.org\",\"@graph\":[{\"@type\":\"Article\",\"@id\":\"https:\\\/\\\/cdu-kaarst.de\\\/allgemein\\\/neujahrsempfang-der-cdu-nrw-umgeben-von-politischer-prominenz\\\/#article\",\"isPartOf\":{\"@id\":\"https:\\\/\\\/cdu-kaarst.de\\\/allgemein\\\/neujahrsempfang-der-cdu-nrw-umgeben-von-politischer-prominenz\\\/\"},\"author\":{\"name\":\"Redaktion\",\"@id\":\"https:\\\/\\\/cdu-kaarst.de\\\/#\\\/schema\\\/person\\\/246f51db799d47b1fcc72fd16f5e948b\"},\"headline\":\"Neujahrsempfang der CDU NRW \u2013 umgeben von politischer Prominenz\",\"datePublished\":\"2025-01-21T09:15:19+00:00\",\"dateModified\":\"2025-01-21T14:12:33+00:00\",\"mainEntityOfPage\":{\"@id\":\"https:\\\/\\\/cdu-kaarst.de\\\/allgemein\\\/neujahrsempfang-der-cdu-nrw-umgeben-von-politischer-prominenz\\\/\"},\"wordCount\":133,\"publisher\":{\"@id\":\"https:\\\/\\\/cdu-kaarst.de\\\/#organization\"},\"image\":{\"@id\":\"https:\\\/\\\/cdu-kaarst.de\\\/allgemein\\\/neujahrsempfang-der-cdu-nrw-umgeben-von-politischer-prominenz\\\/#primaryimage\"},\"thumbnailUrl\":\"https:\\\/\\\/cdu-kaarst.de\\\/wp-content\\\/uploads\\\/CDU_-_Neujahrsempfang_Website_News.jpg\",\"articleSection\":[\"Allgemein\"],\"inLanguage\":\"en-GB\"},{\"@type\":\"WebPage\",\"@id\":\"https:\\\/\\\/cdu-kaarst.de\\\/allgemein\\\/neujahrsempfang-der-cdu-nrw-umgeben-von-politischer-prominenz\\\/\",\"url\":\"https:\\\/\\\/cdu-kaarst.de\\\/allgemein\\\/neujahrsempfang-der-cdu-nrw-umgeben-von-politischer-prominenz\\\/\",\"name\":\"Neujahrsempfang der CDU NRW \u2013 umgeben von politischer Prominenz - CDU Kaarst-B\u00fcttgen\",\"isPartOf\":{\"@id\":\"https:\\\/\\\/cdu-kaarst.de\\\/#website\"},\"primaryImageOfPage\":{\"@id\":\"https:\\\/\\\/cdu-kaarst.de\\\/allgemein\\\/neujahrsempfang-der-cdu-nrw-umgeben-von-politischer-prominenz\\\/#primaryimage\"},\"image\":{\"@id\":\"https:\\\/\\\/cdu-kaarst.de\\\/allgemein\\\/neujahrsempfang-der-cdu-nrw-umgeben-von-politischer-prominenz\\\/#primaryimage\"},\"thumbnailUrl\":\"https:\\\/\\\/cdu-kaarst.de\\\/wp-content\\\/uploads\\\/CDU_-_Neujahrsempfang_Website_News.jpg\",\"datePublished\":\"2025-01-21T09:15:19+00:00\",\"dateModified\":\"2025-01-21T14:12:33+00:00\",\"description\":\"Beim Neujahrsempfang der CDU in der Schalterhalle des D\u00fcsseldorfer Flughafens kam Christian Horn-Heinemann mit hochrangigen politischen Pers\u00f6nlichkeiten wie Angela Merkel, Armin Laschet, Hendrik W\u00fcst, Paul Ziemiak und Herbert Reul ins Gespr\u00e4ch.\",\"breadcrumb\":{\"@id\":\"https:\\\/\\\/cdu-kaarst.de\\\/allgemein\\\/neujahrsempfang-der-cdu-nrw-umgeben-von-politischer-prominenz\\\/#breadcrumb\"},\"inLanguage\":\"en-GB\",\"potentialAction\":[{\"@type\":\"ReadAction\",\"target\":[\"https:\\\/\\\/cdu-kaarst.de\\\/allgemein\\\/neujahrsempfang-der-cdu-nrw-umgeben-von-politischer-prominenz\\\/\"]}]},{\"@type\":\"ImageObject\",\"inLanguage\":\"en-GB\",\"@id\":\"https:\\\/\\\/cdu-kaarst.de\\\/allgemein\\\/neujahrsempfang-der-cdu-nrw-umgeben-von-politischer-prominenz\\\/#primaryimage\",\"url\":\"https:\\\/\\\/cdu-kaarst.de\\\/wp-content\\\/uploads\\\/CDU_-_Neujahrsempfang_Website_News.jpg\",\"contentUrl\":\"https:\\\/\\\/cdu-kaarst.de\\\/wp-content\\\/uploads\\\/CDU_-_Neujahrsempfang_Website_News.jpg\",\"width\":1080,\"height\":1080},{\"@type\":\"BreadcrumbList\",\"@id\":\"https:\\\/\\\/cdu-kaarst.de\\\/allgemein\\\/neujahrsempfang-der-cdu-nrw-umgeben-von-politischer-prominenz\\\/#breadcrumb\",\"itemListElement\":[{\"@type\":\"ListItem\",\"position\":1,\"name\":\"Startseite\",\"item\":\"https:\\\/\\\/cdu-kaarst.de\\\/\"},{\"@type\":\"ListItem\",\"position\":2,\"name\":\"Neujahrsempfang der CDU NRW \u2013 umgeben von politischer Prominenz\"}]},{\"@type\":\"WebSite\",\"@id\":\"https:\\\/\\\/cdu-kaarst.de\\\/#website\",\"url\":\"https:\\\/\\\/cdu-kaarst.de\\\/\",\"name\":\"CDU Kaarst-B\u00fcttgen\",\"description\":\"gut Leben in Kaarst\",\"publisher\":{\"@id\":\"https:\\\/\\\/cdu-kaarst.de\\\/#organization\"},\"potentialAction\":[{\"@type\":\"SearchAction\",\"target\":{\"@type\":\"EntryPoint\",\"urlTemplate\":\"https:\\\/\\\/cdu-kaarst.de\\\/?s={search_term_string}\"},\"query-input\":{\"@type\":\"PropertyValueSpecification\",\"valueRequired\":true,\"valueName\":\"search_term_string\"}}],\"inLanguage\":\"en-GB\"},{\"@type\":\"Organization\",\"@id\":\"https:\\\/\\\/cdu-kaarst.de\\\/#organization\",\"name\":\"CDU Kaarst-B\u00fcttgen\",\"url\":\"https:\\\/\\\/cdu-kaarst.de\\\/\",\"logo\":{\"@type\":\"ImageObject\",\"inLanguage\":\"en-GB\",\"@id\":\"https:\\\/\\\/cdu-kaarst.de\\\/#\\\/schema\\\/logo\\\/image\\\/\",\"url\":\"https:\\\/\\\/cdu-kaarst.de\\\/wp-content\\\/uploads\\\/cdu-gesamtlogo.png\",\"contentUrl\":\"https:\\\/\\\/cdu-kaarst.de\\\/wp-content\\\/uploads\\\/cdu-gesamtlogo.png\",\"width\":418,\"height\":120,\"caption\":\"CDU Kaarst-B\u00fcttgen\"},\"image\":{\"@id\":\"https:\\\/\\\/cdu-kaarst.de\\\/#\\\/schema\\\/logo\\\/image\\\/\"}},{\"@type\":\"Person\",\"@id\":\"https:\\\/\\\/cdu-kaarst.de\\\/#\\\/schema\\\/person\\\/246f51db799d47b1fcc72fd16f5e948b\",\"name\":\"Redaktion\"}]}<\/script>\n<!-- \/ Yoast SEO plugin. -->","yoast_head_json":{"title":"New Year's reception of the CDU NRW - surrounded by political celebrities - CDU Kaarst-B\u00fcttgen","description":"At the CDU's New Year's reception in the ticket hall of D\u00fcsseldorf Airport, Christian Horn-Heinemann engaged in dialogue with high-ranking political figures such as Angela Merkel, Armin Laschet, Hendrik W\u00fcst, Paul Ziemiak and Herbert Reul.","robots":{"index":"index","follow":"follow","max-snippet":"max-snippet:-1","max-image-preview":"max-image-preview:large","max-video-preview":"max-video-preview:-1"},"canonical":"https:\/\/cdu-kaarst.de\/en\/allgemein\/neujahrsempfang-der-cdu-nrw-umgeben-von-politischer-prominenz\/","og_locale":"en_GB","og_type":"article","og_title":"Neujahrsempfang der CDU NRW \u2013 umgeben von politischer Prominenz - CDU Kaarst-B\u00fcttgen","og_description":"Beim Neujahrsempfang der CDU in der Schalterhalle des D\u00fcsseldorfer Flughafens kam Christian Horn-Heinemann mit hochrangigen politischen Pers\u00f6nlichkeiten wie Angela Merkel, Armin Laschet, Hendrik W\u00fcst, Paul Ziemiak und Herbert Reul ins Gespr\u00e4ch.","og_url":"https:\/\/cdu-kaarst.de\/en\/allgemein\/neujahrsempfang-der-cdu-nrw-umgeben-von-politischer-prominenz\/","og_site_name":"CDU Kaarst-B\u00fcttgen","article_published_time":"2025-01-21T09:15:19+00:00","article_modified_time":"2025-01-21T14:12:33+00:00","og_image":[{"width":1080,"height":1080,"url":"https:\/\/cdu-kaarst.de\/wp-content\/uploads\/CDU_-_Neujahrsempfang_Website_News.jpg","type":"image\/jpeg"}],"author":"Redaktion","twitter_card":"summary_large_image","twitter_misc":{"Written by":"Redaktion","Estimated reading time":"1 minute"},"schema":{"@context":"https:\/\/schema.org","@graph":[{"@type":"Article","@id":"https:\/\/cdu-kaarst.de\/allgemein\/neujahrsempfang-der-cdu-nrw-umgeben-von-politischer-prominenz\/#article","isPartOf":{"@id":"https:\/\/cdu-kaarst.de\/allgemein\/neujahrsempfang-der-cdu-nrw-umgeben-von-politischer-prominenz\/"},"author":{"name":"Redaktion","@id":"https:\/\/cdu-kaarst.de\/#\/schema\/person\/246f51db799d47b1fcc72fd16f5e948b"},"headline":"Neujahrsempfang der CDU NRW \u2013 umgeben von politischer Prominenz","datePublished":"2025-01-21T09:15:19+00:00","dateModified":"2025-01-21T14:12:33+00:00","mainEntityOfPage":{"@id":"https:\/\/cdu-kaarst.de\/allgemein\/neujahrsempfang-der-cdu-nrw-umgeben-von-politischer-prominenz\/"},"wordCount":133,"publisher":{"@id":"https:\/\/cdu-kaarst.de\/#organization"},"image":{"@id":"https:\/\/cdu-kaarst.de\/allgemein\/neujahrsempfang-der-cdu-nrw-umgeben-von-politischer-prominenz\/#primaryimage"},"thumbnailUrl":"https:\/\/cdu-kaarst.de\/wp-content\/uploads\/CDU_-_Neujahrsempfang_Website_News.jpg","articleSection":["Allgemein"],"inLanguage":"en-GB"},{"@type":"WebPage","@id":"https:\/\/cdu-kaarst.de\/allgemein\/neujahrsempfang-der-cdu-nrw-umgeben-von-politischer-prominenz\/","url":"https:\/\/cdu-kaarst.de\/allgemein\/neujahrsempfang-der-cdu-nrw-umgeben-von-politischer-prominenz\/","name":"New Year's reception of the CDU NRW - surrounded by political celebrities - CDU Kaarst-B\u00fcttgen","isPartOf":{"@id":"https:\/\/cdu-kaarst.de\/#website"},"primaryImageOfPage":{"@id":"https:\/\/cdu-kaarst.de\/allgemein\/neujahrsempfang-der-cdu-nrw-umgeben-von-politischer-prominenz\/#primaryimage"},"image":{"@id":"https:\/\/cdu-kaarst.de\/allgemein\/neujahrsempfang-der-cdu-nrw-umgeben-von-politischer-prominenz\/#primaryimage"},"thumbnailUrl":"https:\/\/cdu-kaarst.de\/wp-content\/uploads\/CDU_-_Neujahrsempfang_Website_News.jpg","datePublished":"2025-01-21T09:15:19+00:00","dateModified":"2025-01-21T14:12:33+00:00","description":"At the CDU's New Year's reception in the ticket hall of D\u00fcsseldorf Airport, Christian Horn-Heinemann engaged in dialogue with high-ranking political figures such as Angela Merkel, Armin Laschet, Hendrik W\u00fcst, Paul Ziemiak and Herbert Reul.","breadcrumb":{"@id":"https:\/\/cdu-kaarst.de\/allgemein\/neujahrsempfang-der-cdu-nrw-umgeben-von-politischer-prominenz\/#breadcrumb"},"inLanguage":"en-GB","potentialAction":[{"@type":"ReadAction","target":["https:\/\/cdu-kaarst.de\/allgemein\/neujahrsempfang-der-cdu-nrw-umgeben-von-politischer-prominenz\/"]}]},{"@type":"ImageObject","inLanguage":"en-GB","@id":"https:\/\/cdu-kaarst.de\/allgemein\/neujahrsempfang-der-cdu-nrw-umgeben-von-politischer-prominenz\/#primaryimage","url":"https:\/\/cdu-kaarst.de\/wp-content\/uploads\/CDU_-_Neujahrsempfang_Website_News.jpg","contentUrl":"https:\/\/cdu-kaarst.de\/wp-content\/uploads\/CDU_-_Neujahrsempfang_Website_News.jpg","width":1080,"height":1080},{"@type":"BreadcrumbList","@id":"https:\/\/cdu-kaarst.de\/allgemein\/neujahrsempfang-der-cdu-nrw-umgeben-von-politischer-prominenz\/#breadcrumb","itemListElement":[{"@type":"ListItem","position":1,"name":"Startseite","item":"https:\/\/cdu-kaarst.de\/"},{"@type":"ListItem","position":2,"name":"Neujahrsempfang der CDU NRW \u2013 umgeben von politischer Prominenz"}]},{"@type":"WebSite","@id":"https:\/\/cdu-kaarst.de\/#website","url":"https:\/\/cdu-kaarst.de\/","name":"CDU Kaarst-B\u00fcttgen","description":"living well in Kaarst","publisher":{"@id":"https:\/\/cdu-kaarst.de\/#organization"},"potentialAction":[{"@type":"SearchAction","target":{"@type":"EntryPoint","urlTemplate":"https:\/\/cdu-kaarst.de\/?s={search_term_string}"},"query-input":{"@type":"PropertyValueSpecification","valueRequired":true,"valueName":"search_term_string"}}],"inLanguage":"en-GB"},{"@type":"Organization","@id":"https:\/\/cdu-kaarst.de\/#organization","name":"CDU Kaarst-B\u00fcttgen","url":"https:\/\/cdu-kaarst.de\/","logo":{"@type":"ImageObject","inLanguage":"en-GB","@id":"https:\/\/cdu-kaarst.de\/#\/schema\/logo\/image\/","url":"https:\/\/cdu-kaarst.de\/wp-content\/uploads\/cdu-gesamtlogo.png","contentUrl":"https:\/\/cdu-kaarst.de\/wp-content\/uploads\/cdu-gesamtlogo.png","width":418,"height":120,"caption":"CDU Kaarst-B\u00fcttgen"},"image":{"@id":"https:\/\/cdu-kaarst.de\/#\/schema\/logo\/image\/"}},{"@type":"Person","@id":"https:\/\/cdu-kaarst.de\/#\/schema\/person\/246f51db799d47b1fcc72fd16f5e948b","name":"Editorial office"}]}},"_links":{"self":[{"href":"https:\/\/cdu-kaarst.de\/en\/wp-json\/wp\/v2\/posts\/5933","targetHints":{"allow":["GET"]}}],"collection":[{"href":"https:\/\/cdu-kaarst.de\/en\/wp-json\/wp\/v2\/posts"}],"about":[{"href":"https:\/\/cdu-kaarst.de\/en\/wp-json\/wp\/v2\/types\/post"}],"author":[{"embeddable":true,"href":"https:\/\/cdu-kaarst.de\/en\/wp-json\/wp\/v2\/users\/4"}],"replies":[{"embeddable":true,"href":"https:\/\/cdu-kaarst.de\/en\/wp-json\/wp\/v2\/comments?post=5933"}],"version-history":[{"count":1,"href":"https:\/\/cdu-kaarst.de\/en\/wp-json\/wp\/v2\/posts\/5933\/revisions"}],"predecessor-version":[{"id":5934,"href":"https:\/\/cdu-kaarst.de\/en\/wp-json\/wp\/v2\/posts\/5933\/revisions\/5934"}],"wp:featuredmedia":[{"embeddable":true,"href":"https:\/\/cdu-kaarst.de\/en\/wp-json\/wp\/v2\/media\/5941"}],"wp:attachment":[{"href":"https:\/\/cdu-kaarst.de\/en\/wp-json\/wp\/v2\/media?parent=5933"}],"wp:term":[{"taxonomy":"category","embeddable":true,"href":"https:\/\/cdu-kaarst.de\/en\/wp-json\/wp\/v2\/categories?post=5933"},{"taxonomy":"post_tag","embeddable":true,"href":"https:\/\/cdu-kaarst.de\/en\/wp-json\/wp\/v2\/tags?post=5933"}],"curies":[{"name":"wp","href":"https:\/\/api.w.org\/{rel}","templated":true}]}}